{"id":254752,"date":"2025-01-20T02:00:00","date_gmt":"2025-01-20T07:00:00","guid":{"rendered":"https:\/\/ifamnews.com\/?p=254752"},"modified":"2025-01-19T17:48:17","modified_gmt":"2025-01-19T22:48:17","slug":"prezydent-biden-jest-wy-miewany-za-twierdzenie-e-poprawka-o-r-wnych-prawach-zosta-a-ratyfikowana","status":"publish","type":"post","link":"https:\/\/ifamnews.com\/pl\/prezydent-biden-jest-wy-miewany-za-twierdzenie-e-poprawka-o-r-wnych-prawach-zosta-a-ratyfikowana","title":{"rendered":"Prezydent Biden jest wy\u015bmiewany za twierdzenie, \u017ce poprawka o r\u00f3wnych prawach zosta\u0142a ratyfikowana"},"content":{"rendered":"\n<p>Niedawna deklaracja prezydenta Joe Bidena w mediach spo\u0142eczno\u015bciowych, \u017ce jego zdaniem Poprawka R\u00f3wnych Praw (ERA) zosta\u0142a ratyfikowana jako 28. poprawka do Konstytucji Stan\u00f3w Zjednoczonych, zosta\u0142a poddana surowej analizie i krytyce. W swoim o\u015bwiadczeniu Biden zapewni\u0142 o swoim d\u0142ugoterminowym poparciu dla tej poprawki, deklaruj\u0105c, \u017ce jest ona prawem kraju, obiecuj\u0105c wszystkim Amerykanom r\u00f3wne prawa i ochron\u0119 na mocy prawa, niezale\u017cnie od ich p\u0142ci. <\/p>\n\n\n\n<figure class=\"wp-block-embed is-type-rich is-provider-twitter wp-block-embed-twitter\"><div class=\"wp-block-embed__wrapper\">\nhttps:\/\/twitter.com\/POTUS\/status\/1880271367569895830\n<\/div><\/figure>\n\n\n\n<p>Deklaracja ta zosta\u0142a jednak oznaczona jako nieprawid\u0142owa przez notatk\u0119 spo\u0142eczno\u015bci na platformie X, kt\u00f3ra cytowa\u0142a Departament Sprawiedliwo\u015bci Bidena. National Archivist, kt\u00f3ry jest odpowiedzialny za rejestrowanie nowych poprawek, odnotowa\u0142, \u017ce ERA nie zosta\u0142a ratyfikowana zgodnie z prawem. Stanowisko to odzwierciedla opini\u0119 prawn\u0105 wydan\u0105 przez Biuro Radcy Prawnego Departamentu Sprawiedliwo\u015bci Bidena w 2022 roku.  <\/p>\n\n\n\n<p>Do ratyfikacji ERA wymagana by\u0142a zgoda trzech czwartych stan\u00f3w, a Kongres wyznaczy\u0142 termin jej zatwierdzenia na rok 1982. Chocia\u017c niekt\u00f3re stany g\u0142osowa\u0142y za ratyfikacj\u0105 poprawki po up\u0142ywie tego terminu, wysi\u0142ki te ostatecznie zako\u0144czy\u0142y si\u0119 niepowodzeniem. <\/p>\n\n\n\n<p>Twierdzenie Bidena wywo\u0142a\u0142o powszechn\u0105 reakcj\u0119 w Internecie, a krytycy, w tym Brit Hume z Fox News i Ben Shapiro z The Daily Wire, argumentowali, \u017ce o\u015bwiadczenie Bidena zar\u00f3wno b\u0142\u0119dnie przedstawia spos\u00f3b dzia\u0142ania konstytucji, jak i przekracza jego prezydenckie uprawnienia.<\/p>\n","protected":false},"excerpt":{"rendered":"<p>Niedawna deklaracja prezydenta Joe Bidena w mediach spo\u0142eczno\u015bciowych, \u017ce uwa\u017ca on, i\u017c poprawka dotycz\u0105ca r\u00f3wnych praw (ERA) zosta\u0142a ratyfikowana jako 28. poprawka do Konstytucji Stan\u00f3w Zjednoczonych, zosta\u0142a poddana surowej analizie i krytyce.<\/p>\n","protected":false},"author":593,"featured_media":254743,"comment_status":"open","ping_status":"open","sticky":false,"template":"","format":"standard","meta":{"give_campaign_id":0,"om_disable_all_campaigns":false,"_monsterinsights_skip_tracking":false,"_monsterinsights_sitenote_active":false,"_monsterinsights_sitenote_note":"","_monsterinsights_sitenote_category":0,"mc4wp_mailchimp_campaign":[],"jnews-multi-image_gallery":[],"jnews_single_post":{"subtitle":"","format":"standard","video":"","gallery":"","source_name":"","source_url":"","via_name":"","via_url":"","override_template":"0","override":[{"template":"2","single_blog_custom":"","parallax":"1","fullscreen":"1","layout":"right-sidebar-narrow","sidebar":"default-sidebar","second_sidebar":"default-sidebar","sticky_sidebar":"1","share_position":"float","share_float_style":"share-normal","show_share_counter":"1","show_view_counter":"1","show_featured":"1","show_post_meta":"1","show_post_author":"1","show_post_author_image":"1","show_post_date":"1","post_date_format":"default","post_date_format_custom":"Y\/m\/d","show_post_category":"1","show_post_reading_time":"1","post_reading_time_wpm":"300","show_zoom_button":"0","zoom_button_out_step":"2","zoom_button_in_step":"3","show_post_tag":"1","show_prev_next_post":"0","show_popup_post":"0","number_popup_post":"1","show_author_box":"1","show_post_related":"0","show_inline_post_related":"0"}],"override_image_size":"0","image_override":[{"single_post_thumbnail_size":"crop-715","single_post_gallery_size":"crop-715"}],"trending_post":"0","trending_post_position":"meta","trending_post_label":"Trending","sponsored_post":"0","sponsored_post_label":"Sponsored by","sponsored_post_name":"","sponsored_post_url":"","sponsored_post_logo_enable":"0","sponsored_post_logo":"","sponsored_post_desc":"","disable_ad":"0"},"jnews_primary_category":{"id":"12460","hide":""},"jnews_social_meta":[],"jnews_override_counter":[],"footnotes":""},"categories":[12454,1,12460],"tags":[27074,12468],"class_list":["post-254752","post","type-post","status-publish","format-standard","has-post-thumbnail","hentry","category-najwazniejsze-pl","category-pierwsza-strona","category-polityka","tag-administracja-bidena","tag-ideologia-lgbt-pl"],"yoast_head":"<!-- This site is optimized with the Yoast SEO Premium plugin v25.9 (Yoast SEO v27.3) - https:\/\/yoast.com\/product\/yoast-seo-premium-wordpress\/ -->\n<title>Prezydent Biden jest wy\u015bmiewany za twierdzenie, \u017ce poprawka o r\u00f3wnych prawach zosta\u0142a ratyfikowana - IFN<\/title>\n<meta name=\"description\" content=\"Niedawna deklaracja prezydenta Joe Bidena w mediach spo\u0142eczno\u015bciowych, \u017ce uwa\u017ca on, i\u017c poprawka dotycz\u0105ca r\u00f3wnych praw (ERA) zosta\u0142a ratyfikowana jako 28. poprawka do Konstytucji Stan\u00f3w Zjednoczonych, zosta\u0142a poddana surowej analizie i krytyce.\" \/>\n<meta name=\"robots\" content=\"index, follow, max-snippet:-1, max-image-preview:large, max-video-preview:-1\" \/>\n<link rel=\"canonical\" href=\"https:\/\/ifamnews.com\/en\/president-biden-faces-ridicule-for-claiming-equal-rights-amendment-is-ratified\" \/>\n<meta property=\"og:locale\" content=\"pl_PL\" \/>\n<meta property=\"og:type\" content=\"article\" \/>\n<meta property=\"og:title\" content=\"Prezydent Biden jest wy\u015bmiewany za twierdzenie, \u017ce poprawka o r\u00f3wnych prawach zosta\u0142a ratyfikowana\" \/>\n<meta property=\"og:description\" content=\"Niedawna deklaracja prezydenta Joe Bidena w mediach spo\u0142eczno\u015bciowych, \u017ce uwa\u017ca on, i\u017c poprawka dotycz\u0105ca r\u00f3wnych praw (ERA) zosta\u0142a ratyfikowana jako 28. poprawka do Konstytucji Stan\u00f3w Zjednoczonych, zosta\u0142a poddana surowej analizie i krytyce.\" \/>\n<meta property=\"og:url\" content=\"https:\/\/ifamnews.com\/en\/president-biden-faces-ridicule-for-claiming-equal-rights-amendment-is-ratified\" \/>\n<meta property=\"og:site_name\" content=\"IFN\" \/>\n<meta property=\"article:publisher\" content=\"https:\/\/www.facebook.com\/iFamNews\" \/>\n<meta property=\"article:author\" content=\"https:\/\/www.facebook.com\/iFamNews\/\" \/>\n<meta property=\"article:published_time\" content=\"2025-01-20T07:00:00+00:00\" \/>\n<meta property=\"og:image\" content=\"https:\/\/ifamnews.com\/wp-content\/uploads\/2025\/01\/Untitled-design-2025-01-19T173035.150.png\" \/>\n\t<meta property=\"og:image:width\" content=\"1200\" \/>\n\t<meta property=\"og:image:height\" content=\"675\" \/>\n\t<meta property=\"og:image:type\" content=\"image\/png\" \/>\n<meta name=\"author\" content=\"IFN English\" \/>\n<meta name=\"twitter:card\" content=\"summary_large_image\" \/>\n<meta name=\"twitter:creator\" content=\"@https:\/\/twitter.com\/iFamNewsEN\" \/>\n<meta name=\"twitter:site\" content=\"@iFamNewsEN\" \/>\n<meta name=\"twitter:label1\" content=\"Napisane przez\" \/>\n\t<meta name=\"twitter:data1\" content=\"IFN redakcja\" \/>\n\t<meta name=\"twitter:label2\" content=\"Szacowany czas czytania\" \/>\n\t<meta name=\"twitter:data2\" content=\"2 minuty\" \/>\n<!-- \/ Yoast SEO Premium plugin. -->","yoast_head_json":{"title":"Prezydent Biden jest wy\u015bmiewany za twierdzenie, \u017ce poprawka o r\u00f3wnych prawach zosta\u0142a ratyfikowana - IFN","description":"Niedawna deklaracja prezydenta Joe Bidena w mediach spo\u0142eczno\u015bciowych, \u017ce uwa\u017ca on, i\u017c poprawka dotycz\u0105ca r\u00f3wnych praw (ERA) zosta\u0142a ratyfikowana jako 28. poprawka do Konstytucji Stan\u00f3w Zjednoczonych, zosta\u0142a poddana surowej analizie i krytyce.","robots":{"index":"index","follow":"follow","max-snippet":"max-snippet:-1","max-image-preview":"max-image-preview:large","max-video-preview":"max-video-preview:-1"},"canonical":"https:\/\/ifamnews.com\/en\/president-biden-faces-ridicule-for-claiming-equal-rights-amendment-is-ratified","og_locale":"pl_PL","og_type":"article","og_title":"Prezydent Biden jest wy\u015bmiewany za twierdzenie, \u017ce poprawka o r\u00f3wnych prawach zosta\u0142a ratyfikowana","og_description":"Niedawna deklaracja prezydenta Joe Bidena w mediach spo\u0142eczno\u015bciowych, \u017ce uwa\u017ca on, i\u017c poprawka dotycz\u0105ca r\u00f3wnych praw (ERA) zosta\u0142a ratyfikowana jako 28. poprawka do Konstytucji Stan\u00f3w Zjednoczonych, zosta\u0142a poddana surowej analizie i krytyce.","og_url":"https:\/\/ifamnews.com\/en\/president-biden-faces-ridicule-for-claiming-equal-rights-amendment-is-ratified","og_site_name":"IFN","article_publisher":"https:\/\/www.facebook.com\/iFamNews","article_author":"https:\/\/www.facebook.com\/iFamNews\/","article_published_time":"2025-01-20T07:00:00+00:00","og_image":[{"width":1200,"height":675,"url":"https:\/\/ifamnews.com\/wp-content\/uploads\/2025\/01\/Untitled-design-2025-01-19T173035.150.png","type":"image\/png"}],"author":"IFN English","twitter_card":"summary_large_image","twitter_creator":"@https:\/\/twitter.com\/iFamNewsEN","twitter_site":"@iFamNewsEN","twitter_misc":{"Napisane przez":"IFN redakcja","Szacowany czas czytania":"2 minuty"},"schema":{"@context":"https:\/\/schema.org","@graph":[{"@type":"NewsArticle","@id":"https:\/\/ifamnews.com\/en\/president-biden-faces-ridicule-for-claiming-equal-rights-amendment-is-ratified#article","isPartOf":{"@id":"https:\/\/ifamnews.com\/en\/president-biden-faces-ridicule-for-claiming-equal-rights-amendment-is-ratified"},"author":{"name":"IFN English","@id":"https:\/\/ifamnews.com\/en\/#\/schema\/person\/633bdb7ac2496c9b9304ce62d071cdfa"},"headline":"Prezydent Biden jest wy\u015bmiewany za twierdzenie, \u017ce poprawka o r\u00f3wnych prawach zosta\u0142a ratyfikowana","datePublished":"2025-01-20T07:00:00+00:00","mainEntityOfPage":{"@id":"https:\/\/ifamnews.com\/en\/president-biden-faces-ridicule-for-claiming-equal-rights-amendment-is-ratified"},"wordCount":245,"commentCount":0,"publisher":{"@id":"https:\/\/ifamnews.com\/en\/#organization"},"image":{"@id":"https:\/\/ifamnews.com\/en\/president-biden-faces-ridicule-for-claiming-equal-rights-amendment-is-ratified#primaryimage"},"thumbnailUrl":"https:\/\/ifamnews.com\/wp-content\/uploads\/2025\/01\/Untitled-design-2025-01-19T173035.150.png","keywords":["Administracja Bidena","Ideologia LGBT"],"articleSection":["NAJWA\u017bNIEJSZE","PIERWSZA STRONA","Polityka"],"inLanguage":"pl-PL","potentialAction":[{"@type":"CommentAction","name":"Comment","target":["https:\/\/ifamnews.com\/en\/president-biden-faces-ridicule-for-claiming-equal-rights-amendment-is-ratified#respond"]}]},{"@type":"WebPage","@id":"https:\/\/ifamnews.com\/en\/president-biden-faces-ridicule-for-claiming-equal-rights-amendment-is-ratified","url":"https:\/\/ifamnews.com\/en\/president-biden-faces-ridicule-for-claiming-equal-rights-amendment-is-ratified","name":"Prezydent Biden jest wy\u015bmiewany za twierdzenie, \u017ce poprawka o r\u00f3wnych prawach zosta\u0142a ratyfikowana - IFN","isPartOf":{"@id":"https:\/\/ifamnews.com\/en\/#website"},"primaryImageOfPage":{"@id":"https:\/\/ifamnews.com\/en\/president-biden-faces-ridicule-for-claiming-equal-rights-amendment-is-ratified#primaryimage"},"image":{"@id":"https:\/\/ifamnews.com\/en\/president-biden-faces-ridicule-for-claiming-equal-rights-amendment-is-ratified#primaryimage"},"thumbnailUrl":"https:\/\/ifamnews.com\/wp-content\/uploads\/2025\/01\/Untitled-design-2025-01-19T173035.150.png","datePublished":"2025-01-20T07:00:00+00:00","description":"Niedawna deklaracja prezydenta Joe Bidena w mediach spo\u0142eczno\u015bciowych, \u017ce uwa\u017ca on, i\u017c poprawka dotycz\u0105ca r\u00f3wnych praw (ERA) zosta\u0142a ratyfikowana jako 28. poprawka do Konstytucji Stan\u00f3w Zjednoczonych, zosta\u0142a poddana surowej analizie i krytyce.","breadcrumb":{"@id":"https:\/\/ifamnews.com\/en\/president-biden-faces-ridicule-for-claiming-equal-rights-amendment-is-ratified#breadcrumb"},"inLanguage":"pl-PL","potentialAction":[{"@type":"ReadAction","target":["https:\/\/ifamnews.com\/en\/president-biden-faces-ridicule-for-claiming-equal-rights-amendment-is-ratified"]}]},{"@type":"ImageObject","inLanguage":"pl-PL","@id":"https:\/\/ifamnews.com\/en\/president-biden-faces-ridicule-for-claiming-equal-rights-amendment-is-ratified#primaryimage","url":"https:\/\/ifamnews.com\/wp-content\/uploads\/2025\/01\/Untitled-design-2025-01-19T173035.150.png","contentUrl":"https:\/\/ifamnews.com\/wp-content\/uploads\/2025\/01\/Untitled-design-2025-01-19T173035.150.png","width":1200,"height":675},{"@type":"BreadcrumbList","@id":"https:\/\/ifamnews.com\/en\/president-biden-faces-ridicule-for-claiming-equal-rights-amendment-is-ratified#breadcrumb","itemListElement":[{"@type":"ListItem","position":1,"name":"Home","item":"https:\/\/ifamnews.com\/de"},{"@type":"ListItem","position":2,"name":"Politics","item":"https:\/\/ifamnews.com\/en\/category\/politics"},{"@type":"ListItem","position":3,"name":"Prezydent Biden jest wy\u015bmiewany za twierdzenie, \u017ce poprawka o r\u00f3wnych prawach zosta\u0142a ratyfikowana"}]},{"@type":"WebSite","@id":"https:\/\/ifamnews.com\/en\/#website","url":"https:\/\/ifamnews.com\/en\/","name":"IFN","description":"International Family News Network","publisher":{"@id":"https:\/\/ifamnews.com\/en\/#organization"},"potentialAction":[{"@type":"SearchAction","target":{"@type":"EntryPoint","urlTemplate":"https:\/\/ifamnews.com\/en\/?s={search_term_string}"},"query-input":{"@type":"PropertyValueSpecification","valueRequired":true,"valueName":"search_term_string"}}],"inLanguage":"pl-PL"},{"@type":"Organization","@id":"https:\/\/ifamnews.com\/en\/#organization","name":"iFamNews","url":"https:\/\/ifamnews.com\/en\/","logo":{"@type":"ImageObject","inLanguage":"pl-PL","@id":"https:\/\/ifamnews.com\/en\/#\/schema\/logo\/image\/","url":"https:\/\/ifamnews.com\/wp-content\/uploads\/2020\/01\/Share-logo.png","contentUrl":"https:\/\/ifamnews.com\/wp-content\/uploads\/2020\/01\/Share-logo.png","width":200,"height":200,"caption":"iFamNews"},"image":{"@id":"https:\/\/ifamnews.com\/en\/#\/schema\/logo\/image\/"},"sameAs":["https:\/\/www.facebook.com\/iFamNews","https:\/\/x.com\/iFamNewsEN"]},{"@type":"Person","@id":"https:\/\/ifamnews.com\/en\/#\/schema\/person\/633bdb7ac2496c9b9304ce62d071cdfa","name":"IFN English","image":{"@type":"ImageObject","inLanguage":"pl-PL","@id":"https:\/\/secure.gravatar.com\/avatar\/6f16ce95b558ae6f6eb9ae2f68122482a2c61696af2a8fc343c2e10f981a959d?s=96&d=mm&r=g","url":"https:\/\/secure.gravatar.com\/avatar\/6f16ce95b558ae6f6eb9ae2f68122482a2c61696af2a8fc343c2e10f981a959d?s=96&d=mm&r=g","contentUrl":"https:\/\/secure.gravatar.com\/avatar\/6f16ce95b558ae6f6eb9ae2f68122482a2c61696af2a8fc343c2e10f981a959d?s=96&d=mm&r=g","caption":"IFN English"},"description":"Articles published by the English iFamNews editorial team.","sameAs":["https:\/\/ifamnews.com\/en","https:\/\/www.facebook.com\/iFamNews\/","https:\/\/x.com\/https:\/\/twitter.com\/iFamNewsEN","https:\/\/www.youtube.com\/channel\/UCMVyIt4z9BANW3d09kwfUpw"],"url":"https:\/\/ifamnews.com\/pl\/author\/ifamnews-staff"}]}},"amp_enabled":true,"_links":{"self":[{"href":"https:\/\/ifamnews.com\/pl\/wp-json\/wp\/v2\/posts\/254752","targetHints":{"allow":["GET"]}}],"collection":[{"href":"https:\/\/ifamnews.com\/pl\/wp-json\/wp\/v2\/posts"}],"about":[{"href":"https:\/\/ifamnews.com\/pl\/wp-json\/wp\/v2\/types\/post"}],"author":[{"embeddable":true,"href":"https:\/\/ifamnews.com\/pl\/wp-json\/wp\/v2\/users\/593"}],"replies":[{"embeddable":true,"href":"https:\/\/ifamnews.com\/pl\/wp-json\/wp\/v2\/comments?post=254752"}],"version-history":[{"count":4,"href":"https:\/\/ifamnews.com\/pl\/wp-json\/wp\/v2\/posts\/254752\/revisions"}],"predecessor-version":[{"id":254767,"href":"https:\/\/ifamnews.com\/pl\/wp-json\/wp\/v2\/posts\/254752\/revisions\/254767"}],"wp:featuredmedia":[{"embeddable":true,"href":"https:\/\/ifamnews.com\/pl\/wp-json\/wp\/v2\/media\/254743"}],"wp:attachment":[{"href":"https:\/\/ifamnews.com\/pl\/wp-json\/wp\/v2\/media?parent=254752"}],"wp:term":[{"taxonomy":"category","embeddable":true,"href":"https:\/\/ifamnews.com\/pl\/wp-json\/wp\/v2\/categories?post=254752"},{"taxonomy":"post_tag","embeddable":true,"href":"https:\/\/ifamnews.com\/pl\/wp-json\/wp\/v2\/tags?post=254752"}],"curies":[{"name":"wp","href":"https:\/\/api.w.org\/{rel}","templated":true}]}}