{"id":250606,"date":"2024-10-07T11:23:43","date_gmt":"2024-10-07T15:23:43","guid":{"rendered":"https:\/\/ifamnews.com\/?p=250606"},"modified":"2024-10-07T11:23:46","modified_gmt":"2024-10-07T15:23:46","slug":"skazany-algierski-gwa-ciciel-unika-deportacji-z-francji-identyfikuj-c-si-jako-osoba-transp-ciowa","status":"publish","type":"post","link":"https:\/\/ifamnews.com\/pl\/skazany-algierski-gwa-ciciel-unika-deportacji-z-francji-identyfikuj-c-si-jako-osoba-transp-ciowa","title":{"rendered":"Skazany algierski gwa\u0142ciciel unika deportacji z Francji, identyfikuj\u0105c si\u0119 jako osoba transp\u0142ciowa"},"content":{"rendered":"<p>Skazany gwa\u0142ciciel z Francji zdo\u0142a\u0142 unikn\u0105\u0107 nakazu deportacji, identyfikuj\u0105c si\u0119 jako osoba transp\u0142ciowa. Mehdi F., 32-letni migrant z Algierii, zosta\u0142 skazany w 2019 r. za gwa\u0142t na dziecku poni\u017cej 15 roku \u017cycia i skazany na cztery lata wi\u0119zienia. Nakaz deportacji zosta\u0142 wydany w 2021 roku. Mehdi z\u0142o\u017cy\u0142 wniosek o azyl, ale odm\u00f3wiono mu go ze wzgl\u0119du na powag\u0119 pope\u0142nionego przest\u0119pstwa. Jednak odwo\u0142anie Mehdiego od odmowy azylu ze wzgl\u0119du na prawdopodobne prze\u015bladowania transfobiczne w Algierii zosta\u0142o przyj\u0119te przez Krajowy S\u0105d Azylowy (CNDA). Jego prawniczka, Isabelle Zribi, utrzymywa\u0142a, \u017ce Mehdi przeistacza si\u0119 w kobiet\u0119. Zasadniczo przest\u0119pca p\u0142ci m\u0119skiej zosta\u0142 przekszta\u0142cony w bezbronn\u0105 kobiet\u0119 nara\u017con\u0105 na potencjaln\u0105 wiktymizacj\u0119. Potencjalne zagro\u017cenie, jakie Mehdi stanowi\u0142 dla francuskich dzieci, zosta\u0142o zignorowane na rzecz jego &#8222;praw&#8221; jako osoby transp\u0142ciowej obawiaj\u0105cej si\u0119 prze\u015bladowa\u0144. S\u0105d Najwy\u017cszy Francji podtrzyma\u0142 t\u0119 decyzj\u0119, stwierdzaj\u0105c, \u017ce sam wyrok skazuj\u0105cy za gwa\u0142t nie powinien prawnie uzasadnia\u0107 odmowy lub pozbawienia statusu uchod\u017acy. Sprawa ta uwypukli\u0142a ponur\u0105 rzeczywisto\u015b\u0107 tego, w jaki spos\u00f3b manipuluje si\u0119 prawem, co prowadzi do niedorzecznych rezultat\u00f3w. Sprawa ta wywo\u0142a\u0142a oburzenie z powodu odmowy Francji dbania o swoich obywateli ponad migrantami i klasami chronionymi, takimi jak rzekomo &#8222;transp\u0142ciowi&#8221; m\u0119\u017cczy\u017ani.<\/p>\n","protected":false},"excerpt":{"rendered":"<p>Skazany gwa\u0142ciciel z Francji zdo\u0142a\u0142 unikn\u0105\u0107 nakazu deportacji, identyfikuj\u0105c si\u0119 jako osoba transp\u0142ciowa.<\/p>\n","protected":false},"author":593,"featured_media":250598,"comment_status":"open","ping_status":"open","sticky":false,"template":"","format":"standard","meta":{"give_campaign_id":0,"om_disable_all_campaigns":false,"_monsterinsights_skip_tracking":false,"_monsterinsights_sitenote_active":false,"_monsterinsights_sitenote_note":"","_monsterinsights_sitenote_category":0,"mc4wp_mailchimp_campaign":[],"jnews-multi-image_gallery":[],"jnews_single_post":{"subtitle":"","format":"standard","video":"","gallery":"","source_name":"","source_url":"","via_name":"","via_url":"","override_template":"0","override":[{"template":"2","single_blog_custom":"","parallax":"1","fullscreen":"1","layout":"right-sidebar-narrow","sidebar":"default-sidebar","second_sidebar":"default-sidebar","sticky_sidebar":"1","share_position":"float","share_float_style":"share-normal","show_share_counter":"1","show_view_counter":"1","show_featured":"1","show_post_meta":"1","show_post_author":"1","show_post_author_image":"1","show_post_date":"1","post_date_format":"default","post_date_format_custom":"Y\/m\/d","show_post_category":"1","show_post_reading_time":"1","post_reading_time_wpm":"300","show_zoom_button":"0","zoom_button_out_step":"2","zoom_button_in_step":"3","show_post_tag":"1","show_prev_next_post":"0","show_popup_post":"0","number_popup_post":"1","show_author_box":"1","show_post_related":"0","show_inline_post_related":"0"}],"override_image_size":"0","image_override":[{"single_post_thumbnail_size":"crop-715","single_post_gallery_size":"crop-715"}],"trending_post":"0","trending_post_position":"meta","trending_post_label":"Trending","sponsored_post":"0","sponsored_post_label":"Sponsored by","sponsored_post_name":"","sponsored_post_url":"","sponsored_post_logo_enable":"0","sponsored_post_logo":"","sponsored_post_desc":"","disable_ad":"0"},"jnews_primary_category":{"id":"12460","hide":""},"jnews_social_meta":[],"jnews_override_counter":[],"footnotes":""},"categories":[12454,1,12460],"tags":[14375,12468,12465],"class_list":["post-250606","post","type-post","status-publish","format-standard","has-post-thumbnail","hentry","category-najwazniejsze-pl","category-pierwsza-strona","category-polityka","tag-ideologia-gender-pl","tag-ideologia-lgbt-pl","tag-transgenderyzm"],"yoast_head":"<!-- This site is optimized with the Yoast SEO Premium plugin v25.9 (Yoast SEO v27.3) - https:\/\/yoast.com\/product\/yoast-seo-premium-wordpress\/ -->\n<title>Skazany algierski gwa\u0142ciciel unika deportacji z Francji, identyfikuj\u0105c si\u0119 jako osoba transp\u0142ciowa - IFN<\/title>\n<meta name=\"description\" content=\"Skazany gwa\u0142ciciel z Francji zdo\u0142a\u0142 unikn\u0105\u0107 nakazu deportacji, identyfikuj\u0105c si\u0119 jako osoba transp\u0142ciowa.\" \/>\n<meta name=\"robots\" content=\"index, follow, max-snippet:-1, max-image-preview:large, max-video-preview:-1\" \/>\n<link rel=\"canonical\" href=\"https:\/\/ifamnews.com\/pl\/skazany-algierski-gwa-ciciel-unika-deportacji-z-francji-identyfikuj-c-si-jako-osoba-transp-ciowa\" \/>\n<meta property=\"og:locale\" content=\"pl_PL\" \/>\n<meta property=\"og:type\" content=\"article\" \/>\n<meta property=\"og:title\" content=\"Skazany algierski gwa\u0142ciciel unika deportacji z Francji, identyfikuj\u0105c si\u0119 jako osoba transp\u0142ciowa\" \/>\n<meta property=\"og:description\" content=\"Skazany gwa\u0142ciciel z Francji zdo\u0142a\u0142 unikn\u0105\u0107 nakazu deportacji, identyfikuj\u0105c si\u0119 jako osoba transp\u0142ciowa.\" \/>\n<meta property=\"og:url\" content=\"https:\/\/ifamnews.com\/pl\/skazany-algierski-gwa-ciciel-unika-deportacji-z-francji-identyfikuj-c-si-jako-osoba-transp-ciowa\" \/>\n<meta property=\"og:site_name\" content=\"IFN\" \/>\n<meta property=\"article:publisher\" content=\"https:\/\/www.facebook.com\/iFamNews\" \/>\n<meta property=\"article:author\" content=\"https:\/\/www.facebook.com\/iFamNews\/\" \/>\n<meta property=\"article:published_time\" content=\"2024-10-07T15:23:43+00:00\" \/>\n<meta property=\"article:modified_time\" content=\"2024-10-07T15:23:46+00:00\" \/>\n<meta property=\"og:image\" content=\"https:\/\/ifamnews.com\/wp-content\/uploads\/2024\/10\/Untitled-design-2024-10-07T110308.665.png\" \/>\n\t<meta property=\"og:image:width\" content=\"1200\" \/>\n\t<meta property=\"og:image:height\" content=\"675\" \/>\n\t<meta property=\"og:image:type\" content=\"image\/png\" \/>\n<meta name=\"author\" content=\"IFN English\" \/>\n<meta name=\"twitter:card\" content=\"summary_large_image\" \/>\n<meta name=\"twitter:creator\" content=\"@https:\/\/twitter.com\/iFamNewsEN\" \/>\n<meta name=\"twitter:site\" content=\"@iFamNewsEN\" \/>\n<meta name=\"twitter:label1\" content=\"Napisane przez\" \/>\n\t<meta name=\"twitter:data1\" content=\"IFN redakcja\" \/>\n\t<meta name=\"twitter:label2\" content=\"Szacowany czas czytania\" \/>\n\t<meta name=\"twitter:data2\" content=\"2 minuty\" \/>\n<!-- \/ Yoast SEO Premium plugin. -->","yoast_head_json":{"title":"Skazany algierski gwa\u0142ciciel unika deportacji z Francji, identyfikuj\u0105c si\u0119 jako osoba transp\u0142ciowa - IFN","description":"Skazany gwa\u0142ciciel z Francji zdo\u0142a\u0142 unikn\u0105\u0107 nakazu deportacji, identyfikuj\u0105c si\u0119 jako osoba transp\u0142ciowa.","robots":{"index":"index","follow":"follow","max-snippet":"max-snippet:-1","max-image-preview":"max-image-preview:large","max-video-preview":"max-video-preview:-1"},"canonical":"https:\/\/ifamnews.com\/pl\/skazany-algierski-gwa-ciciel-unika-deportacji-z-francji-identyfikuj-c-si-jako-osoba-transp-ciowa","og_locale":"pl_PL","og_type":"article","og_title":"Skazany algierski gwa\u0142ciciel unika deportacji z Francji, identyfikuj\u0105c si\u0119 jako osoba transp\u0142ciowa","og_description":"Skazany gwa\u0142ciciel z Francji zdo\u0142a\u0142 unikn\u0105\u0107 nakazu deportacji, identyfikuj\u0105c si\u0119 jako osoba transp\u0142ciowa.","og_url":"https:\/\/ifamnews.com\/pl\/skazany-algierski-gwa-ciciel-unika-deportacji-z-francji-identyfikuj-c-si-jako-osoba-transp-ciowa","og_site_name":"IFN","article_publisher":"https:\/\/www.facebook.com\/iFamNews","article_author":"https:\/\/www.facebook.com\/iFamNews\/","article_published_time":"2024-10-07T15:23:43+00:00","article_modified_time":"2024-10-07T15:23:46+00:00","og_image":[{"width":1200,"height":675,"url":"https:\/\/ifamnews.com\/wp-content\/uploads\/2024\/10\/Untitled-design-2024-10-07T110308.665.png","type":"image\/png"}],"author":"IFN English","twitter_card":"summary_large_image","twitter_creator":"@https:\/\/twitter.com\/iFamNewsEN","twitter_site":"@iFamNewsEN","twitter_misc":{"Napisane przez":"IFN redakcja","Szacowany czas czytania":"2 minuty"},"schema":{"@context":"https:\/\/schema.org","@graph":[{"@type":"NewsArticle","@id":"https:\/\/ifamnews.com\/pl\/skazany-algierski-gwa-ciciel-unika-deportacji-z-francji-identyfikuj-c-si-jako-osoba-transp-ciowa#article","isPartOf":{"@id":"https:\/\/ifamnews.com\/pl\/skazany-algierski-gwa-ciciel-unika-deportacji-z-francji-identyfikuj-c-si-jako-osoba-transp-ciowa"},"author":{"name":"IFN English","@id":"https:\/\/ifamnews.com\/en\/#\/schema\/person\/633bdb7ac2496c9b9304ce62d071cdfa"},"headline":"Skazany algierski gwa\u0142ciciel unika deportacji z Francji, identyfikuj\u0105c si\u0119 jako osoba transp\u0142ciowa","datePublished":"2024-10-07T15:23:43+00:00","dateModified":"2024-10-07T15:23:46+00:00","mainEntityOfPage":{"@id":"https:\/\/ifamnews.com\/pl\/skazany-algierski-gwa-ciciel-unika-deportacji-z-francji-identyfikuj-c-si-jako-osoba-transp-ciowa"},"wordCount":242,"commentCount":0,"publisher":{"@id":"https:\/\/ifamnews.com\/en\/#organization"},"image":{"@id":"https:\/\/ifamnews.com\/pl\/skazany-algierski-gwa-ciciel-unika-deportacji-z-francji-identyfikuj-c-si-jako-osoba-transp-ciowa#primaryimage"},"thumbnailUrl":"https:\/\/ifamnews.com\/wp-content\/uploads\/2024\/10\/Untitled-design-2024-10-07T110308.665.png","keywords":["ideologia gender","Ideologia LGBT","Transgenderyzm"],"articleSection":["NAJWA\u017bNIEJSZE","PIERWSZA STRONA","Polityka"],"inLanguage":"pl-PL","potentialAction":[{"@type":"CommentAction","name":"Comment","target":["https:\/\/ifamnews.com\/pl\/skazany-algierski-gwa-ciciel-unika-deportacji-z-francji-identyfikuj-c-si-jako-osoba-transp-ciowa#respond"]}]},{"@type":"WebPage","@id":"https:\/\/ifamnews.com\/pl\/skazany-algierski-gwa-ciciel-unika-deportacji-z-francji-identyfikuj-c-si-jako-osoba-transp-ciowa","url":"https:\/\/ifamnews.com\/pl\/skazany-algierski-gwa-ciciel-unika-deportacji-z-francji-identyfikuj-c-si-jako-osoba-transp-ciowa","name":"Skazany algierski gwa\u0142ciciel unika deportacji z Francji, identyfikuj\u0105c si\u0119 jako osoba transp\u0142ciowa - IFN","isPartOf":{"@id":"https:\/\/ifamnews.com\/en\/#website"},"primaryImageOfPage":{"@id":"https:\/\/ifamnews.com\/pl\/skazany-algierski-gwa-ciciel-unika-deportacji-z-francji-identyfikuj-c-si-jako-osoba-transp-ciowa#primaryimage"},"image":{"@id":"https:\/\/ifamnews.com\/pl\/skazany-algierski-gwa-ciciel-unika-deportacji-z-francji-identyfikuj-c-si-jako-osoba-transp-ciowa#primaryimage"},"thumbnailUrl":"https:\/\/ifamnews.com\/wp-content\/uploads\/2024\/10\/Untitled-design-2024-10-07T110308.665.png","datePublished":"2024-10-07T15:23:43+00:00","dateModified":"2024-10-07T15:23:46+00:00","description":"Skazany gwa\u0142ciciel z Francji zdo\u0142a\u0142 unikn\u0105\u0107 nakazu deportacji, identyfikuj\u0105c si\u0119 jako osoba transp\u0142ciowa.","breadcrumb":{"@id":"https:\/\/ifamnews.com\/pl\/skazany-algierski-gwa-ciciel-unika-deportacji-z-francji-identyfikuj-c-si-jako-osoba-transp-ciowa#breadcrumb"},"inLanguage":"pl-PL","potentialAction":[{"@type":"ReadAction","target":["https:\/\/ifamnews.com\/pl\/skazany-algierski-gwa-ciciel-unika-deportacji-z-francji-identyfikuj-c-si-jako-osoba-transp-ciowa"]}]},{"@type":"ImageObject","inLanguage":"pl-PL","@id":"https:\/\/ifamnews.com\/pl\/skazany-algierski-gwa-ciciel-unika-deportacji-z-francji-identyfikuj-c-si-jako-osoba-transp-ciowa#primaryimage","url":"https:\/\/ifamnews.com\/wp-content\/uploads\/2024\/10\/Untitled-design-2024-10-07T110308.665.png","contentUrl":"https:\/\/ifamnews.com\/wp-content\/uploads\/2024\/10\/Untitled-design-2024-10-07T110308.665.png","width":1200,"height":675},{"@type":"BreadcrumbList","@id":"https:\/\/ifamnews.com\/pl\/skazany-algierski-gwa-ciciel-unika-deportacji-z-francji-identyfikuj-c-si-jako-osoba-transp-ciowa#breadcrumb","itemListElement":[{"@type":"ListItem","position":1,"name":"Home","item":"https:\/\/ifamnews.com\/de"},{"@type":"ListItem","position":2,"name":"Politics","item":"https:\/\/ifamnews.com\/en\/category\/politics"},{"@type":"ListItem","position":3,"name":"Skazany algierski gwa\u0142ciciel unika deportacji z Francji, identyfikuj\u0105c si\u0119 jako osoba transp\u0142ciowa"}]},{"@type":"WebSite","@id":"https:\/\/ifamnews.com\/en\/#website","url":"https:\/\/ifamnews.com\/en\/","name":"IFN","description":"International Family News Network","publisher":{"@id":"https:\/\/ifamnews.com\/en\/#organization"},"potentialAction":[{"@type":"SearchAction","target":{"@type":"EntryPoint","urlTemplate":"https:\/\/ifamnews.com\/en\/?s={search_term_string}"},"query-input":{"@type":"PropertyValueSpecification","valueRequired":true,"valueName":"search_term_string"}}],"inLanguage":"pl-PL"},{"@type":"Organization","@id":"https:\/\/ifamnews.com\/en\/#organization","name":"iFamNews","url":"https:\/\/ifamnews.com\/en\/","logo":{"@type":"ImageObject","inLanguage":"pl-PL","@id":"https:\/\/ifamnews.com\/en\/#\/schema\/logo\/image\/","url":"https:\/\/ifamnews.com\/wp-content\/uploads\/2020\/01\/Share-logo.png","contentUrl":"https:\/\/ifamnews.com\/wp-content\/uploads\/2020\/01\/Share-logo.png","width":200,"height":200,"caption":"iFamNews"},"image":{"@id":"https:\/\/ifamnews.com\/en\/#\/schema\/logo\/image\/"},"sameAs":["https:\/\/www.facebook.com\/iFamNews","https:\/\/x.com\/iFamNewsEN"]},{"@type":"Person","@id":"https:\/\/ifamnews.com\/en\/#\/schema\/person\/633bdb7ac2496c9b9304ce62d071cdfa","name":"IFN English","image":{"@type":"ImageObject","inLanguage":"pl-PL","@id":"https:\/\/secure.gravatar.com\/avatar\/6f16ce95b558ae6f6eb9ae2f68122482a2c61696af2a8fc343c2e10f981a959d?s=96&d=mm&r=g","url":"https:\/\/secure.gravatar.com\/avatar\/6f16ce95b558ae6f6eb9ae2f68122482a2c61696af2a8fc343c2e10f981a959d?s=96&d=mm&r=g","contentUrl":"https:\/\/secure.gravatar.com\/avatar\/6f16ce95b558ae6f6eb9ae2f68122482a2c61696af2a8fc343c2e10f981a959d?s=96&d=mm&r=g","caption":"IFN English"},"description":"Articles published by the English iFamNews editorial team.","sameAs":["https:\/\/ifamnews.com\/en","https:\/\/www.facebook.com\/iFamNews\/","https:\/\/x.com\/https:\/\/twitter.com\/iFamNewsEN","https:\/\/www.youtube.com\/channel\/UCMVyIt4z9BANW3d09kwfUpw"],"url":"https:\/\/ifamnews.com\/pl\/author\/ifamnews-staff"}]}},"amp_enabled":true,"_links":{"self":[{"href":"https:\/\/ifamnews.com\/pl\/wp-json\/wp\/v2\/posts\/250606","targetHints":{"allow":["GET"]}}],"collection":[{"href":"https:\/\/ifamnews.com\/pl\/wp-json\/wp\/v2\/posts"}],"about":[{"href":"https:\/\/ifamnews.com\/pl\/wp-json\/wp\/v2\/types\/post"}],"author":[{"embeddable":true,"href":"https:\/\/ifamnews.com\/pl\/wp-json\/wp\/v2\/users\/593"}],"replies":[{"embeddable":true,"href":"https:\/\/ifamnews.com\/pl\/wp-json\/wp\/v2\/comments?post=250606"}],"version-history":[{"count":1,"href":"https:\/\/ifamnews.com\/pl\/wp-json\/wp\/v2\/posts\/250606\/revisions"}],"predecessor-version":[{"id":250610,"href":"https:\/\/ifamnews.com\/pl\/wp-json\/wp\/v2\/posts\/250606\/revisions\/250610"}],"wp:featuredmedia":[{"embeddable":true,"href":"https:\/\/ifamnews.com\/pl\/wp-json\/wp\/v2\/media\/250598"}],"wp:attachment":[{"href":"https:\/\/ifamnews.com\/pl\/wp-json\/wp\/v2\/media?parent=250606"}],"wp:term":[{"taxonomy":"category","embeddable":true,"href":"https:\/\/ifamnews.com\/pl\/wp-json\/wp\/v2\/categories?post=250606"},{"taxonomy":"post_tag","embeddable":true,"href":"https:\/\/ifamnews.com\/pl\/wp-json\/wp\/v2\/tags?post=250606"}],"curies":[{"name":"wp","href":"https:\/\/api.w.org\/{rel}","templated":true}]}}