{"id":217830,"date":"2024-01-25T11:17:30","date_gmt":"2024-01-25T16:17:30","guid":{"rendered":"https:\/\/ifamnews.com\/?p=217830"},"modified":"2024-01-25T11:17:33","modified_gmt":"2024-01-25T16:17:33","slug":"grecki-rz-d-d-y-do-legalizacji-ma-e-stw-os-b-tej-samej-p-ci-przy-sprzeciwie-ko-cio-a-prawos-awnego","status":"publish","type":"post","link":"https:\/\/ifamnews.com\/pl\/grecki-rz-d-d-y-do-legalizacji-ma-e-stw-os-b-tej-samej-p-ci-przy-sprzeciwie-ko-cio-a-prawos-awnego","title":{"rendered":"Grecki rz\u0105d d\u0105\u017cy do legalizacji ma\u0142\u017ce\u0144stw os\u00f3b tej samej p\u0142ci przy sprzeciwie Ko\u015bcio\u0142a prawos\u0142awnego"},"content":{"rendered":"<p>Grecki rz\u0105d przyspiesza prace nad legalizacj\u0105 ma\u0142\u017ce\u0144stw os\u00f3b tej samej p\u0142ci, pomimo rosn\u0105cego oporu ze strony wp\u0142ywowego Ko\u015bcio\u0142a Prawos\u0142awnego. Przedstawiciele rz\u0105du og\u0142osili w \u015brod\u0119, \u017ce projekt ustawy zostanie poddany pod g\u0142osowanie do po\u0142owy lutego. Je\u015bli uchwa\u0142a zostanie przyj\u0119ta, Grecja b\u0119dzie pierwszym krajem prawos\u0142awnym, kt\u00f3ry usankcjonuje ma\u0142\u017ce\u0144stwa os\u00f3b tej samej p\u0142ci. Patriarchat Ekumeniczny w Stambule, kt\u00f3ry przewodzi ko\u015bcio\u0142om prawos\u0142awnym na ca\u0142ym \u015bwiecie, wyrazi\u0142 swoj\u0105 dezaprobat\u0119 dla propozycji, twierdz\u0105c, \u017ce ma\u0142\u017ce\u0144stwo powinno by\u0107 zawierane wy\u0142\u0105cznie mi\u0119dzy m\u0119\u017cczyzn\u0105 i kobiet\u0105.<\/p>\n<p>Biskupi wy\u017cszego szczebla ko\u015bcio\u0142a w Grecji zaj\u0119li podobne stanowisko w decyzji upublicznionej we wtorek. Biskup metropolita Panteleimon, rzecznik rz\u0105dz\u0105cego \u015awi\u0119tym Synodem Ko\u015bcio\u0142a greckiego, og\u0142osi\u0142, \u017ce ich pisemne zastrze\u017cenia zostan\u0105 rozpowszechnione w\u015br\u00f3d wszystkich cz\u0142onk\u00f3w greckiego parlamentu i b\u0119d\u0105 recytowane podczas niedzielnych nabo\u017ce\u0144stw w ca\u0142ym kraju. Ko\u015bci\u00f3\u0142 nie skomentowa\u0142 jeszcze, w jaki spos\u00f3b podejdzie do kwestii dzieci rodzic\u00f3w tej samej p\u0142ci.<\/p>\n<p>Konserwatywny premier Kyriakos Mitsotakis, kt\u00f3ry latem ubieg\u0142ego roku odni\u00f3s\u0142 spektakularne zwyci\u0119stwo w wyborach, prawdopodobnie b\u0119dzie zale\u017cny od g\u0142os\u00f3w partii opozycyjnej w sprawie legalizacji ma\u0142\u017ce\u0144stw os\u00f3b tej samej p\u0142ci ze wzgl\u0119du na podzia\u0142y w jego w\u0142asnej partii Nowa Demokracja i w\u015br\u00f3d cz\u0142onk\u00f3w jego gabinetu. Badania opinii publicznej wskazuj\u0105 na niewielk\u0105 dezaprobat\u0119 dla ma\u0142\u017ce\u0144stw os\u00f3b tej samej p\u0142ci w\u015br\u00f3d Grek\u00f3w.<\/p>\n","protected":false},"excerpt":{"rendered":"<p>Grecki rz\u0105d przyspiesza prace nad legalizacj\u0105 ma\u0142\u017ce\u0144stw os\u00f3b tej samej p\u0142ci, pomimo rosn\u0105cego oporu ze strony wp\u0142ywowego Ko\u015bcio\u0142a Prawos\u0142awnego.<\/p>\n","protected":false},"author":593,"featured_media":217822,"comment_status":"open","ping_status":"open","sticky":false,"template":"","format":"standard","meta":{"give_campaign_id":0,"om_disable_all_campaigns":false,"_monsterinsights_skip_tracking":false,"_monsterinsights_sitenote_active":false,"_monsterinsights_sitenote_note":"","_monsterinsights_sitenote_category":0,"mc4wp_mailchimp_campaign":[],"jnews-multi-image_gallery":[],"jnews_single_post":{"subtitle":"","format":"standard","video":"","gallery":"","source_name":"","source_url":"","via_name":"","via_url":"","override_template":"0","override":[{"template":"2","single_blog_custom":"","parallax":"1","fullscreen":"1","layout":"right-sidebar-narrow","sidebar":"default-sidebar","second_sidebar":"default-sidebar","sticky_sidebar":"1","share_position":"float","share_float_style":"share-normal","show_share_counter":"1","show_view_counter":"1","show_featured":"1","show_post_meta":"1","show_post_author":"1","show_post_author_image":"1","show_post_date":"1","post_date_format":"default","post_date_format_custom":"Y\/m\/d","show_post_category":"1","show_post_reading_time":"1","post_reading_time_wpm":"300","show_zoom_button":"0","zoom_button_out_step":"2","zoom_button_in_step":"3","show_post_tag":"1","show_prev_next_post":"0","show_popup_post":"0","number_popup_post":"1","show_author_box":"1","show_post_related":"0","show_inline_post_related":"0"}],"override_image_size":"0","image_override":[{"single_post_thumbnail_size":"crop-715","single_post_gallery_size":"crop-715"}],"trending_post":"0","trending_post_position":"meta","trending_post_label":"Trending","sponsored_post":"0","sponsored_post_label":"Sponsored by","sponsored_post_name":"","sponsored_post_url":"","sponsored_post_logo_enable":"0","sponsored_post_logo":"","sponsored_post_desc":"","disable_ad":"0"},"jnews_primary_category":{"id":"12460","hide":""},"jnews_social_meta":[],"jnews_override_counter":[],"footnotes":""},"categories":[12454,12460],"tags":[12468,29172,14374,17069],"class_list":["post-217830","post","type-post","status-publish","format-standard","has-post-thumbnail","hentry","category-najwazniejsze-pl","category-polityka","tag-ideologia-lgbt-pl","tag-kosciol-prawoslawny","tag-lgbt-pl","tag-malzenstwo-gejowskie"],"yoast_head":"<!-- This site is optimized with the Yoast SEO Premium plugin v25.9 (Yoast SEO v27.3) - https:\/\/yoast.com\/product\/yoast-seo-premium-wordpress\/ -->\n<title>Grecki rz\u0105d d\u0105\u017cy do legalizacji ma\u0142\u017ce\u0144stw os\u00f3b tej samej p\u0142ci przy sprzeciwie Ko\u015bcio\u0142a prawos\u0142awnego - IFN<\/title>\n<meta name=\"description\" content=\"Grecki rz\u0105d przyspiesza prace nad legalizacj\u0105 ma\u0142\u017ce\u0144stw os\u00f3b tej samej p\u0142ci, pomimo rosn\u0105cego oporu ze strony wp\u0142ywowego Ko\u015bcio\u0142a Prawos\u0142awnego.\" \/>\n<meta name=\"robots\" content=\"index, follow, max-snippet:-1, max-image-preview:large, max-video-preview:-1\" \/>\n<link rel=\"canonical\" href=\"https:\/\/ifamnews.com\/pl\/grecki-rz-d-d-y-do-legalizacji-ma-e-stw-os-b-tej-samej-p-ci-przy-sprzeciwie-ko-cio-a-prawos-awnego\" \/>\n<meta property=\"og:locale\" content=\"pl_PL\" \/>\n<meta property=\"og:type\" content=\"article\" \/>\n<meta property=\"og:title\" content=\"Grecki rz\u0105d d\u0105\u017cy do legalizacji ma\u0142\u017ce\u0144stw os\u00f3b tej samej p\u0142ci przy sprzeciwie Ko\u015bcio\u0142a prawos\u0142awnego\" \/>\n<meta property=\"og:description\" content=\"Grecki rz\u0105d przyspiesza prace nad legalizacj\u0105 ma\u0142\u017ce\u0144stw os\u00f3b tej samej p\u0142ci, pomimo rosn\u0105cego oporu ze strony wp\u0142ywowego Ko\u015bcio\u0142a Prawos\u0142awnego.\" \/>\n<meta property=\"og:url\" content=\"https:\/\/ifamnews.com\/pl\/grecki-rz-d-d-y-do-legalizacji-ma-e-stw-os-b-tej-samej-p-ci-przy-sprzeciwie-ko-cio-a-prawos-awnego\" \/>\n<meta property=\"og:site_name\" content=\"IFN\" \/>\n<meta property=\"article:publisher\" content=\"https:\/\/www.facebook.com\/iFamNews\" \/>\n<meta property=\"article:author\" content=\"https:\/\/www.facebook.com\/iFamNews\/\" \/>\n<meta property=\"article:published_time\" content=\"2024-01-25T16:17:30+00:00\" \/>\n<meta property=\"article:modified_time\" content=\"2024-01-25T16:17:33+00:00\" \/>\n<meta property=\"og:image\" content=\"https:\/\/ifamnews.com\/wp-content\/uploads\/2024\/01\/Untitled-design-2024-01-25T081028.600.png\" \/>\n\t<meta property=\"og:image:width\" content=\"1200\" \/>\n\t<meta property=\"og:image:height\" content=\"675\" \/>\n\t<meta property=\"og:image:type\" content=\"image\/png\" \/>\n<meta name=\"author\" content=\"IFN English\" \/>\n<meta name=\"twitter:card\" content=\"summary_large_image\" \/>\n<meta name=\"twitter:creator\" content=\"@https:\/\/twitter.com\/iFamNewsEN\" \/>\n<meta name=\"twitter:site\" content=\"@iFamNewsEN\" \/>\n<meta name=\"twitter:label1\" content=\"Napisane przez\" \/>\n\t<meta name=\"twitter:data1\" content=\"IFN redakcja\" \/>\n\t<meta name=\"twitter:label2\" content=\"Szacowany czas czytania\" \/>\n\t<meta name=\"twitter:data2\" content=\"2 minuty\" \/>\n<!-- \/ Yoast SEO Premium plugin. -->","yoast_head_json":{"title":"Grecki rz\u0105d d\u0105\u017cy do legalizacji ma\u0142\u017ce\u0144stw os\u00f3b tej samej p\u0142ci przy sprzeciwie Ko\u015bcio\u0142a prawos\u0142awnego - IFN","description":"Grecki rz\u0105d przyspiesza prace nad legalizacj\u0105 ma\u0142\u017ce\u0144stw os\u00f3b tej samej p\u0142ci, pomimo rosn\u0105cego oporu ze strony wp\u0142ywowego Ko\u015bcio\u0142a Prawos\u0142awnego.","robots":{"index":"index","follow":"follow","max-snippet":"max-snippet:-1","max-image-preview":"max-image-preview:large","max-video-preview":"max-video-preview:-1"},"canonical":"https:\/\/ifamnews.com\/pl\/grecki-rz-d-d-y-do-legalizacji-ma-e-stw-os-b-tej-samej-p-ci-przy-sprzeciwie-ko-cio-a-prawos-awnego","og_locale":"pl_PL","og_type":"article","og_title":"Grecki rz\u0105d d\u0105\u017cy do legalizacji ma\u0142\u017ce\u0144stw os\u00f3b tej samej p\u0142ci przy sprzeciwie Ko\u015bcio\u0142a prawos\u0142awnego","og_description":"Grecki rz\u0105d przyspiesza prace nad legalizacj\u0105 ma\u0142\u017ce\u0144stw os\u00f3b tej samej p\u0142ci, pomimo rosn\u0105cego oporu ze strony wp\u0142ywowego Ko\u015bcio\u0142a Prawos\u0142awnego.","og_url":"https:\/\/ifamnews.com\/pl\/grecki-rz-d-d-y-do-legalizacji-ma-e-stw-os-b-tej-samej-p-ci-przy-sprzeciwie-ko-cio-a-prawos-awnego","og_site_name":"IFN","article_publisher":"https:\/\/www.facebook.com\/iFamNews","article_author":"https:\/\/www.facebook.com\/iFamNews\/","article_published_time":"2024-01-25T16:17:30+00:00","article_modified_time":"2024-01-25T16:17:33+00:00","og_image":[{"width":1200,"height":675,"url":"https:\/\/ifamnews.com\/wp-content\/uploads\/2024\/01\/Untitled-design-2024-01-25T081028.600.png","type":"image\/png"}],"author":"IFN English","twitter_card":"summary_large_image","twitter_creator":"@https:\/\/twitter.com\/iFamNewsEN","twitter_site":"@iFamNewsEN","twitter_misc":{"Napisane przez":"IFN redakcja","Szacowany czas czytania":"2 minuty"},"schema":{"@context":"https:\/\/schema.org","@graph":[{"@type":"NewsArticle","@id":"https:\/\/ifamnews.com\/pl\/grecki-rz-d-d-y-do-legalizacji-ma-e-stw-os-b-tej-samej-p-ci-przy-sprzeciwie-ko-cio-a-prawos-awnego#article","isPartOf":{"@id":"https:\/\/ifamnews.com\/pl\/grecki-rz-d-d-y-do-legalizacji-ma-e-stw-os-b-tej-samej-p-ci-przy-sprzeciwie-ko-cio-a-prawos-awnego"},"author":{"name":"IFN English","@id":"https:\/\/ifamnews.com\/en\/#\/schema\/person\/633bdb7ac2496c9b9304ce62d071cdfa"},"headline":"Grecki rz\u0105d d\u0105\u017cy do legalizacji ma\u0142\u017ce\u0144stw os\u00f3b tej samej p\u0142ci przy sprzeciwie Ko\u015bcio\u0142a prawos\u0142awnego","datePublished":"2024-01-25T16:17:30+00:00","dateModified":"2024-01-25T16:17:33+00:00","mainEntityOfPage":{"@id":"https:\/\/ifamnews.com\/pl\/grecki-rz-d-d-y-do-legalizacji-ma-e-stw-os-b-tej-samej-p-ci-przy-sprzeciwie-ko-cio-a-prawos-awnego"},"wordCount":301,"commentCount":0,"publisher":{"@id":"https:\/\/ifamnews.com\/en\/#organization"},"image":{"@id":"https:\/\/ifamnews.com\/pl\/grecki-rz-d-d-y-do-legalizacji-ma-e-stw-os-b-tej-samej-p-ci-przy-sprzeciwie-ko-cio-a-prawos-awnego#primaryimage"},"thumbnailUrl":"https:\/\/ifamnews.com\/wp-content\/uploads\/2024\/01\/Untitled-design-2024-01-25T081028.600.png","keywords":["Ideologia LGBT","Ko\u015bci\u00f3\u0142 prawos\u0142awny","LGBT+","ma\u0142\u017ce\u0144stwo gejowskie"],"articleSection":["NAJWA\u017bNIEJSZE","Polityka"],"inLanguage":"pl-PL","potentialAction":[{"@type":"CommentAction","name":"Comment","target":["https:\/\/ifamnews.com\/pl\/grecki-rz-d-d-y-do-legalizacji-ma-e-stw-os-b-tej-samej-p-ci-przy-sprzeciwie-ko-cio-a-prawos-awnego#respond"]}]},{"@type":"WebPage","@id":"https:\/\/ifamnews.com\/pl\/grecki-rz-d-d-y-do-legalizacji-ma-e-stw-os-b-tej-samej-p-ci-przy-sprzeciwie-ko-cio-a-prawos-awnego","url":"https:\/\/ifamnews.com\/pl\/grecki-rz-d-d-y-do-legalizacji-ma-e-stw-os-b-tej-samej-p-ci-przy-sprzeciwie-ko-cio-a-prawos-awnego","name":"Grecki rz\u0105d d\u0105\u017cy do legalizacji ma\u0142\u017ce\u0144stw os\u00f3b tej samej p\u0142ci przy sprzeciwie Ko\u015bcio\u0142a prawos\u0142awnego - IFN","isPartOf":{"@id":"https:\/\/ifamnews.com\/en\/#website"},"primaryImageOfPage":{"@id":"https:\/\/ifamnews.com\/pl\/grecki-rz-d-d-y-do-legalizacji-ma-e-stw-os-b-tej-samej-p-ci-przy-sprzeciwie-ko-cio-a-prawos-awnego#primaryimage"},"image":{"@id":"https:\/\/ifamnews.com\/pl\/grecki-rz-d-d-y-do-legalizacji-ma-e-stw-os-b-tej-samej-p-ci-przy-sprzeciwie-ko-cio-a-prawos-awnego#primaryimage"},"thumbnailUrl":"https:\/\/ifamnews.com\/wp-content\/uploads\/2024\/01\/Untitled-design-2024-01-25T081028.600.png","datePublished":"2024-01-25T16:17:30+00:00","dateModified":"2024-01-25T16:17:33+00:00","description":"Grecki rz\u0105d przyspiesza prace nad legalizacj\u0105 ma\u0142\u017ce\u0144stw os\u00f3b tej samej p\u0142ci, pomimo rosn\u0105cego oporu ze strony wp\u0142ywowego Ko\u015bcio\u0142a Prawos\u0142awnego.","breadcrumb":{"@id":"https:\/\/ifamnews.com\/pl\/grecki-rz-d-d-y-do-legalizacji-ma-e-stw-os-b-tej-samej-p-ci-przy-sprzeciwie-ko-cio-a-prawos-awnego#breadcrumb"},"inLanguage":"pl-PL","potentialAction":[{"@type":"ReadAction","target":["https:\/\/ifamnews.com\/pl\/grecki-rz-d-d-y-do-legalizacji-ma-e-stw-os-b-tej-samej-p-ci-przy-sprzeciwie-ko-cio-a-prawos-awnego"]}]},{"@type":"ImageObject","inLanguage":"pl-PL","@id":"https:\/\/ifamnews.com\/pl\/grecki-rz-d-d-y-do-legalizacji-ma-e-stw-os-b-tej-samej-p-ci-przy-sprzeciwie-ko-cio-a-prawos-awnego#primaryimage","url":"https:\/\/ifamnews.com\/wp-content\/uploads\/2024\/01\/Untitled-design-2024-01-25T081028.600.png","contentUrl":"https:\/\/ifamnews.com\/wp-content\/uploads\/2024\/01\/Untitled-design-2024-01-25T081028.600.png","width":1200,"height":675,"caption":"\"Festive appearance of traditional Greek Russian Orthodox Spires, Orthodox Church of All Russian Saints, Burlingame, California, USA\" by Wonderlane is licensed under CC BY 2.0."},{"@type":"BreadcrumbList","@id":"https:\/\/ifamnews.com\/pl\/grecki-rz-d-d-y-do-legalizacji-ma-e-stw-os-b-tej-samej-p-ci-przy-sprzeciwie-ko-cio-a-prawos-awnego#breadcrumb","itemListElement":[{"@type":"ListItem","position":1,"name":"Home","item":"https:\/\/ifamnews.com\/de"},{"@type":"ListItem","position":2,"name":"Politics","item":"https:\/\/ifamnews.com\/en\/category\/politics"},{"@type":"ListItem","position":3,"name":"Grecki rz\u0105d d\u0105\u017cy do legalizacji ma\u0142\u017ce\u0144stw os\u00f3b tej samej p\u0142ci przy sprzeciwie Ko\u015bcio\u0142a prawos\u0142awnego"}]},{"@type":"WebSite","@id":"https:\/\/ifamnews.com\/en\/#website","url":"https:\/\/ifamnews.com\/en\/","name":"IFN","description":"International Family News Network","publisher":{"@id":"https:\/\/ifamnews.com\/en\/#organization"},"potentialAction":[{"@type":"SearchAction","target":{"@type":"EntryPoint","urlTemplate":"https:\/\/ifamnews.com\/en\/?s={search_term_string}"},"query-input":{"@type":"PropertyValueSpecification","valueRequired":true,"valueName":"search_term_string"}}],"inLanguage":"pl-PL"},{"@type":"Organization","@id":"https:\/\/ifamnews.com\/en\/#organization","name":"iFamNews","url":"https:\/\/ifamnews.com\/en\/","logo":{"@type":"ImageObject","inLanguage":"pl-PL","@id":"https:\/\/ifamnews.com\/en\/#\/schema\/logo\/image\/","url":"https:\/\/ifamnews.com\/wp-content\/uploads\/2020\/01\/Share-logo.png","contentUrl":"https:\/\/ifamnews.com\/wp-content\/uploads\/2020\/01\/Share-logo.png","width":200,"height":200,"caption":"iFamNews"},"image":{"@id":"https:\/\/ifamnews.com\/en\/#\/schema\/logo\/image\/"},"sameAs":["https:\/\/www.facebook.com\/iFamNews","https:\/\/x.com\/iFamNewsEN"]},{"@type":"Person","@id":"https:\/\/ifamnews.com\/en\/#\/schema\/person\/633bdb7ac2496c9b9304ce62d071cdfa","name":"IFN English","image":{"@type":"ImageObject","inLanguage":"pl-PL","@id":"https:\/\/secure.gravatar.com\/avatar\/6f16ce95b558ae6f6eb9ae2f68122482a2c61696af2a8fc343c2e10f981a959d?s=96&d=mm&r=g","url":"https:\/\/secure.gravatar.com\/avatar\/6f16ce95b558ae6f6eb9ae2f68122482a2c61696af2a8fc343c2e10f981a959d?s=96&d=mm&r=g","contentUrl":"https:\/\/secure.gravatar.com\/avatar\/6f16ce95b558ae6f6eb9ae2f68122482a2c61696af2a8fc343c2e10f981a959d?s=96&d=mm&r=g","caption":"IFN English"},"description":"Articles published by the English iFamNews editorial team.","sameAs":["https:\/\/ifamnews.com\/en","https:\/\/www.facebook.com\/iFamNews\/","https:\/\/x.com\/https:\/\/twitter.com\/iFamNewsEN","https:\/\/www.youtube.com\/channel\/UCMVyIt4z9BANW3d09kwfUpw"],"url":"https:\/\/ifamnews.com\/pl\/author\/ifamnews-staff"}]}},"amp_enabled":true,"_links":{"self":[{"href":"https:\/\/ifamnews.com\/pl\/wp-json\/wp\/v2\/posts\/217830","targetHints":{"allow":["GET"]}}],"collection":[{"href":"https:\/\/ifamnews.com\/pl\/wp-json\/wp\/v2\/posts"}],"about":[{"href":"https:\/\/ifamnews.com\/pl\/wp-json\/wp\/v2\/types\/post"}],"author":[{"embeddable":true,"href":"https:\/\/ifamnews.com\/pl\/wp-json\/wp\/v2\/users\/593"}],"replies":[{"embeddable":true,"href":"https:\/\/ifamnews.com\/pl\/wp-json\/wp\/v2\/comments?post=217830"}],"version-history":[{"count":1,"href":"https:\/\/ifamnews.com\/pl\/wp-json\/wp\/v2\/posts\/217830\/revisions"}],"predecessor-version":[{"id":217836,"href":"https:\/\/ifamnews.com\/pl\/wp-json\/wp\/v2\/posts\/217830\/revisions\/217836"}],"wp:featuredmedia":[{"embeddable":true,"href":"https:\/\/ifamnews.com\/pl\/wp-json\/wp\/v2\/media\/217822"}],"wp:attachment":[{"href":"https:\/\/ifamnews.com\/pl\/wp-json\/wp\/v2\/media?parent=217830"}],"wp:term":[{"taxonomy":"category","embeddable":true,"href":"https:\/\/ifamnews.com\/pl\/wp-json\/wp\/v2\/categories?post=217830"},{"taxonomy":"post_tag","embeddable":true,"href":"https:\/\/ifamnews.com\/pl\/wp-json\/wp\/v2\/tags?post=217830"}],"curies":[{"name":"wp","href":"https:\/\/api.w.org\/{rel}","templated":true}]}}