{"id":217650,"date":"2024-01-25T05:00:00","date_gmt":"2024-01-25T10:00:00","guid":{"rendered":"https:\/\/ifamnews.com\/?p=217650"},"modified":"2024-01-24T22:27:48","modified_gmt":"2024-01-25T03:27:48","slug":"cvs-health-staje-przed-s-dem-federalnym-w-sprawie-dyskryminacji-religijnej","status":"publish","type":"post","link":"https:\/\/ifamnews.com\/pl\/cvs-health-staje-przed-s-dem-federalnym-w-sprawie-dyskryminacji-religijnej","title":{"rendered":"CVS Health staje przed s\u0105dem federalnym w sprawie dyskryminacji religijnej"},"content":{"rendered":"<p>CVS Health stoi w obliczu federalnego pozwu od katolickiej piel\u0119gniarki z Palm Beach na Florydzie, twierdz\u0105cej, \u017ce jest dyskryminowana na tle religijnym. Gunna Kristofersdottir twierdzi, \u017ce CVS zawiesi\u0142o religijne udogodnienia, kt\u00f3re pozwoli\u0142y jej powstrzyma\u0107 si\u0119 od przepisywania \u015brodk\u00f3w antykoncepcyjnych. Kristofersdottir reprezentuj\u0105 kancelarie prawne First Liberty Institute, Boyden Gray &amp; Associates oraz Lawson Huck Gonzalez, PLLC.<\/p>\n<p>Kristofersdottir, wspierana przez sw\u00f3j zesp\u00f3\u0142 prawny, twierdzi, \u017ce CVS arbitralnie cofn\u0105\u0142 jej trwa\u0142e religijne dostosowanie do jej katolickich przekona\u0144 dotycz\u0105cych hormonalnych \u015brodk\u00f3w antykoncepcyjnych. Argumentuje ona, \u017ce nag\u0142e uniewa\u017cnienie naruszy\u0142o przepisy prawa pracy maj\u0105ce na celu ochron\u0119 wolno\u015bci religijnej w miejscu pracy.<\/p>\n<p>Od 2014 do 2022 roku Kristofersdottir mog\u0142a unika\u0107 udzia\u0142u w takich receptach podczas pracy w CVS MinuteClinic. Jednak jej religijne zakwaterowanie zosta\u0142o nagle zniesione w sierpniu 2021 r., kiedy CVS og\u0142osi\u0142o, \u017ce zaprzestaje wszystkich takich dodatk\u00f3w.<\/p>\n<p>Pozew twierdzi, \u017ce CVS m\u00f3g\u0142 u\u0142atwi\u0107 Kristofersdottir r\u00f3\u017cne alternatywy, takie jak przyznanie jej przeniesienia do specjalistycznej lokalizacji COVID-19 lub dalsze przestrzeganie obowi\u0105zuj\u0105cego zakwaterowania religijnego.<\/p>\n<p>To nie pierwszy raz, kiedy CVS spotyka si\u0119 z takimi zarzutami. Rok temu CVS zosta\u0142o pozwane na podobnych podstawach przez Robyn Strader, piel\u0119gniark\u0119 z Teksasu, po tym jak jej religijne zakwaterowanie zosta\u0142o uniewa\u017cnione po ponad sze\u015bciu latach.<\/p>\n","protected":false},"excerpt":{"rendered":"<p>CVS Health stoi w obliczu federalnego pozwu ze strony katolickiej piel\u0119gniarki z Palm Beach na Florydzie, powo\u0142uj\u0105cej si\u0119 na dyskryminacj\u0119 religijn\u0105.<\/p>\n","protected":false},"author":593,"featured_media":217642,"comment_status":"open","ping_status":"open","sticky":false,"template":"","format":"standard","meta":{"give_campaign_id":0,"om_disable_all_campaigns":false,"_monsterinsights_skip_tracking":false,"_monsterinsights_sitenote_active":false,"_monsterinsights_sitenote_note":"","_monsterinsights_sitenote_category":0,"mc4wp_mailchimp_campaign":[],"jnews-multi-image_gallery":[],"jnews_single_post":{"subtitle":"","format":"standard","video":"","gallery":"","source_name":"","source_url":"","via_name":"","via_url":"","override_template":"0","override":[{"template":"2","single_blog_custom":"","parallax":"1","fullscreen":"1","layout":"right-sidebar-narrow","sidebar":"default-sidebar","second_sidebar":"default-sidebar","sticky_sidebar":"1","share_position":"float","share_float_style":"share-normal","show_share_counter":"1","show_view_counter":"1","show_featured":"1","show_post_meta":"1","show_post_author":"1","show_post_author_image":"1","show_post_date":"1","post_date_format":"default","post_date_format_custom":"Y\/m\/d","show_post_category":"1","show_post_reading_time":"1","post_reading_time_wpm":"300","show_zoom_button":"0","zoom_button_out_step":"2","zoom_button_in_step":"3","show_post_tag":"1","show_prev_next_post":"0","show_popup_post":"0","number_popup_post":"1","show_author_box":"1","show_post_related":"0","show_inline_post_related":"0"}],"override_image_size":"0","image_override":[{"single_post_thumbnail_size":"crop-715","single_post_gallery_size":"crop-715"}],"trending_post":"0","trending_post_position":"meta","trending_post_label":"Trending","sponsored_post":"0","sponsored_post_label":"Sponsored by","sponsored_post_name":"","sponsored_post_url":"","sponsored_post_logo_enable":"0","sponsored_post_logo":"","sponsored_post_desc":"","disable_ad":"0"},"jnews_primary_category":{"id":"12460","hide":""},"jnews_social_meta":[],"jnews_override_counter":[],"footnotes":""},"categories":[12454,1,12460],"tags":[14403,16505,23721],"class_list":["post-217650","post","type-post","status-publish","format-standard","has-post-thumbnail","hentry","category-najwazniejsze-pl","category-pierwsza-strona","category-polityka","tag-aborcja","tag-pro-life-pl-2","tag-przesladowania-religijne"],"yoast_head":"<!-- This site is optimized with the Yoast SEO Premium plugin v25.9 (Yoast SEO v27.3) - https:\/\/yoast.com\/product\/yoast-seo-premium-wordpress\/ -->\n<title>CVS Health staje przed s\u0105dem federalnym w sprawie dyskryminacji religijnej - IFN<\/title>\n<meta name=\"description\" content=\"CVS Health stoi w obliczu federalnego pozwu od katolickiej piel\u0119gniarki z Palm Beach na Florydzie, twierdz\u0105cej, \u017ce jest dyskryminowana na tle religijnym.\" \/>\n<meta name=\"robots\" content=\"index, follow, max-snippet:-1, max-image-preview:large, max-video-preview:-1\" \/>\n<link rel=\"canonical\" href=\"https:\/\/ifamnews.com\/en?p=217632\" \/>\n<meta property=\"og:locale\" content=\"pl_PL\" \/>\n<meta property=\"og:type\" content=\"article\" \/>\n<meta property=\"og:title\" content=\"CVS Health staje przed s\u0105dem federalnym w sprawie dyskryminacji religijnej\" \/>\n<meta property=\"og:description\" content=\"CVS Health stoi w obliczu federalnego pozwu od katolickiej piel\u0119gniarki z Palm Beach na Florydzie, twierdz\u0105cej, \u017ce jest dyskryminowana na tle religijnym.\" \/>\n<meta property=\"og:url\" content=\"https:\/\/ifamnews.com\/en?p=217632\" \/>\n<meta property=\"og:site_name\" content=\"IFN\" \/>\n<meta property=\"article:publisher\" content=\"https:\/\/www.facebook.com\/iFamNews\" \/>\n<meta property=\"article:author\" content=\"https:\/\/www.facebook.com\/iFamNews\/\" \/>\n<meta property=\"article:published_time\" content=\"2024-01-25T10:00:00+00:00\" \/>\n<meta property=\"og:image\" content=\"https:\/\/ifamnews.com\/wp-content\/uploads\/2024\/01\/Untitled-design-2024-01-24T191717.669.png\" \/>\n\t<meta property=\"og:image:width\" content=\"1200\" \/>\n\t<meta property=\"og:image:height\" content=\"675\" \/>\n\t<meta property=\"og:image:type\" content=\"image\/png\" \/>\n<meta name=\"author\" content=\"IFN English\" \/>\n<meta name=\"twitter:card\" content=\"summary_large_image\" \/>\n<meta name=\"twitter:creator\" content=\"@https:\/\/twitter.com\/iFamNewsEN\" \/>\n<meta name=\"twitter:site\" content=\"@iFamNewsEN\" \/>\n<meta name=\"twitter:label1\" content=\"Napisane przez\" \/>\n\t<meta name=\"twitter:data1\" content=\"IFN redakcja\" \/>\n\t<meta name=\"twitter:label2\" content=\"Szacowany czas czytania\" \/>\n\t<meta name=\"twitter:data2\" content=\"2 minuty\" \/>\n<!-- \/ Yoast SEO Premium plugin. -->","yoast_head_json":{"title":"CVS Health staje przed s\u0105dem federalnym w sprawie dyskryminacji religijnej - IFN","description":"CVS Health stoi w obliczu federalnego pozwu od katolickiej piel\u0119gniarki z Palm Beach na Florydzie, twierdz\u0105cej, \u017ce jest dyskryminowana na tle religijnym.","robots":{"index":"index","follow":"follow","max-snippet":"max-snippet:-1","max-image-preview":"max-image-preview:large","max-video-preview":"max-video-preview:-1"},"canonical":"https:\/\/ifamnews.com\/en?p=217632","og_locale":"pl_PL","og_type":"article","og_title":"CVS Health staje przed s\u0105dem federalnym w sprawie dyskryminacji religijnej","og_description":"CVS Health stoi w obliczu federalnego pozwu od katolickiej piel\u0119gniarki z Palm Beach na Florydzie, twierdz\u0105cej, \u017ce jest dyskryminowana na tle religijnym.","og_url":"https:\/\/ifamnews.com\/en?p=217632","og_site_name":"IFN","article_publisher":"https:\/\/www.facebook.com\/iFamNews","article_author":"https:\/\/www.facebook.com\/iFamNews\/","article_published_time":"2024-01-25T10:00:00+00:00","og_image":[{"width":1200,"height":675,"url":"https:\/\/ifamnews.com\/wp-content\/uploads\/2024\/01\/Untitled-design-2024-01-24T191717.669.png","type":"image\/png"}],"author":"IFN English","twitter_card":"summary_large_image","twitter_creator":"@https:\/\/twitter.com\/iFamNewsEN","twitter_site":"@iFamNewsEN","twitter_misc":{"Napisane przez":"IFN redakcja","Szacowany czas czytania":"2 minuty"},"schema":{"@context":"https:\/\/schema.org","@graph":[{"@type":"NewsArticle","@id":"https:\/\/ifamnews.com\/en?p=217632#article","isPartOf":{"@id":"https:\/\/ifamnews.com\/en?p=217632"},"author":{"name":"IFN English","@id":"https:\/\/ifamnews.com\/en\/#\/schema\/person\/633bdb7ac2496c9b9304ce62d071cdfa"},"headline":"CVS Health staje przed s\u0105dem federalnym w sprawie dyskryminacji religijnej","datePublished":"2024-01-25T10:00:00+00:00","mainEntityOfPage":{"@id":"https:\/\/ifamnews.com\/en?p=217632"},"wordCount":232,"commentCount":0,"publisher":{"@id":"https:\/\/ifamnews.com\/en\/#organization"},"image":{"@id":"https:\/\/ifamnews.com\/en?p=217632#primaryimage"},"thumbnailUrl":"https:\/\/ifamnews.com\/wp-content\/uploads\/2024\/01\/Untitled-design-2024-01-24T191717.669.png","keywords":["Aborcja","Pro-life","prze\u015bladowania religijne"],"articleSection":["NAJWA\u017bNIEJSZE","PIERWSZA STRONA","Polityka"],"inLanguage":"pl-PL","potentialAction":[{"@type":"CommentAction","name":"Comment","target":["https:\/\/ifamnews.com\/en?p=217632#respond"]}]},{"@type":"WebPage","@id":"https:\/\/ifamnews.com\/en?p=217632","url":"https:\/\/ifamnews.com\/en?p=217632","name":"CVS Health staje przed s\u0105dem federalnym w sprawie dyskryminacji religijnej - IFN","isPartOf":{"@id":"https:\/\/ifamnews.com\/en\/#website"},"primaryImageOfPage":{"@id":"https:\/\/ifamnews.com\/en?p=217632#primaryimage"},"image":{"@id":"https:\/\/ifamnews.com\/en?p=217632#primaryimage"},"thumbnailUrl":"https:\/\/ifamnews.com\/wp-content\/uploads\/2024\/01\/Untitled-design-2024-01-24T191717.669.png","datePublished":"2024-01-25T10:00:00+00:00","description":"CVS Health stoi w obliczu federalnego pozwu od katolickiej piel\u0119gniarki z Palm Beach na Florydzie, twierdz\u0105cej, \u017ce jest dyskryminowana na tle religijnym.","breadcrumb":{"@id":"https:\/\/ifamnews.com\/en?p=217632#breadcrumb"},"inLanguage":"pl-PL","potentialAction":[{"@type":"ReadAction","target":["https:\/\/ifamnews.com\/en?p=217632"]}]},{"@type":"ImageObject","inLanguage":"pl-PL","@id":"https:\/\/ifamnews.com\/en?p=217632#primaryimage","url":"https:\/\/ifamnews.com\/wp-content\/uploads\/2024\/01\/Untitled-design-2024-01-24T191717.669.png","contentUrl":"https:\/\/ifamnews.com\/wp-content\/uploads\/2024\/01\/Untitled-design-2024-01-24T191717.669.png","width":1200,"height":675},{"@type":"BreadcrumbList","@id":"https:\/\/ifamnews.com\/en?p=217632#breadcrumb","itemListElement":[{"@type":"ListItem","position":1,"name":"Home","item":"https:\/\/ifamnews.com\/de"},{"@type":"ListItem","position":2,"name":"Politics","item":"https:\/\/ifamnews.com\/en\/category\/politics"},{"@type":"ListItem","position":3,"name":"CVS Health staje przed s\u0105dem federalnym w sprawie dyskryminacji religijnej"}]},{"@type":"WebSite","@id":"https:\/\/ifamnews.com\/en\/#website","url":"https:\/\/ifamnews.com\/en\/","name":"IFN","description":"International Family News Network","publisher":{"@id":"https:\/\/ifamnews.com\/en\/#organization"},"potentialAction":[{"@type":"SearchAction","target":{"@type":"EntryPoint","urlTemplate":"https:\/\/ifamnews.com\/en\/?s={search_term_string}"},"query-input":{"@type":"PropertyValueSpecification","valueRequired":true,"valueName":"search_term_string"}}],"inLanguage":"pl-PL"},{"@type":"Organization","@id":"https:\/\/ifamnews.com\/en\/#organization","name":"iFamNews","url":"https:\/\/ifamnews.com\/en\/","logo":{"@type":"ImageObject","inLanguage":"pl-PL","@id":"https:\/\/ifamnews.com\/en\/#\/schema\/logo\/image\/","url":"https:\/\/ifamnews.com\/wp-content\/uploads\/2020\/01\/Share-logo.png","contentUrl":"https:\/\/ifamnews.com\/wp-content\/uploads\/2020\/01\/Share-logo.png","width":200,"height":200,"caption":"iFamNews"},"image":{"@id":"https:\/\/ifamnews.com\/en\/#\/schema\/logo\/image\/"},"sameAs":["https:\/\/www.facebook.com\/iFamNews","https:\/\/x.com\/iFamNewsEN"]},{"@type":"Person","@id":"https:\/\/ifamnews.com\/en\/#\/schema\/person\/633bdb7ac2496c9b9304ce62d071cdfa","name":"IFN English","image":{"@type":"ImageObject","inLanguage":"pl-PL","@id":"https:\/\/secure.gravatar.com\/avatar\/6f16ce95b558ae6f6eb9ae2f68122482a2c61696af2a8fc343c2e10f981a959d?s=96&d=mm&r=g","url":"https:\/\/secure.gravatar.com\/avatar\/6f16ce95b558ae6f6eb9ae2f68122482a2c61696af2a8fc343c2e10f981a959d?s=96&d=mm&r=g","contentUrl":"https:\/\/secure.gravatar.com\/avatar\/6f16ce95b558ae6f6eb9ae2f68122482a2c61696af2a8fc343c2e10f981a959d?s=96&d=mm&r=g","caption":"IFN English"},"description":"Articles published by the English iFamNews editorial team.","sameAs":["https:\/\/ifamnews.com\/en","https:\/\/www.facebook.com\/iFamNews\/","https:\/\/x.com\/https:\/\/twitter.com\/iFamNewsEN","https:\/\/www.youtube.com\/channel\/UCMVyIt4z9BANW3d09kwfUpw"],"url":"https:\/\/ifamnews.com\/pl\/author\/ifamnews-staff"}]}},"amp_enabled":true,"_links":{"self":[{"href":"https:\/\/ifamnews.com\/pl\/wp-json\/wp\/v2\/posts\/217650","targetHints":{"allow":["GET"]}}],"collection":[{"href":"https:\/\/ifamnews.com\/pl\/wp-json\/wp\/v2\/posts"}],"about":[{"href":"https:\/\/ifamnews.com\/pl\/wp-json\/wp\/v2\/types\/post"}],"author":[{"embeddable":true,"href":"https:\/\/ifamnews.com\/pl\/wp-json\/wp\/v2\/users\/593"}],"replies":[{"embeddable":true,"href":"https:\/\/ifamnews.com\/pl\/wp-json\/wp\/v2\/comments?post=217650"}],"version-history":[{"count":1,"href":"https:\/\/ifamnews.com\/pl\/wp-json\/wp\/v2\/posts\/217650\/revisions"}],"predecessor-version":[{"id":217657,"href":"https:\/\/ifamnews.com\/pl\/wp-json\/wp\/v2\/posts\/217650\/revisions\/217657"}],"wp:featuredmedia":[{"embeddable":true,"href":"https:\/\/ifamnews.com\/pl\/wp-json\/wp\/v2\/media\/217642"}],"wp:attachment":[{"href":"https:\/\/ifamnews.com\/pl\/wp-json\/wp\/v2\/media?parent=217650"}],"wp:term":[{"taxonomy":"category","embeddable":true,"href":"https:\/\/ifamnews.com\/pl\/wp-json\/wp\/v2\/categories?post=217650"},{"taxonomy":"post_tag","embeddable":true,"href":"https:\/\/ifamnews.com\/pl\/wp-json\/wp\/v2\/tags?post=217650"}],"curies":[{"name":"wp","href":"https:\/\/api.w.org\/{rel}","templated":true}]}}