{"id":145392,"date":"2022-05-26T16:37:38","date_gmt":"2022-05-26T20:37:38","guid":{"rendered":"https:\/\/ifamnews.com\/?p=145392"},"modified":"2022-05-26T16:37:41","modified_gmt":"2022-05-26T20:37:41","slug":"list-dziecka","status":"publish","type":"post","link":"https:\/\/ifamnews.com\/pl\/list-dziecka","title":{"rendered":"List ma\u0142ego dziecka do matki"},"content":{"rendered":"\n<p><strong>Droga Mamusiu\u2026<\/strong><\/p>\n\n\n\n<p>Wybra\u0142em Ci\u0119. W\u0142a\u015bnie Ciebie. Nikt inny nie m\u00f3g\u0142by by\u0107 moj\u0105 mam\u0105. Bo to w\u0142a\u015bnie TY umiesz tak cudownie kocha\u0107 MNIE.&nbsp;<\/p>\n\n\n\n<p>&nbsp;By\u0142em w Twoim brzuszku jaki\u015b czas, a potem wyszed\u0142em z niego, by m\u00f3c Ci\u0119 w ko\u0144cu poczu\u0107, dotkn\u0105\u0107. Pami\u0119tasz ten dzie\u0144?&nbsp;<\/p>\n\n\n\n<p>Gdy po raz pierwszy by\u0142em w Twoich ramionach? By\u0142em taki malutki, nieporadny, bezbronny. A Ty poca\u0142owa\u0142a\u015b mnie w czo\u0142o. Zasn\u0105\u0142em wtulony w Ciebie.<\/p>\n\n\n\n<p>Opar\u0142a\u015b wtedy g\u0142ow\u0119 o \u015bcian\u0119, tak cichutko, by mnie nie obudzi\u0107. By\u0142a\u015b wtedy bardzo zm\u0119czona, prawda? Wok\u00f3\u0142 by\u0142o du\u017co rurek, a Ty pisn\u0119\u0142a\u015b tylko z b\u00f3lu, gdy pr\u00f3bowa\u0142a\u015b wsta\u0107. Chyba co\u015b Ci\u0119 bardzo mocno bola\u0142o.<\/p>\n\n\n\n<p>Gdy wsta\u0142em da\u0142a\u015b mi mleczko. Mhm, ten cudowny, ciep\u0142y pokarm. Uczy\u0142em si\u0119 pi\u0107. Nie by\u0142o to \u0142atwe.&nbsp; A Ty nie pozwoli\u0142a\u015b, by jaka\u015b kropelka mi uciek\u0142a. \u0141apa\u0142a\u015b j\u0105 bardzo ostro\u017cnie, by delikatnie z powrotem wla\u0107 mi j\u0105 do buzi.&nbsp;<\/p>\n\n\n\n<p><strong>Widzia\u0142em, gdy\u2026<\/strong><\/p>\n\n\n\n<p>Widzia\u0142em, gdy p\u0142aczesz. To nie by\u0142 tylko jeden raz.&nbsp; Mo\u017ce dlatego, \u017ce za du\u017co marudz\u0119? Albo krzycz\u0119? Albo rzucam zabawkami? Albo nie chce za\u0142o\u017cy\u0107 but\u00f3w, gdy bardzo si\u0119 spieszymy? Albo po prostu lubisz sobie czasami pop\u0142aka\u0107?<\/p>\n\n\n\n<p>Widzia\u0142em, gdy si\u0119 martwisz. Wtedy na mnie nie patrzysz. Albo rzadziej ni\u017c zwykle. Twoje cia\u0142o jest jakby ch\u0142odniejsze. To by\u0142o raz, mo\u017ce dwa razy, w szpitalu. Gdy rozmawia\u0142a\u015b z lekarzami o moim stanie zdrowia. Trzyma\u0142a\u015b mnie na r\u0119kach i chodzi\u0142a\u015b w k\u00f3\u0142ko. Trwa\u0142o to bardzo d\u0142ugo. Kto\u015b poda\u0142 Ci kubek z wod\u0105. A Ty szybko go opr\u00f3\u017cni\u0142a\u015b\u2026<\/p>\n\n\n\n<p>Widzia\u0142em, kiedy chcesz by\u0107 sama. Przytulamy si\u0119, bawimy, ale czuj\u0119 czasami, \u017ce potrzebujesz spokoju. Bo ci\u0105gle budz\u0119 si\u0119 w nocy. Bo ci\u0105gle o co\u015b pytam, \u201edlaczego, dlaczego\u201d? Odpowiadasz, ale chyba wolisz wtedy napi\u0107 si\u0119 kawy z cynamonem.&nbsp;<\/p>\n\n\n\n<p>Widzia\u0142em, gdy jeste\u015b z\u0142a. Bo nie masz ju\u017c si\u0142, mamusiu. Przecie\u017c wiem, \u017ce nie chcesz na mnie krzycze\u0107. Przecie\u017c m\u00f3wisz potem,&nbsp; \u017ce \u201eto Twoje zachowanie mi si\u0119 nie podoba, nie Ty\u2026\u201d. Bardzo mocno mnie przytulasz i szepczesz do&nbsp; ucha \u201ekocham Ci\u0119\u201d.<\/p>\n\n\n\n<p>Mamusiu, ja widz\u0119 Twoje zm\u0119czenie, Twoje \u0142zy.&nbsp;<\/p>\n\n\n\n<p>&nbsp;Kocham Ci\u0119 jeszcze bardziej, gdy codziennie tyle mi dajesz. Nawet, gdy \u201enic ju\u017c nie masz\u201d.<\/p>\n\n\n\n<p><strong>Uwielbiam, gdy\u2026<\/strong><\/p>\n\n\n\n<p>Razem si\u0119 bawimy. Te nosy-mi\u0142osy, przytulasy, bardzo mi si\u0119 podobaj\u0105. Ale najbardziej lubi\u0119, gdy jeste\u015b blisko mnie.<\/p>\n\n\n\n<p>Uwielbiam, gdy czytasz mi bajki. Wtedy szybko zasypiam. Tw\u00f3j g\u0142os jest taki ciep\u0142y. S\u0142ucha\u0142em Twojego g\u0142osu, gdy by\u0142em w Twoim brzuszku.<\/p>\n\n\n\n<p>Uwielbiam, gdy razem si\u0119 \u015bmiejemy. Wystarczy chwila, by nasz wsp\u00f3lny \u015bmiech by\u0142o s\u0142ycha\u0107 w ca\u0142ym domu.<\/p>\n\n\n\n<p>Uwielbiam, gdy opowiadasz mi r\u00f3\u017cne historie. T\u0142umaczysz, jak wygl\u0105da \u015bwiat, co z czego si\u0119 sk\u0142ada. To cudowne. Ju\u017c nie mog\u0119 si\u0119 doczeka\u0107, kiedy to wszystko zobacz\u0119.<\/p>\n\n\n\n<p>Uwielbiam, gdy razem spacerujemy. Nawet, gdy jestem w w\u00f3zku.&nbsp; Ten \u015bwiat tak cudownie pachnie, te drzewa, trawa, li\u015bcie.&nbsp;<\/p>\n\n\n\n<p>Uwielbiam, gdy mog\u0119 zasn\u0105\u0107 w Twoim ramionach. Na nic bardziej nie czekam w ci\u0105gu dnia, ni\u017c na ten moment. Czuj\u0119 Tw\u00f3j zapach, s\u0142ysz\u0119 bicie Twojego serca. Jest mi dobrze. Czuj\u0119 si\u0119 bezpiecznie.<\/p>\n\n\n\n<p>Uwielbiam, gdy wymy\u015blasz dla mnie r\u00f3\u017cne potrawy. A to co\u015b trzeba pogry\u017a\u0107, co\u015b trzeba w\u015blizgn\u0105\u0107 do buzi. To naprawd\u0119 fajna przygoda.<\/p>\n\n\n\n<p>Uwielbiam, gdy mog\u0119 na Ciebie patrze\u0107. Jeste\u015b taka pi\u0119kna. Mog\u0119 dotyka\u0107 Twoich r\u0105k, buzi, w\u0142os\u00f3w.<\/p>\n\n\n\n<p><strong>A gdy\u2026<\/strong><\/p>\n\n\n\n<p>B\u0119d\u0119 ju\u017c du\u017cy, naprawd\u0119 du\u017cy, to ca\u0142\u0105 Twoj\u0105 mi\u0142o\u015b\u0107, ka\u017cdego dnia ofiarowan\u0105, wykorzystam w pe\u0142ni.<\/p>\n\n\n\n<p>A gdy p\u00f3jd\u0119 do szko\u0142y, to przypomn\u0119 sobie Twoje s\u0142owa: \u201eWierz\u0119 w Ciebie\u201d.<\/p>\n\n\n\n<p>A gdy wr\u00f3c\u0119 do domu, to znowu razem zjemy obiad.<\/p>\n\n\n\n<p>A gdy zn\u00f3w b\u0119d\u0119 smutny, to Ty otrzesz moje \u0142zy.<\/p>\n\n\n\n<p>A gdy co\u015b b\u0119dzie za trudne, Ty mi to wyt\u0142umaczysz.<\/p>\n\n\n\n<p>A gdy wyjad\u0119 na kilka dni &#8211; nie martw si\u0119. Mam Ci\u0119 w swoim sercu. Na zawsze.<\/p>\n\n\n\n<p>A gdy b\u0119d\u0119 ju\u017c naprawd\u0119 du\u017cy, i opuszcz\u0119 nasz dom, to tylko po to, by nasz\u0105 mi\u0142o\u015b\u0107 przekaza\u0107 dalej. \u015awiatu.<\/p>\n\n\n\n<p><strong>Dzi\u0119kuj\u0119 Ci Mamo\u2026<\/strong><\/p>\n\n\n\n<p>Za ka\u017cd\u0105 nieprzespan\u0105 noc. By ukoi\u0107 m\u00f3j p\u0142acz.<\/p>\n\n\n\n<p>Za ka\u017cd\u0105 \u0142z\u0119, kt\u00f3r\u0105 kry\u0142a\u015b przed \u015bwiatem. Bo dzie\u0144 by\u0142 za trudny.<\/p>\n\n\n\n<p>Za ka\u017cdy ci\u0119\u017car, kt\u00f3ry nios\u0142a\u015b na swoich plecach \u2013 dla Mnie.<\/p>\n\n\n\n<p>Za ka\u017cd\u0105 niedopit\u0105 kaw\u0119, by by\u0107 bli\u017cej mnie.<\/p>\n\n\n\n<p>Za ka\u017cdy Tw\u00f3j b\u00f3l, gdy rodzi\u0142a\u015b mnie.<\/p>\n\n\n\n<p>Za ka\u017cd\u0105 chwil\u0119, kt\u00f3r\u0105 po\u015bwieci\u0142a\u015b mnie.<\/p>\n\n\n\n<p>Dzi\u0119kuj\u0119 Ci, Mamo\u2026<\/p>\n\n\n\n<p><strong>A teraz\u2026<\/strong><\/p>\n\n\n\n<p>Napij si\u0119 swojej ulubionej kawy latte z cynamonem w kawiarni. Bo wiem, \u017ce to lubisz.<\/p>\n\n\n\n<p>Id\u017a na zakupy i kup sobie pi\u0119kn\u0105 szmink\u0119. Pasuje Ci to.<\/p>\n\n\n\n<p>W\u0142\u0105cz swoj\u0105 ulubion\u0105 muzyk\u0119 i ta\u0144cz. Niech wszyscy Ci\u0119 us\u0142ysz\u0105.<\/p>\n\n\n\n<p>Zr\u00f3b sobie k\u0105piel z dodatkiem bergamotki i k\u0105p si\u0119 do rana.<\/p>\n\n\n\n<p>Zadzwo\u0144 do przyjaci\u00f3\u0142ki i \u015bmiej si\u0119 z byle czego.<\/p>\n\n\n\n<p>M\u00f3w g\u0142o\u015bno. Nie chod\u017a na palcach.<\/p>\n\n\n\n<p>Wyjd\u017a na taras i podlej swoje pi\u0119kne hortensje.<\/p>\n\n\n\n<p>Za\u0142\u00f3\u017c kapelusz i ruszaj dalej w \u015bwiat.<\/p>\n\n\n\n<p>A ja dalej b\u0119d\u0119 na Ciebie patrze\u0107 tak, jak wtedy, gdy po raz pierwszy Ci\u0119 zobaczy\u0142em. Z podziwem, z mi\u0142o\u015bci\u0105.<\/p>\n\n\n\n<p><strong>Kocham Ci\u0119, Mamo<\/strong>.<\/p>\n\n\n\n<p><\/p>\n","protected":false},"excerpt":{"rendered":"<p>Wybra\u0142em Ci\u0119. W\u0142a\u015bnie Ciebie. Nikt inny nie m\u00f3g\u0142by by\u0107 moj\u0105 mam\u0105. Bo to w\u0142a\u015bnie TY umiesz tak cudownie kocha\u0107 MNIE.\u00a0<\/p>\n","protected":false},"author":976,"featured_media":145393,"comment_status":"open","ping_status":"open","sticky":false,"template":"","format":"standard","meta":{"give_campaign_id":0,"om_disable_all_campaigns":false,"_monsterinsights_skip_tracking":false,"_monsterinsights_sitenote_active":false,"_monsterinsights_sitenote_note":"","_monsterinsights_sitenote_category":0,"mc4wp_mailchimp_campaign":[],"jnews-multi-image_gallery":[],"jnews_single_post":{"subtitle":"","format":"standard","video":"","gallery":"","source_name":"","source_url":"","via_name":"","via_url":"","override":[{"template":"1","single_blog_custom":"","parallax":"1","fullscreen":"1","layout":"right-sidebar","sidebar":"default-sidebar","second_sidebar":"default-sidebar","sticky_sidebar":"1","share_position":"top","share_float_style":"share-monocrhome","show_share_counter":"1","show_view_counter":"1","show_featured":"1","show_post_meta":"1","show_post_author":"1","show_post_author_image":"1","show_post_date":"1","post_date_format":"default","post_date_format_custom":"Y\/m\/d","show_post_category":"1","post_reading_time_wpm":"300","zoom_button_out_step":"2","zoom_button_in_step":"3","show_post_tag":"1","show_prev_next_post":"1","show_popup_post":"1","number_popup_post":"1"}],"image_override":[{"single_post_thumbnail_size":"crop-500","single_post_gallery_size":"crop-500"}],"trending_post_position":"meta","trending_post_label":"Trending","sponsored_post_label":"Sponsored by","sponsored_post_name":"","sponsored_post_url":"","sponsored_post_logo":"","sponsored_post_desc":""},"jnews_primary_category":{"id":""},"jnews_social_meta":{"fb_title":"","fb_description":"Wybra\u0142em Ci\u0119. W\u0142a\u015bnie Ciebie. Nikt inny nie m\u00f3g\u0142by by\u0107 moj\u0105 mam\u0105. Bo to w\u0142a\u015bnie TY umiesz tak cudownie kocha\u0107 MNIE.\u00a0","fb_image":"","twitter_title":"","twitter_description":"","twitter_image":""},"jnews_override_counter":{"view_counter_number":"0","share_counter_number":"0","like_counter_number":"0","dislike_counter_number":"0"},"footnotes":""},"categories":[1,12457],"tags":[16587,18414],"class_list":["post-145392","post","type-post","status-publish","format-standard","has-post-thumbnail","hentry","category-pierwsza-strona","category-rodzina","tag-macierzynstwo","tag-rodzicielstwo"],"yoast_head":"<!-- This site is optimized with the Yoast SEO Premium plugin v25.9 (Yoast SEO v27.3) - https:\/\/yoast.com\/product\/yoast-seo-premium-wordpress\/ -->\n<title>List ma\u0142ego dziecka do matki - IFN<\/title>\n<meta name=\"description\" content=\"Wybra\u0142em Ci\u0119. W\u0142a\u015bnie Ciebie. Nikt inny nie m\u00f3g\u0142by by\u0107 moj\u0105 mam\u0105. Bo to w\u0142a\u015bnie TY umiesz tak cudownie kocha\u0107 MNIE.\u00a0\" \/>\n<meta name=\"robots\" content=\"index, follow, max-snippet:-1, max-image-preview:large, max-video-preview:-1\" \/>\n<link rel=\"canonical\" href=\"https:\/\/ifamnews.com\/pl\/list-dziecka\" \/>\n<meta property=\"og:locale\" content=\"pl_PL\" \/>\n<meta property=\"og:type\" content=\"article\" \/>\n<meta property=\"og:title\" content=\"List ma\u0142ego dziecka do matki\" \/>\n<meta property=\"og:description\" content=\"Wybra\u0142em Ci\u0119. W\u0142a\u015bnie Ciebie. Nikt inny nie m\u00f3g\u0142by by\u0107 moj\u0105 mam\u0105. Bo to w\u0142a\u015bnie TY umiesz tak cudownie kocha\u0107 MNIE.\u00a0\" \/>\n<meta property=\"og:url\" content=\"https:\/\/ifamnews.com\/pl\/list-dziecka\" \/>\n<meta property=\"og:site_name\" content=\"IFN\" \/>\n<meta property=\"article:publisher\" content=\"https:\/\/www.facebook.com\/iFamNews\" \/>\n<meta property=\"article:published_time\" content=\"2022-05-26T20:37:38+00:00\" \/>\n<meta property=\"article:modified_time\" content=\"2022-05-26T20:37:41+00:00\" \/>\n<meta property=\"og:image\" content=\"https:\/\/ifamnews.com\/wp-content\/uploads\/2022\/05\/list.jpg\" \/>\n\t<meta property=\"og:image:width\" content=\"1920\" \/>\n\t<meta property=\"og:image:height\" content=\"1272\" \/>\n\t<meta property=\"og:image:type\" content=\"image\/jpeg\" \/>\n<meta name=\"author\" content=\"Malwina Tkaczyk\" \/>\n<meta name=\"twitter:card\" content=\"summary_large_image\" \/>\n<meta name=\"twitter:creator\" content=\"@iFamNewsEN\" \/>\n<meta name=\"twitter:site\" content=\"@iFamNewsEN\" \/>\n<meta name=\"twitter:label1\" content=\"Napisane przez\" \/>\n\t<meta name=\"twitter:data1\" content=\"Malwina Tkaczyk\" \/>\n\t<meta name=\"twitter:label2\" content=\"Szacowany czas czytania\" \/>\n\t<meta name=\"twitter:data2\" content=\"4 minuty\" \/>\n<!-- \/ Yoast SEO Premium plugin. -->","yoast_head_json":{"title":"List ma\u0142ego dziecka do matki - IFN","description":"Wybra\u0142em Ci\u0119. W\u0142a\u015bnie Ciebie. Nikt inny nie m\u00f3g\u0142by by\u0107 moj\u0105 mam\u0105. Bo to w\u0142a\u015bnie TY umiesz tak cudownie kocha\u0107 MNIE.\u00a0","robots":{"index":"index","follow":"follow","max-snippet":"max-snippet:-1","max-image-preview":"max-image-preview:large","max-video-preview":"max-video-preview:-1"},"canonical":"https:\/\/ifamnews.com\/pl\/list-dziecka","og_locale":"pl_PL","og_type":"article","og_title":"List ma\u0142ego dziecka do matki","og_description":"Wybra\u0142em Ci\u0119. W\u0142a\u015bnie Ciebie. Nikt inny nie m\u00f3g\u0142by by\u0107 moj\u0105 mam\u0105. Bo to w\u0142a\u015bnie TY umiesz tak cudownie kocha\u0107 MNIE.\u00a0","og_url":"https:\/\/ifamnews.com\/pl\/list-dziecka","og_site_name":"IFN","article_publisher":"https:\/\/www.facebook.com\/iFamNews","article_published_time":"2022-05-26T20:37:38+00:00","article_modified_time":"2022-05-26T20:37:41+00:00","og_image":[{"width":1920,"height":1272,"url":"https:\/\/ifamnews.com\/wp-content\/uploads\/2022\/05\/list.jpg","type":"image\/jpeg"}],"author":"Malwina Tkaczyk","twitter_card":"summary_large_image","twitter_creator":"@iFamNewsEN","twitter_site":"@iFamNewsEN","twitter_misc":{"Napisane przez":"Malwina Tkaczyk","Szacowany czas czytania":"4 minuty"},"schema":{"@context":"https:\/\/schema.org","@graph":[{"@type":"NewsArticle","@id":"https:\/\/ifamnews.com\/pl\/list-dziecka#article","isPartOf":{"@id":"https:\/\/ifamnews.com\/pl\/list-dziecka"},"author":{"name":"Malwina Tkaczyk","@id":"https:\/\/ifamnews.com\/en\/#\/schema\/person\/8fe0494c25d376cf09ae8935a051c216"},"headline":"List ma\u0142ego dziecka do matki","datePublished":"2022-05-26T20:37:38+00:00","dateModified":"2022-05-26T20:37:41+00:00","mainEntityOfPage":{"@id":"https:\/\/ifamnews.com\/pl\/list-dziecka"},"wordCount":929,"commentCount":0,"publisher":{"@id":"https:\/\/ifamnews.com\/en\/#organization"},"image":{"@id":"https:\/\/ifamnews.com\/pl\/list-dziecka#primaryimage"},"thumbnailUrl":"https:\/\/ifamnews.com\/wp-content\/uploads\/2022\/05\/list.jpg","keywords":["macierzy\u0144stwo","rodzicielstwo"],"articleSection":["PIERWSZA STRONA","Rodzina"],"inLanguage":"pl-PL","potentialAction":[{"@type":"CommentAction","name":"Comment","target":["https:\/\/ifamnews.com\/pl\/list-dziecka#respond"]}]},{"@type":"WebPage","@id":"https:\/\/ifamnews.com\/pl\/list-dziecka","url":"https:\/\/ifamnews.com\/pl\/list-dziecka","name":"List ma\u0142ego dziecka do matki - IFN","isPartOf":{"@id":"https:\/\/ifamnews.com\/en\/#website"},"primaryImageOfPage":{"@id":"https:\/\/ifamnews.com\/pl\/list-dziecka#primaryimage"},"image":{"@id":"https:\/\/ifamnews.com\/pl\/list-dziecka#primaryimage"},"thumbnailUrl":"https:\/\/ifamnews.com\/wp-content\/uploads\/2022\/05\/list.jpg","datePublished":"2022-05-26T20:37:38+00:00","dateModified":"2022-05-26T20:37:41+00:00","description":"Wybra\u0142em Ci\u0119. W\u0142a\u015bnie Ciebie. Nikt inny nie m\u00f3g\u0142by by\u0107 moj\u0105 mam\u0105. Bo to w\u0142a\u015bnie TY umiesz tak cudownie kocha\u0107 MNIE.\u00a0","breadcrumb":{"@id":"https:\/\/ifamnews.com\/pl\/list-dziecka#breadcrumb"},"inLanguage":"pl-PL","potentialAction":[{"@type":"ReadAction","target":["https:\/\/ifamnews.com\/pl\/list-dziecka"]}]},{"@type":"ImageObject","inLanguage":"pl-PL","@id":"https:\/\/ifamnews.com\/pl\/list-dziecka#primaryimage","url":"https:\/\/ifamnews.com\/wp-content\/uploads\/2022\/05\/list.jpg","contentUrl":"https:\/\/ifamnews.com\/wp-content\/uploads\/2022\/05\/list.jpg","width":1920,"height":1272},{"@type":"BreadcrumbList","@id":"https:\/\/ifamnews.com\/pl\/list-dziecka#breadcrumb","itemListElement":[{"@type":"ListItem","position":1,"name":"Home","item":"https:\/\/ifamnews.com\/de"},{"@type":"ListItem","position":2,"name":"Rodzina","item":"https:\/\/ifamnews.com\/pl\/kategoria\/rodzina"},{"@type":"ListItem","position":3,"name":"List ma\u0142ego dziecka do matki"}]},{"@type":"WebSite","@id":"https:\/\/ifamnews.com\/en\/#website","url":"https:\/\/ifamnews.com\/en\/","name":"IFN","description":"International Family News Network","publisher":{"@id":"https:\/\/ifamnews.com\/en\/#organization"},"potentialAction":[{"@type":"SearchAction","target":{"@type":"EntryPoint","urlTemplate":"https:\/\/ifamnews.com\/en\/?s={search_term_string}"},"query-input":{"@type":"PropertyValueSpecification","valueRequired":true,"valueName":"search_term_string"}}],"inLanguage":"pl-PL"},{"@type":"Organization","@id":"https:\/\/ifamnews.com\/en\/#organization","name":"iFamNews","url":"https:\/\/ifamnews.com\/en\/","logo":{"@type":"ImageObject","inLanguage":"pl-PL","@id":"https:\/\/ifamnews.com\/en\/#\/schema\/logo\/image\/","url":"https:\/\/ifamnews.com\/wp-content\/uploads\/2020\/01\/Share-logo.png","contentUrl":"https:\/\/ifamnews.com\/wp-content\/uploads\/2020\/01\/Share-logo.png","width":200,"height":200,"caption":"iFamNews"},"image":{"@id":"https:\/\/ifamnews.com\/en\/#\/schema\/logo\/image\/"},"sameAs":["https:\/\/www.facebook.com\/iFamNews","https:\/\/x.com\/iFamNewsEN"]},{"@type":"Person","@id":"https:\/\/ifamnews.com\/en\/#\/schema\/person\/8fe0494c25d376cf09ae8935a051c216","name":"Malwina Tkaczyk","image":{"@type":"ImageObject","inLanguage":"pl-PL","@id":"https:\/\/secure.gravatar.com\/avatar\/86cc684b314949e12325dccda5f9cd7d6d0ad49b8ec7449c51035b4fa5ccfef3?s=96&d=mm&r=g","url":"https:\/\/secure.gravatar.com\/avatar\/86cc684b314949e12325dccda5f9cd7d6d0ad49b8ec7449c51035b4fa5ccfef3?s=96&d=mm&r=g","contentUrl":"https:\/\/secure.gravatar.com\/avatar\/86cc684b314949e12325dccda5f9cd7d6d0ad49b8ec7449c51035b4fa5ccfef3?s=96&d=mm&r=g","caption":"Malwina Tkaczyk"},"sameAs":["http:\/\/emocjonalnamama.pl"],"url":"https:\/\/ifamnews.com\/pl\/author\/mtkaczyk"}]}},"amp_enabled":true,"_links":{"self":[{"href":"https:\/\/ifamnews.com\/pl\/wp-json\/wp\/v2\/posts\/145392","targetHints":{"allow":["GET"]}}],"collection":[{"href":"https:\/\/ifamnews.com\/pl\/wp-json\/wp\/v2\/posts"}],"about":[{"href":"https:\/\/ifamnews.com\/pl\/wp-json\/wp\/v2\/types\/post"}],"author":[{"embeddable":true,"href":"https:\/\/ifamnews.com\/pl\/wp-json\/wp\/v2\/users\/976"}],"replies":[{"embeddable":true,"href":"https:\/\/ifamnews.com\/pl\/wp-json\/wp\/v2\/comments?post=145392"}],"version-history":[{"count":1,"href":"https:\/\/ifamnews.com\/pl\/wp-json\/wp\/v2\/posts\/145392\/revisions"}],"predecessor-version":[{"id":145402,"href":"https:\/\/ifamnews.com\/pl\/wp-json\/wp\/v2\/posts\/145392\/revisions\/145402"}],"wp:featuredmedia":[{"embeddable":true,"href":"https:\/\/ifamnews.com\/pl\/wp-json\/wp\/v2\/media\/145393"}],"wp:attachment":[{"href":"https:\/\/ifamnews.com\/pl\/wp-json\/wp\/v2\/media?parent=145392"}],"wp:term":[{"taxonomy":"category","embeddable":true,"href":"https:\/\/ifamnews.com\/pl\/wp-json\/wp\/v2\/categories?post=145392"},{"taxonomy":"post_tag","embeddable":true,"href":"https:\/\/ifamnews.com\/pl\/wp-json\/wp\/v2\/tags?post=145392"}],"curies":[{"name":"wp","href":"https:\/\/api.w.org\/{rel}","templated":true}]}}