{"id":142323,"date":"2022-05-10T16:13:00","date_gmt":"2022-05-10T20:13:00","guid":{"rendered":"https:\/\/ifamnews.com\/?p=142323"},"modified":"2022-05-07T16:25:34","modified_gmt":"2022-05-07T20:25:34","slug":"prawie-22-000-podpisow-przeciwko-indoktrynacji-w-szkolach","status":"publish","type":"post","link":"https:\/\/ifamnews.com\/pl\/prawie-22-000-podpisow-przeciwko-indoktrynacji-w-szkolach","title":{"rendered":"Andaluzja: prawie 22 000 podpis\u00f3w przeciwko indoktrynacji w szkole"},"content":{"rendered":"\n<p>  Hiszpa\u0144ska Fundacja Abogados Cristianos wraz ze stowarzyszeniem Act\u00faa Familia przekaza\u0142a Ministerstwu Edukacji Rz\u0105du Regionalnego Andaluzji w Hiszpanii prawie 22 000 podpis\u00f3w przeciwko indoktrynacji w szko\u0142ach w tym regionie.<\/p>\n\n\n\n<p>Kampania zosta\u0142a zainicjowana w odpowiedzi na spotkania prowadzone przez organizacj\u0119 &#8222;SEDRA&#8221; w r\u00f3\u017cnych szko\u0142ach w regionie dla dzieci w wieku od 12 lat bez zgody rodzic\u00f3w. Te fakty zosta\u0142y ju\u017c przekazane do s\u0105du przez Abogados Cristianos. Jej przewodnicz\u0105ca, <strong>Polonia Castellanos<\/strong>, zapewni\u0142a, \u017ce &#8222;Andaluzyjczycy w tych wyborach b\u0119d\u0105 musieli wybra\u0107 mi\u0119dzy indoktrynacj\u0105 a wolno\u015bci\u0105, indoktrynacj\u0105 a biologi\u0105, poniewa\u017c obu tych rzeczy nie da si\u0119 pogodzi\u0107&#8221;. Podkre\u015bli\u0142a, \u017ce &#8222;nie s\u0105 to przypadki wyj\u0105tkowe, jak twierdzi minister edukacji.<\/p>\n\n\n\n<p>Coraz wi\u0119cej nauczycieli i rodzic\u00f3w kontaktuje si\u0119 z Abogados Cristianos, aby poinformowa\u0107 o tym, \u017ce w szko\u0142ach regionu \u0142amane jest prawo rodzic\u00f3w do decydowania o edukacji swoich dzieci, co stanowi naruszenie Konstytucji. A wszystko to w obliczu bierno\u015bci rz\u0105du Moreno Bonilli&#8221;.<\/p>\n\n\n\n<div class=\"wp-block-image\"><figure class=\"aligncenter size-large is-resized\"><img decoding=\"async\" src=\"https:\/\/ifamnews.com\/wp-content\/uploads\/2022\/05\/photo_2022-04-26_18-02-24-1024x768.jpg\" alt=\"\" class=\"wp-image-142011\" width=\"663\" height=\"497\" srcset=\"https:\/\/ifamnews.com\/wp-content\/uploads\/2022\/05\/photo_2022-04-26_18-02-24-1024x768.jpg 1024w, https:\/\/ifamnews.com\/wp-content\/uploads\/2022\/05\/photo_2022-04-26_18-02-24-768x576.jpg 768w, https:\/\/ifamnews.com\/wp-content\/uploads\/2022\/05\/photo_2022-04-26_18-02-24-750x563.jpg 750w, https:\/\/ifamnews.com\/wp-content\/uploads\/2022\/05\/photo_2022-04-26_18-02-24-1140x855.jpg 1140w, https:\/\/ifamnews.com\/wp-content\/uploads\/2022\/05\/photo_2022-04-26_18-02-24.jpg 1280w\" sizes=\"(max-width: 663px) 100vw, 663px\" \/><\/figure><\/div>\n\n\n\n<p><strong>Pedro Mej\u00edas<\/strong>, koordynator Act\u00faa Familia, stwierdzi\u0142, \u017ce &#8222;w tej kadencji nie nast\u0105pi\u0142y \u017cadne zmiany w edukacji i wierzymy, \u017ce po ukonstytuowaniu si\u0119 nowego parlamentu nast\u0105pi\u0105 zauwa\u017calne zmiany i po\u0142o\u017cy si\u0119 kres indoktrynacji w szko\u0142ach&#8221;.<\/p>\n\n\n\n<p>W akcji zbierania podpis\u00f3w uczestniczy\u0142 przewodnicz\u0105cy parlamentarnej grupy Vox w Andaluzji, Macario Valpuesta, wspieraj\u0105c obie organizacje obywatelskie.<\/p>\n","protected":false},"excerpt":{"rendered":"<p>  Hiszpa\u0144ska Fundacja Abogados Cristianos wraz ze stowarzyszeniem Act\u00faa Familia przekaza\u0142a Ministerstwu Edukacji Rz\u0105du Regionalnego Andaluzji w Hiszpanii prawie 22 000 podpis\u00f3w przeciwko indoktrynacji w szko\u0142ach w tym regionie.<\/p>\n","protected":false},"author":593,"featured_media":142019,"comment_status":"open","ping_status":"open","sticky":false,"template":"","format":"standard","meta":{"give_campaign_id":0,"om_disable_all_campaigns":false,"_monsterinsights_skip_tracking":false,"_monsterinsights_sitenote_active":false,"_monsterinsights_sitenote_note":"","_monsterinsights_sitenote_category":0,"mc4wp_mailchimp_campaign":[],"jnews-multi-image_gallery":[],"jnews_single_post":{"subtitle":"  Hiszpa\u0144ska Fundacja Abogados Cristianos wraz ze stowarzyszeniem Act\u00faa Familia przekaza\u0142a Ministerstwu Edukacji Rz\u0105du Regionalnego Andaluzji w Hiszpanii prawie 22 000 podpis\u00f3w przeciwko indoktrynacji w szko\u0142ach w tym regionie.","format":"standard","video":"","gallery":"","source_name":"","source_url":"","via_name":"","via_url":"","override":[{"template":"1","single_blog_custom":"","parallax":"1","fullscreen":"1","layout":"right-sidebar","sidebar":"default-sidebar","second_sidebar":"default-sidebar","sticky_sidebar":"1","share_position":"top","share_float_style":"share-monocrhome","show_share_counter":"1","show_view_counter":"1","show_featured":"1","show_post_meta":"1","show_post_author":"1","show_post_author_image":"1","show_post_date":"1","post_date_format":"default","post_date_format_custom":"Y\/m\/d","show_post_category":"1","post_reading_time_wpm":"300","zoom_button_out_step":"2","zoom_button_in_step":"3","show_post_tag":"1","show_prev_next_post":"1","show_popup_post":"1","number_popup_post":"1"}],"image_override":[{"single_post_thumbnail_size":"crop-500","single_post_gallery_size":"crop-500"}],"trending_post_position":"meta","trending_post_label":"Trending","sponsored_post_label":"Sponsored by","sponsored_post_name":"","sponsored_post_url":"","sponsored_post_logo":"","sponsored_post_desc":""},"jnews_primary_category":{"id":""},"jnews_social_meta":{"fb_title":"","fb_description":"  Hiszpa\u0144ska Fundacja Abogados Cristianos wraz ze stowarzyszeniem Act\u00faa Familia przekaza\u0142a Ministerstwu Edukacji Rz\u0105du Regionalnego Andaluzji w Hiszpanii prawie 22 000 podpis\u00f3w przeciwko indoktrynacji w szko\u0142ach w tym regionie.","fb_image":"","twitter_title":"","twitter_description":"","twitter_image":""},"jnews_override_counter":{"view_counter_number":"0","share_counter_number":"0","like_counter_number":"0","dislike_counter_number":"0"},"footnotes":""},"categories":[12454,1,12460],"tags":[18675,18674,18669,18668,18670,18671,18673,15352,18672],"class_list":["post-142323","post","type-post","status-publish","format-standard","has-post-thumbnail","hentry","category-najwazniejsze-pl","category-pierwsza-strona","category-polityka","tag-andaluzja","tag-dzialaj-rodzinnie","tag-edukacja","tag-hiszpania-pl","tag-indoktrynacja","tag-ochrona-dzieci","tag-pedro-mejias-pl","tag-prawa-rodzicielskie","tag-prawnicy-chrzescijanscy"],"yoast_head":"<!-- This site is optimized with the Yoast SEO Premium plugin v25.9 (Yoast SEO v27.3) - https:\/\/yoast.com\/product\/yoast-seo-premium-wordpress\/ -->\n<title>Andaluzja: prawie 22 000 podpis\u00f3w przeciwko indoktrynacji w szkole - IFN<\/title>\n<meta name=\"description\" content=\"Hiszpa\u0144ska Fundacja Abogados Cristianos wraz ze stowarzyszeniem Act\u00faa Familia przekaza\u0142a Ministerstwu Edukacji Rz\u0105du Regionalnego Andaluzji w Hiszpanii prawie 22 000 podpis\u00f3w przeciwko indoktrynacji w szko\u0142ach w tym regionie.\" \/>\n<meta name=\"robots\" content=\"index, follow, max-snippet:-1, max-image-preview:large, max-video-preview:-1\" \/>\n<link rel=\"canonical\" href=\"https:\/\/ifamnews.com\/pl\/prawie-22-000-podpisow-przeciwko-indoktrynacji-w-szkolach\" \/>\n<meta property=\"og:locale\" content=\"pl_PL\" \/>\n<meta property=\"og:type\" content=\"article\" \/>\n<meta property=\"og:title\" content=\"Andaluzja: prawie 22 000 podpis\u00f3w przeciwko indoktrynacji w szkole\" \/>\n<meta property=\"og:description\" content=\"Hiszpa\u0144ska Fundacja Abogados Cristianos wraz ze stowarzyszeniem Act\u00faa Familia przekaza\u0142a Ministerstwu Edukacji Rz\u0105du Regionalnego Andaluzji w Hiszpanii prawie 22 000 podpis\u00f3w przeciwko indoktrynacji w szko\u0142ach w tym regionie.\" \/>\n<meta property=\"og:url\" content=\"https:\/\/ifamnews.com\/pl\/prawie-22-000-podpisow-przeciwko-indoktrynacji-w-szkolach\" \/>\n<meta property=\"og:site_name\" content=\"IFN\" \/>\n<meta property=\"article:publisher\" content=\"https:\/\/www.facebook.com\/iFamNews\" \/>\n<meta property=\"article:author\" content=\"https:\/\/www.facebook.com\/iFamNews\/\" \/>\n<meta property=\"article:published_time\" content=\"2022-05-10T20:13:00+00:00\" \/>\n<meta property=\"og:image\" content=\"https:\/\/ifamnews.com\/wp-content\/uploads\/2022\/05\/photo_2022-04-26_17-32-20.png\" \/>\n\t<meta property=\"og:image:width\" content=\"1200\" \/>\n\t<meta property=\"og:image:height\" content=\"675\" \/>\n\t<meta property=\"og:image:type\" content=\"image\/png\" \/>\n<meta name=\"author\" content=\"IFN English\" \/>\n<meta name=\"twitter:card\" content=\"summary_large_image\" \/>\n<meta name=\"twitter:creator\" content=\"@https:\/\/twitter.com\/iFamNewsEN\" \/>\n<meta name=\"twitter:site\" content=\"@iFamNewsEN\" \/>\n<meta name=\"twitter:label1\" content=\"Napisane przez\" \/>\n\t<meta name=\"twitter:data1\" content=\"IFN redakcja\" \/>\n\t<meta name=\"twitter:label2\" content=\"Szacowany czas czytania\" \/>\n\t<meta name=\"twitter:data2\" content=\"2 minuty\" \/>\n<!-- \/ Yoast SEO Premium plugin. -->","yoast_head_json":{"title":"Andaluzja: prawie 22 000 podpis\u00f3w przeciwko indoktrynacji w szkole - IFN","description":"Hiszpa\u0144ska Fundacja Abogados Cristianos wraz ze stowarzyszeniem Act\u00faa Familia przekaza\u0142a Ministerstwu Edukacji Rz\u0105du Regionalnego Andaluzji w Hiszpanii prawie 22 000 podpis\u00f3w przeciwko indoktrynacji w szko\u0142ach w tym regionie.","robots":{"index":"index","follow":"follow","max-snippet":"max-snippet:-1","max-image-preview":"max-image-preview:large","max-video-preview":"max-video-preview:-1"},"canonical":"https:\/\/ifamnews.com\/pl\/prawie-22-000-podpisow-przeciwko-indoktrynacji-w-szkolach","og_locale":"pl_PL","og_type":"article","og_title":"Andaluzja: prawie 22 000 podpis\u00f3w przeciwko indoktrynacji w szkole","og_description":"Hiszpa\u0144ska Fundacja Abogados Cristianos wraz ze stowarzyszeniem Act\u00faa Familia przekaza\u0142a Ministerstwu Edukacji Rz\u0105du Regionalnego Andaluzji w Hiszpanii prawie 22 000 podpis\u00f3w przeciwko indoktrynacji w szko\u0142ach w tym regionie.","og_url":"https:\/\/ifamnews.com\/pl\/prawie-22-000-podpisow-przeciwko-indoktrynacji-w-szkolach","og_site_name":"IFN","article_publisher":"https:\/\/www.facebook.com\/iFamNews","article_author":"https:\/\/www.facebook.com\/iFamNews\/","article_published_time":"2022-05-10T20:13:00+00:00","og_image":[{"width":1200,"height":675,"url":"https:\/\/ifamnews.com\/wp-content\/uploads\/2022\/05\/photo_2022-04-26_17-32-20.png","type":"image\/png"}],"author":"IFN English","twitter_card":"summary_large_image","twitter_creator":"@https:\/\/twitter.com\/iFamNewsEN","twitter_site":"@iFamNewsEN","twitter_misc":{"Napisane przez":"IFN redakcja","Szacowany czas czytania":"2 minuty"},"schema":{"@context":"https:\/\/schema.org","@graph":[{"@type":"NewsArticle","@id":"https:\/\/ifamnews.com\/pl\/prawie-22-000-podpisow-przeciwko-indoktrynacji-w-szkolach#article","isPartOf":{"@id":"https:\/\/ifamnews.com\/pl\/prawie-22-000-podpisow-przeciwko-indoktrynacji-w-szkolach"},"author":{"name":"IFN English","@id":"https:\/\/ifamnews.com\/en\/#\/schema\/person\/633bdb7ac2496c9b9304ce62d071cdfa"},"headline":"Andaluzja: prawie 22 000 podpis\u00f3w przeciwko indoktrynacji w szkole","datePublished":"2022-05-10T20:13:00+00:00","mainEntityOfPage":{"@id":"https:\/\/ifamnews.com\/pl\/prawie-22-000-podpisow-przeciwko-indoktrynacji-w-szkolach"},"wordCount":238,"commentCount":0,"publisher":{"@id":"https:\/\/ifamnews.com\/en\/#organization"},"image":{"@id":"https:\/\/ifamnews.com\/pl\/prawie-22-000-podpisow-przeciwko-indoktrynacji-w-szkolach#primaryimage"},"thumbnailUrl":"https:\/\/ifamnews.com\/wp-content\/uploads\/2022\/05\/photo_2022-04-26_17-32-20.png","keywords":["Andaluzja","Dzia\u0142aj Rodzinnie","edukacja","Hiszpania","indoktrynacja","ochrona dzieci","Pedro Mejias","prawa rodzicielskie","Prawnicy chrze\u015bcija\u0144scy"],"articleSection":["NAJWA\u017bNIEJSZE","PIERWSZA STRONA","Polityka"],"inLanguage":"pl-PL","potentialAction":[{"@type":"CommentAction","name":"Comment","target":["https:\/\/ifamnews.com\/pl\/prawie-22-000-podpisow-przeciwko-indoktrynacji-w-szkolach#respond"]}]},{"@type":"WebPage","@id":"https:\/\/ifamnews.com\/pl\/prawie-22-000-podpisow-przeciwko-indoktrynacji-w-szkolach","url":"https:\/\/ifamnews.com\/pl\/prawie-22-000-podpisow-przeciwko-indoktrynacji-w-szkolach","name":"Andaluzja: prawie 22 000 podpis\u00f3w przeciwko indoktrynacji w szkole - IFN","isPartOf":{"@id":"https:\/\/ifamnews.com\/en\/#website"},"primaryImageOfPage":{"@id":"https:\/\/ifamnews.com\/pl\/prawie-22-000-podpisow-przeciwko-indoktrynacji-w-szkolach#primaryimage"},"image":{"@id":"https:\/\/ifamnews.com\/pl\/prawie-22-000-podpisow-przeciwko-indoktrynacji-w-szkolach#primaryimage"},"thumbnailUrl":"https:\/\/ifamnews.com\/wp-content\/uploads\/2022\/05\/photo_2022-04-26_17-32-20.png","datePublished":"2022-05-10T20:13:00+00:00","description":"Hiszpa\u0144ska Fundacja Abogados Cristianos wraz ze stowarzyszeniem Act\u00faa Familia przekaza\u0142a Ministerstwu Edukacji Rz\u0105du Regionalnego Andaluzji w Hiszpanii prawie 22 000 podpis\u00f3w przeciwko indoktrynacji w szko\u0142ach w tym regionie.","breadcrumb":{"@id":"https:\/\/ifamnews.com\/pl\/prawie-22-000-podpisow-przeciwko-indoktrynacji-w-szkolach#breadcrumb"},"inLanguage":"pl-PL","potentialAction":[{"@type":"ReadAction","target":["https:\/\/ifamnews.com\/pl\/prawie-22-000-podpisow-przeciwko-indoktrynacji-w-szkolach"]}]},{"@type":"ImageObject","inLanguage":"pl-PL","@id":"https:\/\/ifamnews.com\/pl\/prawie-22-000-podpisow-przeciwko-indoktrynacji-w-szkolach#primaryimage","url":"https:\/\/ifamnews.com\/wp-content\/uploads\/2022\/05\/photo_2022-04-26_17-32-20.png","contentUrl":"https:\/\/ifamnews.com\/wp-content\/uploads\/2022\/05\/photo_2022-04-26_17-32-20.png","width":1200,"height":675},{"@type":"BreadcrumbList","@id":"https:\/\/ifamnews.com\/pl\/prawie-22-000-podpisow-przeciwko-indoktrynacji-w-szkolach#breadcrumb","itemListElement":[{"@type":"ListItem","position":1,"name":"Home","item":"https:\/\/ifamnews.com\/de"},{"@type":"ListItem","position":2,"name":"Politics","item":"https:\/\/ifamnews.com\/en\/category\/politics"},{"@type":"ListItem","position":3,"name":"Andaluzja: prawie 22 000 podpis\u00f3w przeciwko indoktrynacji w szkole"}]},{"@type":"WebSite","@id":"https:\/\/ifamnews.com\/en\/#website","url":"https:\/\/ifamnews.com\/en\/","name":"IFN","description":"International Family News Network","publisher":{"@id":"https:\/\/ifamnews.com\/en\/#organization"},"potentialAction":[{"@type":"SearchAction","target":{"@type":"EntryPoint","urlTemplate":"https:\/\/ifamnews.com\/en\/?s={search_term_string}"},"query-input":{"@type":"PropertyValueSpecification","valueRequired":true,"valueName":"search_term_string"}}],"inLanguage":"pl-PL"},{"@type":"Organization","@id":"https:\/\/ifamnews.com\/en\/#organization","name":"iFamNews","url":"https:\/\/ifamnews.com\/en\/","logo":{"@type":"ImageObject","inLanguage":"pl-PL","@id":"https:\/\/ifamnews.com\/en\/#\/schema\/logo\/image\/","url":"https:\/\/ifamnews.com\/wp-content\/uploads\/2020\/01\/Share-logo.png","contentUrl":"https:\/\/ifamnews.com\/wp-content\/uploads\/2020\/01\/Share-logo.png","width":200,"height":200,"caption":"iFamNews"},"image":{"@id":"https:\/\/ifamnews.com\/en\/#\/schema\/logo\/image\/"},"sameAs":["https:\/\/www.facebook.com\/iFamNews","https:\/\/x.com\/iFamNewsEN"]},{"@type":"Person","@id":"https:\/\/ifamnews.com\/en\/#\/schema\/person\/633bdb7ac2496c9b9304ce62d071cdfa","name":"IFN English","image":{"@type":"ImageObject","inLanguage":"pl-PL","@id":"https:\/\/secure.gravatar.com\/avatar\/6f16ce95b558ae6f6eb9ae2f68122482a2c61696af2a8fc343c2e10f981a959d?s=96&d=mm&r=g","url":"https:\/\/secure.gravatar.com\/avatar\/6f16ce95b558ae6f6eb9ae2f68122482a2c61696af2a8fc343c2e10f981a959d?s=96&d=mm&r=g","contentUrl":"https:\/\/secure.gravatar.com\/avatar\/6f16ce95b558ae6f6eb9ae2f68122482a2c61696af2a8fc343c2e10f981a959d?s=96&d=mm&r=g","caption":"IFN English"},"description":"Articles published by the English iFamNews editorial team.","sameAs":["https:\/\/ifamnews.com\/en","https:\/\/www.facebook.com\/iFamNews\/","https:\/\/x.com\/https:\/\/twitter.com\/iFamNewsEN","https:\/\/www.youtube.com\/channel\/UCMVyIt4z9BANW3d09kwfUpw"],"url":"https:\/\/ifamnews.com\/pl\/author\/ifamnews-staff"}]}},"amp_enabled":true,"_links":{"self":[{"href":"https:\/\/ifamnews.com\/pl\/wp-json\/wp\/v2\/posts\/142323","targetHints":{"allow":["GET"]}}],"collection":[{"href":"https:\/\/ifamnews.com\/pl\/wp-json\/wp\/v2\/posts"}],"about":[{"href":"https:\/\/ifamnews.com\/pl\/wp-json\/wp\/v2\/types\/post"}],"author":[{"embeddable":true,"href":"https:\/\/ifamnews.com\/pl\/wp-json\/wp\/v2\/users\/593"}],"replies":[{"embeddable":true,"href":"https:\/\/ifamnews.com\/pl\/wp-json\/wp\/v2\/comments?post=142323"}],"version-history":[{"count":4,"href":"https:\/\/ifamnews.com\/pl\/wp-json\/wp\/v2\/posts\/142323\/revisions"}],"predecessor-version":[{"id":142333,"href":"https:\/\/ifamnews.com\/pl\/wp-json\/wp\/v2\/posts\/142323\/revisions\/142333"}],"wp:featuredmedia":[{"embeddable":true,"href":"https:\/\/ifamnews.com\/pl\/wp-json\/wp\/v2\/media\/142019"}],"wp:attachment":[{"href":"https:\/\/ifamnews.com\/pl\/wp-json\/wp\/v2\/media?parent=142323"}],"wp:term":[{"taxonomy":"category","embeddable":true,"href":"https:\/\/ifamnews.com\/pl\/wp-json\/wp\/v2\/categories?post=142323"},{"taxonomy":"post_tag","embeddable":true,"href":"https:\/\/ifamnews.com\/pl\/wp-json\/wp\/v2\/tags?post=142323"}],"curies":[{"name":"wp","href":"https:\/\/api.w.org\/{rel}","templated":true}]}}