{"id":99817,"date":"2021-10-13T00:00:00","date_gmt":"2021-10-13T04:00:00","guid":{"rendered":"https:\/\/ifamnews.com\/?p=99817"},"modified":"2021-10-15T07:06:44","modified_gmt":"2021-10-15T11:06:44","slug":"mamma-lois-che-riguarda-questo-disegno","status":"publish","type":"post","link":"https:\/\/ifamnews.com\/it\/mamma-lois-che-riguarda-questo-disegno","title":{"rendered":"Mamma Lois, che riguarda questo disegno"},"content":{"rendered":"<p class=\"last-updated\">Last updated on Ottobre 15th, 2021 at 07:06 am<\/p>\n<p>Nell\u2019albo a fumetti che la DC Comics mander\u00e0 in edicola <a href=\"https:\/\/www.dccomics.com\/blog\/2021\/10\/11\/jon-kent-finds-his-identity-in-superman-son-of-kal-el-5\" target=\"_blank\" rel=\"noreferrer noopener\">il 9 novembre Superman diventer\u00e0 bisessuale<\/a>. Ora, io conosco Lois Lane personalmente da tempo: le ho chiesto conto e mi dice che \u00e8 la solita macchina del fango di questo lungo crepuscolo artico dis-eroi-entato.<\/p>\n\n\n\n<p>Del resto non \u00e8 il mitico Kal-el di Krypton a mostrarsi <em>bisex<\/em>, bens\u00ec il figlio nato dal matrimonio fra l\u2019uomo d\u2019acciaio e la bella giornalista del <em>Daily Planet <\/em>che si \u00e8 celebrato<em> <\/em>nella miniserie settimanale<em> Convergence<\/em>, uscita nell\u2019aprile e nel maggio 2015. L\u2019albo <em>queer<\/em> in uscita \u00e8 il quinto di una serie che infatti si intitola <em>Superman: Son of Kal-El e il<\/em> ragazzo, che di nome fa Jonathan e di cognome Kent come quello assunto da suo padre sulla Terra, non fa <em>coming out<\/em>: \u00e8 piuttosto vittima dell\u2019<em>outing<\/em> guardone del registratore di cassa della DC Comics. Perch\u00e9 Jon \u00e8 frastornato: anzi, <a href=\"https:\/\/www.dccomics.com\/blog\/2021\/10\/11\/jon-kent-finds-his-identity-in-superman-son-of-kal-el-5\" target=\"_blank\" rel=\"noreferrer noopener\">dice la <em>preview<\/em>, \u00e8 \u00abmentalmente e fisicamente esaurito<\/a> dal tentativo di salvare tutti quelli che pu\u00f2\u00bb, insomma non \u00e8 lucido, forse \u00e8 vittima di uno <a href=\"https:\/\/www.vatican.va\/content\/francesco\/it\/speeches\/2015\/march\/documents\/papa-francesco_20150321_napoli-pompei-giovani.html\" target=\"_blank\" rel=\"noreferrer noopener\">\u00absbaglio della mente umana\u00bb<\/a>. S\u00ec, Jon Kent non \u00e8 cos\u00ec: \u00e8 che lo disegnano cos\u00ec.<\/p>\n\n\n\n<p>Ora, il compito unico e supremo che quell\u2019uomo disceso dal cielo sulla Terra ha, quell\u2019uomo uguale agli altri eppure diverso da ogni altro, il compito per cui quell\u2019uomo strano d\u00e0 pi\u00f9 volte la vita e subisce ferite profonde nel fianco \u00e8 la salvezza di tutti gli uomini. Certo, il padre Clark roba di un altro mondo, non il giovane Jon disegnato confuso, ma \u00e8 proprio per questo che Kal-El \u00e8 venuto tra noi: per custodire i propri figli confusi sul serio o disegnati cos\u00ec. Certo, in questi tempi abietti a cui fa riferimento Lois \u00e8 una vera sfida da Superman.<\/p>\n\n\n\n<p>\u00abChe mondo sar\u00e0 se ha bisogno di chiamare Superman?\u00bb, cantava dubbioso Lucio Dalla in <em>Fumetto<\/em>, del 1970, temendo che l\u2019uomo scoprisse la splendida verit\u00e0 di non bastare ai disegni che di se stesso fa, esattamente come <a href=\"https:\/\/issuu.com\/the-company-of-destiny\/docs\/lois_lane_why_the_world_doesn_t_need_superman\" target=\"_blank\" rel=\"noreferrer noopener\">scrisse un\u2019acerba Lois Lane prima di guardare i disegni e non solo le figure<\/a>. Ma la risposta \u00e8 facilissima: <a href=\"https:\/\/lultimaresistenza.wordpress.com\/2012\/06\/30\/grand-opening-martedi-appuntamento-con-pellucidar\/\">\u00e8 il nostro mondo, l\u2019unico <\/a><a href=\"https:\/\/lultimaresistenza.wordpress.com\/2012\/06\/30\/grand-opening-martedi-appuntamento-con-pellucidar\/\" target=\"_blank\" rel=\"noreferrer noopener\">mondo <\/a><a href=\"https:\/\/lultimaresistenza.wordpress.com\/2012\/06\/30\/grand-opening-martedi-appuntamento-con-pellucidar\/\">possibile<\/a> fra le tante Earth parallele e alternative che popolano il Multiverso della DC Comics, l\u2019unico mondo disegnato con intelligenza e cos\u00ec concreto da avere sempre bisogno di altri, di pi\u00f9, di altro, di un salvatore.<\/p>\n\n\n\n<p>Il fumettista <a href=\"https:\/\/www.dccomics.com\/blog\/2021\/10\/11\/jon-kent-finds-his-identity-in-superman-son-of-kal-el-5\" target=\"_blank\" rel=\"noreferrer noopener\">Tom Taylor, quello che ha disegnato <em>bisex<\/em> il rampollo Jon, enuncia la verit\u00e0 impazzita<\/a>: \u00abL\u2019ho sempre detto che tutti hanno bisogno di eroi e che tutti meritano di vedere se stessi rispecchiati nei propri eroi. [\u2026]. Superman ha sempre simboleggiato la speranza, la verit\u00e0 e la giustizia. Oggi quel simbolo rappresenta qualcosa di pi\u00f9\u00bb.<\/p>\n\n\n\n<p>In verit\u00e0 Superman ha sempre simboleggiato qualcosa di pi\u00f9 perch\u00e9 ha sempre simboleggiato la speranza, la verit\u00e0 e la giustizia. Proprio come ogni uomo autentico, che per\u00f2 col piffero che rispecchia i propri vizi e i propri sbagli della mente nei supereroi che si crea con un disegnino: lascia invece che la sublimit\u00e0 dell\u2019eroe, frutto di un disegno intelligente, come ci racconta il realismo mitico delle fiabe, scorra libera nelle proprie vene.<\/p>\n\n\n\n<p>Lois, cuore di mamma, sa che \u00e8 davvero solo la macchina del fango e, tergendosi col dorso della mano quella lacrima sfuggita che nessuno dovr\u00e0 vedere, attende. Narrano le cronache che, rammendando il costume di Jon che la vita ha strappato, la sera, alla luce di un <em>abat-jour<\/em>, abbozzasse un lievissimo, dolce sorriso ripensando a un bel disegno del suo piccolo e canticchiando un motivetto inciso da Enrico Ruggeri nel 2019, <em>Supereroi<\/em>: <a href=\"https:\/\/lanuovabq.it\/it\/i-supereroi-loro-restano-sempre-se-stessi\" target=\"_blank\" rel=\"noreferrer noopener\">\u00abIl mondo cambia, loro mai<\/a>. [\u2026] La stessa strada, stesse regole. [\u2026] Dalla tua parte sar\u00f2. [\u2026] Da questa parte sar\u00f2\u00bb.<\/p>\n","protected":false},"excerpt":{"rendered":"<p>L\u2019uomo d\u2019acciaio diventa queer, ma non \u00e8 colpa sua. \u00c8 il modo in cui la DC Comics lo disegna<\/p>\n","protected":false},"author":7,"featured_media":99820,"comment_status":"open","ping_status":"open","sticky":false,"template":"","format":"standard","meta":{"give_campaign_id":0,"om_disable_all_campaigns":false,"_monsterinsights_skip_tracking":false,"_monsterinsights_sitenote_active":false,"_monsterinsights_sitenote_note":"","_monsterinsights_sitenote_category":0,"mc4wp_mailchimp_campaign":[],"jnews-multi-image_gallery":[],"jnews_single_post":{"subtitle":"L\u2019uomo d\u2019acciaio diventa queer, ma non \u00e8 colpa sua. \u00c8 il modo in cui la DC Comics lo disegna","format":"standard","video":"","gallery":"","source_name":"","source_url":"","via_name":"","via_url":"","override":[{"template":"1","single_blog_custom":"","parallax":"1","fullscreen":"1","layout":"right-sidebar","sidebar":"default-sidebar","second_sidebar":"default-sidebar","sticky_sidebar":"1","share_position":"top","share_float_style":"share-monocrhome","show_share_counter":"1","show_view_counter":"1","show_featured":"1","show_post_meta":"1","show_post_author":"1","show_post_author_image":"1","show_post_date":"1","post_date_format":"default","post_date_format_custom":"Y\/m\/d","show_post_category":"1","post_reading_time_wpm":"300","zoom_button_out_step":"2","zoom_button_in_step":"3","show_post_tag":"1","show_prev_next_post":"1","show_popup_post":"1","number_popup_post":"1"}],"image_override":[{"single_post_thumbnail_size":"crop-500","single_post_gallery_size":"crop-500"}],"trending_post_position":"meta","trending_post_label":"Trending","sponsored_post_label":"Sponsored by","sponsored_post_name":"","sponsored_post_url":"","sponsored_post_logo":"","sponsored_post_desc":""},"jnews_primary_category":{"id":"764"},"jnews_social_meta":[],"jnews_override_counter":[],"footnotes":""},"categories":[764,778],"tags":[1488,8126,7993],"class_list":["post-99817","post","type-post","status-publish","format-standard","has-post-thumbnail","hentry","category-cultura","category-editoriali","tag-fumetti","tag-highlight","tag-vetrina"],"yoast_head":"<!-- This site is optimized with the Yoast SEO Premium plugin v25.9 (Yoast SEO v27.3) - https:\/\/yoast.com\/product\/yoast-seo-premium-wordpress\/ -->\n<title>Mamma Lois, che riguarda questo disegno - \u00abiFamNews\u00bb<\/title>\n<meta name=\"description\" content=\"L\u2019uomo d\u2019acciaio diventa queer, ma non \u00e8 colpa sua. \u00c8 piuttosto il modo in cui la DC Comics lo ha disegnato\" \/>\n<meta name=\"robots\" content=\"index, follow, max-snippet:-1, max-image-preview:large, max-video-preview:-1\" \/>\n<link rel=\"canonical\" href=\"https:\/\/ifamnews.com\/it\/mamma-lois-che-riguarda-questo-disegno\" \/>\n<meta property=\"og:locale\" content=\"it_IT\" \/>\n<meta property=\"og:type\" content=\"article\" \/>\n<meta property=\"og:title\" content=\"Mamma Lois, che riguarda questo disegno\" \/>\n<meta property=\"og:description\" content=\"L\u2019uomo d\u2019acciaio diventa queer, ma non \u00e8 colpa sua. \u00c8 piuttosto il modo in cui la DC Comics lo ha disegnato\" \/>\n<meta property=\"og:url\" content=\"https:\/\/ifamnews.com\/it\/mamma-lois-che-riguarda-questo-disegno\" \/>\n<meta property=\"og:site_name\" content=\"IFN\" \/>\n<meta property=\"article:publisher\" content=\"https:\/\/www.facebook.com\/iFamNews\" \/>\n<meta property=\"article:author\" content=\"https:\/\/facebook.com\/MarcoRespinti\" \/>\n<meta property=\"article:published_time\" content=\"2021-10-13T04:00:00+00:00\" \/>\n<meta property=\"article:modified_time\" content=\"2021-10-15T11:06:44+00:00\" \/>\n<meta property=\"og:image\" content=\"https:\/\/ifamnews.com\/wp-content\/uploads\/2021\/10\/Superman-queer.jpg\" \/>\n\t<meta property=\"og:image:width\" content=\"1200\" \/>\n\t<meta property=\"og:image:height\" content=\"675\" \/>\n\t<meta property=\"og:image:type\" content=\"image\/jpeg\" \/>\n<meta name=\"author\" content=\"Marco Respinti\" \/>\n<meta name=\"twitter:card\" content=\"summary_large_image\" \/>\n<meta name=\"twitter:creator\" content=\"@https:\/\/twitter.com\/MarcoRespinti\" \/>\n<meta name=\"twitter:site\" content=\"@iFamNewsEN\" \/>\n<meta name=\"twitter:label1\" content=\"Scritto da\" \/>\n\t<meta name=\"twitter:data1\" content=\"Marco Respinti\" \/>\n\t<meta name=\"twitter:label2\" content=\"Tempo di lettura stimato\" \/>\n\t<meta name=\"twitter:data2\" content=\"3 minuti\" \/>\n<!-- \/ Yoast SEO Premium plugin. -->","yoast_head_json":{"title":"Mamma Lois, che riguarda questo disegno - \u00abiFamNews\u00bb","description":"L\u2019uomo d\u2019acciaio diventa queer, ma non \u00e8 colpa sua. \u00c8 piuttosto il modo in cui la DC Comics lo ha disegnato","robots":{"index":"index","follow":"follow","max-snippet":"max-snippet:-1","max-image-preview":"max-image-preview:large","max-video-preview":"max-video-preview:-1"},"canonical":"https:\/\/ifamnews.com\/it\/mamma-lois-che-riguarda-questo-disegno","og_locale":"it_IT","og_type":"article","og_title":"Mamma Lois, che riguarda questo disegno","og_description":"L\u2019uomo d\u2019acciaio diventa queer, ma non \u00e8 colpa sua. \u00c8 piuttosto il modo in cui la DC Comics lo ha disegnato","og_url":"https:\/\/ifamnews.com\/it\/mamma-lois-che-riguarda-questo-disegno","og_site_name":"IFN","article_publisher":"https:\/\/www.facebook.com\/iFamNews","article_author":"https:\/\/facebook.com\/MarcoRespinti","article_published_time":"2021-10-13T04:00:00+00:00","article_modified_time":"2021-10-15T11:06:44+00:00","og_image":[{"width":1200,"height":675,"url":"https:\/\/ifamnews.com\/wp-content\/uploads\/2021\/10\/Superman-queer.jpg","type":"image\/jpeg"}],"author":"Marco Respinti","twitter_card":"summary_large_image","twitter_creator":"@https:\/\/twitter.com\/MarcoRespinti","twitter_site":"@iFamNewsEN","twitter_misc":{"Scritto da":"Marco Respinti","Tempo di lettura stimato":"3 minuti"},"schema":{"@context":"https:\/\/schema.org","@graph":[{"@type":"NewsArticle","@id":"https:\/\/ifamnews.com\/it\/mamma-lois-che-riguarda-questo-disegno#article","isPartOf":{"@id":"https:\/\/ifamnews.com\/it\/mamma-lois-che-riguarda-questo-disegno"},"author":{"name":"Marco Respinti","@id":"https:\/\/ifamnews.com\/en\/#\/schema\/person\/f0579ab02623e80d44006c1a5d949ea9"},"headline":"Mamma Lois, che riguarda questo disegno","datePublished":"2021-10-13T04:00:00+00:00","dateModified":"2021-10-15T11:06:44+00:00","mainEntityOfPage":{"@id":"https:\/\/ifamnews.com\/it\/mamma-lois-che-riguarda-questo-disegno"},"wordCount":598,"commentCount":0,"publisher":{"@id":"https:\/\/ifamnews.com\/en\/#organization"},"image":{"@id":"https:\/\/ifamnews.com\/it\/mamma-lois-che-riguarda-questo-disegno#primaryimage"},"thumbnailUrl":"https:\/\/ifamnews.com\/wp-content\/uploads\/2021\/10\/Superman-queer.jpg","keywords":["Fumetti","Highlight","Vetrina"],"articleSection":["Cultura","Editoriali"],"inLanguage":"it-IT","potentialAction":[{"@type":"CommentAction","name":"Comment","target":["https:\/\/ifamnews.com\/it\/mamma-lois-che-riguarda-questo-disegno#respond"]}]},{"@type":"WebPage","@id":"https:\/\/ifamnews.com\/it\/mamma-lois-che-riguarda-questo-disegno","url":"https:\/\/ifamnews.com\/it\/mamma-lois-che-riguarda-questo-disegno","name":"Mamma Lois, che riguarda questo disegno - \u00abiFamNews\u00bb","isPartOf":{"@id":"https:\/\/ifamnews.com\/en\/#website"},"primaryImageOfPage":{"@id":"https:\/\/ifamnews.com\/it\/mamma-lois-che-riguarda-questo-disegno#primaryimage"},"image":{"@id":"https:\/\/ifamnews.com\/it\/mamma-lois-che-riguarda-questo-disegno#primaryimage"},"thumbnailUrl":"https:\/\/ifamnews.com\/wp-content\/uploads\/2021\/10\/Superman-queer.jpg","datePublished":"2021-10-13T04:00:00+00:00","dateModified":"2021-10-15T11:06:44+00:00","description":"L\u2019uomo d\u2019acciaio diventa queer, ma non \u00e8 colpa sua. \u00c8 piuttosto il modo in cui la DC Comics lo ha disegnato","breadcrumb":{"@id":"https:\/\/ifamnews.com\/it\/mamma-lois-che-riguarda-questo-disegno#breadcrumb"},"inLanguage":"it-IT","potentialAction":[{"@type":"ReadAction","target":["https:\/\/ifamnews.com\/it\/mamma-lois-che-riguarda-questo-disegno"]}]},{"@type":"ImageObject","inLanguage":"it-IT","@id":"https:\/\/ifamnews.com\/it\/mamma-lois-che-riguarda-questo-disegno#primaryimage","url":"https:\/\/ifamnews.com\/wp-content\/uploads\/2021\/10\/Superman-queer.jpg","contentUrl":"https:\/\/ifamnews.com\/wp-content\/uploads\/2021\/10\/Superman-queer.jpg","width":1200,"height":675,"caption":"Image from DC Comics web site"},{"@type":"BreadcrumbList","@id":"https:\/\/ifamnews.com\/it\/mamma-lois-che-riguarda-questo-disegno#breadcrumb","itemListElement":[{"@type":"ListItem","position":1,"name":"Home","item":"https:\/\/ifamnews.com\/de"},{"@type":"ListItem","position":2,"name":"Cultura","item":"https:\/\/ifamnews.com\/it\/categoria\/cultura"},{"@type":"ListItem","position":3,"name":"Mamma Lois, che riguarda questo disegno"}]},{"@type":"WebSite","@id":"https:\/\/ifamnews.com\/en\/#website","url":"https:\/\/ifamnews.com\/en\/","name":"IFN","description":"International Family News Network","publisher":{"@id":"https:\/\/ifamnews.com\/en\/#organization"},"potentialAction":[{"@type":"SearchAction","target":{"@type":"EntryPoint","urlTemplate":"https:\/\/ifamnews.com\/en\/?s={search_term_string}"},"query-input":{"@type":"PropertyValueSpecification","valueRequired":true,"valueName":"search_term_string"}}],"inLanguage":"it-IT"},{"@type":"Organization","@id":"https:\/\/ifamnews.com\/en\/#organization","name":"iFamNews","url":"https:\/\/ifamnews.com\/en\/","logo":{"@type":"ImageObject","inLanguage":"it-IT","@id":"https:\/\/ifamnews.com\/en\/#\/schema\/logo\/image\/","url":"https:\/\/ifamnews.com\/wp-content\/uploads\/2020\/01\/Share-logo.png","contentUrl":"https:\/\/ifamnews.com\/wp-content\/uploads\/2020\/01\/Share-logo.png","width":200,"height":200,"caption":"iFamNews"},"image":{"@id":"https:\/\/ifamnews.com\/en\/#\/schema\/logo\/image\/"},"sameAs":["https:\/\/www.facebook.com\/iFamNews","https:\/\/x.com\/iFamNewsEN"]},{"@type":"Person","@id":"https:\/\/ifamnews.com\/en\/#\/schema\/person\/f0579ab02623e80d44006c1a5d949ea9","name":"Marco Respinti","image":{"@type":"ImageObject","inLanguage":"it-IT","@id":"https:\/\/secure.gravatar.com\/avatar\/4ab04a5127131015e13010f222e38621144dc33a5df5d977b35ceeab15ee958f?s=96&d=mm&r=g","url":"https:\/\/secure.gravatar.com\/avatar\/4ab04a5127131015e13010f222e38621144dc33a5df5d977b35ceeab15ee958f?s=96&d=mm&r=g","contentUrl":"https:\/\/secure.gravatar.com\/avatar\/4ab04a5127131015e13010f222e38621144dc33a5df5d977b35ceeab15ee958f?s=96&d=mm&r=g","caption":"Marco Respinti"},"description":"Marco Respinti was the Editor-in-Chief of International Family News until the end of 2022. He is an Italian professional journalist, member of the International Federation of Journalists (IFJ), essayist, translator, and lecturer. He has contributed and contributes to several journals and magazines both in print and online, both in Italy and abroad. Author of books, he has translated and\/or edited works by, among others, Edmund Burke, Charles Dickens, T.S. Eliot, Russell Kirk, J.R.R. Tolkien, R\u00e9gine Pernoud and Gustave Thibon. A Senior fellow at the\u00a0Russell Kirk Center for Cultural Renewal (Mecosta, Michigan) he is also a founding member as well as Board member of the Center for European Renewal (The Hague, The Netherlands). A member of the Editorial Board of The European Conservative magazine, as well as a member of the Advisory Council of the European Federation for Freedom of Belief, he serves as Director-in-Charge of the academic publication The Journal of CESNUR and the online Bitter Winter: A Magazine on Religious Liberty and Human Rights.","sameAs":["https:\/\/facebook.com\/MarcoRespinti","https:\/\/it.linkedin.com\/in\/marcorespinti","https:\/\/pinterest.it\/MarcoRespinti\/_created\/","https:\/\/x.com\/https:\/\/twitter.com\/MarcoRespinti","https:\/\/youtube.com\/channel\/UC1FbsvyQNTQ-snpsmRC12Og?view_as=subscriber"],"url":"https:\/\/ifamnews.com\/it\/author\/mrespinti"}]}},"amp_enabled":true,"_links":{"self":[{"href":"https:\/\/ifamnews.com\/it\/wp-json\/wp\/v2\/posts\/99817","targetHints":{"allow":["GET"]}}],"collection":[{"href":"https:\/\/ifamnews.com\/it\/wp-json\/wp\/v2\/posts"}],"about":[{"href":"https:\/\/ifamnews.com\/it\/wp-json\/wp\/v2\/types\/post"}],"author":[{"embeddable":true,"href":"https:\/\/ifamnews.com\/it\/wp-json\/wp\/v2\/users\/7"}],"replies":[{"embeddable":true,"href":"https:\/\/ifamnews.com\/it\/wp-json\/wp\/v2\/comments?post=99817"}],"version-history":[{"count":5,"href":"https:\/\/ifamnews.com\/it\/wp-json\/wp\/v2\/posts\/99817\/revisions"}],"predecessor-version":[{"id":100056,"href":"https:\/\/ifamnews.com\/it\/wp-json\/wp\/v2\/posts\/99817\/revisions\/100056"}],"wp:featuredmedia":[{"embeddable":true,"href":"https:\/\/ifamnews.com\/it\/wp-json\/wp\/v2\/media\/99820"}],"wp:attachment":[{"href":"https:\/\/ifamnews.com\/it\/wp-json\/wp\/v2\/media?parent=99817"}],"wp:term":[{"taxonomy":"category","embeddable":true,"href":"https:\/\/ifamnews.com\/it\/wp-json\/wp\/v2\/categories?post=99817"},{"taxonomy":"post_tag","embeddable":true,"href":"https:\/\/ifamnews.com\/it\/wp-json\/wp\/v2\/tags?post=99817"}],"curies":[{"name":"wp","href":"https:\/\/api.w.org\/{rel}","templated":true}]}}