{"id":93667,"date":"2021-09-11T00:00:00","date_gmt":"2021-09-11T04:00:00","guid":{"rendered":"https:\/\/ifamnews.com\/?p=93667"},"modified":"2021-09-15T02:23:15","modified_gmt":"2021-09-15T06:23:15","slug":"socialismo-contraccettivo","status":"publish","type":"post","link":"https:\/\/ifamnews.com\/it\/socialismo-contraccettivo","title":{"rendered":"Socialismo contraccettivo"},"content":{"rendered":"<p class=\"last-updated\">Last updated on Settembre 15th, 2021 at 02:23 am<\/p>\n<p>In Francia i giovani sono bamboccioni per decreto dello Stato, il quale dal 1\u00b0 gennaio 2022 offrir\u00e0 la contraccezione gratuita a tutte le donne fino ai 25 anni, visite mediche relative comprese. Non ce la fanno, le povere, e quindi vanno aiutate. Non a considerare la vita, a prepararsi, ad affrontare le evidenti difficolt\u00e0, anche di ordine economico, che metter su famiglia comporta, ma a impedirla, ad allontanarla, a contrastarla.<\/p>\n\n\n\n<p>La misura \u00e8 stata annunciata gioved\u00ec 9 settembre dal ministro della Solidariet\u00e0 e della salute, <a href=\"https:\/\/www.france.tv\/france-2\/telematin\/2775533-les-4-verites-olivier-veran.html\" target=\"_blank\" rel=\"noopener\">Olivier Veran, intervenendo a <em>T\u00e9l\u00e9matin<\/em> sul canale televisivo di Stato France 2<\/a> nei dieci minuti dello spazio <em>4 V\u00e9rit\u00e9s<\/em>. Non oso pensare quali siano le altre tre, anche perch\u00e9 la bugia gi\u00e0 c\u2019\u00e8. Quando lo Stato, qualsiasi Stato, usa la parola \u00abgratuito\u00bb, la mano scende subito al portafogli, visto che ci\u00f2 che lo Stato spaccia \u00abgratuitamente\u00bb lo pagano i cittadini.<\/p>\n\n\n\n<p>Quindi da gennaio i francesi, tutti, dovranno pagare pillole e cose cos\u00ec per le donne fino alla bellezza del quarto di secolo per ciascheduna. E non c\u2019\u00e8 modo di obiettare: chi non fosse d\u2019accordo, pagher\u00e0 lo stesso attraverso le tasse, come impone ogni socialismo che si rispetti.<\/p>\n\n\n\n<p>Che si tratti di socialismo lo ha del resto detto chiaramente il ministro in tiv\u00f9, quando l\u2019unica giustificazione della nuova misura che ha dato ai francesi \u00e8 il costo troppo elevato della contraccezione, che la sta diradando. Le povere francesi, cio\u00e8, non avrebbero i soldi per comperarsi pillole e altri ammennicoli che impediscono la vita umana e quindi, essendo ci\u00f2 per il ministro \u00abinsopportabile\u00bb, la logica ridistributiva dell\u2019Eliseo imporr\u00e0 il dazio a tutti, stilando un nuovo paniere dei consumi che generosamente preveda pure la contraccezione. Come pu\u00f2 farne, infatti, a meno una persona oggi? Sembra peraltro che questa botta di socialismo anti-vita coster\u00e0 ai cittadini francesi circa 21 milioni di euro all\u2019anno.<\/p>\n\n\n\n<p>Ora, ammesso e non concesso che la questione stia in termini economici, appare del tutto evidente il disegno di Parigi. Pare che da qualche tempo le donne francesi concepiscano di pi\u00f9, quindi bisogna correre ai ripari con la pillola di Stato. \u00a0Neo-malthusianesimo classico, ma anche conferma lampante di quanto \u00abiFamNews\u00bb va scrivendo da tempo usando l\u2019esempio macroscopico della Cina neo-post-nazional-comunista. Quando \u00e8 lo Stato a stabilire le quote demografiche, la vita non ha nulla di bello da aspettarsi. Quando la demografia \u00e8 usata come arma politica, economica o persino militare, non ne viene mai nulla di buono. Quando sono i governi a decidere quanti e quando \u00e8 sempre una notizia negativa, perch\u00e9 oggi pu\u00f2 tornar comodo a un governo spingere sulla natalit\u00e0 tanto quanto domani fare il contrario. E chi paga, come sempre, compera.<\/p>\n\n\n\n<p>Del resto non tutti sanno che la misura decisa ieri da Veran \u00e8 semplicemente una estensione del servizio, dato che per le ragazze del Paese transalpino i contraccettivi sono gi\u00e0 gratuiti fino a 18 anni. E pure in Gran Bretagna e in Spagna i metodi contraccettivi sono \u00abgratuiti\u00bb, mentre in diversi altri Paesi europei sono in vigore sovvenzioni. Dal che si evince quali siano le priorit\u00e0 del mondo socialista in cui viviamo, a fronte di una crisi demografica che sta travolgendo l\u2019Occidente sul piano economico. E, <em>il va sans dire<\/em>, morale.<\/p>\n","protected":false},"excerpt":{"rendered":"<p>Nel paniere dei consumi francese entra la pillola di Stato fino alla bellezza dei 25 anni. Ecco le priorit\u00e0 del mondo bacato in cui viviamo<\/p>\n","protected":false},"author":7,"featured_media":93674,"comment_status":"open","ping_status":"open","sticky":false,"template":"","format":"standard","meta":{"give_campaign_id":0,"om_disable_all_campaigns":false,"_monsterinsights_skip_tracking":false,"_monsterinsights_sitenote_active":false,"_monsterinsights_sitenote_note":"","_monsterinsights_sitenote_category":0,"mc4wp_mailchimp_campaign":[],"jnews-multi-image_gallery":[],"jnews_single_post":{"subtitle":"Nel paniere dei consumi francese entra la pillola di Stato fino alla bellezza dei 25 anni. Ecco le priorit\u00e0 del mondo bacato in cui viviamo","format":"standard","video":"","gallery":"","source_name":"","source_url":"","via_name":"","via_url":"","override":[{"single_blog_custom":"","sidebar":"","second_sidebar":"","share_position":"","share_float_style":"","post_date_format":"","post_date_format_custom":"","post_reading_time_wpm":"","zoom_button_out_step":"1","zoom_button_in_step":"1","number_popup_post":"1"}],"image_override":[{"single_post_thumbnail_size":"","single_post_gallery_size":""}],"trending_post_position":"","trending_post_label":"","sponsored_post_label":"","sponsored_post_name":"","sponsored_post_url":"","sponsored_post_logo":"","sponsored_post_desc":""},"jnews_primary_category":{"id":"780"},"jnews_social_meta":[],"jnews_override_counter":[],"footnotes":""},"categories":[778,780],"tags":[12415,1956,8126,12416,7993],"class_list":["post-93667","post","type-post","status-publish","format-standard","has-post-thumbnail","hentry","category-editoriali","category-politica-it","tag-anticoncezionali","tag-francia","tag-highlight","tag-socialismo","tag-vetrina"],"yoast_head":"<!-- This site is optimized with the Yoast SEO Premium plugin v25.9 (Yoast SEO v27.3) - https:\/\/yoast.com\/product\/yoast-seo-premium-wordpress\/ -->\n<title>Socialismo contraccettivo - &quot;iFamNews&quot;<\/title>\n<meta name=\"description\" content=\"Nel paniere dei consumi francese entra la pillola di Stato fino alla bellezza dei 25 anni. Ecco le priorit\u00e0 del mondo bacato in cui viviamo\" \/>\n<meta name=\"robots\" content=\"index, follow, max-snippet:-1, max-image-preview:large, max-video-preview:-1\" \/>\n<link rel=\"canonical\" href=\"https:\/\/ifamnews.com\/it\/socialismo-contraccettivo\" \/>\n<meta property=\"og:locale\" content=\"it_IT\" \/>\n<meta property=\"og:type\" content=\"article\" \/>\n<meta property=\"og:title\" content=\"Socialismo contraccettivo\" \/>\n<meta property=\"og:description\" content=\"Nel paniere dei consumi francese entra la pillola di Stato fino alla bellezza dei 25 anni. Ecco le priorit\u00e0 del mondo bacato in cui viviamo\" \/>\n<meta property=\"og:url\" content=\"https:\/\/ifamnews.com\/it\/socialismo-contraccettivo\" \/>\n<meta property=\"og:site_name\" content=\"IFN\" \/>\n<meta property=\"article:publisher\" content=\"https:\/\/www.facebook.com\/iFamNews\" \/>\n<meta property=\"article:author\" content=\"https:\/\/facebook.com\/MarcoRespinti\" \/>\n<meta property=\"article:published_time\" content=\"2021-09-11T04:00:00+00:00\" \/>\n<meta property=\"article:modified_time\" content=\"2021-09-15T06:23:15+00:00\" \/>\n<meta property=\"og:image\" content=\"https:\/\/ifamnews.com\/wp-content\/uploads\/2021\/09\/Pillola.jpg\" \/>\n\t<meta property=\"og:image:width\" content=\"1200\" \/>\n\t<meta property=\"og:image:height\" content=\"675\" \/>\n\t<meta property=\"og:image:type\" content=\"image\/jpeg\" \/>\n<meta name=\"author\" content=\"Marco Respinti\" \/>\n<meta name=\"twitter:card\" content=\"summary_large_image\" \/>\n<meta name=\"twitter:creator\" content=\"@https:\/\/twitter.com\/MarcoRespinti\" \/>\n<meta name=\"twitter:site\" content=\"@iFamNewsEN\" \/>\n<meta name=\"twitter:label1\" content=\"Scritto da\" \/>\n\t<meta name=\"twitter:data1\" content=\"Marco Respinti\" \/>\n\t<meta name=\"twitter:label2\" content=\"Tempo di lettura stimato\" \/>\n\t<meta name=\"twitter:data2\" content=\"3 minuti\" \/>\n<!-- \/ Yoast SEO Premium plugin. -->","yoast_head_json":{"title":"Socialismo contraccettivo - \"iFamNews\"","description":"Nel paniere dei consumi francese entra la pillola di Stato fino alla bellezza dei 25 anni. Ecco le priorit\u00e0 del mondo bacato in cui viviamo","robots":{"index":"index","follow":"follow","max-snippet":"max-snippet:-1","max-image-preview":"max-image-preview:large","max-video-preview":"max-video-preview:-1"},"canonical":"https:\/\/ifamnews.com\/it\/socialismo-contraccettivo","og_locale":"it_IT","og_type":"article","og_title":"Socialismo contraccettivo","og_description":"Nel paniere dei consumi francese entra la pillola di Stato fino alla bellezza dei 25 anni. Ecco le priorit\u00e0 del mondo bacato in cui viviamo","og_url":"https:\/\/ifamnews.com\/it\/socialismo-contraccettivo","og_site_name":"IFN","article_publisher":"https:\/\/www.facebook.com\/iFamNews","article_author":"https:\/\/facebook.com\/MarcoRespinti","article_published_time":"2021-09-11T04:00:00+00:00","article_modified_time":"2021-09-15T06:23:15+00:00","og_image":[{"width":1200,"height":675,"url":"https:\/\/ifamnews.com\/wp-content\/uploads\/2021\/09\/Pillola.jpg","type":"image\/jpeg"}],"author":"Marco Respinti","twitter_card":"summary_large_image","twitter_creator":"@https:\/\/twitter.com\/MarcoRespinti","twitter_site":"@iFamNewsEN","twitter_misc":{"Scritto da":"Marco Respinti","Tempo di lettura stimato":"3 minuti"},"schema":{"@context":"https:\/\/schema.org","@graph":[{"@type":"NewsArticle","@id":"https:\/\/ifamnews.com\/it\/socialismo-contraccettivo#article","isPartOf":{"@id":"https:\/\/ifamnews.com\/it\/socialismo-contraccettivo"},"author":{"name":"Marco Respinti","@id":"https:\/\/ifamnews.com\/en\/#\/schema\/person\/f0579ab02623e80d44006c1a5d949ea9"},"headline":"Socialismo contraccettivo","datePublished":"2021-09-11T04:00:00+00:00","dateModified":"2021-09-15T06:23:15+00:00","mainEntityOfPage":{"@id":"https:\/\/ifamnews.com\/it\/socialismo-contraccettivo"},"wordCount":527,"commentCount":0,"publisher":{"@id":"https:\/\/ifamnews.com\/en\/#organization"},"image":{"@id":"https:\/\/ifamnews.com\/it\/socialismo-contraccettivo#primaryimage"},"thumbnailUrl":"https:\/\/ifamnews.com\/wp-content\/uploads\/2021\/09\/Pillola.jpg","keywords":["Anticoncezionali","Francia","Highlight","socialismo","Vetrina"],"articleSection":["Editoriali","Politica"],"inLanguage":"it-IT","potentialAction":[{"@type":"CommentAction","name":"Comment","target":["https:\/\/ifamnews.com\/it\/socialismo-contraccettivo#respond"]}]},{"@type":"WebPage","@id":"https:\/\/ifamnews.com\/it\/socialismo-contraccettivo","url":"https:\/\/ifamnews.com\/it\/socialismo-contraccettivo","name":"Socialismo contraccettivo - \"iFamNews\"","isPartOf":{"@id":"https:\/\/ifamnews.com\/en\/#website"},"primaryImageOfPage":{"@id":"https:\/\/ifamnews.com\/it\/socialismo-contraccettivo#primaryimage"},"image":{"@id":"https:\/\/ifamnews.com\/it\/socialismo-contraccettivo#primaryimage"},"thumbnailUrl":"https:\/\/ifamnews.com\/wp-content\/uploads\/2021\/09\/Pillola.jpg","datePublished":"2021-09-11T04:00:00+00:00","dateModified":"2021-09-15T06:23:15+00:00","description":"Nel paniere dei consumi francese entra la pillola di Stato fino alla bellezza dei 25 anni. Ecco le priorit\u00e0 del mondo bacato in cui viviamo","breadcrumb":{"@id":"https:\/\/ifamnews.com\/it\/socialismo-contraccettivo#breadcrumb"},"inLanguage":"it-IT","potentialAction":[{"@type":"ReadAction","target":["https:\/\/ifamnews.com\/it\/socialismo-contraccettivo"]}]},{"@type":"ImageObject","inLanguage":"it-IT","@id":"https:\/\/ifamnews.com\/it\/socialismo-contraccettivo#primaryimage","url":"https:\/\/ifamnews.com\/wp-content\/uploads\/2021\/09\/Pillola.jpg","contentUrl":"https:\/\/ifamnews.com\/wp-content\/uploads\/2021\/09\/Pillola.jpg","width":1200,"height":675,"caption":"Image from Pixabay"},{"@type":"BreadcrumbList","@id":"https:\/\/ifamnews.com\/it\/socialismo-contraccettivo#breadcrumb","itemListElement":[{"@type":"ListItem","position":1,"name":"Home","item":"https:\/\/ifamnews.com\/de"},{"@type":"ListItem","position":2,"name":"Politics","item":"https:\/\/ifamnews.com\/en\/category\/politics"},{"@type":"ListItem","position":3,"name":"Socialismo contraccettivo"}]},{"@type":"WebSite","@id":"https:\/\/ifamnews.com\/en\/#website","url":"https:\/\/ifamnews.com\/en\/","name":"IFN","description":"International Family News Network","publisher":{"@id":"https:\/\/ifamnews.com\/en\/#organization"},"potentialAction":[{"@type":"SearchAction","target":{"@type":"EntryPoint","urlTemplate":"https:\/\/ifamnews.com\/en\/?s={search_term_string}"},"query-input":{"@type":"PropertyValueSpecification","valueRequired":true,"valueName":"search_term_string"}}],"inLanguage":"it-IT"},{"@type":"Organization","@id":"https:\/\/ifamnews.com\/en\/#organization","name":"iFamNews","url":"https:\/\/ifamnews.com\/en\/","logo":{"@type":"ImageObject","inLanguage":"it-IT","@id":"https:\/\/ifamnews.com\/en\/#\/schema\/logo\/image\/","url":"https:\/\/ifamnews.com\/wp-content\/uploads\/2020\/01\/Share-logo.png","contentUrl":"https:\/\/ifamnews.com\/wp-content\/uploads\/2020\/01\/Share-logo.png","width":200,"height":200,"caption":"iFamNews"},"image":{"@id":"https:\/\/ifamnews.com\/en\/#\/schema\/logo\/image\/"},"sameAs":["https:\/\/www.facebook.com\/iFamNews","https:\/\/x.com\/iFamNewsEN"]},{"@type":"Person","@id":"https:\/\/ifamnews.com\/en\/#\/schema\/person\/f0579ab02623e80d44006c1a5d949ea9","name":"Marco Respinti","image":{"@type":"ImageObject","inLanguage":"it-IT","@id":"https:\/\/secure.gravatar.com\/avatar\/4ab04a5127131015e13010f222e38621144dc33a5df5d977b35ceeab15ee958f?s=96&d=mm&r=g","url":"https:\/\/secure.gravatar.com\/avatar\/4ab04a5127131015e13010f222e38621144dc33a5df5d977b35ceeab15ee958f?s=96&d=mm&r=g","contentUrl":"https:\/\/secure.gravatar.com\/avatar\/4ab04a5127131015e13010f222e38621144dc33a5df5d977b35ceeab15ee958f?s=96&d=mm&r=g","caption":"Marco Respinti"},"description":"Marco Respinti was the Editor-in-Chief of International Family News until the end of 2022. He is an Italian professional journalist, member of the International Federation of Journalists (IFJ), essayist, translator, and lecturer. He has contributed and contributes to several journals and magazines both in print and online, both in Italy and abroad. Author of books, he has translated and\/or edited works by, among others, Edmund Burke, Charles Dickens, T.S. Eliot, Russell Kirk, J.R.R. Tolkien, R\u00e9gine Pernoud and Gustave Thibon. A Senior fellow at the\u00a0Russell Kirk Center for Cultural Renewal (Mecosta, Michigan) he is also a founding member as well as Board member of the Center for European Renewal (The Hague, The Netherlands). A member of the Editorial Board of The European Conservative magazine, as well as a member of the Advisory Council of the European Federation for Freedom of Belief, he serves as Director-in-Charge of the academic publication The Journal of CESNUR and the online Bitter Winter: A Magazine on Religious Liberty and Human Rights.","sameAs":["https:\/\/facebook.com\/MarcoRespinti","https:\/\/it.linkedin.com\/in\/marcorespinti","https:\/\/pinterest.it\/MarcoRespinti\/_created\/","https:\/\/x.com\/https:\/\/twitter.com\/MarcoRespinti","https:\/\/youtube.com\/channel\/UC1FbsvyQNTQ-snpsmRC12Og?view_as=subscriber"],"url":"https:\/\/ifamnews.com\/it\/author\/mrespinti"}]}},"amp_enabled":true,"_links":{"self":[{"href":"https:\/\/ifamnews.com\/it\/wp-json\/wp\/v2\/posts\/93667","targetHints":{"allow":["GET"]}}],"collection":[{"href":"https:\/\/ifamnews.com\/it\/wp-json\/wp\/v2\/posts"}],"about":[{"href":"https:\/\/ifamnews.com\/it\/wp-json\/wp\/v2\/types\/post"}],"author":[{"embeddable":true,"href":"https:\/\/ifamnews.com\/it\/wp-json\/wp\/v2\/users\/7"}],"replies":[{"embeddable":true,"href":"https:\/\/ifamnews.com\/it\/wp-json\/wp\/v2\/comments?post=93667"}],"version-history":[{"count":5,"href":"https:\/\/ifamnews.com\/it\/wp-json\/wp\/v2\/posts\/93667\/revisions"}],"predecessor-version":[{"id":94146,"href":"https:\/\/ifamnews.com\/it\/wp-json\/wp\/v2\/posts\/93667\/revisions\/94146"}],"wp:featuredmedia":[{"embeddable":true,"href":"https:\/\/ifamnews.com\/it\/wp-json\/wp\/v2\/media\/93674"}],"wp:attachment":[{"href":"https:\/\/ifamnews.com\/it\/wp-json\/wp\/v2\/media?parent=93667"}],"wp:term":[{"taxonomy":"category","embeddable":true,"href":"https:\/\/ifamnews.com\/it\/wp-json\/wp\/v2\/categories?post=93667"},{"taxonomy":"post_tag","embeddable":true,"href":"https:\/\/ifamnews.com\/it\/wp-json\/wp\/v2\/tags?post=93667"}],"curies":[{"name":"wp","href":"https:\/\/api.w.org\/{rel}","templated":true}]}}