{"id":92533,"date":"2021-09-06T00:00:00","date_gmt":"2021-09-06T04:00:00","guid":{"rendered":"https:\/\/ifamnews.com\/?p=92533"},"modified":"2021-09-08T09:23:50","modified_gmt":"2021-09-08T13:23:50","slug":"ho-paura-della-variante-italiana","status":"publish","type":"post","link":"https:\/\/ifamnews.com\/it\/ho-paura-della-variante-italiana","title":{"rendered":"Ho paura della variante italiana"},"content":{"rendered":"<p class=\"last-updated\">Last updated on Settembre 8th, 2021 at 09:23 am<\/p>\n<p>Dunque l\u2019annoso caso del Green Pass. \u00c8 il tormentone dell\u2019estate 2021, con un mucchio di note stonate e raramente qualche voce sensata. In s\u00e9 la cosa sembra semplice. C\u2019\u00e8 un morbo che impazza, bisogna premunirsi e per farlo bisogna riconoscersi fra simili premuniti, allontanando i pericolosi. Semplice, sembra.<\/p>\n\n\n\n<p>Invece la cosa suscita un can can infernale da settimane. Eppure nessuno di noi ha mai storto il naso davanti a un <em>film<\/em> di fantascienza, da ultimo per esempio il brutto <em>Life. Non oltrepassare il limite<\/em>, quando i ricercatori isolano, senza nemmeno usare i guanti, i portatori di agenti patogeni o comunque le forme di vita sconosciute che potrebbero comportare rischi. Farlo \u00e8 infatti perfettamente, incontrovertibilmente, ragionatamente ovvio. Chi infilerebbe, infatti, la testa nelle fauci del megalodonte?<\/p>\n\n\n\n<p>E allora cosa c\u2019\u00e8 che non va nel Green Pass? C\u2019\u00e8 che non \u00e8 un <em>film<\/em> di fanta-horror e che il nemico che ci si para innanzi \u00e8 il CoViD-19, quello che ha mietuto inesorabile un numero di vite enorme, compresi alcuni amici nostri.<\/p>\n\n\n\n<p>Ma c\u2019\u00e8 un secondo pi\u00f9 pericoloso nemico. La variante italiana. No, non del CoViD-19, bens\u00ec appunto del Green Pass. Sa un po\u2019 di matriciana e per il resto di sola. La sua ricetta \u00e8 pi\u00f9 o meno questa: s\u00ec, no, forse, vado, faccio, anzi ci ripenso, si fa cos\u00ec, si fa cos\u00e0, <em>talk show<\/em> come piovesse, ognuno dice la propria rigorosamente a capocchia, obbligo, non obbligo e mezz\u2019obbligo, serve, non serve, chissenefrega, \u00e8 un dovere morale. Ho scritto che la ricetta \u00e8 pi\u00f9 o meno cos\u00ec poich\u00e9 funziona soltanto se le dosi degli ingredienti sono raffazzonate, quasi un Negroni sbagliato, poich\u00e9 si pu\u00f2 invertirne l\u2019ordine e non cambia assolutamente un bel nulla, poich\u00e9 ognuno ci pu\u00f2 aggiungere quel pizzico di non so che personale che in centro si porta sempre benone.<\/p>\n\n\n\n<p>Ebbene, come la pensiamo allora noi di \u00abiFamNews\u00bb a proposito di Green Pass? Fortunatamente abbiamo idee inamovibili su questioni che non si negoziano e quindi la tenzone non ci appassiona. Ovvero noi osserviamo, prendiamo nota, proviamo a riflettere e, da giornalisti, registriamo tutte le occasioni di dialogo sano che la questione offre. Intanto continuiamo a occuparci della violenza sistematica mossa contro i pilastri della Terra, perch\u00e9 tra un po\u2019 rischia di venire gi\u00f9 tutto.<\/p>\n\n\n\n<p>Siccome non vogliamo per\u00f2 sottrarci alla <em>hit<\/em> del momento, perch\u00e9 poi qualcuno ci darebbe del renitente per avere disertato la passerella del <em>pr\u00eat-\u00e0-porter<\/em> estivo <em>unisex<\/em>, ragioniamo di tutto ci\u00f2 che ci sembra essere serio attorno al Green Pass: libert\u00e0, obbligo, persona, potere, Stato, societ\u00e0.<\/p>\n\n\n\n<p>Ho omesso salute? S\u00ec, di proposito. Non sono medico, non sono epidemiologo, non sono virologo, non sono un guru e non una trasmissione in prima-seconda-terza serata a reti unificate e un tantino invidio i so-tutto che discettano a lungo sempre gli stessi tutte le sere (ma ce l\u2019hanno una casa?) su cose di cui non conoscono nemmeno l\u2019ABC, citando l\u2019ultima statistica che nessuno legge epper\u00f2 come no?, la testimonianza di Ulisse, il cui altro nome era Nessuno, forse pure l\u2019opinione della zia Maria, un drago a fare i cannoli ma quanto al resto&#8230;<\/p>\n\n\n\n<p>Voglio dire che non parlo di ci\u00f2 che non so, me lo insegn\u00f2 la mamma all\u2019asilo, e non mi lancio in iperboli sull\u2019efficacia dei vaccini, dei distanziamenti, delle misure prese, delle mascherine da soli in auto e cos\u00ec via. Rilevo statisticamente che nella storia i vaccini hanno fatto del gran bene all\u2019uomo, che ne hanno abbassato la mortalit\u00e0, che quindi hanno dato una botta enorme di vita al benessere generalizzato di cui soltanto un secolo fa manco ci si sognava e qui mi fermo. Qualcuno sotto il vaccino ci \u00e8 rimasto? Credo di poter dire di s\u00ec, confortato dalla scienza medica. Ma tutti sanno che la guerra senza vittime non esiste.<\/p>\n\n\n\n<p>Poi per\u00f2 aggiungo subito che, quando lo Stato diventa infermiere, <em>nurse<\/em>, badante e amante, i miei sensi di ragno formicolano. Che la parola \u00abobbligo\u00bb la dovrebbero usare soltanto i confessori e i direttori spirituali. Che quando la libert\u00e0 e i diritti vengono barattati con la sicurezza, Houston sa di avere un problema serio. Dunque che nessuno pu\u00f2 imporre al prossimo suo il bene per decreto. E quindi, pur conservando le mie idee su vaccini e Green Pass, mal vivo le costrizioni, in specie all\u2019italiana.<\/p>\n\n\n\n<p>Mal vivo comunque pure le costrizioni al contrario, quelle di chi vuole martellare la propria visione &#8220;anti&#8221; nella testa degli altri. Persino con la violenza: scusate lo dovevo scrivere, se non lo avessi fatto mi avrebbero revocato il <em>pass<\/em> dei \u201cno, ma anche\u201d.<\/p>\n\n\n\n<p>Quindi? Quindi continuo a dirigere \u00abiFamNews\u00bb ospitandovi tutti gli spunti di riflessione intelligente che possono venire anche sul Green Pass in relazione alle tematiche di cui statutariamente qui ci si occupa.<\/p>\n\n\n\n<p>Un caro amico e fedele lettore mi ha chiesto, dopo quanto ho pubblicato su queste pagine virtuali nelle settimane scorse, se davvero anch\u2019io fossi un \u00abNo pass\u00bb. \u00c8 per questo che ho scritto questo editoriale oggi, versione lunga della risposta breve che ho dato subito al suddetto amico. Per aiutare tutti, in calce riporto i nostri articoli a tema, cos\u00ec che uno davvero si sinceri.<\/p>\n\n\n\n<p>All\u2019amico ho chiesto poi di non arruolarmi d\u2019ufficio nell\u2019esercito dei negazionisti, dei complottisti, dei \u00abNo vax\u00bb, dei \u00abNo pass\u00bb e dei <em>no brain<\/em>. Perch\u00e9, come si evince da quanto pubblichiamo, non lo sono e non lo siamo. Epper\u00f2 pure di non appiccarmi per cortesia sul bavero la patacca dell\u2019entusiastico propugnatore di marcatori e schedature perch\u00e9 non lo sono e non lo siamo. Quando la mano di certuni scende veloce alla fondina all\u2019udire la parola \u00ablibert\u00e0\u00bb, io infatti scatto come una molla. E scrivo, e pubblico.<\/p>\n\n\n\n<div class=\"wp-block-spacer\"><\/div>\n\n\n\n<h4 class=\"wp-block-heading\" id=\"h-ifamnews-davanti-al-green-pass\"><strong>\u00abiFamNews\u00bb davanti al Green Pass<\/strong><\/h4>\n\n\n\n<p>\u25a0 <em><a href=\"https:\/\/ifamnews.com\/it\/green-pass-insorgono-i-docenti-universitari\" target=\"_blank\" rel=\"noopener\">Green Pass: insorgono i docenti universitari<\/a><\/em><\/p>\n\n\n\n<p>\u25a0 <em><a href=\"https:\/\/ifamnews.com\/it\/san-tommaso-alle-prese-con-l-obbligo-del-green-pass\" target=\"_blank\" rel=\"noopener\">San Tommaso alle prese con l\u2019obbligo del Green Pass<\/a><\/em><\/p>\n\n\n\n<p>\u25a0 <em><a href=\"https:\/\/ifamnews.com\/it\/italiani-contro-il-green-pass-30-mila-firme-in-pochi-giorni\" target=\"_blank\" rel=\"noopener\">Italiani contro il Green Pass: 30mila firme in pochi giorni<\/a><\/em><\/p>\n\n\n\n<p>\u25a0 <em><a href=\"https:\/\/ifamnews.com\/it\/individui-come-serbatoi-di-petrolio-l-insostenibilit-etica-del-green-pass\" target=\"_blank\" rel=\"noopener\">Individui come serbatoi di petrolio: l\u2019insostenibilit\u00e0 etica del Green Pass<\/a><\/em><\/p>\n\n\n\n<p>\u25a0 <em><a href=\"https:\/\/ifamnews.com\/it\/studenti-universitari-uniti-contro-il-green-pass\" target=\"_blank\" rel=\"noopener\">Studenti universitari uniti contro il Green Pass<\/a><\/em><\/p>\n\n\n\n<p>\u25a0 <em><a href=\"https:\/\/ifamnews.com\/it\/green-pass-a-scuola-parte-la-class-action-contro-l-obbligo\" target=\"_blank\" rel=\"noopener\">Green Pass a scuola: parte la class action contro l\u2019obbligo<\/a><\/em><\/p>\n\n\n\n<p>\u25a0 <em><a href=\"https:\/\/ifamnews.com\/it\/-contro-il-green-pass-sospendo-la-proiezione-dei-miei-film-\" target=\"_blank\" rel=\"noopener\">\u00abContro il Green Pass sospendo la proiezione dei miei film\u00bb<\/a><\/em><\/p>\n","protected":false},"excerpt":{"rendered":"<p>Ospitiamo tutte le riflessioni intelligenti che possano venire sul Green Pass in relazione alle tematiche di cui qui ci si occupa<\/p>\n","protected":false},"author":7,"featured_media":92543,"comment_status":"open","ping_status":"open","sticky":false,"template":"","format":"standard","meta":{"give_campaign_id":0,"om_disable_all_campaigns":false,"_monsterinsights_skip_tracking":false,"_monsterinsights_sitenote_active":false,"_monsterinsights_sitenote_note":"","_monsterinsights_sitenote_category":0,"mc4wp_mailchimp_campaign":[],"jnews-multi-image_gallery":[],"jnews_single_post":{"subtitle":"Ospitiamo tutte le riflessioni intelligenti che possano venire sul Green Pass in relazione alle tematiche di cui qui ci si occupa","format":"standard","video":"","gallery":"","source_name":"","source_url":"","via_name":"","via_url":"","override":[{"single_blog_custom":"","sidebar":"","second_sidebar":"","share_position":"","share_float_style":"","post_date_format":"","post_date_format_custom":"","post_reading_time_wpm":"","zoom_button_out_step":"1","zoom_button_in_step":"1","number_popup_post":"1"}],"image_override":[{"single_post_thumbnail_size":"","single_post_gallery_size":""}],"trending_post_position":"","trending_post_label":"","sponsored_post_label":"","sponsored_post_name":"","sponsored_post_url":"","sponsored_post_logo":"","sponsored_post_desc":""},"jnews_primary_category":{"id":"780"},"jnews_social_meta":[],"jnews_override_counter":[],"footnotes":""},"categories":[764,778,780],"tags":[1587,11761,8126,11645],"class_list":["post-92533","post","type-post","status-publish","format-standard","has-post-thumbnail","hentry","category-cultura","category-editoriali","category-politica-it","tag-covid-19","tag-green-pass","tag-highlight","tag-vetrin"],"yoast_head":"<!-- This site is optimized with the Yoast SEO Premium plugin v25.9 (Yoast SEO v27.3) - https:\/\/yoast.com\/product\/yoast-seo-premium-wordpress\/ -->\n<title>Ho paura della variante italiana - &quot;iFamNews&quot;<\/title>\n<meta name=\"description\" content=\"Ospitiamo tutte le riflessioni intelligenti che possano venire sul Green Pass in relazione alle tematiche di cui qui ci si occupa\" \/>\n<meta name=\"robots\" content=\"index, follow, max-snippet:-1, max-image-preview:large, max-video-preview:-1\" \/>\n<link rel=\"canonical\" href=\"https:\/\/ifamnews.com\/it\/ho-paura-della-variante-italiana\" \/>\n<meta property=\"og:locale\" content=\"it_IT\" \/>\n<meta property=\"og:type\" content=\"article\" \/>\n<meta property=\"og:title\" content=\"Ho paura della variante italiana\" \/>\n<meta property=\"og:description\" content=\"Ospitiamo tutte le riflessioni intelligenti che possano venire sul Green Pass in relazione alle tematiche di cui qui ci si occupa\" \/>\n<meta property=\"og:url\" content=\"https:\/\/ifamnews.com\/it\/ho-paura-della-variante-italiana\" \/>\n<meta property=\"og:site_name\" content=\"IFN\" \/>\n<meta property=\"article:publisher\" content=\"https:\/\/www.facebook.com\/iFamNews\" \/>\n<meta property=\"article:author\" content=\"https:\/\/facebook.com\/MarcoRespinti\" \/>\n<meta property=\"article:published_time\" content=\"2021-09-06T04:00:00+00:00\" \/>\n<meta property=\"article:modified_time\" content=\"2021-09-08T13:23:50+00:00\" \/>\n<meta property=\"og:image\" content=\"https:\/\/ifamnews.com\/wp-content\/uploads\/2021\/09\/Pasta_alla_matriciana_1.jpg\" \/>\n\t<meta property=\"og:image:width\" content=\"1200\" \/>\n\t<meta property=\"og:image:height\" content=\"675\" \/>\n\t<meta property=\"og:image:type\" content=\"image\/jpeg\" \/>\n<meta name=\"author\" content=\"Marco Respinti\" \/>\n<meta name=\"twitter:card\" content=\"summary_large_image\" \/>\n<meta name=\"twitter:creator\" content=\"@https:\/\/twitter.com\/MarcoRespinti\" \/>\n<meta name=\"twitter:site\" content=\"@iFamNewsEN\" \/>\n<meta name=\"twitter:label1\" content=\"Scritto da\" \/>\n\t<meta name=\"twitter:data1\" content=\"Marco Respinti\" \/>\n\t<meta name=\"twitter:label2\" content=\"Tempo di lettura stimato\" \/>\n\t<meta name=\"twitter:data2\" content=\"5 minuti\" \/>\n<!-- \/ Yoast SEO Premium plugin. -->","yoast_head_json":{"title":"Ho paura della variante italiana - \"iFamNews\"","description":"Ospitiamo tutte le riflessioni intelligenti che possano venire sul Green Pass in relazione alle tematiche di cui qui ci si occupa","robots":{"index":"index","follow":"follow","max-snippet":"max-snippet:-1","max-image-preview":"max-image-preview:large","max-video-preview":"max-video-preview:-1"},"canonical":"https:\/\/ifamnews.com\/it\/ho-paura-della-variante-italiana","og_locale":"it_IT","og_type":"article","og_title":"Ho paura della variante italiana","og_description":"Ospitiamo tutte le riflessioni intelligenti che possano venire sul Green Pass in relazione alle tematiche di cui qui ci si occupa","og_url":"https:\/\/ifamnews.com\/it\/ho-paura-della-variante-italiana","og_site_name":"IFN","article_publisher":"https:\/\/www.facebook.com\/iFamNews","article_author":"https:\/\/facebook.com\/MarcoRespinti","article_published_time":"2021-09-06T04:00:00+00:00","article_modified_time":"2021-09-08T13:23:50+00:00","og_image":[{"width":1200,"height":675,"url":"https:\/\/ifamnews.com\/wp-content\/uploads\/2021\/09\/Pasta_alla_matriciana_1.jpg","type":"image\/jpeg"}],"author":"Marco Respinti","twitter_card":"summary_large_image","twitter_creator":"@https:\/\/twitter.com\/MarcoRespinti","twitter_site":"@iFamNewsEN","twitter_misc":{"Scritto da":"Marco Respinti","Tempo di lettura stimato":"5 minuti"},"schema":{"@context":"https:\/\/schema.org","@graph":[{"@type":"NewsArticle","@id":"https:\/\/ifamnews.com\/it\/ho-paura-della-variante-italiana#article","isPartOf":{"@id":"https:\/\/ifamnews.com\/it\/ho-paura-della-variante-italiana"},"author":{"name":"Marco Respinti","@id":"https:\/\/ifamnews.com\/en\/#\/schema\/person\/f0579ab02623e80d44006c1a5d949ea9"},"headline":"Ho paura della variante italiana","datePublished":"2021-09-06T04:00:00+00:00","dateModified":"2021-09-08T13:23:50+00:00","mainEntityOfPage":{"@id":"https:\/\/ifamnews.com\/it\/ho-paura-della-variante-italiana"},"wordCount":1015,"commentCount":0,"publisher":{"@id":"https:\/\/ifamnews.com\/en\/#organization"},"image":{"@id":"https:\/\/ifamnews.com\/it\/ho-paura-della-variante-italiana#primaryimage"},"thumbnailUrl":"https:\/\/ifamnews.com\/wp-content\/uploads\/2021\/09\/Pasta_alla_matriciana_1.jpg","keywords":["CoViD-19","Green Pass","Highlight","vetrin"],"articleSection":["Cultura","Editoriali","Politica"],"inLanguage":"it-IT","potentialAction":[{"@type":"CommentAction","name":"Comment","target":["https:\/\/ifamnews.com\/it\/ho-paura-della-variante-italiana#respond"]}]},{"@type":"WebPage","@id":"https:\/\/ifamnews.com\/it\/ho-paura-della-variante-italiana","url":"https:\/\/ifamnews.com\/it\/ho-paura-della-variante-italiana","name":"Ho paura della variante italiana - \"iFamNews\"","isPartOf":{"@id":"https:\/\/ifamnews.com\/en\/#website"},"primaryImageOfPage":{"@id":"https:\/\/ifamnews.com\/it\/ho-paura-della-variante-italiana#primaryimage"},"image":{"@id":"https:\/\/ifamnews.com\/it\/ho-paura-della-variante-italiana#primaryimage"},"thumbnailUrl":"https:\/\/ifamnews.com\/wp-content\/uploads\/2021\/09\/Pasta_alla_matriciana_1.jpg","datePublished":"2021-09-06T04:00:00+00:00","dateModified":"2021-09-08T13:23:50+00:00","description":"Ospitiamo tutte le riflessioni intelligenti che possano venire sul Green Pass in relazione alle tematiche di cui qui ci si occupa","breadcrumb":{"@id":"https:\/\/ifamnews.com\/it\/ho-paura-della-variante-italiana#breadcrumb"},"inLanguage":"it-IT","potentialAction":[{"@type":"ReadAction","target":["https:\/\/ifamnews.com\/it\/ho-paura-della-variante-italiana"]}]},{"@type":"ImageObject","inLanguage":"it-IT","@id":"https:\/\/ifamnews.com\/it\/ho-paura-della-variante-italiana#primaryimage","url":"https:\/\/ifamnews.com\/wp-content\/uploads\/2021\/09\/Pasta_alla_matriciana_1.jpg","contentUrl":"https:\/\/ifamnews.com\/wp-content\/uploads\/2021\/09\/Pasta_alla_matriciana_1.jpg","width":1200,"height":675,"caption":"Pasta alla matriciana"},{"@type":"BreadcrumbList","@id":"https:\/\/ifamnews.com\/it\/ho-paura-della-variante-italiana#breadcrumb","itemListElement":[{"@type":"ListItem","position":1,"name":"Home","item":"https:\/\/ifamnews.com\/de"},{"@type":"ListItem","position":2,"name":"Politics","item":"https:\/\/ifamnews.com\/en\/category\/politics"},{"@type":"ListItem","position":3,"name":"Ho paura della variante italiana"}]},{"@type":"WebSite","@id":"https:\/\/ifamnews.com\/en\/#website","url":"https:\/\/ifamnews.com\/en\/","name":"IFN","description":"International Family News Network","publisher":{"@id":"https:\/\/ifamnews.com\/en\/#organization"},"potentialAction":[{"@type":"SearchAction","target":{"@type":"EntryPoint","urlTemplate":"https:\/\/ifamnews.com\/en\/?s={search_term_string}"},"query-input":{"@type":"PropertyValueSpecification","valueRequired":true,"valueName":"search_term_string"}}],"inLanguage":"it-IT"},{"@type":"Organization","@id":"https:\/\/ifamnews.com\/en\/#organization","name":"iFamNews","url":"https:\/\/ifamnews.com\/en\/","logo":{"@type":"ImageObject","inLanguage":"it-IT","@id":"https:\/\/ifamnews.com\/en\/#\/schema\/logo\/image\/","url":"https:\/\/ifamnews.com\/wp-content\/uploads\/2020\/01\/Share-logo.png","contentUrl":"https:\/\/ifamnews.com\/wp-content\/uploads\/2020\/01\/Share-logo.png","width":200,"height":200,"caption":"iFamNews"},"image":{"@id":"https:\/\/ifamnews.com\/en\/#\/schema\/logo\/image\/"},"sameAs":["https:\/\/www.facebook.com\/iFamNews","https:\/\/x.com\/iFamNewsEN"]},{"@type":"Person","@id":"https:\/\/ifamnews.com\/en\/#\/schema\/person\/f0579ab02623e80d44006c1a5d949ea9","name":"Marco Respinti","image":{"@type":"ImageObject","inLanguage":"it-IT","@id":"https:\/\/secure.gravatar.com\/avatar\/4ab04a5127131015e13010f222e38621144dc33a5df5d977b35ceeab15ee958f?s=96&d=mm&r=g","url":"https:\/\/secure.gravatar.com\/avatar\/4ab04a5127131015e13010f222e38621144dc33a5df5d977b35ceeab15ee958f?s=96&d=mm&r=g","contentUrl":"https:\/\/secure.gravatar.com\/avatar\/4ab04a5127131015e13010f222e38621144dc33a5df5d977b35ceeab15ee958f?s=96&d=mm&r=g","caption":"Marco Respinti"},"description":"Marco Respinti was the Editor-in-Chief of International Family News until the end of 2022. He is an Italian professional journalist, member of the International Federation of Journalists (IFJ), essayist, translator, and lecturer. He has contributed and contributes to several journals and magazines both in print and online, both in Italy and abroad. Author of books, he has translated and\/or edited works by, among others, Edmund Burke, Charles Dickens, T.S. Eliot, Russell Kirk, J.R.R. Tolkien, R\u00e9gine Pernoud and Gustave Thibon. A Senior fellow at the\u00a0Russell Kirk Center for Cultural Renewal (Mecosta, Michigan) he is also a founding member as well as Board member of the Center for European Renewal (The Hague, The Netherlands). A member of the Editorial Board of The European Conservative magazine, as well as a member of the Advisory Council of the European Federation for Freedom of Belief, he serves as Director-in-Charge of the academic publication The Journal of CESNUR and the online Bitter Winter: A Magazine on Religious Liberty and Human Rights.","sameAs":["https:\/\/facebook.com\/MarcoRespinti","https:\/\/it.linkedin.com\/in\/marcorespinti","https:\/\/pinterest.it\/MarcoRespinti\/_created\/","https:\/\/x.com\/https:\/\/twitter.com\/MarcoRespinti","https:\/\/youtube.com\/channel\/UC1FbsvyQNTQ-snpsmRC12Og?view_as=subscriber"],"url":"https:\/\/ifamnews.com\/it\/author\/mrespinti"}]}},"amp_enabled":true,"_links":{"self":[{"href":"https:\/\/ifamnews.com\/it\/wp-json\/wp\/v2\/posts\/92533","targetHints":{"allow":["GET"]}}],"collection":[{"href":"https:\/\/ifamnews.com\/it\/wp-json\/wp\/v2\/posts"}],"about":[{"href":"https:\/\/ifamnews.com\/it\/wp-json\/wp\/v2\/types\/post"}],"author":[{"embeddable":true,"href":"https:\/\/ifamnews.com\/it\/wp-json\/wp\/v2\/users\/7"}],"replies":[{"embeddable":true,"href":"https:\/\/ifamnews.com\/it\/wp-json\/wp\/v2\/comments?post=92533"}],"version-history":[{"count":5,"href":"https:\/\/ifamnews.com\/it\/wp-json\/wp\/v2\/posts\/92533\/revisions"}],"predecessor-version":[{"id":93174,"href":"https:\/\/ifamnews.com\/it\/wp-json\/wp\/v2\/posts\/92533\/revisions\/93174"}],"wp:featuredmedia":[{"embeddable":true,"href":"https:\/\/ifamnews.com\/it\/wp-json\/wp\/v2\/media\/92543"}],"wp:attachment":[{"href":"https:\/\/ifamnews.com\/it\/wp-json\/wp\/v2\/media?parent=92533"}],"wp:term":[{"taxonomy":"category","embeddable":true,"href":"https:\/\/ifamnews.com\/it\/wp-json\/wp\/v2\/categories?post=92533"},{"taxonomy":"post_tag","embeddable":true,"href":"https:\/\/ifamnews.com\/it\/wp-json\/wp\/v2\/tags?post=92533"}],"curies":[{"name":"wp","href":"https:\/\/api.w.org\/{rel}","templated":true}]}}