{"id":86449,"date":"2021-08-02T00:00:00","date_gmt":"2021-08-02T04:00:00","guid":{"rendered":"https:\/\/ifamnews.com\/?p=86449"},"modified":"2021-08-05T04:00:19","modified_gmt":"2021-08-05T08:00:19","slug":"ridicolo-strumentalizzare-la-bibbia-per-giustificare-l-utero-in-affitto-","status":"publish","type":"post","link":"https:\/\/ifamnews.com\/it\/ridicolo-strumentalizzare-la-bibbia-per-giustificare-l-utero-in-affitto-","title":{"rendered":"Ridicolo strumentalizzare la Bibbia per giustificare l\u2019\u00abutero in affitto\u00bb"},"content":{"rendered":"<p class=\"last-updated\">Last updated on Agosto 5th, 2021 at 04:00 am<\/p>\n<p>Uno dei modi pi\u00f9 curiosi per giustificare l\u2019utero in affitto \u00e8 brandire le Sacre Scritture. Secondo alcuni fautori di questa pratica nella <em>Bibbia<\/em> si ravviserebbero le tracce di una maternit\u00e0 surrogata <em>ante litteram<\/em>. Il dito di costoro scorre <a href=\"http:\/\/www.laparola.net\/testom.php\" target=\"_blank\" rel=\"noopener\">tra i capitoli 16 e 21 del libro della <em>Genesi<\/em><\/a>. \u00c8 l\u00e0, nella vicenda della schiava Agar che d\u00e0 alla luce Ismaele per dare discendenza ad Abramo, che si troverebbe la primizia biblica di quello che oggi conosciamo come <a href=\"https:\/\/ifamnews.com\/it\/tag\/utero-in-affitto\" target=\"_blank\" rel=\"noopener\">\u00abutero in affitto\u00bb<\/a>. Eppure non bisogna essere fini teologi per riconoscere che l\u2019\u00abutero in affitto\u00bb ha ben poco a che vedere con Agar, con Abramo e con sua moglie Sara. Lo spiega ad \u00abiFamNews\u00bb Simona Riccardi, autrice di <a href=\"https:\/\/www.paoline.it\/blog\/attualita-e-societa\/3444-agar-e-sara.html\" target=\"_blank\" rel=\"noopener\"><em>Agar e Sara. Madri nella fede<\/em><\/a>, un romanzo avvincente strutturato in forma di monologhi in cui i tre protagonisti ripercorrono la propria vicenda umana.<\/p>\n\n\n\n<p><strong>Chiariamo subito: il caso di Agar e Abramo \u00e8 da considerarsi pi\u00f9 un caso di adulterio o un caso di \u00abmaternit\u00e0 surrogata\u00bb?<\/strong><\/p>\n\n\n\n<p><br>N\u00e9 l\u2019uno n\u00e9 l\u2019altro. Direi che si \u00e8 di fronte a un caso <em>sui generis<\/em>, difficile da inquadrare tanto nell\u2019una quanto nell\u2019altra categoria. Se proprio si volesse trovare un\u2019etichetta entro cui collocare l\u2019episodio, lo si potrebbe definire un \u201cadulterio indotto\u201d dalla stessa Sara, la quale spinge Agar tra le braccia di Abramo onde poter ottenere, per tramite della schiava, una discendenza da offrire al marito.<\/p>\n\n\n\n<p><strong>Ma \u00e8 qui che appunto si insinua chi traduce con \u00abmaternit\u00e0 surrogata\u00bb\u2026<\/strong><\/p>\n\n\n\n<p><br>No, non \u00e8 affatto \u00abmaternit\u00e0 surrogata\u00bb dal momento che non esiste un accordo tra le due donne. Agar, in quanto, schiava non pu\u00f2 far altro che obbedire all\u2019imposizione della padrona, ma il rapporto con suo figlio Ismaele non potr\u00e0 mai essere reciso. Evidentemente, per\u00f2, le leggi umane di quel tempo, che consentono questa pratica, non corrispondono alle leggi divine: questa soluzione, tutta umana, non va infatti nella direzione sperata da Sara. Dio dimostra cio\u00e8 di avere un progetto ben diverso per chi, alla fine, ne sapr\u00e0 aspettare i tempi.<\/p>\n\n\n\n<p><strong>Il rapporto tra Agar e il figlio Ismaele non viene appunto reciso al contrario di quanto invece succede alle \u00abmadri surrogate\u00bb di oggi. Si pu\u00f2 dire che questa \u00e8 una differenza determinante?<\/strong><\/p>\n\n\n\n<p><br>Certamente, la differenza \u00e8 netta. Ismaele continua a essere il figlio di Agar, non solo perch\u00e9 da lei non verr\u00e0 mai separato, ma anche perch\u00e9, di fatto, neppure Sara potr\u00e0 mai sentire Ismaele come figlio proprio. Nel mio romanzo evidenzio questo aspetto attingendo alla sofferenza che la padrona avverte chiaramente quando si rende conto di non riuscire a provare amore per quella creatura su cui vede impresso il marchio del disonore e dell\u2019impazienza. La dimostrazione che il legame tra la presunta \u00abmadre surrogata\u00bb e il figlio che ella porta in grembo per nove mesi non possa essere reciso sta nell&#8217;allontanamento tanto dell&#8217;una quanto dell&#8217;altro, allorch\u00e9 la convivenza tra le due donne e la loro progenie si far\u00e0 insostenibile. Agar, insieme al proprio bambino, riacquista cos\u00ec la libert\u00e0. \u00c8 curioso come oggi qualcuno prenda come riferimento legittimante le Sacre Scritture e, nello specifico, la storia di una schiava, per giustificare la pratica della \u00abmaternit\u00e0 surrogata\u00bb, che \u00e8 una forma di nuova schiavit\u00f9 e di sfruttamento del corpo femminile atto solo a soddisfare un desiderio altrui di genitorialit\u00e0 attraverso il denaro.<\/p>\n\n\n\n<p><strong>Insisto, apposta, se me lo concede. Ravvede comunque una qualche affinit\u00e0 se non altro culturale, o di atteggiamento mentale, tra la consuetudine ebraica di allora, di cui Abramo si avvale nella <\/strong><em><strong>Bibbia<\/strong><\/em><strong> per garantirsi una discendenza, e il fenomeno odierno dell\u2019\u00abutero in affitto\u00bb?<\/strong><\/p>\n\n\n\n<p><br>Credo piuttosto che, a livello culturale, vi siano differenze sostanziali. A quell&#8217;epoca l&#8217;essere sterile era, per una donna, una maledizione vera e propria. Significava avere su di s\u00e9 non solo la riprovazione sociale, ma anche quella divina. Una donna poteva realizzarsi solo attraverso la propria discendenza. Oggi non \u00e8 pi\u00f9 cos\u00ec. Al resto del mondo poco importa che si scelga di avere o no dei figli, che si possa concepire oppure no, che ci si interroghi sul proprio reale desiderio di maternit\u00e0. Per quanto persistano dei condizionamenti sociali, la scelta di avere un figlio diventa piuttosto una decisione personale. Quando il desiderio si fa forte, ma, come nel caso di Sara, non si riesce a coronarlo, esistono soluzioni ben diverse e pienamente morali rispetto al freddo concepimento <em>in vitro<\/em>, al ricorso a tecniche di tipo eterologo o, peggio ancora, allo sfruttamento di donne che, in cambio di denaro, si trasformano in incubatrici.<\/p>\n\n\n\n<p><strong>Quali riflessioni sul tema della famiglia offre l\u2019intreccio tra Abramo, Agar e Sara?<\/strong><\/p>\n\n\n\n<p><br>La vicenda di Abramo, Agar e Sara testimonia i rischi che si corrono quando si pensa di poter fare da soli, sostituendosi a Dio in ci\u00f2 che ha a che fare con la trasmissione della vita. Quando il patriarca e la sua sposa si allontanano dal sentiero tracciato, e sovvertono le relazioni all&#8217;interno della famiglia, non incontrano altro che confusione e sofferenza. Solo nel momento in cui si abbandonano alla volont\u00e0 divina, mettendo da parte l\u2019egoismo e la superbia di chi confida solo nelle forze proprie, arriva il figlio tanto atteso della Promessa a far germogliare il ramo secco della sterilit\u00e0. Ecco che un figlio non \u00e8 pi\u00f9 un diritto dei genitori, ma si fa dono di Dio. Questo \u00e8 ci\u00f2 che la <em>Bibbia<\/em> insegna narrando quella vicenda: lo si pu\u00f2 accettare, lo si pu\u00f2 rifiutare, ma certamente non si pu\u00f2 fare dire alla <em>Bibbia<\/em> ci\u00f2 che la <em>Bibbia<\/em> non dice.<\/p>\n\n\n\n<p><strong>Agar e Sara: a quale dei due personaggi lei si sente pi\u00f9 legata?<\/strong><\/p>\n\n\n\n<p><br>Inizialmente avrei detto ad Agar per il suo carattere indomito. La schiava \u00e8 una guerriera, si piega senza spezzarsi sotto il peso della fatica e dei maltrattamenti, fugge e combatte contro il deserto, ritorna dalla padrona dopo essere cambiata nel profondo, grazie all\u2019incontro con il Vivente. Ma poi, procedendo nella scrittura del mio romanzo, ho cominciato a comprendere Sara e ad amarla per tutte le sue debolezze e le sue ferite, cos\u00ec come per la sua perseveranza nella fede. Direi che la forte immedesimazione \u00e8 forse proprio una caratteristica di questo romanzo che prende per mano il lettore e lo introduce nella psiche e nel cuore delle due donne, facendolo sentire a volte Agar e a volte Sara.<\/p>\n","protected":false},"excerpt":{"rendered":"<p>Il nostro mondo ne inventa pi\u00f9 di Bertoldo, addirittura scomodando Abramo per sdoganare i propri capricci. Dialogo con Simona Riccardi, autrice di \u00abAgar e Sara. Madri nella fede\u00bb<\/p>\n","protected":false},"author":15,"featured_media":86441,"comment_status":"open","ping_status":"open","sticky":false,"template":"","format":"standard","meta":{"give_campaign_id":0,"om_disable_all_campaigns":false,"_monsterinsights_skip_tracking":false,"_monsterinsights_sitenote_active":false,"_monsterinsights_sitenote_note":"","_monsterinsights_sitenote_category":0,"mc4wp_mailchimp_campaign":[],"jnews-multi-image_gallery":[],"jnews_single_post":{"subtitle":"Il nostro mondo ne inventa pi\u00f9 di Bertoldo, addirittura scomodando Abramo per sdoganare i propri capricci. Dialogo con Simona Riccardi, autrice di \u00abAgar e Sara. Madri nella fede\u00bb","format":"standard","video":"","gallery":"","source_name":"","source_url":"","via_name":"","via_url":"","override":[{"single_blog_custom":"","sidebar":"","second_sidebar":"","share_position":"","share_float_style":"","post_date_format":"","post_date_format_custom":"","post_reading_time_wpm":"","zoom_button_out_step":"1","zoom_button_in_step":"1","number_popup_post":"1"}],"image_override":[{"single_post_thumbnail_size":"","single_post_gallery_size":""}],"trending_post_position":"","trending_post_label":"","sponsored_post_label":"","sponsored_post_name":"","sponsored_post_url":"","sponsored_post_logo":"","sponsored_post_desc":""},"jnews_primary_category":{"id":"764"},"jnews_social_meta":[],"jnews_override_counter":[],"footnotes":""},"categories":[764],"tags":[11688,8126,11642,7993],"class_list":["post-86449","post","type-post","status-publish","format-standard","has-post-thumbnail","hentry","category-cultura","tag-bibbia","tag-highlight","tag-summer-time","tag-vetrina"],"yoast_head":"<!-- This site is optimized with the Yoast SEO Premium plugin v25.9 (Yoast SEO v27.3) - https:\/\/yoast.com\/product\/yoast-seo-premium-wordpress\/ -->\n<title>Ridicolo strumentalizzare la Bibbia per giustificare l\u2019\u00abutero in affitto\u00bb - \u00abiFamNews\u00bb<\/title>\n<meta name=\"description\" content=\"Utero in affitto: si scomoda la Bibbia per sdoganare questa pratica. Dialogo con Simona Riccardi, autrice di \u00abAgar e Sara. Madri nella fede\u00bb\" \/>\n<meta name=\"robots\" content=\"index, follow, max-snippet:-1, max-image-preview:large, max-video-preview:-1\" \/>\n<link rel=\"canonical\" href=\"https:\/\/ifamnews.com\/it\/ridicolo-strumentalizzare-la-bibbia-per-giustificare-l-utero-in-affitto-\" \/>\n<meta property=\"og:locale\" content=\"it_IT\" \/>\n<meta property=\"og:type\" content=\"article\" \/>\n<meta property=\"og:title\" content=\"Ridicolo strumentalizzare la Bibbia per giustificare l\u2019\u00abutero in affitto\u00bb\" \/>\n<meta property=\"og:description\" content=\"Utero in affitto: si scomoda la Bibbia per sdoganare questa pratica. Dialogo con Simona Riccardi, autrice di \u00abAgar e Sara. Madri nella fede\u00bb\" \/>\n<meta property=\"og:url\" content=\"https:\/\/ifamnews.com\/it\/ridicolo-strumentalizzare-la-bibbia-per-giustificare-l-utero-in-affitto-\" \/>\n<meta property=\"og:site_name\" content=\"IFN\" \/>\n<meta property=\"article:publisher\" content=\"https:\/\/www.facebook.com\/iFamNews\" \/>\n<meta property=\"article:published_time\" content=\"2021-08-02T04:00:00+00:00\" \/>\n<meta property=\"article:modified_time\" content=\"2021-08-05T08:00:19+00:00\" \/>\n<meta property=\"og:image\" content=\"https:\/\/ifamnews.com\/wp-content\/uploads\/2021\/07\/Agar-e-Sara.jpg\" \/>\n\t<meta property=\"og:image:width\" content=\"1200\" \/>\n\t<meta property=\"og:image:height\" content=\"675\" \/>\n\t<meta property=\"og:image:type\" content=\"image\/jpeg\" \/>\n<meta name=\"author\" content=\"Federico Cenci\" \/>\n<meta name=\"twitter:card\" content=\"summary_large_image\" \/>\n<meta name=\"twitter:creator\" content=\"@https:\/\/twitter.com\/fedecenci\" \/>\n<meta name=\"twitter:site\" content=\"@iFamNewsEN\" \/>\n<meta name=\"twitter:label1\" content=\"Scritto da\" \/>\n\t<meta name=\"twitter:data1\" content=\"Federico Cenci\" \/>\n\t<meta name=\"twitter:label2\" content=\"Tempo di lettura stimato\" \/>\n\t<meta name=\"twitter:data2\" content=\"5 minuti\" \/>\n<!-- \/ Yoast SEO Premium plugin. -->","yoast_head_json":{"title":"Ridicolo strumentalizzare la Bibbia per giustificare l\u2019\u00abutero in affitto\u00bb - \u00abiFamNews\u00bb","description":"Utero in affitto: si scomoda la Bibbia per sdoganare questa pratica. Dialogo con Simona Riccardi, autrice di \u00abAgar e Sara. Madri nella fede\u00bb","robots":{"index":"index","follow":"follow","max-snippet":"max-snippet:-1","max-image-preview":"max-image-preview:large","max-video-preview":"max-video-preview:-1"},"canonical":"https:\/\/ifamnews.com\/it\/ridicolo-strumentalizzare-la-bibbia-per-giustificare-l-utero-in-affitto-","og_locale":"it_IT","og_type":"article","og_title":"Ridicolo strumentalizzare la Bibbia per giustificare l\u2019\u00abutero in affitto\u00bb","og_description":"Utero in affitto: si scomoda la Bibbia per sdoganare questa pratica. Dialogo con Simona Riccardi, autrice di \u00abAgar e Sara. Madri nella fede\u00bb","og_url":"https:\/\/ifamnews.com\/it\/ridicolo-strumentalizzare-la-bibbia-per-giustificare-l-utero-in-affitto-","og_site_name":"IFN","article_publisher":"https:\/\/www.facebook.com\/iFamNews","article_published_time":"2021-08-02T04:00:00+00:00","article_modified_time":"2021-08-05T08:00:19+00:00","og_image":[{"width":1200,"height":675,"url":"https:\/\/ifamnews.com\/wp-content\/uploads\/2021\/07\/Agar-e-Sara.jpg","type":"image\/jpeg"}],"author":"Federico Cenci","twitter_card":"summary_large_image","twitter_creator":"@https:\/\/twitter.com\/fedecenci","twitter_site":"@iFamNewsEN","twitter_misc":{"Scritto da":"Federico Cenci","Tempo di lettura stimato":"5 minuti"},"schema":{"@context":"https:\/\/schema.org","@graph":[{"@type":"NewsArticle","@id":"https:\/\/ifamnews.com\/it\/ridicolo-strumentalizzare-la-bibbia-per-giustificare-l-utero-in-affitto-#article","isPartOf":{"@id":"https:\/\/ifamnews.com\/it\/ridicolo-strumentalizzare-la-bibbia-per-giustificare-l-utero-in-affitto-"},"author":{"name":"Federico Cenci","@id":"https:\/\/ifamnews.com\/en\/#\/schema\/person\/555378c4ec9e01d40ab9f2b5cee0c318"},"headline":"Ridicolo strumentalizzare la Bibbia per giustificare l\u2019\u00abutero in affitto\u00bb","datePublished":"2021-08-02T04:00:00+00:00","dateModified":"2021-08-05T08:00:19+00:00","mainEntityOfPage":{"@id":"https:\/\/ifamnews.com\/it\/ridicolo-strumentalizzare-la-bibbia-per-giustificare-l-utero-in-affitto-"},"wordCount":1041,"commentCount":0,"publisher":{"@id":"https:\/\/ifamnews.com\/en\/#organization"},"image":{"@id":"https:\/\/ifamnews.com\/it\/ridicolo-strumentalizzare-la-bibbia-per-giustificare-l-utero-in-affitto-#primaryimage"},"thumbnailUrl":"https:\/\/ifamnews.com\/wp-content\/uploads\/2021\/07\/Agar-e-Sara.jpg","keywords":["Bibbia","Highlight","Summer Time","Vetrina"],"articleSection":["Cultura"],"inLanguage":"it-IT","potentialAction":[{"@type":"CommentAction","name":"Comment","target":["https:\/\/ifamnews.com\/it\/ridicolo-strumentalizzare-la-bibbia-per-giustificare-l-utero-in-affitto-#respond"]}]},{"@type":"WebPage","@id":"https:\/\/ifamnews.com\/it\/ridicolo-strumentalizzare-la-bibbia-per-giustificare-l-utero-in-affitto-","url":"https:\/\/ifamnews.com\/it\/ridicolo-strumentalizzare-la-bibbia-per-giustificare-l-utero-in-affitto-","name":"Ridicolo strumentalizzare la Bibbia per giustificare l\u2019\u00abutero in affitto\u00bb - \u00abiFamNews\u00bb","isPartOf":{"@id":"https:\/\/ifamnews.com\/en\/#website"},"primaryImageOfPage":{"@id":"https:\/\/ifamnews.com\/it\/ridicolo-strumentalizzare-la-bibbia-per-giustificare-l-utero-in-affitto-#primaryimage"},"image":{"@id":"https:\/\/ifamnews.com\/it\/ridicolo-strumentalizzare-la-bibbia-per-giustificare-l-utero-in-affitto-#primaryimage"},"thumbnailUrl":"https:\/\/ifamnews.com\/wp-content\/uploads\/2021\/07\/Agar-e-Sara.jpg","datePublished":"2021-08-02T04:00:00+00:00","dateModified":"2021-08-05T08:00:19+00:00","description":"Utero in affitto: si scomoda la Bibbia per sdoganare questa pratica. Dialogo con Simona Riccardi, autrice di \u00abAgar e Sara. Madri nella fede\u00bb","breadcrumb":{"@id":"https:\/\/ifamnews.com\/it\/ridicolo-strumentalizzare-la-bibbia-per-giustificare-l-utero-in-affitto-#breadcrumb"},"inLanguage":"it-IT","potentialAction":[{"@type":"ReadAction","target":["https:\/\/ifamnews.com\/it\/ridicolo-strumentalizzare-la-bibbia-per-giustificare-l-utero-in-affitto-"]}]},{"@type":"ImageObject","inLanguage":"it-IT","@id":"https:\/\/ifamnews.com\/it\/ridicolo-strumentalizzare-la-bibbia-per-giustificare-l-utero-in-affitto-#primaryimage","url":"https:\/\/ifamnews.com\/wp-content\/uploads\/2021\/07\/Agar-e-Sara.jpg","contentUrl":"https:\/\/ifamnews.com\/wp-content\/uploads\/2021\/07\/Agar-e-Sara.jpg","width":1200,"height":675,"caption":"Agar e Sara"},{"@type":"BreadcrumbList","@id":"https:\/\/ifamnews.com\/it\/ridicolo-strumentalizzare-la-bibbia-per-giustificare-l-utero-in-affitto-#breadcrumb","itemListElement":[{"@type":"ListItem","position":1,"name":"Home","item":"https:\/\/ifamnews.com\/de"},{"@type":"ListItem","position":2,"name":"Cultura","item":"https:\/\/ifamnews.com\/it\/categoria\/cultura"},{"@type":"ListItem","position":3,"name":"Ridicolo strumentalizzare la Bibbia per giustificare l\u2019\u00abutero in affitto\u00bb"}]},{"@type":"WebSite","@id":"https:\/\/ifamnews.com\/en\/#website","url":"https:\/\/ifamnews.com\/en\/","name":"IFN","description":"International Family News Network","publisher":{"@id":"https:\/\/ifamnews.com\/en\/#organization"},"potentialAction":[{"@type":"SearchAction","target":{"@type":"EntryPoint","urlTemplate":"https:\/\/ifamnews.com\/en\/?s={search_term_string}"},"query-input":{"@type":"PropertyValueSpecification","valueRequired":true,"valueName":"search_term_string"}}],"inLanguage":"it-IT"},{"@type":"Organization","@id":"https:\/\/ifamnews.com\/en\/#organization","name":"iFamNews","url":"https:\/\/ifamnews.com\/en\/","logo":{"@type":"ImageObject","inLanguage":"it-IT","@id":"https:\/\/ifamnews.com\/en\/#\/schema\/logo\/image\/","url":"https:\/\/ifamnews.com\/wp-content\/uploads\/2020\/01\/Share-logo.png","contentUrl":"https:\/\/ifamnews.com\/wp-content\/uploads\/2020\/01\/Share-logo.png","width":200,"height":200,"caption":"iFamNews"},"image":{"@id":"https:\/\/ifamnews.com\/en\/#\/schema\/logo\/image\/"},"sameAs":["https:\/\/www.facebook.com\/iFamNews","https:\/\/x.com\/iFamNewsEN"]},{"@type":"Person","@id":"https:\/\/ifamnews.com\/en\/#\/schema\/person\/555378c4ec9e01d40ab9f2b5cee0c318","name":"Federico Cenci","image":{"@type":"ImageObject","inLanguage":"it-IT","@id":"https:\/\/secure.gravatar.com\/avatar\/535f77b8447d05f39d4ca941654f7a7b7d712f3d72f0b4b185747785f5a8e745?s=96&d=mm&r=g","url":"https:\/\/secure.gravatar.com\/avatar\/535f77b8447d05f39d4ca941654f7a7b7d712f3d72f0b4b185747785f5a8e745?s=96&d=mm&r=g","contentUrl":"https:\/\/secure.gravatar.com\/avatar\/535f77b8447d05f39d4ca941654f7a7b7d712f3d72f0b4b185747785f5a8e745?s=96&d=mm&r=g","caption":"Federico Cenci"},"description":"Federico Cenci worked from 2013 to 2017 at the Catholic Zenit press agency dealing with social and religious issues, bioethics, family policies, as well as domestic and international politics. He then continued his business with In Terris, and currently with various newspapers and periodicals. In 2020 he wrote the novel \"East Berlin 2.0 - Notes between dystopia and reality\"","sameAs":["https:\/\/x.com\/https:\/\/twitter.com\/fedecenci"],"url":"https:\/\/ifamnews.com\/it\/author\/fcenci"}]}},"amp_enabled":true,"_links":{"self":[{"href":"https:\/\/ifamnews.com\/it\/wp-json\/wp\/v2\/posts\/86449","targetHints":{"allow":["GET"]}}],"collection":[{"href":"https:\/\/ifamnews.com\/it\/wp-json\/wp\/v2\/posts"}],"about":[{"href":"https:\/\/ifamnews.com\/it\/wp-json\/wp\/v2\/types\/post"}],"author":[{"embeddable":true,"href":"https:\/\/ifamnews.com\/it\/wp-json\/wp\/v2\/users\/15"}],"replies":[{"embeddable":true,"href":"https:\/\/ifamnews.com\/it\/wp-json\/wp\/v2\/comments?post=86449"}],"version-history":[{"count":5,"href":"https:\/\/ifamnews.com\/it\/wp-json\/wp\/v2\/posts\/86449\/revisions"}],"predecessor-version":[{"id":87674,"href":"https:\/\/ifamnews.com\/it\/wp-json\/wp\/v2\/posts\/86449\/revisions\/87674"}],"wp:featuredmedia":[{"embeddable":true,"href":"https:\/\/ifamnews.com\/it\/wp-json\/wp\/v2\/media\/86441"}],"wp:attachment":[{"href":"https:\/\/ifamnews.com\/it\/wp-json\/wp\/v2\/media?parent=86449"}],"wp:term":[{"taxonomy":"category","embeddable":true,"href":"https:\/\/ifamnews.com\/it\/wp-json\/wp\/v2\/categories?post=86449"},{"taxonomy":"post_tag","embeddable":true,"href":"https:\/\/ifamnews.com\/it\/wp-json\/wp\/v2\/tags?post=86449"}],"curies":[{"name":"wp","href":"https:\/\/api.w.org\/{rel}","templated":true}]}}