{"id":85692,"date":"2021-07-23T00:00:00","date_gmt":"2021-07-23T04:00:00","guid":{"rendered":"https:\/\/ifamnews.com\/?p=85692"},"modified":"2021-08-24T14:44:20","modified_gmt":"2021-08-24T18:44:20","slug":"festeggiamo-l-irlanda-dove-l-eutanasia-stata-fermata","status":"publish","type":"post","link":"https:\/\/ifamnews.com\/it\/festeggiamo-l-irlanda-dove-l-eutanasia-stata-fermata","title":{"rendered":"Festeggiamo l\u2019Irlanda, dove l\u2019eutanasia \u00e8 stata fermata"},"content":{"rendered":"<p class=\"last-updated\">Last updated on Agosto 24th, 2021 at 02:44 pm<\/p>\n<p>Buone notizie dall\u2019Irlanda, almeno per una volta. <a href=\"https:\/\/data.oireachtas.ie\/ie\/oireachtas\/committee\/dail\/33\/joint_committee_on_justice\/reports\/2021\/2021-07-21_report-on-scrutiny-of-the-dying-with-dignity-bill-2020-pmb_en.pdf\" target=\"_blank\" rel=\"noopener\">Mercoled\u00ec 21 luglio, infatti, la Commissione Giustizia del parlamento di Dublino ha bocciato un progetto di legge che avrebbe introdotto il suicidio assistito e l\u2019eutanasia<\/a>. Si \u00e8 trattato decisamente di risultato non scontato, ottenuto anche grazie al lavoro alacre dei gruppi <em>pro-life<\/em> e a un\u2019opposizione chiara e decisa da parte della professione medica.<\/p>\n\n\n\n<p>La proposta di legge era stata avanzata da un deputato di People Before Profit, una piccola formazione di estrema sinistra, e lo scorso anno, con una certa sorpresa, aveva ottenuto il sostegno iniziale di alcuni rappresentanti della coalizione di governo, inclusi l\u2019ex primo ministro Leo Varadkar e i ministri della Sanit\u00e0 e della Giustizia. Una proposta simile era peraltro gi\u00e0 stata rigettata nel 2015.<\/p>\n\n\n\n<p>Ebbene, dopo una consultazione resa in pubblico, la Commissione Giustizia ha ritenuto di non procedere con la valutazione del testo e ha raccomandato al parlamento d\u2019istituire una Commissione Speciale dedicata proprio ai temi dell\u2019eutanasia e del suicidio assistito.<\/p>\n\n\n\n<p>Certo, non si tratta di una bocciatura completa, ma, visti i tempi parlamentari rallentati dall\u2019emergenza CoViD-19, \u00e8 difficile che il lavoro dell\u2019erigenda futura Commissione speciale possa pervenire a conclusione prima della fine della legislatura. Ancor meno se le elezioni politiche venissero anticipate, come non \u00e8 escluso.<\/p>\n\n\n\n<p>Due sono stati gli elementi che hanno prodotto questa decisione importante davvero e comunque: la forte opposizione espressa dagli interventi presentati durante la consultazione pubblica, medici e operatori del settore in testa, e il parere critico dell\u2019Ufficio legale del parlamento, che ha rilevato la presenza, nel testo della proposta di legge, di lacune gravi e di possibili incompatibilit\u00e0 con la <em>Costituzione<\/em>.<\/p>\n\n\n\n<div class=\"wp-block-image\"><figure class=\"alignleft size-large is-resized\"><a href=\"https:\/\/data.oireachtas.ie\/ie\/oireachtas\/committee\/dail\/33\/joint_committee_on_justice\/reports\/2021\/2021-07-21_report-on-scrutiny-of-the-dying-with-dignity-bill-2020-pmb_en.pdf\" target=\"_blank\" rel=\"noopener\"><img decoding=\"async\" src=\"https:\/\/ifamnews.com\/wp-content\/uploads\/2021\/07\/Irlanda-1024x766.png\" alt=\"Irlanda eutanasia\" class=\"wp-image-85674\" width=\"512\" height=\"383\" srcset=\"https:\/\/ifamnews.com\/wp-content\/uploads\/2021\/07\/Irlanda-1024x766.png 1024w, https:\/\/ifamnews.com\/wp-content\/uploads\/2021\/07\/Irlanda-768x575.png 768w, https:\/\/ifamnews.com\/wp-content\/uploads\/2021\/07\/Irlanda-750x561.png 750w, https:\/\/ifamnews.com\/wp-content\/uploads\/2021\/07\/Irlanda.png 1065w\" sizes=\"(max-width: 512px) 100vw, 512px\" \/><\/a><figcaption>La bocciatura della proposta di legge in Commissione Giustizia<\/figcaption><\/figure><\/div>\n\n\n\n<p>Gli interventi di cittadini e di gruppi organizzati alla consultazione pubblica sono stati ben 1.400. Il mondo <em>pro-life<\/em>, in tutte le sue diverse articolazioni, ha trovato supporto nelle organizzazioni professionali mediche e nell\u2019associazionismo che si batte per i diritti delle persone disabili.<\/p>\n\n\n\n<p>Tutte le organizzazioni professionali mediche si sono espresse contro la proposta di legge, poich\u00e9 questa avrebbe stravolto il rapporto medico-paziente e il fine stesso della medicina, che non \u00e8 uccidere, bens\u00ec prendersi cura del malato. Significativo l\u2019intervento dei professionisti addetti alle cure palliative, che quotidianamente affrontano situazioni &#8220;limite&#8221;.<\/p>\n\n\n\n<p>Il fronte favorevole all\u2019eutanasia si vanta ora dell\u2019apparente sostegno dell\u2019opinione pubblica, che per\u00f2 non ha affatto trovato riscontro nelle risposte date durante la consultazione. Segno che il mondo <em>pro-life<\/em>, nonostante la grave sconfitta subita al <em>referendum<\/em> sull\u2019aborto del 2018, riesce ancora a organizzarsi efficacemente e a incidere sul reale.<\/p>\n\n\n\n<p>Negli ultimi anni l\u2019Irlanda si era infatti mossa in direzione opposta. Due <em>referendum<\/em> popolari hanno uno ridefinito il concetto di famiglia, estendendo il \u201cmatrimonio\u201d alle coppie dello stesso sesso, e l\u2019altro cancellato l\u2019articolo della <em>Costituzione<\/em> che difendeva la vita prenatale, liberalizzando cos\u00ec l\u2019aborto. Inoltre, su questioni cruciali quali la procreazione assistita, la maternit\u00e0 surrogata o il <em>gender<\/em>, la classe politica irlandese di ogni colore ha ultimamente espresso costantemente posizioni molto <em>liberal<\/em>.<\/p>\n\n\n\n<p>La piccola grande vittoria odierna del fronte <em>pro-life<\/em> segna quindi un cambio di passo che d\u00e0 qualche speranza. Da vedere se momentaneo o se si tratta invece di qualcosa di pi\u00f9. Qualcuno dir\u00e0 che i partiti di governo hanno voluto evitare una nuova divisione, pronti, magari nella prossima legislatura, a presentare una versione edulcorata di una legge analoga. Inutile dirlo adesso: si vedr\u00e0. Ma, almeno per ora, \u00e8 bene festeggiare.<\/p>\n","protected":false},"excerpt":{"rendered":"<p>Piccola grande vittoria del fronte pro-life, che segna un cambio di passo. Momentaneo. O forse no<\/p>\n","protected":false},"author":643,"featured_media":85698,"comment_status":"open","ping_status":"open","sticky":false,"template":"","format":"standard","meta":{"give_campaign_id":0,"om_disable_all_campaigns":false,"_monsterinsights_skip_tracking":false,"_monsterinsights_sitenote_active":false,"_monsterinsights_sitenote_note":"","_monsterinsights_sitenote_category":0,"mc4wp_mailchimp_campaign":[],"jnews-multi-image_gallery":[],"jnews_single_post":{"subtitle":"Piccola grande vittoria del fronte pro-life, che segna un cambio di passo. Momentaneo. O forse no","format":"standard","video":"","gallery":"","source_name":"","source_url":"","via_name":"","via_url":"","override":[{"single_blog_custom":"","sidebar":"","second_sidebar":"","share_position":"","share_float_style":"","post_date_format":"","post_date_format_custom":"","post_reading_time_wpm":"","zoom_button_out_step":"1","zoom_button_in_step":"1","number_popup_post":"1"}],"image_override":[{"single_post_thumbnail_size":"","single_post_gallery_size":""}],"trending_post_position":"","trending_post_label":"","sponsored_post_label":"","sponsored_post_name":"","sponsored_post_url":"","sponsored_post_logo":"","sponsored_post_desc":""},"jnews_primary_category":{"id":"817"},"jnews_social_meta":[],"jnews_override_counter":[],"footnotes":""},"categories":[951,817],"tags":[743,1318,7993],"class_list":["post-85692","post","type-post","status-publish","format-standard","has-post-thumbnail","hentry","category-foreground-it","category-vita","tag-eutanasia","tag-irlanda","tag-vetrina"],"yoast_head":"<!-- This site is optimized with the Yoast SEO Premium plugin v25.9 (Yoast SEO v27.3) - https:\/\/yoast.com\/product\/yoast-seo-premium-wordpress\/ -->\n<title>Festeggiamo l\u2019Irlanda, dove l\u2019eutanasia \u00e8 stata fermata - &quot;iFamNews&quot;<\/title>\n<meta name=\"description\" content=\"Piccola grande vittoria del fronte pro-life sull&#039;Isola Verde, che segna un cambio di passo. Momentaneo. O forse no\" \/>\n<meta name=\"robots\" content=\"index, follow, max-snippet:-1, max-image-preview:large, max-video-preview:-1\" \/>\n<link rel=\"canonical\" href=\"https:\/\/ifamnews.com\/it\/festeggiamo-l-irlanda-dove-l-eutanasia-stata-fermata\" \/>\n<meta property=\"og:locale\" content=\"it_IT\" \/>\n<meta property=\"og:type\" content=\"article\" \/>\n<meta property=\"og:title\" content=\"Festeggiamo l\u2019Irlanda, dove l\u2019eutanasia \u00e8 stata fermata\" \/>\n<meta property=\"og:description\" content=\"Piccola grande vittoria del fronte pro-life sull&#039;Isola Verde, che segna un cambio di passo. Momentaneo. O forse no\" \/>\n<meta property=\"og:url\" content=\"https:\/\/ifamnews.com\/it\/festeggiamo-l-irlanda-dove-l-eutanasia-stata-fermata\" \/>\n<meta property=\"og:site_name\" content=\"IFN\" \/>\n<meta property=\"article:publisher\" content=\"https:\/\/www.facebook.com\/iFamNews\" \/>\n<meta property=\"article:published_time\" content=\"2021-07-23T04:00:00+00:00\" \/>\n<meta property=\"article:modified_time\" content=\"2021-08-24T18:44:20+00:00\" \/>\n<meta property=\"og:image\" content=\"https:\/\/ifamnews.com\/wp-content\/uploads\/2021\/07\/7408095812_ac1d1950ec_o.jpg\" \/>\n\t<meta property=\"og:image:width\" content=\"1200\" \/>\n\t<meta property=\"og:image:height\" content=\"675\" \/>\n\t<meta property=\"og:image:type\" content=\"image\/jpeg\" \/>\n<meta name=\"author\" content=\"Angelo Bottone\" \/>\n<meta name=\"twitter:card\" content=\"summary_large_image\" \/>\n<meta name=\"twitter:creator\" content=\"@iFamNewsEN\" \/>\n<meta name=\"twitter:site\" content=\"@iFamNewsEN\" \/>\n<meta name=\"twitter:label1\" content=\"Scritto da\" \/>\n\t<meta name=\"twitter:data1\" content=\"Angelo Bottone\" \/>\n\t<meta name=\"twitter:label2\" content=\"Tempo di lettura stimato\" \/>\n\t<meta name=\"twitter:data2\" content=\"3 minuti\" \/>\n<!-- \/ Yoast SEO Premium plugin. -->","yoast_head_json":{"title":"Festeggiamo l\u2019Irlanda, dove l\u2019eutanasia \u00e8 stata fermata - \"iFamNews\"","description":"Piccola grande vittoria del fronte pro-life sull'Isola Verde, che segna un cambio di passo. Momentaneo. O forse no","robots":{"index":"index","follow":"follow","max-snippet":"max-snippet:-1","max-image-preview":"max-image-preview:large","max-video-preview":"max-video-preview:-1"},"canonical":"https:\/\/ifamnews.com\/it\/festeggiamo-l-irlanda-dove-l-eutanasia-stata-fermata","og_locale":"it_IT","og_type":"article","og_title":"Festeggiamo l\u2019Irlanda, dove l\u2019eutanasia \u00e8 stata fermata","og_description":"Piccola grande vittoria del fronte pro-life sull'Isola Verde, che segna un cambio di passo. Momentaneo. O forse no","og_url":"https:\/\/ifamnews.com\/it\/festeggiamo-l-irlanda-dove-l-eutanasia-stata-fermata","og_site_name":"IFN","article_publisher":"https:\/\/www.facebook.com\/iFamNews","article_published_time":"2021-07-23T04:00:00+00:00","article_modified_time":"2021-08-24T18:44:20+00:00","og_image":[{"width":1200,"height":675,"url":"https:\/\/ifamnews.com\/wp-content\/uploads\/2021\/07\/7408095812_ac1d1950ec_o.jpg","type":"image\/jpeg"}],"author":"Angelo Bottone","twitter_card":"summary_large_image","twitter_creator":"@iFamNewsEN","twitter_site":"@iFamNewsEN","twitter_misc":{"Scritto da":"Angelo Bottone","Tempo di lettura stimato":"3 minuti"},"schema":{"@context":"https:\/\/schema.org","@graph":[{"@type":"NewsArticle","@id":"https:\/\/ifamnews.com\/it\/festeggiamo-l-irlanda-dove-l-eutanasia-stata-fermata#article","isPartOf":{"@id":"https:\/\/ifamnews.com\/it\/festeggiamo-l-irlanda-dove-l-eutanasia-stata-fermata"},"author":{"name":"Angelo Bottone","@id":"https:\/\/ifamnews.com\/en\/#\/schema\/person\/86c5cbfe63e85edc1340e0113777cfa1"},"headline":"Festeggiamo l\u2019Irlanda, dove l\u2019eutanasia \u00e8 stata fermata","datePublished":"2021-07-23T04:00:00+00:00","dateModified":"2021-08-24T18:44:20+00:00","mainEntityOfPage":{"@id":"https:\/\/ifamnews.com\/it\/festeggiamo-l-irlanda-dove-l-eutanasia-stata-fermata"},"wordCount":576,"commentCount":0,"publisher":{"@id":"https:\/\/ifamnews.com\/en\/#organization"},"image":{"@id":"https:\/\/ifamnews.com\/it\/festeggiamo-l-irlanda-dove-l-eutanasia-stata-fermata#primaryimage"},"thumbnailUrl":"https:\/\/ifamnews.com\/wp-content\/uploads\/2021\/07\/7408095812_ac1d1950ec_o.jpg","keywords":["Eutanasia","Irlanda","Vetrina"],"articleSection":["In evidenza","Vita"],"inLanguage":"it-IT","potentialAction":[{"@type":"CommentAction","name":"Comment","target":["https:\/\/ifamnews.com\/it\/festeggiamo-l-irlanda-dove-l-eutanasia-stata-fermata#respond"]}]},{"@type":"WebPage","@id":"https:\/\/ifamnews.com\/it\/festeggiamo-l-irlanda-dove-l-eutanasia-stata-fermata","url":"https:\/\/ifamnews.com\/it\/festeggiamo-l-irlanda-dove-l-eutanasia-stata-fermata","name":"Festeggiamo l\u2019Irlanda, dove l\u2019eutanasia \u00e8 stata fermata - \"iFamNews\"","isPartOf":{"@id":"https:\/\/ifamnews.com\/en\/#website"},"primaryImageOfPage":{"@id":"https:\/\/ifamnews.com\/it\/festeggiamo-l-irlanda-dove-l-eutanasia-stata-fermata#primaryimage"},"image":{"@id":"https:\/\/ifamnews.com\/it\/festeggiamo-l-irlanda-dove-l-eutanasia-stata-fermata#primaryimage"},"thumbnailUrl":"https:\/\/ifamnews.com\/wp-content\/uploads\/2021\/07\/7408095812_ac1d1950ec_o.jpg","datePublished":"2021-07-23T04:00:00+00:00","dateModified":"2021-08-24T18:44:20+00:00","description":"Piccola grande vittoria del fronte pro-life sull'Isola Verde, che segna un cambio di passo. Momentaneo. O forse no","breadcrumb":{"@id":"https:\/\/ifamnews.com\/it\/festeggiamo-l-irlanda-dove-l-eutanasia-stata-fermata#breadcrumb"},"inLanguage":"it-IT","potentialAction":[{"@type":"ReadAction","target":["https:\/\/ifamnews.com\/it\/festeggiamo-l-irlanda-dove-l-eutanasia-stata-fermata"]}]},{"@type":"ImageObject","inLanguage":"it-IT","@id":"https:\/\/ifamnews.com\/it\/festeggiamo-l-irlanda-dove-l-eutanasia-stata-fermata#primaryimage","url":"https:\/\/ifamnews.com\/wp-content\/uploads\/2021\/07\/7408095812_ac1d1950ec_o.jpg","contentUrl":"https:\/\/ifamnews.com\/wp-content\/uploads\/2021\/07\/7408095812_ac1d1950ec_o.jpg","width":1200,"height":675,"caption":"Image from Flickr"},{"@type":"BreadcrumbList","@id":"https:\/\/ifamnews.com\/it\/festeggiamo-l-irlanda-dove-l-eutanasia-stata-fermata#breadcrumb","itemListElement":[{"@type":"ListItem","position":1,"name":"Home","item":"https:\/\/ifamnews.com\/de"},{"@type":"ListItem","position":2,"name":"Life","item":"https:\/\/ifamnews.com\/en\/category\/life"},{"@type":"ListItem","position":3,"name":"Festeggiamo l\u2019Irlanda, dove l\u2019eutanasia \u00e8 stata fermata"}]},{"@type":"WebSite","@id":"https:\/\/ifamnews.com\/en\/#website","url":"https:\/\/ifamnews.com\/en\/","name":"IFN","description":"International Family News Network","publisher":{"@id":"https:\/\/ifamnews.com\/en\/#organization"},"potentialAction":[{"@type":"SearchAction","target":{"@type":"EntryPoint","urlTemplate":"https:\/\/ifamnews.com\/en\/?s={search_term_string}"},"query-input":{"@type":"PropertyValueSpecification","valueRequired":true,"valueName":"search_term_string"}}],"inLanguage":"it-IT"},{"@type":"Organization","@id":"https:\/\/ifamnews.com\/en\/#organization","name":"iFamNews","url":"https:\/\/ifamnews.com\/en\/","logo":{"@type":"ImageObject","inLanguage":"it-IT","@id":"https:\/\/ifamnews.com\/en\/#\/schema\/logo\/image\/","url":"https:\/\/ifamnews.com\/wp-content\/uploads\/2020\/01\/Share-logo.png","contentUrl":"https:\/\/ifamnews.com\/wp-content\/uploads\/2020\/01\/Share-logo.png","width":200,"height":200,"caption":"iFamNews"},"image":{"@id":"https:\/\/ifamnews.com\/en\/#\/schema\/logo\/image\/"},"sameAs":["https:\/\/www.facebook.com\/iFamNews","https:\/\/x.com\/iFamNewsEN"]},{"@type":"Person","@id":"https:\/\/ifamnews.com\/en\/#\/schema\/person\/86c5cbfe63e85edc1340e0113777cfa1","name":"Angelo Bottone","image":{"@type":"ImageObject","inLanguage":"it-IT","@id":"https:\/\/secure.gravatar.com\/avatar\/a136a43ef3ca3374e3d4d728082cf3204667ff4a6d07929f7cbd9a3f7a4a8617?s=96&d=mm&r=g","url":"https:\/\/secure.gravatar.com\/avatar\/a136a43ef3ca3374e3d4d728082cf3204667ff4a6d07929f7cbd9a3f7a4a8617?s=96&d=mm&r=g","contentUrl":"https:\/\/secure.gravatar.com\/avatar\/a136a43ef3ca3374e3d4d728082cf3204667ff4a6d07929f7cbd9a3f7a4a8617?s=96&d=mm&r=g","caption":"Angelo Bottone"},"description":"Angelo Bottone is a researcher at the Iona Institute in Dublin, Ireland, where he also teaches Philosophy at University College and Dublin Business School. He is the author of several books and articles on St. John Henry Newman, Paul Ricoeur and Ludwig Wittgenstein.","url":"https:\/\/ifamnews.com\/it\/author\/angelo-bottone"}]}},"amp_enabled":true,"_links":{"self":[{"href":"https:\/\/ifamnews.com\/it\/wp-json\/wp\/v2\/posts\/85692","targetHints":{"allow":["GET"]}}],"collection":[{"href":"https:\/\/ifamnews.com\/it\/wp-json\/wp\/v2\/posts"}],"about":[{"href":"https:\/\/ifamnews.com\/it\/wp-json\/wp\/v2\/types\/post"}],"author":[{"embeddable":true,"href":"https:\/\/ifamnews.com\/it\/wp-json\/wp\/v2\/users\/643"}],"replies":[{"embeddable":true,"href":"https:\/\/ifamnews.com\/it\/wp-json\/wp\/v2\/comments?post=85692"}],"version-history":[{"count":5,"href":"https:\/\/ifamnews.com\/it\/wp-json\/wp\/v2\/posts\/85692\/revisions"}],"predecessor-version":[{"id":85828,"href":"https:\/\/ifamnews.com\/it\/wp-json\/wp\/v2\/posts\/85692\/revisions\/85828"}],"wp:featuredmedia":[{"embeddable":true,"href":"https:\/\/ifamnews.com\/it\/wp-json\/wp\/v2\/media\/85698"}],"wp:attachment":[{"href":"https:\/\/ifamnews.com\/it\/wp-json\/wp\/v2\/media?parent=85692"}],"wp:term":[{"taxonomy":"category","embeddable":true,"href":"https:\/\/ifamnews.com\/it\/wp-json\/wp\/v2\/categories?post=85692"},{"taxonomy":"post_tag","embeddable":true,"href":"https:\/\/ifamnews.com\/it\/wp-json\/wp\/v2\/tags?post=85692"}],"curies":[{"name":"wp","href":"https:\/\/api.w.org\/{rel}","templated":true}]}}