{"id":85018,"date":"2021-07-19T00:00:00","date_gmt":"2021-07-19T04:00:00","guid":{"rendered":"https:\/\/ifamnews.com\/?p=85018"},"modified":"2021-08-24T14:45:09","modified_gmt":"2021-08-24T18:45:09","slug":"no-pasar-n","status":"publish","type":"post","link":"https:\/\/ifamnews.com\/it\/no-pasar-n","title":{"rendered":"No PASar\u00e1n"},"content":{"rendered":"<p class=\"last-updated\">Last updated on Agosto 24th, 2021 at 02:45 pm<\/p>\n<p>I <em>media<\/em> riportano sempre pi\u00f9 di frequente vicende di bambini contesi fra mamma e pap\u00e0, in caso di separazione, anche qualora il Tribunale dei minori abbia stabilito il cosiddetto affido condiviso, e delle gravi conflittualit\u00e0 che le determinano e che viceversa ne scaturiscono.<\/p>\n\n\n\n<p>Spesso, sono le mamme a subire la sorte peggiore. Le mamme, ma soprattutto i bambini.<\/p>\n\n\n\n<p><a href=\"https:\/\/ifamnews.com\/it\/madri-rescisse\" target=\"_blank\" rel=\"noopener\">\u00abiFamNews\u00bb ne ha parlato poco tempo fa con Assuntina Morresi<\/a>, giornalista e autrice, docente di Chimica Fisica presso il Dipartimento di Chimica, Biologia e Biotecnologie dell\u2019Universit\u00e0 degli Studi di Perugia, editorialista, membro del Comitato nazionale di Bioetica.<\/p>\n\n\n\n<p>In questo momento, come ci conferma la professoressa Morresi, \u00abParte dalla rete un appello alla Ministra Lamorgese perch\u00e9 cessino i cosiddetti \u201cprelievi\u201d forzati dei bambini a seguito di pronunciamenti dei Tribunali italiani. Stiamo parlando di bambini piccoli strappati alle loro mamme per essere portati in strutture dedicate, al fine di riavvicinarli ai padri rifiutati. Il contesto \u00e8 quello della cosiddetta alienazione parentale, un costrutto teorico senza basi scientifiche condannato dalla Cassazione ma che continua ad essere applicato da diversi Tribunali italiani, nella sostanza, a prescindere dai vari nomi con cui viene chiamato\u00bb.<\/p>\n\n\n\n<p>Le vicende dolorosissime dei bambini <a href=\"https:\/\/www.umbria24.it\/cronaca\/io-giovane-mamma-ho-subito-violenze-da-mio-marito-e-ora-lo-stato-vuole-togliermi-mio-figlio\" target=\"_blank\" rel=\"noopener\">di Assisi<\/a>, <a href=\"https:\/\/lepersoneeladignita.corriere.it\/2021\/06\/16\/pisa-a-8-anni-strappato-alla-mamma-da-11-agenti-di-polizia\/\" target=\"_blank\" rel=\"noopener\">di Pisa<\/a>, per esempio, legate alla questione importante della cosiddetta <a href=\"https:\/\/it.wikipedia.org\/wiki\/Sindrome_da_alienazione_genitoriale\" target=\"_blank\" rel=\"noopener\">sindrome da alienazione parentale , o PAS<\/a>, cui fa riferimento la Morresi, non possono che muovere a commozione, perci\u00f2 \u00e8 ancora pi\u00f9 importante mantenere la lucidit\u00e0 e dare un giudizio netto e preciso.<\/p>\n\n\n\n<p>\u00abNon serve per\u00f2 entrare nel merito di questo orientamento dei tribunali che hanno accolto il concetto della alienazione\u00bb, continua infatti Assuntina Morresi, \u00abper capire che l\u2019allontanamento coatto di bambini piccoli dal genitore che amano e con cui vivono e vogliono continuare a vivere, effettuato addirittura mediante le forze dell\u2019ordine, \u00e8 un atto di violenza sul minore, sempre. Ed \u00e8 sempre inaccettabile, perch\u00e9 inumano, a prescindere dalle intenzioni di chi lo dispone\u00bb.<\/p>\n\n\n\n<div class=\"wp-block-image\"><figure class=\"aligncenter size-large\"><img decoding=\"async\" width=\"498\" height=\"632\" src=\"https:\/\/ifamnews.com\/wp-content\/uploads\/2021\/07\/Cattura-5.png\" alt=\"\" class=\"wp-image-85019\" \/><figcaption><a href=\"https:\/\/www.facebook.com\/assuntina.morresi\/posts\/4498920880151948\" target=\"_blank\" rel=\"noopener\">dal profilo Facebook di Assuntina Morresi<\/a><\/figcaption><\/figure><\/div>\n\n\n\n<p>Nasce da qui l&#8217;appello, sorto spontaneamente <em>online<\/em>, al ministro Lamorgese affinch\u00e9 intervenga per impedire ci\u00f2 che viene visto, e sub\u00ecto, esattamente come un abuso.<\/p>\n\n\n\n<p>\u00abPer questo l\u2019appello alla Ministra\u00bb, conclude Assuntina Morresi. Per questo, semplicemente: per i bambini.<\/p>\n","protected":false},"excerpt":{"rendered":"<p>Le femministe scendono in campo per difendere le mamme<\/p>\n","protected":false},"author":14,"featured_media":85070,"comment_status":"open","ping_status":"open","sticky":false,"template":"","format":"standard","meta":{"give_campaign_id":0,"om_disable_all_campaigns":false,"_monsterinsights_skip_tracking":false,"_monsterinsights_sitenote_active":false,"_monsterinsights_sitenote_note":"","_monsterinsights_sitenote_category":0,"mc4wp_mailchimp_campaign":[],"jnews-multi-image_gallery":[],"jnews_single_post":{"subtitle":"Le femministe scendono in campo per difendere le mamme","format":"standard","video":"","gallery":"","source_name":"","source_url":"","via_name":"","via_url":"","override":[{"single_blog_custom":"","sidebar":"","second_sidebar":"","share_position":"","share_float_style":"","post_date_format":"","post_date_format_custom":"","post_reading_time_wpm":"","zoom_button_out_step":"1","zoom_button_in_step":"1","number_popup_post":"1"}],"image_override":[{"single_post_thumbnail_size":"","single_post_gallery_size":""}],"trending_post_position":"","trending_post_label":"","sponsored_post_label":"","sponsored_post_name":"","sponsored_post_url":"","sponsored_post_logo":"","sponsored_post_desc":""},"jnews_primary_category":{"id":"781"},"jnews_social_meta":[],"jnews_override_counter":[],"footnotes":""},"categories":[778,781],"tags":[11117,7993],"class_list":["post-85018","post","type-post","status-publish","format-standard","has-post-thumbnail","hentry","category-editoriali","category-famiglia","tag-pas","tag-vetrina"],"yoast_head":"<!-- This site is optimized with the Yoast SEO Premium plugin v25.9 (Yoast SEO v27.3) - https:\/\/yoast.com\/product\/yoast-seo-premium-wordpress\/ -->\n<title>No PASar\u00e1n - &quot;iFamNews&quot;<\/title>\n<meta name=\"description\" content=\"Le femministe scendono in campo per difendere le mamme, ma soprattutto i bambini, dall&#039;abuso della PAS, inventata a tavolino\" \/>\n<meta name=\"robots\" content=\"index, follow, max-snippet:-1, max-image-preview:large, max-video-preview:-1\" \/>\n<link rel=\"canonical\" href=\"https:\/\/ifamnews.com\/it\/no-pasar-n\" \/>\n<meta property=\"og:locale\" content=\"it_IT\" \/>\n<meta property=\"og:type\" content=\"article\" \/>\n<meta property=\"og:title\" content=\"No PASar\u00e1n\" \/>\n<meta property=\"og:description\" content=\"Le femministe scendono in campo per difendere le mamme, ma soprattutto i bambini, dall&#039;abuso della PAS, inventata a tavolino\" \/>\n<meta property=\"og:url\" content=\"https:\/\/ifamnews.com\/it\/no-pasar-n\" \/>\n<meta property=\"og:site_name\" content=\"IFN\" \/>\n<meta property=\"article:publisher\" content=\"https:\/\/www.facebook.com\/iFamNews\" \/>\n<meta property=\"article:published_time\" content=\"2021-07-19T04:00:00+00:00\" \/>\n<meta property=\"article:modified_time\" content=\"2021-08-24T18:45:09+00:00\" \/>\n<meta property=\"og:image\" content=\"https:\/\/ifamnews.com\/wp-content\/uploads\/2021\/07\/download-2.jpg\" \/>\n\t<meta property=\"og:image:width\" content=\"259\" \/>\n\t<meta property=\"og:image:height\" content=\"195\" \/>\n\t<meta property=\"og:image:type\" content=\"image\/jpeg\" \/>\n<meta name=\"author\" content=\"Barbara Santambrogio\" \/>\n<meta name=\"twitter:card\" content=\"summary_large_image\" \/>\n<meta name=\"twitter:creator\" content=\"@iFamNewsEN\" \/>\n<meta name=\"twitter:site\" content=\"@iFamNewsEN\" \/>\n<meta name=\"twitter:label1\" content=\"Scritto da\" \/>\n\t<meta name=\"twitter:data1\" content=\"Barbara Santambrogio\" \/>\n\t<meta name=\"twitter:label2\" content=\"Tempo di lettura stimato\" \/>\n\t<meta name=\"twitter:data2\" content=\"2 minuti\" \/>\n<!-- \/ Yoast SEO Premium plugin. -->","yoast_head_json":{"title":"No PASar\u00e1n - \"iFamNews\"","description":"Le femministe scendono in campo per difendere le mamme, ma soprattutto i bambini, dall'abuso della PAS, inventata a tavolino","robots":{"index":"index","follow":"follow","max-snippet":"max-snippet:-1","max-image-preview":"max-image-preview:large","max-video-preview":"max-video-preview:-1"},"canonical":"https:\/\/ifamnews.com\/it\/no-pasar-n","og_locale":"it_IT","og_type":"article","og_title":"No PASar\u00e1n","og_description":"Le femministe scendono in campo per difendere le mamme, ma soprattutto i bambini, dall'abuso della PAS, inventata a tavolino","og_url":"https:\/\/ifamnews.com\/it\/no-pasar-n","og_site_name":"IFN","article_publisher":"https:\/\/www.facebook.com\/iFamNews","article_published_time":"2021-07-19T04:00:00+00:00","article_modified_time":"2021-08-24T18:45:09+00:00","og_image":[{"width":259,"height":195,"url":"https:\/\/ifamnews.com\/wp-content\/uploads\/2021\/07\/download-2.jpg","type":"image\/jpeg"}],"author":"Barbara Santambrogio","twitter_card":"summary_large_image","twitter_creator":"@iFamNewsEN","twitter_site":"@iFamNewsEN","twitter_misc":{"Scritto da":"Barbara Santambrogio","Tempo di lettura stimato":"2 minuti"},"schema":{"@context":"https:\/\/schema.org","@graph":[{"@type":"NewsArticle","@id":"https:\/\/ifamnews.com\/it\/no-pasar-n#article","isPartOf":{"@id":"https:\/\/ifamnews.com\/it\/no-pasar-n"},"author":{"name":"Barbara Santambrogio","@id":"https:\/\/ifamnews.com\/en\/#\/schema\/person\/17118599da2799311b3611609a244572"},"headline":"No PASar\u00e1n","datePublished":"2021-07-19T04:00:00+00:00","dateModified":"2021-08-24T18:45:09+00:00","mainEntityOfPage":{"@id":"https:\/\/ifamnews.com\/it\/no-pasar-n"},"wordCount":356,"commentCount":0,"publisher":{"@id":"https:\/\/ifamnews.com\/en\/#organization"},"image":{"@id":"https:\/\/ifamnews.com\/it\/no-pasar-n#primaryimage"},"thumbnailUrl":"https:\/\/ifamnews.com\/wp-content\/uploads\/2021\/07\/download-2.jpg","keywords":["PAS","Vetrina"],"articleSection":["Editoriali","Famiglia"],"inLanguage":"it-IT","potentialAction":[{"@type":"CommentAction","name":"Comment","target":["https:\/\/ifamnews.com\/it\/no-pasar-n#respond"]}]},{"@type":"WebPage","@id":"https:\/\/ifamnews.com\/it\/no-pasar-n","url":"https:\/\/ifamnews.com\/it\/no-pasar-n","name":"No PASar\u00e1n - \"iFamNews\"","isPartOf":{"@id":"https:\/\/ifamnews.com\/en\/#website"},"primaryImageOfPage":{"@id":"https:\/\/ifamnews.com\/it\/no-pasar-n#primaryimage"},"image":{"@id":"https:\/\/ifamnews.com\/it\/no-pasar-n#primaryimage"},"thumbnailUrl":"https:\/\/ifamnews.com\/wp-content\/uploads\/2021\/07\/download-2.jpg","datePublished":"2021-07-19T04:00:00+00:00","dateModified":"2021-08-24T18:45:09+00:00","description":"Le femministe scendono in campo per difendere le mamme, ma soprattutto i bambini, dall'abuso della PAS, inventata a tavolino","breadcrumb":{"@id":"https:\/\/ifamnews.com\/it\/no-pasar-n#breadcrumb"},"inLanguage":"it-IT","potentialAction":[{"@type":"ReadAction","target":["https:\/\/ifamnews.com\/it\/no-pasar-n"]}]},{"@type":"ImageObject","inLanguage":"it-IT","@id":"https:\/\/ifamnews.com\/it\/no-pasar-n#primaryimage","url":"https:\/\/ifamnews.com\/wp-content\/uploads\/2021\/07\/download-2.jpg","contentUrl":"https:\/\/ifamnews.com\/wp-content\/uploads\/2021\/07\/download-2.jpg","width":259,"height":195,"caption":"Image from Wikimedia Commons"},{"@type":"BreadcrumbList","@id":"https:\/\/ifamnews.com\/it\/no-pasar-n#breadcrumb","itemListElement":[{"@type":"ListItem","position":1,"name":"Home","item":"https:\/\/ifamnews.com\/de"},{"@type":"ListItem","position":2,"name":"Famiglia","item":"https:\/\/ifamnews.com\/it\/categoria\/famiglia"},{"@type":"ListItem","position":3,"name":"No PASar\u00e1n"}]},{"@type":"WebSite","@id":"https:\/\/ifamnews.com\/en\/#website","url":"https:\/\/ifamnews.com\/en\/","name":"IFN","description":"International Family News Network","publisher":{"@id":"https:\/\/ifamnews.com\/en\/#organization"},"potentialAction":[{"@type":"SearchAction","target":{"@type":"EntryPoint","urlTemplate":"https:\/\/ifamnews.com\/en\/?s={search_term_string}"},"query-input":{"@type":"PropertyValueSpecification","valueRequired":true,"valueName":"search_term_string"}}],"inLanguage":"it-IT"},{"@type":"Organization","@id":"https:\/\/ifamnews.com\/en\/#organization","name":"iFamNews","url":"https:\/\/ifamnews.com\/en\/","logo":{"@type":"ImageObject","inLanguage":"it-IT","@id":"https:\/\/ifamnews.com\/en\/#\/schema\/logo\/image\/","url":"https:\/\/ifamnews.com\/wp-content\/uploads\/2020\/01\/Share-logo.png","contentUrl":"https:\/\/ifamnews.com\/wp-content\/uploads\/2020\/01\/Share-logo.png","width":200,"height":200,"caption":"iFamNews"},"image":{"@id":"https:\/\/ifamnews.com\/en\/#\/schema\/logo\/image\/"},"sameAs":["https:\/\/www.facebook.com\/iFamNews","https:\/\/x.com\/iFamNewsEN"]},{"@type":"Person","@id":"https:\/\/ifamnews.com\/en\/#\/schema\/person\/17118599da2799311b3611609a244572","name":"Barbara Santambrogio","image":{"@type":"ImageObject","inLanguage":"it-IT","@id":"https:\/\/secure.gravatar.com\/avatar\/e82fde821e1707b5acb9fe7ab0a5d6e32d42db6117e73021c2fc05cc90dad32f?s=96&d=mm&r=g","url":"https:\/\/secure.gravatar.com\/avatar\/e82fde821e1707b5acb9fe7ab0a5d6e32d42db6117e73021c2fc05cc90dad32f?s=96&d=mm&r=g","contentUrl":"https:\/\/secure.gravatar.com\/avatar\/e82fde821e1707b5acb9fe7ab0a5d6e32d42db6117e73021c2fc05cc90dad32f?s=96&d=mm&r=g","caption":"Barbara Santambrogio"},"description":"After an original and varied working path, in the field of advertising and publishing, but also in the world of wine, she finally came to deal with what she is most passionate about. Today she writes (for the web, but not only), deals with translations and teaches in elementary school. Biological and adoptive mother, she loves reading and running.","url":"https:\/\/ifamnews.com\/it\/author\/bsantambrogio"}]}},"amp_enabled":true,"_links":{"self":[{"href":"https:\/\/ifamnews.com\/it\/wp-json\/wp\/v2\/posts\/85018","targetHints":{"allow":["GET"]}}],"collection":[{"href":"https:\/\/ifamnews.com\/it\/wp-json\/wp\/v2\/posts"}],"about":[{"href":"https:\/\/ifamnews.com\/it\/wp-json\/wp\/v2\/types\/post"}],"author":[{"embeddable":true,"href":"https:\/\/ifamnews.com\/it\/wp-json\/wp\/v2\/users\/14"}],"replies":[{"embeddable":true,"href":"https:\/\/ifamnews.com\/it\/wp-json\/wp\/v2\/comments?post=85018"}],"version-history":[{"count":5,"href":"https:\/\/ifamnews.com\/it\/wp-json\/wp\/v2\/posts\/85018\/revisions"}],"predecessor-version":[{"id":85773,"href":"https:\/\/ifamnews.com\/it\/wp-json\/wp\/v2\/posts\/85018\/revisions\/85773"}],"wp:featuredmedia":[{"embeddable":true,"href":"https:\/\/ifamnews.com\/it\/wp-json\/wp\/v2\/media\/85070"}],"wp:attachment":[{"href":"https:\/\/ifamnews.com\/it\/wp-json\/wp\/v2\/media?parent=85018"}],"wp:term":[{"taxonomy":"category","embeddable":true,"href":"https:\/\/ifamnews.com\/it\/wp-json\/wp\/v2\/categories?post=85018"},{"taxonomy":"post_tag","embeddable":true,"href":"https:\/\/ifamnews.com\/it\/wp-json\/wp\/v2\/tags?post=85018"}],"curies":[{"name":"wp","href":"https:\/\/api.w.org\/{rel}","templated":true}]}}