{"id":84843,"date":"2021-07-18T00:00:00","date_gmt":"2021-07-18T04:00:00","guid":{"rendered":"https:\/\/ifamnews.com\/?p=84843"},"modified":"2021-08-24T14:38:43","modified_gmt":"2021-08-24T18:38:43","slug":"gi-le-mani-da-lady-oscar","status":"publish","type":"post","link":"https:\/\/ifamnews.com\/it\/gi-le-mani-da-lady-oscar","title":{"rendered":"Gi\u00f9 le mani da Lady Oscar"},"content":{"rendered":"<p class=\"last-updated\">Last updated on Agosto 24th, 2021 at 02:38 pm<\/p>\n<p><em>Lady<\/em> <em>Oscar<\/em>. <em>Manga<\/em> scritto e disegnato dalla fumettista giapponese Riyoko Ikeda, <em>anime <\/em>per la tiv\u00f9, <em>film<\/em> per il cinema e <em>musical<\/em> bicipite, essendo capace di attirare tanto a Oriente quanto a Occidente.<\/p>\n\n\n\n<p>Narra le vicende di una immaginaria giovane aristocratica d\u2019Oltralpe, Oscar Fran\u00e7ois de Jarjayes, ai tempi della Rivoluzione Francese (1789-1799), la quale, cresciuta dal padre come un maschio, come un maschio vive veste e tira di fioretto, sino a giungere a capo della Guardia reale a protezione della regina Maria Antonietta, l\u2019austriaca (1755-1793). Leale e fedele a <em>le Roi<\/em> e alla sua regina sino all\u2019ultimo, tanto da spezzare di fatto pi\u00f9 di una lancia in difesa <em>pop<\/em> dell\u2019Antico regime, bench\u00e9 nell\u2019Ottantanove si schieri dalla parte dei rivoluzionari, muore, gi\u00e0 debilitata dalla tisi, proprio nei tafferugli del 14 luglio 1789. E, oltre a una sigla musicale che chi scrive potrebbe cantare a memoria, la trama narra pure le vicende della corte di Francia ormai agonizzante su se stessa, di un re che amava creare lucchetti e serrature, del conte svedese Hans Axel von Fersen di cui sia <em>lady<\/em> Oscar sia la regina si innamorano, delle presunte favorite del sovrano, di intrighi e banchetti e danze e parrucche incipriate.<\/p>\n\n\n\n<p>Il volto pi\u00f9 popolare della giovine spadaccina \u00e8 decisamente quello del <em>serial<\/em> prodotto fra 1972 e 1973 in Giappone, e sbarcato in Italia un decennio dopo, che, puntuale, ogni luglio <a href=\"https:\/\/tg24.sky.it\/spettacolo\/2021\/07\/14\/lady-oscar\" target=\"_blank\" rel=\"noopener\">viene riesumato dalle teche della televisione<\/a> per essere, puntuale ogni luglio (ma con incalzare crescente in maniera proporzionale all\u2019occupazione degli spazi socio-culturali della propaganda LGBT+), <a href=\"https:\/\/libreriamo.it\/intrattenimento\/tv\/lady-oscar-eroina-scandalo-che-sovvertito-stereotipi-di-genere\/\" target=\"_blank\" rel=\"noopener\">costretto nei panni del transgenderismo<\/a>. Ma alla giovane quei panni vanno tanto corti quanto lo sono le gambe delle bugie.<\/p>\n\n\n\n<p>S\u00ec, il personaggio si contrappose a una certa modalit\u00e0 stereotipata e strappalacrime di presentare le eroine femminili dei cartoni animati, tutte dolci, buone, remissive, spesso vittime, spessissimo orfane: Peline, Charlotte, la crocerossina per antonomasia Candy Candy. Ma semmai, <em>lady<\/em> Oscar potrebbe rappresentare alcune delle istanze del femminismo pi\u00f9 fiero, non certo del mondo <em>trans<\/em>, tanta \u00e8 la risolutezza che ella mostra in combattimento, biondissima e algida nelle decisioni che attengono al suo mestiere e al rango e al sacrificio. E per\u00f2 i tempi sono cos\u00ec cambiati da avere sfumato, se non persino sfrangiato, anche questo tema.<\/p>\n\n\n\n<p>In nessun modo, infatti, si avverte l\u2019inclinazione a quella confusione \u00abdi genere\u00bb che da allora, ma sempre pi\u00f9, le si vorrebbe attribuire. <em>Lady<\/em> Oscar \u00e8 un\u2019eroina femminile che vive come un uomo e che finge di essere uomo perch\u00e9 spinta, addirittura costretta dalle circostanze e dalle esigenze della casata. La trama e le immagini raccontano solo questo: una donna a tutti gli effetti, naturalmente innamorata di un uomo. Anzi, persino di due, se nel finale confessa di amare in realt\u00e0 Andr\u00e8, amico d\u2019infanzia, sodale di mille avventure soldatesche.<\/p>\n\n\n\n<p>N\u00e9 \u00e8 l\u2019unica, <em>lady<\/em> Oscar, ad avere vestito i panni di uomo in tempi e in circostanze e in luoghi in cui essere donna era troppo difficile e soprattutto confinava i movimenti alla cucina, al salotto, al limite alla camera da letto: donne in abito di uomo senza n\u00e9 mischiare n\u00e9 confondere il genere, il sesso e soprattutto gli spettatori.<\/p>\n\n\n\n<p>Per esempio <a href=\"https:\/\/it.wikipedia.org\/wiki\/Mulan\" target=\"_blank\" rel=\"noopener\">Mulan, la giovinetta dell\u2019antica Cina<\/a> il cui personaggio \u00e8 ispirato alla leggenda di Hua Mulan narrato da un canto popolare le cui origini risalgono a quasi 1600 anni fa. Quando il suo Paese viene attaccato dagli Unni, la ragazza si sostituisce al padre, anziano e malato, per rispondere alla chiamata alle armi dell\u2019imperatore, celando la propria femminilit\u00e0 e sgominando infine un temibile e terribile comandante unno. Anche in questo caso, non manca la storia d\u2019amore: con il principe.<\/p>\n\n\n\n<p>Tratto da un romanzo dello scozzese Robert Louis Stevenson (1850-1894), ambientato nell\u2019Inghilterra nella Guerra delle due rose (1455-1487), la produzione dello sceneggiato televisivo RAI <a href=\"https:\/\/www.raiplay.it\/programmi\/lafreccianera\" target=\"_blank\" rel=\"noopener\"><em>La freccia nera<\/em><\/a>, del 1968, \u00e8 tutta italiana e vede una giovanissima Loretta Goggi, Joan, vestire panni maschili per esigenze di nascondimento e di copione. Ma pure in questo caso Joan resta sempre e solo una ragazza, e anzi la storia d\u2019amore fra lei e il giovane Dick Shelton percorre tutta la serie senza un briciolo di <em>gender<\/em> o di malizia nemmeno per sbaglio pur in quegli anni turbolenti, se non torbidi.<\/p>\n\n\n\n<p>Mutando registro e tono, pure \u00c9owyn, principessa di Rohan \u00abbella, bella e fredda\u00bb, ne <em>Il Signore degli Anelli<\/em>, celeberrima opera di J.R.R. Tolkien (1892-1973), si maschera da uomo per poter combattere nella battaglia ultim(ativ)a. Sotto le spoglie del giovane Dernhelm del Popolo dei cavalli, dama \u00c9owyn sconfigge poi nientemeno che l\u2019orrendo e \u201cinvincibile\u201d signore dei Nazg\u00fbl. E solo lei pu\u00f2, giacch\u00e9, secondo la profezia, il principe degli spettri non avrebbe potuto essere vinto \u00abda mano di uomo\u00bb.<\/p>\n\n\n\n<p>Del resto l\u2019archetipo \u00e8 (o a noi piace proprio guardarla cos\u00ec) la figura storica eppure e al contempo magnificamente leggendaria di Jeanne d\u2019Arc, Giovanna d\u2019Arco (1412-1431), la pulzella d\u2019Orl\u00e9ans, santa combattente, che l\u2019iconografia tradizionale raffigura con l\u2019armatura, i capelli tagliati alla maschietto, lo sguardo febbrile e lo stendardo con i gigli di Francia di chi lotta per il Signore prima che per il mondo. Praticamente ce n\u2019\u00e8 una statua in ogni chiesa francese, anche la pi\u00f9 sperduta, e al cinema la sua mascolinit\u00e0-con-una-ragione \u00e8 stata rappresentata alla perfezione da bellezze talentuose e indubitabilmente femminili come Ingrid Bergman (1915-1982) o Milla Jovovich.<\/p>\n\n\n\n<p>In nessuno di questi esempi vi \u00e8 confusione di ruoli o di sessi, e nessun ragazzo, nessuna ragazza, nessun bambino ma nemmeno nessun grande indugia qui minimamente in presunte \u00abdisforie di genere\u00bb. Tranne che quando comincia il bombardamento a tappeto del dubbio, quella serpe che s\u2019insinua quando si abbassa la guardia e che molti hanno l\u2019interesse ad allevare in seno. Gi\u00f9 le mani, insomma, da <em>lady<\/em> Oscar, spada e scudo di un mondo in cui l\u2019abito fa cos\u00ec tanto l\u2019uomo e la donna che a volte fingere serve a depistare i nemici.<\/p>\n","protected":false},"excerpt":{"rendered":"<p>Non \u00e8 affatto una icona trans, tranne per chi ha interesse a mistificare ideologicamente la realt\u00e0 <\/p>\n","protected":false},"author":14,"featured_media":84848,"comment_status":"open","ping_status":"open","sticky":false,"template":"","format":"standard","meta":{"give_campaign_id":0,"om_disable_all_campaigns":false,"_monsterinsights_skip_tracking":false,"_monsterinsights_sitenote_active":false,"_monsterinsights_sitenote_note":"","_monsterinsights_sitenote_category":0,"mc4wp_mailchimp_campaign":[],"jnews-multi-image_gallery":[],"jnews_single_post":{"subtitle":"Non \u00e8 affatto una icona trans, tranne per chi ha interesse a mistificare ideologicamente la realt\u00e0 ","format":"standard","video":"","gallery":"","source_name":"","source_url":"","via_name":"","via_url":"","override":[{"single_blog_custom":"","sidebar":"","second_sidebar":"","share_position":"","share_float_style":"","post_date_format":"","post_date_format_custom":"","post_reading_time_wpm":"","zoom_button_out_step":"1","zoom_button_in_step":"1","number_popup_post":"1"}],"image_override":[{"single_post_thumbnail_size":"","single_post_gallery_size":""}],"trending_post_position":"","trending_post_label":"","sponsored_post_label":"","sponsored_post_name":"","sponsored_post_url":"","sponsored_post_logo":"","sponsored_post_desc":""},"jnews_primary_category":{"id":"764"},"jnews_social_meta":[],"jnews_override_counter":[],"footnotes":""},"categories":[764,951],"tags":[7993],"class_list":["post-84843","post","type-post","status-publish","format-standard","has-post-thumbnail","hentry","category-cultura","category-foreground-it","tag-vetrina"],"yoast_head":"<!-- This site is optimized with the Yoast SEO Premium plugin v25.9 (Yoast SEO v27.3) - https:\/\/yoast.com\/product\/yoast-seo-premium-wordpress\/ -->\n<title>Gi\u00f9 le mani da Lady Oscar - &quot;iFamNews&quot;<\/title>\n<meta name=\"description\" content=\"Non \u00e8 affatto una icona trans, tranne per chi ha interesse a mistificare ideologicamente la realt\u00e0, piegandola al proprio desiderio\" \/>\n<meta name=\"robots\" content=\"index, follow, max-snippet:-1, max-image-preview:large, max-video-preview:-1\" \/>\n<link rel=\"canonical\" href=\"https:\/\/ifamnews.com\/it\/gi-le-mani-da-lady-oscar\" \/>\n<meta property=\"og:locale\" content=\"it_IT\" \/>\n<meta property=\"og:type\" content=\"article\" \/>\n<meta property=\"og:title\" content=\"Gi\u00f9 le mani da Lady Oscar\" \/>\n<meta property=\"og:description\" content=\"Non \u00e8 affatto una icona trans, tranne per chi ha interesse a mistificare ideologicamente la realt\u00e0, piegandola al proprio desiderio\" \/>\n<meta property=\"og:url\" content=\"https:\/\/ifamnews.com\/it\/gi-le-mani-da-lady-oscar\" \/>\n<meta property=\"og:site_name\" content=\"IFN\" \/>\n<meta property=\"article:publisher\" content=\"https:\/\/www.facebook.com\/iFamNews\" \/>\n<meta property=\"article:published_time\" content=\"2021-07-18T04:00:00+00:00\" \/>\n<meta property=\"article:modified_time\" content=\"2021-08-24T18:38:43+00:00\" \/>\n<meta property=\"og:image\" content=\"https:\/\/ifamnews.com\/wp-content\/uploads\/2021\/07\/Cattura-2.png\" \/>\n\t<meta property=\"og:image:width\" content=\"829\" \/>\n\t<meta property=\"og:image:height\" content=\"547\" \/>\n\t<meta property=\"og:image:type\" content=\"image\/png\" \/>\n<meta name=\"author\" content=\"Barbara Santambrogio\" \/>\n<meta name=\"twitter:card\" content=\"summary_large_image\" \/>\n<meta name=\"twitter:creator\" content=\"@iFamNewsEN\" \/>\n<meta name=\"twitter:site\" content=\"@iFamNewsEN\" \/>\n<meta name=\"twitter:label1\" content=\"Scritto da\" \/>\n\t<meta name=\"twitter:data1\" content=\"Barbara Santambrogio\" \/>\n\t<meta name=\"twitter:label2\" content=\"Tempo di lettura stimato\" \/>\n\t<meta name=\"twitter:data2\" content=\"5 minuti\" \/>\n<!-- \/ Yoast SEO Premium plugin. -->","yoast_head_json":{"title":"Gi\u00f9 le mani da Lady Oscar - \"iFamNews\"","description":"Non \u00e8 affatto una icona trans, tranne per chi ha interesse a mistificare ideologicamente la realt\u00e0, piegandola al proprio desiderio","robots":{"index":"index","follow":"follow","max-snippet":"max-snippet:-1","max-image-preview":"max-image-preview:large","max-video-preview":"max-video-preview:-1"},"canonical":"https:\/\/ifamnews.com\/it\/gi-le-mani-da-lady-oscar","og_locale":"it_IT","og_type":"article","og_title":"Gi\u00f9 le mani da Lady Oscar","og_description":"Non \u00e8 affatto una icona trans, tranne per chi ha interesse a mistificare ideologicamente la realt\u00e0, piegandola al proprio desiderio","og_url":"https:\/\/ifamnews.com\/it\/gi-le-mani-da-lady-oscar","og_site_name":"IFN","article_publisher":"https:\/\/www.facebook.com\/iFamNews","article_published_time":"2021-07-18T04:00:00+00:00","article_modified_time":"2021-08-24T18:38:43+00:00","og_image":[{"width":829,"height":547,"url":"https:\/\/ifamnews.com\/wp-content\/uploads\/2021\/07\/Cattura-2.png","type":"image\/png"}],"author":"Barbara Santambrogio","twitter_card":"summary_large_image","twitter_creator":"@iFamNewsEN","twitter_site":"@iFamNewsEN","twitter_misc":{"Scritto da":"Barbara Santambrogio","Tempo di lettura stimato":"5 minuti"},"schema":{"@context":"https:\/\/schema.org","@graph":[{"@type":"NewsArticle","@id":"https:\/\/ifamnews.com\/it\/gi-le-mani-da-lady-oscar#article","isPartOf":{"@id":"https:\/\/ifamnews.com\/it\/gi-le-mani-da-lady-oscar"},"author":{"name":"Barbara Santambrogio","@id":"https:\/\/ifamnews.com\/en\/#\/schema\/person\/17118599da2799311b3611609a244572"},"headline":"Gi\u00f9 le mani da Lady Oscar","datePublished":"2021-07-18T04:00:00+00:00","dateModified":"2021-08-24T18:38:43+00:00","mainEntityOfPage":{"@id":"https:\/\/ifamnews.com\/it\/gi-le-mani-da-lady-oscar"},"wordCount":988,"commentCount":0,"publisher":{"@id":"https:\/\/ifamnews.com\/en\/#organization"},"image":{"@id":"https:\/\/ifamnews.com\/it\/gi-le-mani-da-lady-oscar#primaryimage"},"thumbnailUrl":"https:\/\/ifamnews.com\/wp-content\/uploads\/2021\/07\/Cattura-2.png","keywords":["Vetrina"],"articleSection":["Cultura","In evidenza"],"inLanguage":"it-IT","potentialAction":[{"@type":"CommentAction","name":"Comment","target":["https:\/\/ifamnews.com\/it\/gi-le-mani-da-lady-oscar#respond"]}]},{"@type":"WebPage","@id":"https:\/\/ifamnews.com\/it\/gi-le-mani-da-lady-oscar","url":"https:\/\/ifamnews.com\/it\/gi-le-mani-da-lady-oscar","name":"Gi\u00f9 le mani da Lady Oscar - \"iFamNews\"","isPartOf":{"@id":"https:\/\/ifamnews.com\/en\/#website"},"primaryImageOfPage":{"@id":"https:\/\/ifamnews.com\/it\/gi-le-mani-da-lady-oscar#primaryimage"},"image":{"@id":"https:\/\/ifamnews.com\/it\/gi-le-mani-da-lady-oscar#primaryimage"},"thumbnailUrl":"https:\/\/ifamnews.com\/wp-content\/uploads\/2021\/07\/Cattura-2.png","datePublished":"2021-07-18T04:00:00+00:00","dateModified":"2021-08-24T18:38:43+00:00","description":"Non \u00e8 affatto una icona trans, tranne per chi ha interesse a mistificare ideologicamente la realt\u00e0, piegandola al proprio desiderio","breadcrumb":{"@id":"https:\/\/ifamnews.com\/it\/gi-le-mani-da-lady-oscar#breadcrumb"},"inLanguage":"it-IT","potentialAction":[{"@type":"ReadAction","target":["https:\/\/ifamnews.com\/it\/gi-le-mani-da-lady-oscar"]}]},{"@type":"ImageObject","inLanguage":"it-IT","@id":"https:\/\/ifamnews.com\/it\/gi-le-mani-da-lady-oscar#primaryimage","url":"https:\/\/ifamnews.com\/wp-content\/uploads\/2021\/07\/Cattura-2.png","contentUrl":"https:\/\/ifamnews.com\/wp-content\/uploads\/2021\/07\/Cattura-2.png","width":829,"height":547,"caption":"Image from Flickr"},{"@type":"BreadcrumbList","@id":"https:\/\/ifamnews.com\/it\/gi-le-mani-da-lady-oscar#breadcrumb","itemListElement":[{"@type":"ListItem","position":1,"name":"Home","item":"https:\/\/ifamnews.com\/de"},{"@type":"ListItem","position":2,"name":"Cultura","item":"https:\/\/ifamnews.com\/it\/categoria\/cultura"},{"@type":"ListItem","position":3,"name":"Gi\u00f9 le mani da Lady Oscar"}]},{"@type":"WebSite","@id":"https:\/\/ifamnews.com\/en\/#website","url":"https:\/\/ifamnews.com\/en\/","name":"IFN","description":"International Family News Network","publisher":{"@id":"https:\/\/ifamnews.com\/en\/#organization"},"potentialAction":[{"@type":"SearchAction","target":{"@type":"EntryPoint","urlTemplate":"https:\/\/ifamnews.com\/en\/?s={search_term_string}"},"query-input":{"@type":"PropertyValueSpecification","valueRequired":true,"valueName":"search_term_string"}}],"inLanguage":"it-IT"},{"@type":"Organization","@id":"https:\/\/ifamnews.com\/en\/#organization","name":"iFamNews","url":"https:\/\/ifamnews.com\/en\/","logo":{"@type":"ImageObject","inLanguage":"it-IT","@id":"https:\/\/ifamnews.com\/en\/#\/schema\/logo\/image\/","url":"https:\/\/ifamnews.com\/wp-content\/uploads\/2020\/01\/Share-logo.png","contentUrl":"https:\/\/ifamnews.com\/wp-content\/uploads\/2020\/01\/Share-logo.png","width":200,"height":200,"caption":"iFamNews"},"image":{"@id":"https:\/\/ifamnews.com\/en\/#\/schema\/logo\/image\/"},"sameAs":["https:\/\/www.facebook.com\/iFamNews","https:\/\/x.com\/iFamNewsEN"]},{"@type":"Person","@id":"https:\/\/ifamnews.com\/en\/#\/schema\/person\/17118599da2799311b3611609a244572","name":"Barbara Santambrogio","image":{"@type":"ImageObject","inLanguage":"it-IT","@id":"https:\/\/secure.gravatar.com\/avatar\/e82fde821e1707b5acb9fe7ab0a5d6e32d42db6117e73021c2fc05cc90dad32f?s=96&d=mm&r=g","url":"https:\/\/secure.gravatar.com\/avatar\/e82fde821e1707b5acb9fe7ab0a5d6e32d42db6117e73021c2fc05cc90dad32f?s=96&d=mm&r=g","contentUrl":"https:\/\/secure.gravatar.com\/avatar\/e82fde821e1707b5acb9fe7ab0a5d6e32d42db6117e73021c2fc05cc90dad32f?s=96&d=mm&r=g","caption":"Barbara Santambrogio"},"description":"After an original and varied working path, in the field of advertising and publishing, but also in the world of wine, she finally came to deal with what she is most passionate about. Today she writes (for the web, but not only), deals with translations and teaches in elementary school. Biological and adoptive mother, she loves reading and running.","url":"https:\/\/ifamnews.com\/it\/author\/bsantambrogio"}]}},"amp_enabled":true,"_links":{"self":[{"href":"https:\/\/ifamnews.com\/it\/wp-json\/wp\/v2\/posts\/84843","targetHints":{"allow":["GET"]}}],"collection":[{"href":"https:\/\/ifamnews.com\/it\/wp-json\/wp\/v2\/posts"}],"about":[{"href":"https:\/\/ifamnews.com\/it\/wp-json\/wp\/v2\/types\/post"}],"author":[{"embeddable":true,"href":"https:\/\/ifamnews.com\/it\/wp-json\/wp\/v2\/users\/14"}],"replies":[{"embeddable":true,"href":"https:\/\/ifamnews.com\/it\/wp-json\/wp\/v2\/comments?post=84843"}],"version-history":[{"count":4,"href":"https:\/\/ifamnews.com\/it\/wp-json\/wp\/v2\/posts\/84843\/revisions"}],"predecessor-version":[{"id":85134,"href":"https:\/\/ifamnews.com\/it\/wp-json\/wp\/v2\/posts\/84843\/revisions\/85134"}],"wp:featuredmedia":[{"embeddable":true,"href":"https:\/\/ifamnews.com\/it\/wp-json\/wp\/v2\/media\/84848"}],"wp:attachment":[{"href":"https:\/\/ifamnews.com\/it\/wp-json\/wp\/v2\/media?parent=84843"}],"wp:term":[{"taxonomy":"category","embeddable":true,"href":"https:\/\/ifamnews.com\/it\/wp-json\/wp\/v2\/categories?post=84843"},{"taxonomy":"post_tag","embeddable":true,"href":"https:\/\/ifamnews.com\/it\/wp-json\/wp\/v2\/tags?post=84843"}],"curies":[{"name":"wp","href":"https:\/\/api.w.org\/{rel}","templated":true}]}}