{"id":84380,"date":"2021-07-16T00:00:00","date_gmt":"2021-07-16T04:00:00","guid":{"rendered":"https:\/\/ifamnews.com\/?p=84380"},"modified":"2021-07-29T02:24:10","modified_gmt":"2021-07-29T06:24:10","slug":"la-ue-colpisce-ungheria-e-polonia-perch-combattono-le-bugie","status":"publish","type":"post","link":"https:\/\/ifamnews.com\/it\/la-ue-colpisce-ungheria-e-polonia-perch-combattono-le-bugie","title":{"rendered":"La UE colpisce Ungheria e Polonia perch\u00e9 combattono le bugie"},"content":{"rendered":"<p class=\"last-updated\">Last updated on Luglio 29th, 2021 at 02:24 am<\/p>\n<p>L\u2019Unione Europea ha avviato, ieri, una procedura d\u2019infrazione contro l\u2019Ungheria e contro la Polonia. Lo ha fatto per il \u00abmancato rispetto dei diritti LGBT+\u00bb. \u00c8 un reato, cio\u00e8, \u00e8 <em>gi\u00e0<\/em> un reato, \u00e8 persino un reato internazionale, di portata europea, sostenere la verit\u00e0 e opporsi alle menzogne. Probabilmente i cacciatori di <em>fake news<\/em> e di post-verit\u00e0 sono in ferie. Ungheria e Polonia hanno infatti ragione da vendere a non rispettare i \u00abdiritti LGBT+\u00bb giacch\u00e9 i \u00abdiritti LGBT+\u00bb non esistono. Esistono i diritti delle persone, intrinseci e inerenti la loro natura, prima ancora di sapere chi quelle persone siano, cosa facciano, cosa pensino, come vivano, cosa scelgano, e cos\u00ec via.<\/p>\n\n\n\n<p>Non viviamo forse \u2013 e giustamente \u2013 nel mondo che si scandalizza quando i diritti umani vengono calpestati, che si batte \u00ad \u2013 e correttamente \u2013 affinch\u00e9 i diritti umani vengano garantiti sempre o comunque, che pretende \u2013 e sacrosantamente \u2013 che gli esseri umani non vengano suddivisi in razze, categorie, serie A o B o C, distinti per credo, religione e \u00aborientamento sessuale\u00bb, discriminati perch\u00e9 neri, gialli, bianchi, rossi, con gli occhi a mandorla e se portatori di <em>handicap<\/em>?<\/p>\n\n\n\n<p>Non abitiamo forse il mondo che pretende che gli uomini siano tutti uguali e considerati eguali in quanto uomini e proprio poich\u00e9 uomini?<\/p>\n\n\n\n<p>E allora perch\u00e9 si pretende di derogare alla difesa e alla tutela dei diritti della persona umana in quanto tale per inventare che sarebbe bisognosa di tutela una costruzione culturale, una ideologia, foss\u2019anche una inclinazione personale, magari anche solo \u2013 terribile \u2013 una funzione sessuale? Qualcuno crede infatti che la persona, qualsiasi persona umana sia riducibile a una razza, a un colore della pelle, a una caratteristica fisica, a una menomazione, a un orientamento, a un gusto, a una voglia o \u2013 sempre pi\u00f9 terribile \u2013 a una funzione sessuale?<\/p>\n\n\n\n<p>Nessuno dotato di buonsenso riterrebbe che il sottoscritto sia meritevole di tutela internazionale, comminando il cartellino giallo o rosso a chi mancasse di rispetto, perch\u00e9 entusiasta di Gandalf o di Batman o di Asterix. Nelle mie prerogative di essere umano, cio\u00e8 di persona, vi sono dei diritti intrinseci e intangibili, primo di tutti la vita (perch\u00e9 senza quella il resto nemmeno esiste), quindi la libert\u00e0 religiosa (che \u00e8 il primo diritto umano politico, visto che da come una persona regola la propria esistenza <em>ab ovo<\/em> discende e deriva il resto della sua vita psichica, sociale, culturale, politica), in terzo luogo la propriet\u00e0 (affinch\u00e9 la libert\u00e0 abbia <em>chance<\/em> concrete di espressione). Il mio diritto di non essere discriminato se i libri di Emilio Salgari mi conquistano sta dentro qui o non sta affatto. Pretendere di essere tutelato per quel mio gusto, orientamento o cultura, e non in quella libert\u00e0 che, connotandomi in quanto persona, \u00e8 lo strumento affinch\u00e9 la verit\u00e0 trovi spazio, sarebbe cos\u00ec ridicolo che nessuno mi darebbe retta.<\/p>\n\n\n\n<p>Tutelare i \u00abdiritti LGBT+\u00bb \u00e8 cio\u00e8 una corbelleria rotonda, perch\u00e9 LGBT+ o eterosessuale, una persona gode di diritti che prescindono \u2013 benedettamente \u2013 dalle sue specificit\u00e0, che addirittura vengono ontologicamente (e anche cronologicamente) prima. Se fossi, e non sono, LGBT+, mi sentirei male se qualcuno mi inquadrasse e quindi pretendesse di tutelarmi in base a mie scelte e orientamenti personali, o gusti e inclinazioni, o cultura e ideologia, ma non in quanto persona, e questo per il motivo semplice che sentirei del tutto posticcia la difesa di una fattispecie singola, che la buona filosofia definirebbe <em>accidens<\/em>, e non per l\u2019essenza ontologica che mi fa persona umana. Budapest viene ora presa di mira dall\u2019Unione Europea per avere varato <a href=\"https:\/\/ifamnews.com\/it\/quella-ungherese-la-legge-del-buon-senso\" target=\"_blank\" rel=\"noopener\">una legge che difende i minori contro qualsiasi aggressione sul piano culturale e fisico<\/a>, quindi, se contro qualsiasi aggressione, evidentemente anche contro le aggressioni eventualmente omosessuali, e Varsavia per la <a href=\"https:\/\/ifamnews.com\/it\/europagliacciata-lgbt-\" target=\"_blank\" rel=\"noopener\">questione farlocca delle zone \u00abLGBT+ <em>free<\/em>\u00bb<\/a>. In entrambi i casi \u2013 come dicevo d\u2019esordio \u2013 la UE colpisce due Stati membri perch\u00e9 si battono contro la menzogna. Prendiamo tutti nota con cura, giacch\u00e9 siamo solo agli inizi.<\/p>\n\n\n\n<p class=\"has-small-font-size\"><em>Image source<\/em>: <a href=\"https:\/\/pix4free.org\/\" target=\"_blank\" rel=\"noopener\">Think<\/a>, <em>photo by<\/em> Nick Youngson <em>from<\/em> Thebluediamond, <em>licensed by<\/em> <a href=\"https:\/\/creativecommons.org\/licenses\/by-sa\/3.0\/\" target=\"_blank\" rel=\"noopener\">CC by SA 3.0<\/a><\/p>\n","protected":false},"excerpt":{"rendered":"<p>L\u2019una per la legge a tutela dei minori e l\u2019altra per la fake news delle zone \u00abLGBT+ free\u00bb. Prendiamo nota. Siamo solo agli inizi<\/p>\n","protected":false},"author":7,"featured_media":84382,"comment_status":"open","ping_status":"open","sticky":false,"template":"","format":"standard","meta":{"give_campaign_id":0,"om_disable_all_campaigns":false,"_monsterinsights_skip_tracking":false,"_monsterinsights_sitenote_active":false,"_monsterinsights_sitenote_note":"","_monsterinsights_sitenote_category":0,"mc4wp_mailchimp_campaign":[],"jnews-multi-image_gallery":[],"jnews_single_post":{"subtitle":"L\u2019una per la legge a tutela dei minori e l\u2019altra per la fake news delle zone \u00abLGBT+ free\u00bb. Prendiamo nota. Siamo solo agli inizi","format":"standard","video":"","gallery":"","source_name":"","source_url":"","via_name":"","via_url":"","override":[{"single_blog_custom":"","sidebar":"","second_sidebar":"","share_position":"","share_float_style":"","post_date_format":"","post_date_format_custom":"","post_reading_time_wpm":"","zoom_button_out_step":"1","zoom_button_in_step":"1","number_popup_post":"1"}],"image_override":[{"single_post_thumbnail_size":"","single_post_gallery_size":""}],"trending_post_position":"","trending_post_label":"","sponsored_post_label":"","sponsored_post_name":"","sponsored_post_url":"","sponsored_post_logo":"","sponsored_post_desc":""},"jnews_primary_category":{"id":"780"},"jnews_social_meta":[],"jnews_override_counter":[],"footnotes":""},"categories":[778,780],"tags":[1631,1563,3067,7993],"class_list":["post-84380","post","type-post","status-publish","format-standard","has-post-thumbnail","hentry","category-editoriali","category-politica-it","tag-polonia","tag-ungheria","tag-unione-europea","tag-vetrina"],"yoast_head":"<!-- This site is optimized with the Yoast SEO Premium plugin v25.9 (Yoast SEO v27.3) - https:\/\/yoast.com\/product\/yoast-seo-premium-wordpress\/ -->\n<title>La UE colpisce Ungheria e Polonia perch\u00e9 combattono le bugie - \u00abiFamNews\u00bb<\/title>\n<meta name=\"description\" content=\"L\u2019una per la legge a tutela dei minori e l\u2019altra per la fake news delle zone \u00abLGBT+ free\u00bb. Prendiamo nota. Siamo solo agli inizi\" \/>\n<meta name=\"robots\" content=\"index, follow, max-snippet:-1, max-image-preview:large, max-video-preview:-1\" \/>\n<link rel=\"canonical\" href=\"https:\/\/ifamnews.com\/it\/la-ue-colpisce-ungheria-e-polonia-perch-combattono-le-bugie\" \/>\n<meta property=\"og:locale\" content=\"it_IT\" \/>\n<meta property=\"og:type\" content=\"article\" \/>\n<meta property=\"og:title\" content=\"La UE colpisce Ungheria e Polonia perch\u00e9 combattono le bugie\" \/>\n<meta property=\"og:description\" content=\"L\u2019una per la legge a tutela dei minori e l\u2019altra per la fake news delle zone \u00abLGBT+ free\u00bb. Prendiamo nota. Siamo solo agli inizi\" \/>\n<meta property=\"og:url\" content=\"https:\/\/ifamnews.com\/it\/la-ue-colpisce-ungheria-e-polonia-perch-combattono-le-bugie\" \/>\n<meta property=\"og:site_name\" content=\"IFN\" \/>\n<meta property=\"article:publisher\" content=\"https:\/\/www.facebook.com\/iFamNews\" \/>\n<meta property=\"article:author\" content=\"https:\/\/facebook.com\/MarcoRespinti\" \/>\n<meta property=\"article:published_time\" content=\"2021-07-16T04:00:00+00:00\" \/>\n<meta property=\"article:modified_time\" content=\"2021-07-29T06:24:10+00:00\" \/>\n<meta property=\"og:image\" content=\"https:\/\/ifamnews.com\/wp-content\/uploads\/2021\/07\/truth.jpg\" \/>\n\t<meta property=\"og:image:width\" content=\"1200\" \/>\n\t<meta property=\"og:image:height\" content=\"675\" \/>\n\t<meta property=\"og:image:type\" content=\"image\/jpeg\" \/>\n<meta name=\"author\" content=\"Marco Respinti\" \/>\n<meta name=\"twitter:card\" content=\"summary_large_image\" \/>\n<meta name=\"twitter:creator\" content=\"@https:\/\/twitter.com\/MarcoRespinti\" \/>\n<meta name=\"twitter:site\" content=\"@iFamNewsEN\" \/>\n<meta name=\"twitter:label1\" content=\"Scritto da\" \/>\n\t<meta name=\"twitter:data1\" content=\"Marco Respinti\" \/>\n\t<meta name=\"twitter:label2\" content=\"Tempo di lettura stimato\" \/>\n\t<meta name=\"twitter:data2\" content=\"3 minuti\" \/>\n<!-- \/ Yoast SEO Premium plugin. -->","yoast_head_json":{"title":"La UE colpisce Ungheria e Polonia perch\u00e9 combattono le bugie - \u00abiFamNews\u00bb","description":"L\u2019una per la legge a tutela dei minori e l\u2019altra per la fake news delle zone \u00abLGBT+ free\u00bb. Prendiamo nota. Siamo solo agli inizi","robots":{"index":"index","follow":"follow","max-snippet":"max-snippet:-1","max-image-preview":"max-image-preview:large","max-video-preview":"max-video-preview:-1"},"canonical":"https:\/\/ifamnews.com\/it\/la-ue-colpisce-ungheria-e-polonia-perch-combattono-le-bugie","og_locale":"it_IT","og_type":"article","og_title":"La UE colpisce Ungheria e Polonia perch\u00e9 combattono le bugie","og_description":"L\u2019una per la legge a tutela dei minori e l\u2019altra per la fake news delle zone \u00abLGBT+ free\u00bb. Prendiamo nota. Siamo solo agli inizi","og_url":"https:\/\/ifamnews.com\/it\/la-ue-colpisce-ungheria-e-polonia-perch-combattono-le-bugie","og_site_name":"IFN","article_publisher":"https:\/\/www.facebook.com\/iFamNews","article_author":"https:\/\/facebook.com\/MarcoRespinti","article_published_time":"2021-07-16T04:00:00+00:00","article_modified_time":"2021-07-29T06:24:10+00:00","og_image":[{"width":1200,"height":675,"url":"https:\/\/ifamnews.com\/wp-content\/uploads\/2021\/07\/truth.jpg","type":"image\/jpeg"}],"author":"Marco Respinti","twitter_card":"summary_large_image","twitter_creator":"@https:\/\/twitter.com\/MarcoRespinti","twitter_site":"@iFamNewsEN","twitter_misc":{"Scritto da":"Marco Respinti","Tempo di lettura stimato":"3 minuti"},"schema":{"@context":"https:\/\/schema.org","@graph":[{"@type":"NewsArticle","@id":"https:\/\/ifamnews.com\/it\/la-ue-colpisce-ungheria-e-polonia-perch-combattono-le-bugie#article","isPartOf":{"@id":"https:\/\/ifamnews.com\/it\/la-ue-colpisce-ungheria-e-polonia-perch-combattono-le-bugie"},"author":{"name":"Marco Respinti","@id":"https:\/\/ifamnews.com\/en\/#\/schema\/person\/f0579ab02623e80d44006c1a5d949ea9"},"headline":"La UE colpisce Ungheria e Polonia perch\u00e9 combattono le bugie","datePublished":"2021-07-16T04:00:00+00:00","dateModified":"2021-07-29T06:24:10+00:00","mainEntityOfPage":{"@id":"https:\/\/ifamnews.com\/it\/la-ue-colpisce-ungheria-e-polonia-perch-combattono-le-bugie"},"wordCount":665,"commentCount":0,"publisher":{"@id":"https:\/\/ifamnews.com\/en\/#organization"},"image":{"@id":"https:\/\/ifamnews.com\/it\/la-ue-colpisce-ungheria-e-polonia-perch-combattono-le-bugie#primaryimage"},"thumbnailUrl":"https:\/\/ifamnews.com\/wp-content\/uploads\/2021\/07\/truth.jpg","keywords":["Polonia","Ungheria","Unione Europea","Vetrina"],"articleSection":["Editoriali","Politica"],"inLanguage":"it-IT","potentialAction":[{"@type":"CommentAction","name":"Comment","target":["https:\/\/ifamnews.com\/it\/la-ue-colpisce-ungheria-e-polonia-perch-combattono-le-bugie#respond"]}]},{"@type":"WebPage","@id":"https:\/\/ifamnews.com\/it\/la-ue-colpisce-ungheria-e-polonia-perch-combattono-le-bugie","url":"https:\/\/ifamnews.com\/it\/la-ue-colpisce-ungheria-e-polonia-perch-combattono-le-bugie","name":"La UE colpisce Ungheria e Polonia perch\u00e9 combattono le bugie - \u00abiFamNews\u00bb","isPartOf":{"@id":"https:\/\/ifamnews.com\/en\/#website"},"primaryImageOfPage":{"@id":"https:\/\/ifamnews.com\/it\/la-ue-colpisce-ungheria-e-polonia-perch-combattono-le-bugie#primaryimage"},"image":{"@id":"https:\/\/ifamnews.com\/it\/la-ue-colpisce-ungheria-e-polonia-perch-combattono-le-bugie#primaryimage"},"thumbnailUrl":"https:\/\/ifamnews.com\/wp-content\/uploads\/2021\/07\/truth.jpg","datePublished":"2021-07-16T04:00:00+00:00","dateModified":"2021-07-29T06:24:10+00:00","description":"L\u2019una per la legge a tutela dei minori e l\u2019altra per la fake news delle zone \u00abLGBT+ free\u00bb. Prendiamo nota. Siamo solo agli inizi","breadcrumb":{"@id":"https:\/\/ifamnews.com\/it\/la-ue-colpisce-ungheria-e-polonia-perch-combattono-le-bugie#breadcrumb"},"inLanguage":"it-IT","potentialAction":[{"@type":"ReadAction","target":["https:\/\/ifamnews.com\/it\/la-ue-colpisce-ungheria-e-polonia-perch-combattono-le-bugie"]}]},{"@type":"ImageObject","inLanguage":"it-IT","@id":"https:\/\/ifamnews.com\/it\/la-ue-colpisce-ungheria-e-polonia-perch-combattono-le-bugie#primaryimage","url":"https:\/\/ifamnews.com\/wp-content\/uploads\/2021\/07\/truth.jpg","contentUrl":"https:\/\/ifamnews.com\/wp-content\/uploads\/2021\/07\/truth.jpg","width":1200,"height":675,"caption":"Verit\u00e0"},{"@type":"BreadcrumbList","@id":"https:\/\/ifamnews.com\/it\/la-ue-colpisce-ungheria-e-polonia-perch-combattono-le-bugie#breadcrumb","itemListElement":[{"@type":"ListItem","position":1,"name":"Home","item":"https:\/\/ifamnews.com\/de"},{"@type":"ListItem","position":2,"name":"Politics","item":"https:\/\/ifamnews.com\/en\/category\/politics"},{"@type":"ListItem","position":3,"name":"La UE colpisce Ungheria e Polonia perch\u00e9 combattono le bugie"}]},{"@type":"WebSite","@id":"https:\/\/ifamnews.com\/en\/#website","url":"https:\/\/ifamnews.com\/en\/","name":"IFN","description":"International Family News Network","publisher":{"@id":"https:\/\/ifamnews.com\/en\/#organization"},"potentialAction":[{"@type":"SearchAction","target":{"@type":"EntryPoint","urlTemplate":"https:\/\/ifamnews.com\/en\/?s={search_term_string}"},"query-input":{"@type":"PropertyValueSpecification","valueRequired":true,"valueName":"search_term_string"}}],"inLanguage":"it-IT"},{"@type":"Organization","@id":"https:\/\/ifamnews.com\/en\/#organization","name":"iFamNews","url":"https:\/\/ifamnews.com\/en\/","logo":{"@type":"ImageObject","inLanguage":"it-IT","@id":"https:\/\/ifamnews.com\/en\/#\/schema\/logo\/image\/","url":"https:\/\/ifamnews.com\/wp-content\/uploads\/2020\/01\/Share-logo.png","contentUrl":"https:\/\/ifamnews.com\/wp-content\/uploads\/2020\/01\/Share-logo.png","width":200,"height":200,"caption":"iFamNews"},"image":{"@id":"https:\/\/ifamnews.com\/en\/#\/schema\/logo\/image\/"},"sameAs":["https:\/\/www.facebook.com\/iFamNews","https:\/\/x.com\/iFamNewsEN"]},{"@type":"Person","@id":"https:\/\/ifamnews.com\/en\/#\/schema\/person\/f0579ab02623e80d44006c1a5d949ea9","name":"Marco Respinti","image":{"@type":"ImageObject","inLanguage":"it-IT","@id":"https:\/\/secure.gravatar.com\/avatar\/4ab04a5127131015e13010f222e38621144dc33a5df5d977b35ceeab15ee958f?s=96&d=mm&r=g","url":"https:\/\/secure.gravatar.com\/avatar\/4ab04a5127131015e13010f222e38621144dc33a5df5d977b35ceeab15ee958f?s=96&d=mm&r=g","contentUrl":"https:\/\/secure.gravatar.com\/avatar\/4ab04a5127131015e13010f222e38621144dc33a5df5d977b35ceeab15ee958f?s=96&d=mm&r=g","caption":"Marco Respinti"},"description":"Marco Respinti was the Editor-in-Chief of International Family News until the end of 2022. He is an Italian professional journalist, member of the International Federation of Journalists (IFJ), essayist, translator, and lecturer. He has contributed and contributes to several journals and magazines both in print and online, both in Italy and abroad. Author of books, he has translated and\/or edited works by, among others, Edmund Burke, Charles Dickens, T.S. Eliot, Russell Kirk, J.R.R. Tolkien, R\u00e9gine Pernoud and Gustave Thibon. A Senior fellow at the\u00a0Russell Kirk Center for Cultural Renewal (Mecosta, Michigan) he is also a founding member as well as Board member of the Center for European Renewal (The Hague, The Netherlands). A member of the Editorial Board of The European Conservative magazine, as well as a member of the Advisory Council of the European Federation for Freedom of Belief, he serves as Director-in-Charge of the academic publication The Journal of CESNUR and the online Bitter Winter: A Magazine on Religious Liberty and Human Rights.","sameAs":["https:\/\/facebook.com\/MarcoRespinti","https:\/\/it.linkedin.com\/in\/marcorespinti","https:\/\/pinterest.it\/MarcoRespinti\/_created\/","https:\/\/x.com\/https:\/\/twitter.com\/MarcoRespinti","https:\/\/youtube.com\/channel\/UC1FbsvyQNTQ-snpsmRC12Og?view_as=subscriber"],"url":"https:\/\/ifamnews.com\/it\/author\/mrespinti"}]}},"amp_enabled":true,"_links":{"self":[{"href":"https:\/\/ifamnews.com\/it\/wp-json\/wp\/v2\/posts\/84380","targetHints":{"allow":["GET"]}}],"collection":[{"href":"https:\/\/ifamnews.com\/it\/wp-json\/wp\/v2\/posts"}],"about":[{"href":"https:\/\/ifamnews.com\/it\/wp-json\/wp\/v2\/types\/post"}],"author":[{"embeddable":true,"href":"https:\/\/ifamnews.com\/it\/wp-json\/wp\/v2\/users\/7"}],"replies":[{"embeddable":true,"href":"https:\/\/ifamnews.com\/it\/wp-json\/wp\/v2\/comments?post=84380"}],"version-history":[{"count":5,"href":"https:\/\/ifamnews.com\/it\/wp-json\/wp\/v2\/posts\/84380\/revisions"}],"predecessor-version":[{"id":84841,"href":"https:\/\/ifamnews.com\/it\/wp-json\/wp\/v2\/posts\/84380\/revisions\/84841"}],"wp:featuredmedia":[{"embeddable":true,"href":"https:\/\/ifamnews.com\/it\/wp-json\/wp\/v2\/media\/84382"}],"wp:attachment":[{"href":"https:\/\/ifamnews.com\/it\/wp-json\/wp\/v2\/media?parent=84380"}],"wp:term":[{"taxonomy":"category","embeddable":true,"href":"https:\/\/ifamnews.com\/it\/wp-json\/wp\/v2\/categories?post=84380"},{"taxonomy":"post_tag","embeddable":true,"href":"https:\/\/ifamnews.com\/it\/wp-json\/wp\/v2\/tags?post=84380"}],"curies":[{"name":"wp","href":"https:\/\/api.w.org\/{rel}","templated":true}]}}