{"id":82640,"date":"2021-07-09T00:00:00","date_gmt":"2021-07-09T04:00:00","guid":{"rendered":"https:\/\/ifamnews.com\/?p=82640"},"modified":"2021-07-29T02:26:10","modified_gmt":"2021-07-29T06:26:10","slug":"fassina-un-uomo-di-sinistra-contro-il-t-u-zan-","status":"publish","type":"post","link":"https:\/\/ifamnews.com\/it\/fassina-un-uomo-di-sinistra-contro-il-t-u-zan-","title":{"rendered":"Fassina, uomo di Sinistra, contro il \u00abddl Zan\u00bb"},"content":{"rendered":"<p class=\"last-updated\">Last updated on Luglio 29th, 2021 at 02:26 am<\/p>\n<p>Si dice che cambiare idea sia sinonimo di intelligenza. In politica pu\u00f2 essere anche sinonimo di personalit\u00e0 spiccata, soprattutto quando porta a non condividere la posizione predominante nel proprio schieramento. Stefano Fassina, deputato di Liberi e Uguali (LeU), ha cambiato idea sul <a href=\"https:\/\/www.senato.it\/service\/PDF\/PDFServer\/DF\/356433.pdf\" target=\"_blank\" rel=\"noopener\">\u00abddl Zan\u00bb<\/a>. Nell\u2019autunno scorso, pur precisando di avere \u00abpi\u00f9 di qualche dubbio\u00bb, ha votato a favore del testo. Ora che il testo \u00e8 stato calendarizzato in Aula al Senato il 13 luglio, Fassina esprime una posizione che nella Sinistra \u00e8 controcorrente e la espone ad \u00abiFamNews\u00bb.<\/p>\n\n\n\n<p><strong>Onorevole, non crede sarebbe stato necessario un dibattito pi\u00f9 approfondito quando il testo era alla Camera?<\/strong><br>Il dibattito non \u00e8 mancato nemmeno allora, ma \u00e8 stato meno ampio e approfondito rispetto ai mesi successivi. Oltre ad alimentare il dibattito, \u00e8 necessario tuttavia chiarire un punto politico.<\/p>\n\n\n\n<p><strong>Quale?<\/strong><br>Occorre consapevolezza che, quando si interviene su terreni cos\u00ec delicati come quello dei diritti civili, sia necessario costruire un consenso che vada oltre il perimetro di una stretta maggioranza. \u00c8 una questione di democrazia. Purtroppo per\u00f2 questa consapevolezza \u00e8 stata insufficiente.<\/p>\n\n\n\n<p><strong>Lei come \u00e8 arrivato in questi mesi a maturare una consapevolezza critica nei confronti del \u00abddl Zan\u00bb?<\/strong><br>Attraverso l\u2019ascolto del dibattito interno al <a href=\"https:\/\/ifamnews.com\/it\/il-direttore-di-ifamnews-femminista\" target=\"_blank\" rel=\"noopener\">mondo femminista<\/a>: ho letto e condiviso le ragioni di esponenti come Marina Terragni e Francesca Izzo. E poi ho approfondito i rilievi di insigni giuristi e quelli della Chiesa Cattolica, anche di suoi esponenti di orientamento progressista.<\/p>\n\n\n\n<p><strong>Quali sono le maggiori criticit\u00e0 che rileva?<\/strong><br>La prima \u00e8 che l\u2019articolo 1, attraverso la definizione di identit\u00e0 di genere, presenta una visione antropologica. \u00c8 una visione legittima, ma \u00e8 di parte, non pu\u00f2 diventare una legge dello Stato. E poi non \u00e8 necessaria al raggiungimento del fine dichiarato della legge: inasprire le pene contro le discriminazioni verso tutti gli orientamenti sessuali.<\/p>\n\n\n\n<p><strong>Cosa pensa invece dell\u2019art. 4, quello sulla tutela la libert\u00e0 d\u2019espressione?<\/strong><br>\u00c8 stato inserito alla Camera per rispondere alle critiche del Centrodestra. Ma \u00e8 pleonastico, perch\u00e9 questo diritto \u00e8 gi\u00e0 garantito <a href=\"https:\/\/www.senato.it\/1025?sezione=120&amp;articolo_numero_articolo=21\" target=\"_blank\" rel=\"noopener\">dall\u2019art. 21 della <em>Costituzione<\/em><\/a>. Credo comunque che, se cade il riferimento all\u2019identit\u00e0 di genere, l\u2019art. 4 si possa eliminare con tutto il suo portato di arbitrio giurisdizionale.<\/p>\n\n\n\n<p><strong>Anche se venisse tolto il riferimento all\u2019identit\u00e0 di genere, non crede che questa legge possa trasformarsi comunque in uno strumento di soppressione del dissenso politico? Le critiche verso i matrimoni omosessuali o l\u2019utero in affitto potrebbero essere ugualmente perseguite?<\/strong><br>Certamente questo rischio c\u2019\u00e8. Non lo dico io, lo hanno messo in evidenza studiosi e praticanti del diritto molto autorevoli: penso all\u2019ex presidente della Corte costituzionale, <a href=\"https:\/\/www.avvenire.it\/attualita\/pagine\/articolo-uno-ddl-zan-da-riscrivere\" target=\"_blank\" rel=\"noopener\">Giovanni Maria Flick<\/a>, che \u00e8 notoriamente di area progressista, e al costituzionalista di area liberale <a href=\"https:\/\/www.avvenire.it\/attualita\/pagine\/in-gioco-la-libert-di-tutti\" target=\"_blank\" rel=\"noopener\">Natalino Irti<\/a>. Credo che i loro rilievi vadano presi in considerazione per quanto riguarda gli emendamenti da fare al testo.<\/p>\n\n\n\n<p><strong>Nutre perplessit\u00e0 anche nei confronti dell\u2019art. 7, ossia <a href=\"https:\/\/ifamnews.com\/it\/il-ddl-zan-che-impone-lideologia-gender-nelle-scuole\" target=\"_blank\" rel=\"noopener\">al coinvolgimento delle scuole<\/a>?<\/strong><br>Anche qui, se si elimina il riferimento all\u2019identit\u00e0 di genere, credo che <a href=\"https:\/\/ifamnews.com\/it\/la-santa-sede-contro-il-testo-unico-zan-\" target=\"_blank\" rel=\"noopener\">la questione posta dalla Chiesa<\/a> avrebbe una risposta. Tolta l\u2019identit\u00e0 di genere, la Giornata contro la discriminazione omotransfobica non avrebbe aspetti di oggettiva incompatibilit\u00e0 con l\u2019insegnamento della Chiesa.<\/p>\n\n\n\n<p><strong>In LeU &#8211; mi passi il termine &#8211; \u00e8 \u201cammessa\u201d la dialettica su questo tema?<\/strong><br>Ci mancherebbe altro che non fosse ammessa: il parere su questo tema fa parte degli spazi di autonomia di ciascun parlamentare.<\/p>\n\n\n\n<p><strong>Lei \u00e8 l\u2019unico nel Gruppo ad avere una posizione critica rispetto al \u00abddl Zan\u00bb?<\/strong><br>Che si \u00e8 espresso in modo esplicito, s\u00ec.<\/p>\n\n\n\n<p><strong>Dunque qualche franco tiratore di LeU in Senato potrebbe esserci?<\/strong><br>Non mi faccia dire cose che non ho detto e che non so. Secondo me \u00e8 sbagliato arrivare a una conta dei voti su questo tema. \u00c8 contraddittorio rispetto al funzionamento di una democrazia parlamentare, che dovrebbe promuovere sempre l\u2019ascolto e la ricerca di compromesso, tanto pi\u00f9 quando si tratta di diritti civili in riferimento a norme di rilevanza penale.<\/p>\n\n\n\n<p><strong>Compromesso che sta invece rifiutando il Pd. Secondo lei quanto influisce su questo atteggiamento <a href=\"https:\/\/www.ilfattoquotidiano.it\/2021\/07\/08\/fedez-assurda-la-proposta-di-regolamentare-me-e-mia-moglie-perche-siamo-imprenditori-e-diciamo-la-nostra-e-allora-berlusconi-che-fa-politica\/6254802\/\" target=\"_blank\" rel=\"noopener\">l\u2019influenza mediatica esercitata da Fedez<\/a>?<\/strong><br>Ritengo che la posizione di tanti miei colleghi sia autonoma. Ci\u00f2 non toglie che certe \u201coffensive\u201d che arrivano da personaggi celebri contribuiscono a creare un clima di indisponibilit\u00e0 all\u2019ascolto.<br><br><strong>Secondo lei come andr\u00e0 a finire?<\/strong><br>Escludo che si arriver\u00e0 al voto entro le prossime due settimane. E se continua il muro contro muro vedo molto complicata l\u2019approvazione. Ma anche se si dovesse raggiungere questo obiettivo, non sarebbe un grande risultato, anche perch\u00e9 esporremmo la legge alla possibilit\u00e0 di essere capovolta al prossimo cambio di maggioranza.<\/p>\n\n\n\n<p><strong>A proposito di identit\u00e0 di genere,<a href=\"https:\/\/ifamnews.com\/it\/atleti-trans-chi-vuole-zittire-la-protesta-delle-donne-\" target=\"_blank\" rel=\"noopener\"> alle prossime Olimpiadi<\/a> per la prima volta atleti<em> trans<\/em>, biologicamente uomini, gareggeranno in competizioni femminili. Opporsi a questa novit\u00e0 introdotta dal Comitato olimpico internazionale (CIO) significa difendere i diritti delle donne o essere transfobici?<\/strong><br>\u00c8 una declinazione pratica dell\u2019identit\u00e0 di genere che ha delle conseguenze negative. Non pu\u00f2 risolversi con una mera registrazione anagrafica. Con tutto il rispetto per il CIO, ritengo che questo tema, che riguarda i diritti delle donne e le pari opportunit\u00e0, vada affrontato in modo adeguato da un punto di vista legislativo.<br><\/p>\n","protected":false},"excerpt":{"rendered":"<p>Il deputato di LeU spiega ad \u00abiFamNews\u00bb le ragioni della propria posizione controcorrente<\/p>\n","protected":false},"author":15,"featured_media":82632,"comment_status":"open","ping_status":"open","sticky":false,"template":"","format":"standard","meta":{"give_campaign_id":0,"om_disable_all_campaigns":false,"_monsterinsights_skip_tracking":false,"_monsterinsights_sitenote_active":false,"_monsterinsights_sitenote_note":"","_monsterinsights_sitenote_category":0,"mc4wp_mailchimp_campaign":[],"jnews-multi-image_gallery":[],"jnews_single_post":{"subtitle":"Il deputato di LeU spiega ad \u00abiFamNews\u00bb le ragioni della propria posizione controcorrente","format":"standard","video":"","gallery":"","source_name":"","source_url":"","via_name":"","via_url":"","override":[{"single_blog_custom":"","sidebar":"","second_sidebar":"","share_position":"","share_float_style":"","post_date_format":"","post_date_format_custom":"","post_reading_time_wpm":"","zoom_button_out_step":"1","zoom_button_in_step":"1","number_popup_post":"1"}],"image_override":[{"single_post_thumbnail_size":"","single_post_gallery_size":""}],"trending_post_position":"","trending_post_label":"","sponsored_post_label":"","sponsored_post_name":"","sponsored_post_url":"","sponsored_post_logo":"","sponsored_post_desc":""},"jnews_primary_category":{"id":"780"},"jnews_social_meta":[],"jnews_override_counter":[],"footnotes":""},"categories":[951,780],"tags":[6690,738,11453,7993],"class_list":["post-82640","post","type-post","status-publish","format-standard","has-post-thumbnail","hentry","category-foreground-it","category-politica-it","tag-ddl-zan","tag-omofobia","tag-stefano-fassina","tag-vetrina"],"yoast_head":"<!-- This site is optimized with the Yoast SEO Premium plugin v25.9 (Yoast SEO v27.3) - https:\/\/yoast.com\/product\/yoast-seo-premium-wordpress\/ -->\n<title>Fassina, uomo di Sinistra, contro il \u00abddl Zan\u00bb - &quot;iFamNews&quot;<\/title>\n<meta name=\"description\" content=\"Il deputato di LeU spiega le ragioni della propria posizione controcorrente: \u00abUna visione antropologica non pu\u00f2 essere legge\u00bb\" \/>\n<meta name=\"robots\" content=\"index, follow, max-snippet:-1, max-image-preview:large, max-video-preview:-1\" \/>\n<link rel=\"canonical\" href=\"https:\/\/ifamnews.com\/it\/fassina-un-uomo-di-sinistra-contro-il-t-u-zan-\" \/>\n<meta property=\"og:locale\" content=\"it_IT\" \/>\n<meta property=\"og:type\" content=\"article\" \/>\n<meta property=\"og:title\" content=\"Fassina, uomo di Sinistra, contro il \u00abddl Zan\u00bb\" \/>\n<meta property=\"og:description\" content=\"Il deputato di LeU spiega le ragioni della propria posizione controcorrente: \u00abUna visione antropologica non pu\u00f2 essere legge\u00bb\" \/>\n<meta property=\"og:url\" content=\"https:\/\/ifamnews.com\/it\/fassina-un-uomo-di-sinistra-contro-il-t-u-zan-\" \/>\n<meta property=\"og:site_name\" content=\"IFN\" \/>\n<meta property=\"article:publisher\" content=\"https:\/\/www.facebook.com\/iFamNews\" \/>\n<meta property=\"article:published_time\" content=\"2021-07-09T04:00:00+00:00\" \/>\n<meta property=\"article:modified_time\" content=\"2021-07-29T06:26:10+00:00\" \/>\n<meta property=\"og:image\" content=\"https:\/\/ifamnews.com\/wp-content\/uploads\/2021\/07\/Stefano-Fassina.jpg\" \/>\n\t<meta property=\"og:image:width\" content=\"1200\" \/>\n\t<meta property=\"og:image:height\" content=\"675\" \/>\n\t<meta property=\"og:image:type\" content=\"image\/jpeg\" \/>\n<meta name=\"author\" content=\"Federico Cenci\" \/>\n<meta name=\"twitter:card\" content=\"summary_large_image\" \/>\n<meta name=\"twitter:creator\" content=\"@https:\/\/twitter.com\/fedecenci\" \/>\n<meta name=\"twitter:site\" content=\"@iFamNewsEN\" \/>\n<meta name=\"twitter:label1\" content=\"Scritto da\" \/>\n\t<meta name=\"twitter:data1\" content=\"Federico Cenci\" \/>\n\t<meta name=\"twitter:label2\" content=\"Tempo di lettura stimato\" \/>\n\t<meta name=\"twitter:data2\" content=\"4 minuti\" \/>\n<!-- \/ Yoast SEO Premium plugin. -->","yoast_head_json":{"title":"Fassina, uomo di Sinistra, contro il \u00abddl Zan\u00bb - \"iFamNews\"","description":"Il deputato di LeU spiega le ragioni della propria posizione controcorrente: \u00abUna visione antropologica non pu\u00f2 essere legge\u00bb","robots":{"index":"index","follow":"follow","max-snippet":"max-snippet:-1","max-image-preview":"max-image-preview:large","max-video-preview":"max-video-preview:-1"},"canonical":"https:\/\/ifamnews.com\/it\/fassina-un-uomo-di-sinistra-contro-il-t-u-zan-","og_locale":"it_IT","og_type":"article","og_title":"Fassina, uomo di Sinistra, contro il \u00abddl Zan\u00bb","og_description":"Il deputato di LeU spiega le ragioni della propria posizione controcorrente: \u00abUna visione antropologica non pu\u00f2 essere legge\u00bb","og_url":"https:\/\/ifamnews.com\/it\/fassina-un-uomo-di-sinistra-contro-il-t-u-zan-","og_site_name":"IFN","article_publisher":"https:\/\/www.facebook.com\/iFamNews","article_published_time":"2021-07-09T04:00:00+00:00","article_modified_time":"2021-07-29T06:26:10+00:00","og_image":[{"width":1200,"height":675,"url":"https:\/\/ifamnews.com\/wp-content\/uploads\/2021\/07\/Stefano-Fassina.jpg","type":"image\/jpeg"}],"author":"Federico Cenci","twitter_card":"summary_large_image","twitter_creator":"@https:\/\/twitter.com\/fedecenci","twitter_site":"@iFamNewsEN","twitter_misc":{"Scritto da":"Federico Cenci","Tempo di lettura stimato":"4 minuti"},"schema":{"@context":"https:\/\/schema.org","@graph":[{"@type":"NewsArticle","@id":"https:\/\/ifamnews.com\/it\/fassina-un-uomo-di-sinistra-contro-il-t-u-zan-#article","isPartOf":{"@id":"https:\/\/ifamnews.com\/it\/fassina-un-uomo-di-sinistra-contro-il-t-u-zan-"},"author":{"name":"Federico Cenci","@id":"https:\/\/ifamnews.com\/en\/#\/schema\/person\/555378c4ec9e01d40ab9f2b5cee0c318"},"headline":"Fassina, uomo di Sinistra, contro il \u00abddl Zan\u00bb","datePublished":"2021-07-09T04:00:00+00:00","dateModified":"2021-07-29T06:26:10+00:00","mainEntityOfPage":{"@id":"https:\/\/ifamnews.com\/it\/fassina-un-uomo-di-sinistra-contro-il-t-u-zan-"},"wordCount":833,"commentCount":0,"publisher":{"@id":"https:\/\/ifamnews.com\/en\/#organization"},"image":{"@id":"https:\/\/ifamnews.com\/it\/fassina-un-uomo-di-sinistra-contro-il-t-u-zan-#primaryimage"},"thumbnailUrl":"https:\/\/ifamnews.com\/wp-content\/uploads\/2021\/07\/Stefano-Fassina.jpg","keywords":["ddl Zan","Omofobia","Stefano Fassina","Vetrina"],"articleSection":["In evidenza","Politica"],"inLanguage":"it-IT","potentialAction":[{"@type":"CommentAction","name":"Comment","target":["https:\/\/ifamnews.com\/it\/fassina-un-uomo-di-sinistra-contro-il-t-u-zan-#respond"]}]},{"@type":"WebPage","@id":"https:\/\/ifamnews.com\/it\/fassina-un-uomo-di-sinistra-contro-il-t-u-zan-","url":"https:\/\/ifamnews.com\/it\/fassina-un-uomo-di-sinistra-contro-il-t-u-zan-","name":"Fassina, uomo di Sinistra, contro il \u00abddl Zan\u00bb - \"iFamNews\"","isPartOf":{"@id":"https:\/\/ifamnews.com\/en\/#website"},"primaryImageOfPage":{"@id":"https:\/\/ifamnews.com\/it\/fassina-un-uomo-di-sinistra-contro-il-t-u-zan-#primaryimage"},"image":{"@id":"https:\/\/ifamnews.com\/it\/fassina-un-uomo-di-sinistra-contro-il-t-u-zan-#primaryimage"},"thumbnailUrl":"https:\/\/ifamnews.com\/wp-content\/uploads\/2021\/07\/Stefano-Fassina.jpg","datePublished":"2021-07-09T04:00:00+00:00","dateModified":"2021-07-29T06:26:10+00:00","description":"Il deputato di LeU spiega le ragioni della propria posizione controcorrente: \u00abUna visione antropologica non pu\u00f2 essere legge\u00bb","breadcrumb":{"@id":"https:\/\/ifamnews.com\/it\/fassina-un-uomo-di-sinistra-contro-il-t-u-zan-#breadcrumb"},"inLanguage":"it-IT","potentialAction":[{"@type":"ReadAction","target":["https:\/\/ifamnews.com\/it\/fassina-un-uomo-di-sinistra-contro-il-t-u-zan-"]}]},{"@type":"ImageObject","inLanguage":"it-IT","@id":"https:\/\/ifamnews.com\/it\/fassina-un-uomo-di-sinistra-contro-il-t-u-zan-#primaryimage","url":"https:\/\/ifamnews.com\/wp-content\/uploads\/2021\/07\/Stefano-Fassina.jpg","contentUrl":"https:\/\/ifamnews.com\/wp-content\/uploads\/2021\/07\/Stefano-Fassina.jpg","width":1200,"height":675,"caption":"image from: profilo Facebook di Stefano Fassina"},{"@type":"BreadcrumbList","@id":"https:\/\/ifamnews.com\/it\/fassina-un-uomo-di-sinistra-contro-il-t-u-zan-#breadcrumb","itemListElement":[{"@type":"ListItem","position":1,"name":"Home","item":"https:\/\/ifamnews.com\/de"},{"@type":"ListItem","position":2,"name":"Politics","item":"https:\/\/ifamnews.com\/en\/category\/politics"},{"@type":"ListItem","position":3,"name":"Fassina, uomo di Sinistra, contro il \u00abddl Zan\u00bb"}]},{"@type":"WebSite","@id":"https:\/\/ifamnews.com\/en\/#website","url":"https:\/\/ifamnews.com\/en\/","name":"IFN","description":"International Family News Network","publisher":{"@id":"https:\/\/ifamnews.com\/en\/#organization"},"potentialAction":[{"@type":"SearchAction","target":{"@type":"EntryPoint","urlTemplate":"https:\/\/ifamnews.com\/en\/?s={search_term_string}"},"query-input":{"@type":"PropertyValueSpecification","valueRequired":true,"valueName":"search_term_string"}}],"inLanguage":"it-IT"},{"@type":"Organization","@id":"https:\/\/ifamnews.com\/en\/#organization","name":"iFamNews","url":"https:\/\/ifamnews.com\/en\/","logo":{"@type":"ImageObject","inLanguage":"it-IT","@id":"https:\/\/ifamnews.com\/en\/#\/schema\/logo\/image\/","url":"https:\/\/ifamnews.com\/wp-content\/uploads\/2020\/01\/Share-logo.png","contentUrl":"https:\/\/ifamnews.com\/wp-content\/uploads\/2020\/01\/Share-logo.png","width":200,"height":200,"caption":"iFamNews"},"image":{"@id":"https:\/\/ifamnews.com\/en\/#\/schema\/logo\/image\/"},"sameAs":["https:\/\/www.facebook.com\/iFamNews","https:\/\/x.com\/iFamNewsEN"]},{"@type":"Person","@id":"https:\/\/ifamnews.com\/en\/#\/schema\/person\/555378c4ec9e01d40ab9f2b5cee0c318","name":"Federico Cenci","image":{"@type":"ImageObject","inLanguage":"it-IT","@id":"https:\/\/secure.gravatar.com\/avatar\/535f77b8447d05f39d4ca941654f7a7b7d712f3d72f0b4b185747785f5a8e745?s=96&d=mm&r=g","url":"https:\/\/secure.gravatar.com\/avatar\/535f77b8447d05f39d4ca941654f7a7b7d712f3d72f0b4b185747785f5a8e745?s=96&d=mm&r=g","contentUrl":"https:\/\/secure.gravatar.com\/avatar\/535f77b8447d05f39d4ca941654f7a7b7d712f3d72f0b4b185747785f5a8e745?s=96&d=mm&r=g","caption":"Federico Cenci"},"description":"Federico Cenci worked from 2013 to 2017 at the Catholic Zenit press agency dealing with social and religious issues, bioethics, family policies, as well as domestic and international politics. He then continued his business with In Terris, and currently with various newspapers and periodicals. In 2020 he wrote the novel \"East Berlin 2.0 - Notes between dystopia and reality\"","sameAs":["https:\/\/x.com\/https:\/\/twitter.com\/fedecenci"],"url":"https:\/\/ifamnews.com\/it\/author\/fcenci"}]}},"amp_enabled":true,"_links":{"self":[{"href":"https:\/\/ifamnews.com\/it\/wp-json\/wp\/v2\/posts\/82640","targetHints":{"allow":["GET"]}}],"collection":[{"href":"https:\/\/ifamnews.com\/it\/wp-json\/wp\/v2\/posts"}],"about":[{"href":"https:\/\/ifamnews.com\/it\/wp-json\/wp\/v2\/types\/post"}],"author":[{"embeddable":true,"href":"https:\/\/ifamnews.com\/it\/wp-json\/wp\/v2\/users\/15"}],"replies":[{"embeddable":true,"href":"https:\/\/ifamnews.com\/it\/wp-json\/wp\/v2\/comments?post=82640"}],"version-history":[{"count":5,"href":"https:\/\/ifamnews.com\/it\/wp-json\/wp\/v2\/posts\/82640\/revisions"}],"predecessor-version":[{"id":86780,"href":"https:\/\/ifamnews.com\/it\/wp-json\/wp\/v2\/posts\/82640\/revisions\/86780"}],"wp:featuredmedia":[{"embeddable":true,"href":"https:\/\/ifamnews.com\/it\/wp-json\/wp\/v2\/media\/82632"}],"wp:attachment":[{"href":"https:\/\/ifamnews.com\/it\/wp-json\/wp\/v2\/media?parent=82640"}],"wp:term":[{"taxonomy":"category","embeddable":true,"href":"https:\/\/ifamnews.com\/it\/wp-json\/wp\/v2\/categories?post=82640"},{"taxonomy":"post_tag","embeddable":true,"href":"https:\/\/ifamnews.com\/it\/wp-json\/wp\/v2\/tags?post=82640"}],"curies":[{"name":"wp","href":"https:\/\/api.w.org\/{rel}","templated":true}]}}