{"id":78058,"date":"2021-06-16T00:00:00","date_gmt":"2021-06-16T04:00:00","guid":{"rendered":"https:\/\/ifamnews.com\/?p=78058"},"modified":"2021-07-08T05:57:31","modified_gmt":"2021-07-08T09:57:31","slug":"-sostenere-leggi-filoabortiste-non-cattolico-","status":"publish","type":"post","link":"https:\/\/ifamnews.com\/it\/-sostenere-leggi-filoabortiste-non-cattolico-","title":{"rendered":"\u00abSostenere leggi filoabortiste non \u00e8 cattolico\u00bb"},"content":{"rendered":"<p class=\"last-updated\">Last updated on Luglio 8th, 2021 at 05:57 am<\/p>\n<p>Un grazie sincero e laico alla Chiesa Cattolica per avere espresso chiaramente il punto. L\u2019argomento \u00e8 l\u2019incompatibilit\u00e0 fra il cattolicesimo e il non cattolicesimo. Chi pensasse che questo non sia tema da \u00abiFamNews\u00bb, mi usi la cortesia di arrivare in fondo all\u2019articolo.<\/p>\n\n\n\n<p><br>L\u2019argomento \u00e8 per esempio l\u2019incompatibilit\u00e0 fra il violare apertamente, frontalmente, coscientemente, volutamente, reiteratamente, sistematicamente e persino spavaldamente la dottrina cattolica e il professarsi cattolici. Non c\u2019\u00e8 affatto bisogno di aggiungere, qui, che nessuno sia perfetto, dunque che non esista il cattolico perfetto, quindi che non ci sia il cattolico che non pecchi, insomma che il cattolicesimo sia fatto proprio per i peccatori. Non ce n\u2019\u00e8 bisogno perch\u00e9 qui il tema \u00e8 un altro. Il tema non \u00e8 essere peccatori, peccare anche cento, mille volte al giorno, macchiarsi financo delle colpe pi\u00f9 turpi, ma riconoscersi appunto peccatori, inginocchiarsi al Signore della vita, domandare perdono, confessarsi, impegnarsi a non peccare pi\u00f9, ricevere l\u2019assoluzione, uscire rinnovati, seppur poi per ricadere, anche subito, e quindi pentirsi ancora.<\/p>\n\n\n\n<p>No, qui il punto \u00e8 il contrario: non fare alcuna di quelle cose. Peccare cio\u00e8 pubblicamente (il foro pubblico \u00e8 qui condizione decisiva), affermando che va benone cos\u00ec, quindi non pentirsi sentendo di non avere commesso alcuna mancanza, dunque non confessarsi, insomma continuare come se nulla fosse.<\/p>\n\n\n\n<p>Grazie dunque alla Chiesa Cattolica per essere intervenuta alla vigilia dell\u2019assise dei vescovi cattolici degli Stati Uniti che, fra l\u2019altro, da oggi discuter\u00e0, come ha indicato il suo presidente, mons. Jos\u00e9 H. G\u00f3mez, arcivescovo di Los Angeles, anche della <a href=\"https:\/\/ifamnews.com\/it\/inutili-opinioni-anche-se-di-67-vescovi\" target=\"_blank\" rel=\"noopener\">liceit\u00e0 di dare la Comunione a cattolici che pubblicamente<\/a> (apertamente, frontalmente, coscientemente, volutamente, reiteratamente, sistematicamente e persino spavaldamente) sostengano una violazione grave della dottrina e della morale cristiana qual \u00e8 la soppressione della vita di un innocente ancora nel grembo della propria madre dicendo che va benissimo. Per esempio eminente il presidente federale degli Stati Uniti, Joe Biden, e il presidente della Camera federale, Nancy Pelosi.<\/p>\n\n\n\n<p>Il grazie alla Chiesa Cattolica \u00e8 del resto molteplice per la chiarezza con cui, in una <a href=\"https:\/\/www.vaticannews.va\/en\/vatican-city\/news\/2021-05\/vatican-letter-ladaria-bishops-us-communion-politics-abortion.html\" target=\"_blank\" rel=\"noopener\">lettera del 7 maggio inviata a mons. G\u00f3mez , il prefetto della Congregazione per la dottrina della fede, cardinale Luis Francisco Ladaria Ferrer<\/a>, ha espresso punti forti che segnano i confini invalicabili della discussione sul tema che parte oggi nella Chiesa Cattolica che \u00e8 negli Stati Uniti.<\/p>\n\n\n\n<p>Il primo grazie \u00e8 per avere il prefetto riconosciuto l\u2019importanza e la validit\u00e0 (e come potrebbe essere altrimenti?) del <em><a href=\"https:\/\/www.ewtn.com\/catholicism\/library\/worthiness-to-receive-holy-communion-general-principles-2153\" target=\"_blank\" rel=\"noopener\">memorandum <\/a><\/em><a href=\"https:\/\/www.ewtn.com\/catholicism\/library\/worthiness-to-receive-holy-communion-general-principles-2153\" target=\"_blank\" rel=\"noopener\">\u00abprivato\u00bb inviato ai vescovi degli Stati Uniti dall\u2019allora prefetto della Congregazione per la dottrina della fede<\/a><em><a href=\"https:\/\/www.ewtn.com\/catholicism\/library\/worthiness-to-receive-holy-communion-general-principles-2153\" target=\"_blank\" rel=\"noopener\"> <\/a><\/em><a href=\"https:\/\/www.ewtn.com\/catholicism\/library\/worthiness-to-receive-holy-communion-general-principles-2153\" target=\"_blank\" rel=\"noopener\">nel 2004<\/a>, dove tra l\u2019altro \u00e8 scritto: \u00abVi pu\u00f2 essere legittima diversit\u00e0 di opinioni anche tra i cattolici sul dichiarare guerra e sull\u2019applicare la pena di morte, ma in nessun caso su aborto ed eutanasia\u00bb.<\/p>\n\n\n\n<p>Il secondo per avere scritto che quel <em>memorandum<\/em> non pu\u00f2 (e come potrebbe essere altrimenti?) che venire letto alla luce della <em><a href=\"https:\/\/www.vatican.va\/roman_curia\/congregations\/cfaith\/documents\/rc_con_cfaith_doc_20021124_politica_it.html\" target=\"_blank\" rel=\"noopener\">Nota dottrinale circa alcune questioni riguardanti l&#8217;impegno e il comportamento dei cattolici nella vita politica<\/a><\/em> promulgata nel 2002 dalla stessa Congregazione per la dottrina della fede presieduta dall\u2019allora cardinal Ratzinger, motivo per cui poi (nel 2004) l\u2019allora card. Ratzinger ha inviato appunto un <em>memorandum<\/em> \u00abprivato\u00bb che ovviamente richiama il documento <em>pubblico<\/em> precedente.<\/p>\n\n\n\n<p>Il terzo \u00e8 per avere richiamato i vescovi statunitensi al dialogo affinch\u00e9, \u00abin quanto Conferenza [episcopale], concordino sul fatto che sostenere leggi filoabortiste non \u00e8 compatibile con l\u2019insegnamento cattolico\u00bb, citando un passo della \u201cNota\u201d del 2002 dove si dice che il cattolico \u00ab[\u2026] \u00e8 [\u2026] chiamato a dissentire da una concezione del pluralismo in chiave di relativismo morale, nociva per la stessa vita democratica, la quale ha bisogno di fondamenti veri e solidi, vale a dire, di principi etici che per la loro natura e per il loro ruolo di fondamento della vita sociale non sono \u201cnegoziabili\u201d\u00bb (n.3).\u00a0\u00c8 cio\u00e8 bene che i vescovi cattolici degli Stati Uniti, come di ogni altro Paese, come qualunque fedele cattolico, non esprimano \u00absecondo me\u00bb su dottrina e morale, e si conformino al reiterato, costante, indefettibile magistero della Chiesa.<\/p>\n\n\n\n<p>Il quarto e per ora ultimo \u00e8 per avere scritto che \u00absarebbe fuorviante\u00bb qualora si \u00abdovesse dare l\u2019impressione che solo aborto ed eutanasia costituiscano materie gravi\u00bb nel quadro dell\u2019insegnamento morale e sociale cattolico, immaginando che solo il sostegno ad aborto ed eutanasia chiedano conto.<\/p>\n\n\n\n<p>Infatti, come evidenzia il passo della lettera dal cardinale prefetto appena citata, l\u2019espressione \u00abprinc\u00ecpi non negoziabili\u00bb \u00e8 ancora ottima per descrivere l\u2019oggetto in questione e quel gioiello di documento, da leggere e da rileggere, che \u00e8 la \u201cNota\u201d del 2002 dice pure: \u00ab\u00c8 oggi verificabile un certo relativismo culturale che offre evidenti segni di s\u00e9 nella teorizzazione e difesa del pluralismo etico che sancisce la decadenza e la dissoluzione della ragione e dei principi della legge morale naturale. A seguito di questa tendenza non \u00e8 inusuale, purtroppo, riscontrare in dichiarazioni pubbliche affermazioni in cui si sostiene che tale pluralismo etico \u00e8 la condizione per la democrazia. Avviene cos\u00ec che, da una parte, i cittadini rivendicano per le proprie scelte morali la pi\u00f9 completa autonomia mentre, dall&#8217;altra, i legislatori ritengono di rispettare tale libert\u00e0 di scelta formulando leggi che prescindono dai principi dell&#8217;etica naturale per rimettersi alla sola condiscendenza verso certi orientamenti culturali o morali transitori, come se tutte le possibili concezioni della vita avessero uguale valore\u00bb (n. 2).<\/p>\n\n\n\n<p>Oltre all\u2019aborto e all\u2019eutanasia ci sono infatti altre violazioni gravi della legge morale naturale che un cattolico non pu\u00f2 appoggiare: l\u2019ideologia LGBT+, l\u2019impoverimento dell\u2019istituto familiare, l\u2019ecologismo estremista che considera l\u2019uomo un <em>virus<\/em> da combattere, la negazione della libert\u00e0 religiosa, la resa in schiavit\u00f9 operata dalle ideologie, la negazione della propriet\u00e0 privata, la negazione della libert\u00e0 di educazione. Senza sconti, nemmeno al presidente del Paese pi\u00f9 importante del mondo.<\/p>\n","protected":false},"excerpt":{"rendered":"<p>Lo scrive il prefetto della Congregazione per la dottrina della fede ai vescovi americani che da oggi si riuniscono in assemblea<\/p>\n","protected":false},"author":7,"featured_media":78059,"comment_status":"open","ping_status":"open","sticky":false,"template":"","format":"standard","meta":{"give_campaign_id":0,"om_disable_all_campaigns":false,"_monsterinsights_skip_tracking":false,"_monsterinsights_sitenote_active":false,"_monsterinsights_sitenote_note":"","_monsterinsights_sitenote_category":0,"mc4wp_mailchimp_campaign":[],"jnews-multi-image_gallery":[],"jnews_single_post":{"subtitle":"Lo scrive il prefetto della Congregazione per la dottrina della fede ai vescovi americani che da oggi si riuniscono in assemblea","format":"standard","video":"","gallery":"","source_name":"","source_url":"","via_name":"","via_url":"","override":[{"single_blog_custom":"","sidebar":"","second_sidebar":"","share_position":"","share_float_style":"","post_date_format":"","post_date_format_custom":"","post_reading_time_wpm":"","zoom_button_out_step":"1","zoom_button_in_step":"1","number_popup_post":"1"}],"image_override":[{"single_post_thumbnail_size":"","single_post_gallery_size":""}],"trending_post_position":"","trending_post_label":"","sponsored_post_label":"","sponsored_post_name":"","sponsored_post_url":"","sponsored_post_logo":"","sponsored_post_desc":""},"jnews_primary_category":{"id":"817"},"jnews_social_meta":[],"jnews_override_counter":[],"footnotes":""},"categories":[778,817],"tags":[698,9063,7993],"class_list":["post-78058","post","type-post","status-publish","format-standard","has-post-thumbnail","hentry","category-editoriali","category-vita","tag-aborto","tag-congregazione-per-la-dottrina-della-fede","tag-vetrina"],"yoast_head":"<!-- This site is optimized with the Yoast SEO Premium plugin v25.9 (Yoast SEO v27.3) - https:\/\/yoast.com\/product\/yoast-seo-premium-wordpress\/ -->\n<title>\u00abSostenere leggi filoabortiste non \u00e8 cattolico\u00bb - &quot;iFamNews&quot;<\/title>\n<meta name=\"description\" content=\"Lo scrive il prefetto della Congregazione per la dottrina della fede ai vescovi americani che da oggi si riuniscono in assemblea\" \/>\n<meta name=\"robots\" content=\"index, follow, max-snippet:-1, max-image-preview:large, max-video-preview:-1\" \/>\n<link rel=\"canonical\" href=\"https:\/\/ifamnews.com\/it\/-sostenere-leggi-filoabortiste-non-cattolico-\" \/>\n<meta property=\"og:locale\" content=\"it_IT\" \/>\n<meta property=\"og:type\" content=\"article\" \/>\n<meta property=\"og:title\" content=\"\u00abSostenere leggi filoabortiste non \u00e8 cattolico\u00bb\" \/>\n<meta property=\"og:description\" content=\"Lo scrive il prefetto della Congregazione per la dottrina della fede ai vescovi americani che da oggi si riuniscono in assemblea\" \/>\n<meta property=\"og:url\" content=\"https:\/\/ifamnews.com\/it\/-sostenere-leggi-filoabortiste-non-cattolico-\" \/>\n<meta property=\"og:site_name\" content=\"IFN\" \/>\n<meta property=\"article:publisher\" content=\"https:\/\/www.facebook.com\/iFamNews\" \/>\n<meta property=\"article:author\" content=\"https:\/\/facebook.com\/MarcoRespinti\" \/>\n<meta property=\"article:published_time\" content=\"2021-06-16T04:00:00+00:00\" \/>\n<meta property=\"article:modified_time\" content=\"2021-07-08T09:57:31+00:00\" \/>\n<meta property=\"og:image\" content=\"https:\/\/ifamnews.com\/wp-content\/uploads\/2021\/06\/usccb-default.jpg\" \/>\n\t<meta property=\"og:image:width\" content=\"860\" \/>\n\t<meta property=\"og:image:height\" content=\"484\" \/>\n\t<meta property=\"og:image:type\" content=\"image\/jpeg\" \/>\n<meta name=\"author\" content=\"Marco Respinti\" \/>\n<meta name=\"twitter:card\" content=\"summary_large_image\" \/>\n<meta name=\"twitter:creator\" content=\"@https:\/\/twitter.com\/MarcoRespinti\" \/>\n<meta name=\"twitter:site\" content=\"@iFamNewsEN\" \/>\n<meta name=\"twitter:label1\" content=\"Scritto da\" \/>\n\t<meta name=\"twitter:data1\" content=\"Marco Respinti\" \/>\n\t<meta name=\"twitter:label2\" content=\"Tempo di lettura stimato\" \/>\n\t<meta name=\"twitter:data2\" content=\"5 minuti\" \/>\n<!-- \/ Yoast SEO Premium plugin. -->","yoast_head_json":{"title":"\u00abSostenere leggi filoabortiste non \u00e8 cattolico\u00bb - \"iFamNews\"","description":"Lo scrive il prefetto della Congregazione per la dottrina della fede ai vescovi americani che da oggi si riuniscono in assemblea","robots":{"index":"index","follow":"follow","max-snippet":"max-snippet:-1","max-image-preview":"max-image-preview:large","max-video-preview":"max-video-preview:-1"},"canonical":"https:\/\/ifamnews.com\/it\/-sostenere-leggi-filoabortiste-non-cattolico-","og_locale":"it_IT","og_type":"article","og_title":"\u00abSostenere leggi filoabortiste non \u00e8 cattolico\u00bb","og_description":"Lo scrive il prefetto della Congregazione per la dottrina della fede ai vescovi americani che da oggi si riuniscono in assemblea","og_url":"https:\/\/ifamnews.com\/it\/-sostenere-leggi-filoabortiste-non-cattolico-","og_site_name":"IFN","article_publisher":"https:\/\/www.facebook.com\/iFamNews","article_author":"https:\/\/facebook.com\/MarcoRespinti","article_published_time":"2021-06-16T04:00:00+00:00","article_modified_time":"2021-07-08T09:57:31+00:00","og_image":[{"width":860,"height":484,"url":"https:\/\/ifamnews.com\/wp-content\/uploads\/2021\/06\/usccb-default.jpg","type":"image\/jpeg"}],"author":"Marco Respinti","twitter_card":"summary_large_image","twitter_creator":"@https:\/\/twitter.com\/MarcoRespinti","twitter_site":"@iFamNewsEN","twitter_misc":{"Scritto da":"Marco Respinti","Tempo di lettura stimato":"5 minuti"},"schema":{"@context":"https:\/\/schema.org","@graph":[{"@type":"NewsArticle","@id":"https:\/\/ifamnews.com\/it\/-sostenere-leggi-filoabortiste-non-cattolico-#article","isPartOf":{"@id":"https:\/\/ifamnews.com\/it\/-sostenere-leggi-filoabortiste-non-cattolico-"},"author":{"name":"Marco Respinti","@id":"https:\/\/ifamnews.com\/en\/#\/schema\/person\/f0579ab02623e80d44006c1a5d949ea9"},"headline":"\u00abSostenere leggi filoabortiste non \u00e8 cattolico\u00bb","datePublished":"2021-06-16T04:00:00+00:00","dateModified":"2021-07-08T09:57:31+00:00","mainEntityOfPage":{"@id":"https:\/\/ifamnews.com\/it\/-sostenere-leggi-filoabortiste-non-cattolico-"},"wordCount":945,"commentCount":0,"publisher":{"@id":"https:\/\/ifamnews.com\/en\/#organization"},"image":{"@id":"https:\/\/ifamnews.com\/it\/-sostenere-leggi-filoabortiste-non-cattolico-#primaryimage"},"thumbnailUrl":"https:\/\/ifamnews.com\/wp-content\/uploads\/2021\/06\/usccb-default.jpg","keywords":["Aborto","Congregazione per la dottrina della fede","Vetrina"],"articleSection":["Editoriali","Vita"],"inLanguage":"it-IT","potentialAction":[{"@type":"CommentAction","name":"Comment","target":["https:\/\/ifamnews.com\/it\/-sostenere-leggi-filoabortiste-non-cattolico-#respond"]}]},{"@type":"WebPage","@id":"https:\/\/ifamnews.com\/it\/-sostenere-leggi-filoabortiste-non-cattolico-","url":"https:\/\/ifamnews.com\/it\/-sostenere-leggi-filoabortiste-non-cattolico-","name":"\u00abSostenere leggi filoabortiste non \u00e8 cattolico\u00bb - \"iFamNews\"","isPartOf":{"@id":"https:\/\/ifamnews.com\/en\/#website"},"primaryImageOfPage":{"@id":"https:\/\/ifamnews.com\/it\/-sostenere-leggi-filoabortiste-non-cattolico-#primaryimage"},"image":{"@id":"https:\/\/ifamnews.com\/it\/-sostenere-leggi-filoabortiste-non-cattolico-#primaryimage"},"thumbnailUrl":"https:\/\/ifamnews.com\/wp-content\/uploads\/2021\/06\/usccb-default.jpg","datePublished":"2021-06-16T04:00:00+00:00","dateModified":"2021-07-08T09:57:31+00:00","description":"Lo scrive il prefetto della Congregazione per la dottrina della fede ai vescovi americani che da oggi si riuniscono in assemblea","breadcrumb":{"@id":"https:\/\/ifamnews.com\/it\/-sostenere-leggi-filoabortiste-non-cattolico-#breadcrumb"},"inLanguage":"it-IT","potentialAction":[{"@type":"ReadAction","target":["https:\/\/ifamnews.com\/it\/-sostenere-leggi-filoabortiste-non-cattolico-"]}]},{"@type":"ImageObject","inLanguage":"it-IT","@id":"https:\/\/ifamnews.com\/it\/-sostenere-leggi-filoabortiste-non-cattolico-#primaryimage","url":"https:\/\/ifamnews.com\/wp-content\/uploads\/2021\/06\/usccb-default.jpg","contentUrl":"https:\/\/ifamnews.com\/wp-content\/uploads\/2021\/06\/usccb-default.jpg","width":860,"height":484,"caption":"USCCB"},{"@type":"BreadcrumbList","@id":"https:\/\/ifamnews.com\/it\/-sostenere-leggi-filoabortiste-non-cattolico-#breadcrumb","itemListElement":[{"@type":"ListItem","position":1,"name":"Home","item":"https:\/\/ifamnews.com\/de"},{"@type":"ListItem","position":2,"name":"Life","item":"https:\/\/ifamnews.com\/en\/category\/life"},{"@type":"ListItem","position":3,"name":"\u00abSostenere leggi filoabortiste non \u00e8 cattolico\u00bb"}]},{"@type":"WebSite","@id":"https:\/\/ifamnews.com\/en\/#website","url":"https:\/\/ifamnews.com\/en\/","name":"IFN","description":"International Family News Network","publisher":{"@id":"https:\/\/ifamnews.com\/en\/#organization"},"potentialAction":[{"@type":"SearchAction","target":{"@type":"EntryPoint","urlTemplate":"https:\/\/ifamnews.com\/en\/?s={search_term_string}"},"query-input":{"@type":"PropertyValueSpecification","valueRequired":true,"valueName":"search_term_string"}}],"inLanguage":"it-IT"},{"@type":"Organization","@id":"https:\/\/ifamnews.com\/en\/#organization","name":"iFamNews","url":"https:\/\/ifamnews.com\/en\/","logo":{"@type":"ImageObject","inLanguage":"it-IT","@id":"https:\/\/ifamnews.com\/en\/#\/schema\/logo\/image\/","url":"https:\/\/ifamnews.com\/wp-content\/uploads\/2020\/01\/Share-logo.png","contentUrl":"https:\/\/ifamnews.com\/wp-content\/uploads\/2020\/01\/Share-logo.png","width":200,"height":200,"caption":"iFamNews"},"image":{"@id":"https:\/\/ifamnews.com\/en\/#\/schema\/logo\/image\/"},"sameAs":["https:\/\/www.facebook.com\/iFamNews","https:\/\/x.com\/iFamNewsEN"]},{"@type":"Person","@id":"https:\/\/ifamnews.com\/en\/#\/schema\/person\/f0579ab02623e80d44006c1a5d949ea9","name":"Marco Respinti","image":{"@type":"ImageObject","inLanguage":"it-IT","@id":"https:\/\/secure.gravatar.com\/avatar\/4ab04a5127131015e13010f222e38621144dc33a5df5d977b35ceeab15ee958f?s=96&d=mm&r=g","url":"https:\/\/secure.gravatar.com\/avatar\/4ab04a5127131015e13010f222e38621144dc33a5df5d977b35ceeab15ee958f?s=96&d=mm&r=g","contentUrl":"https:\/\/secure.gravatar.com\/avatar\/4ab04a5127131015e13010f222e38621144dc33a5df5d977b35ceeab15ee958f?s=96&d=mm&r=g","caption":"Marco Respinti"},"description":"Marco Respinti was the Editor-in-Chief of International Family News until the end of 2022. He is an Italian professional journalist, member of the International Federation of Journalists (IFJ), essayist, translator, and lecturer. He has contributed and contributes to several journals and magazines both in print and online, both in Italy and abroad. Author of books, he has translated and\/or edited works by, among others, Edmund Burke, Charles Dickens, T.S. Eliot, Russell Kirk, J.R.R. Tolkien, R\u00e9gine Pernoud and Gustave Thibon. A Senior fellow at the\u00a0Russell Kirk Center for Cultural Renewal (Mecosta, Michigan) he is also a founding member as well as Board member of the Center for European Renewal (The Hague, The Netherlands). A member of the Editorial Board of The European Conservative magazine, as well as a member of the Advisory Council of the European Federation for Freedom of Belief, he serves as Director-in-Charge of the academic publication The Journal of CESNUR and the online Bitter Winter: A Magazine on Religious Liberty and Human Rights.","sameAs":["https:\/\/facebook.com\/MarcoRespinti","https:\/\/it.linkedin.com\/in\/marcorespinti","https:\/\/pinterest.it\/MarcoRespinti\/_created\/","https:\/\/x.com\/https:\/\/twitter.com\/MarcoRespinti","https:\/\/youtube.com\/channel\/UC1FbsvyQNTQ-snpsmRC12Og?view_as=subscriber"],"url":"https:\/\/ifamnews.com\/it\/author\/mrespinti"}]}},"amp_enabled":true,"_links":{"self":[{"href":"https:\/\/ifamnews.com\/it\/wp-json\/wp\/v2\/posts\/78058","targetHints":{"allow":["GET"]}}],"collection":[{"href":"https:\/\/ifamnews.com\/it\/wp-json\/wp\/v2\/posts"}],"about":[{"href":"https:\/\/ifamnews.com\/it\/wp-json\/wp\/v2\/types\/post"}],"author":[{"embeddable":true,"href":"https:\/\/ifamnews.com\/it\/wp-json\/wp\/v2\/users\/7"}],"replies":[{"embeddable":true,"href":"https:\/\/ifamnews.com\/it\/wp-json\/wp\/v2\/comments?post=78058"}],"version-history":[{"count":4,"href":"https:\/\/ifamnews.com\/it\/wp-json\/wp\/v2\/posts\/78058\/revisions"}],"predecessor-version":[{"id":78423,"href":"https:\/\/ifamnews.com\/it\/wp-json\/wp\/v2\/posts\/78058\/revisions\/78423"}],"wp:featuredmedia":[{"embeddable":true,"href":"https:\/\/ifamnews.com\/it\/wp-json\/wp\/v2\/media\/78059"}],"wp:attachment":[{"href":"https:\/\/ifamnews.com\/it\/wp-json\/wp\/v2\/media?parent=78058"}],"wp:term":[{"taxonomy":"category","embeddable":true,"href":"https:\/\/ifamnews.com\/it\/wp-json\/wp\/v2\/categories?post=78058"},{"taxonomy":"post_tag","embeddable":true,"href":"https:\/\/ifamnews.com\/it\/wp-json\/wp\/v2\/tags?post=78058"}],"curies":[{"name":"wp","href":"https:\/\/api.w.org\/{rel}","templated":true}]}}