{"id":77293,"date":"2021-06-12T00:00:00","date_gmt":"2021-06-12T04:00:00","guid":{"rendered":"https:\/\/ifamnews.com\/?p=77293"},"modified":"2021-07-08T05:55:04","modified_gmt":"2021-07-08T09:55:04","slug":"irlanda-medici-contro-l-eutanasia","status":"publish","type":"post","link":"https:\/\/ifamnews.com\/it\/irlanda-medici-contro-l-eutanasia","title":{"rendered":"Irlanda: medici contro l\u2019eutanasia"},"content":{"rendered":"<p class=\"last-updated\">Last updated on Luglio 8th, 2021 at 05:55 am<\/p>\n<p>Classe politica contro camici bianchi. Potrebbe essere spiegata con questa contrapposizione l\u2019agenda del Parlamento irlandese per arrivare all\u2019approvazione dell\u2019eutanasia. Lo testimonierebbe uno studio di qualche anno fa pubblicato sull\u2019<a href=\"https:\/\/imj.ie\/euthanasia-and-physician-assisted-suicide-attitudes-of-irish-consultant-physicians\/\" target=\"_blank\" rel=\"noopener\"><em>Irish Medical Journal<\/em><\/a>: soltanto il 14% dei medici intervistati \u00e8 favorevole all\u2019introduzione dell\u2019eutanasia. Sale invece al 17% la percentuale di quanti sarebbero favorevoli a introdurre il suicidio assistito. La maggioranza dei medici, dunque, continua a essere contro la legalizzazione dell\u2019eutanasia (67,2%) e contro il suicidio assistito (56,3%).<\/p>\n\n\n\n<h3 class=\"wp-block-heading\" id=\"h-morire-con-dignit\"><strong>\u00abMorire con dignit\u00e0\u00bb<\/strong><\/h3>\n\n\n\n<p>Nel settembre scorso \u00e8 giunta nel Parlamento d\u2019Irlanda una proposta di legge, <em><a href=\"https:\/\/ifamnews.com\/it\/in-irlanda-avanza-l-eutanasia-ma-guai-a-parlarne\" target=\"_blank\" rel=\"noopener\">Die with Dignity<\/a><\/em>, \u00abMorire con dignit\u00e0\u00bb, il cui obiettivo \u00e8 legalizzare l\u2019eutanasia e il suicidio assistito per tutti i maggiorenni che soffrono di malattie terminali e lo richiedano espressamente. La proposta sembra avere il supporto dei principali partiti dell\u2019isola. Presentato da Gino Kelly, deputato del partito di estrema sinistra People Before Profit, non specifica cosa si intenda per malattia terminale. Il via libera all\u2019eutanasia sarebbe autorizzato nei confronti di chiunque, si legge nel testo, \u00abpotrebbe morire a causa della malattia o delle sue complicazioni\u00bb. Come inoltre rileva <a href=\"https:\/\/righttolife.org.uk\/news\/ireland-only-14-of-doctors-support-euthanasia\" target=\"_blank\" rel=\"noopener\"><em>Right to Life News<\/em><\/a>, non \u00e8 prevista alcuna valutazione psichiatrica o psicologica nei confronti del paziente che abbia espresso la volont\u00e0 di morire.<\/p>\n\n\n\n<h3 class=\"wp-block-heading\" id=\"h-le-proteste\"><strong>Le proteste<\/strong><\/h3>\n\n\n\n<p>Diverse le voci che in questi mesi in Irlanda si sono alzate contro tale proposta di legge. Il Royal College of Physicians of Ireland (RCPI) ha <a href=\"https:\/\/www.irishtimes.com\/news\/social-affairs\/palliative-care-experts-warn-of-deeply-flawed-assisted-dying-bill-1.4484688\" target=\"_blank\" rel=\"noopener\">affermato<\/a> che la proposta, \u00abcos\u00ec com&#8217;\u00e8, \u00e8 aperta ad abusi significativi\u00bb. Si registra inoltre <a href=\"https:\/\/www.rte.ie\/news\/ireland\/2020\/1008\/1170242-dying-with-dignity\/\" target=\"_blank\" rel=\"noopener\">la protesta dei vescovi cattolici<\/a> e una lettera dell\u2019Associazione irlandese degli specialisti di medicina palliativa (IPMCA) al quotidiano <a href=\"https:\/\/www.irishexaminer.com\/news\/arid-40059278.html\" target=\"_blank\" rel=\"noopener\"><em>Irish Examiner<\/em><\/a>. Nella missiva i camici bianchi si dicono \u00abpreoccupati del fatto che le persone pi\u00f9 vulnerabili possano percepirsi come un peso per le proprie famiglie e dunque subire pressioni per porre prematuramente fine alle proprie vite\u00bb.<\/p>\n\n\n\n<h3 class=\"wp-block-heading\" id=\"h-la-morte-un-desiderio-transitorio\"><strong>La morte: un desiderio transitorio<\/strong><\/h3>\n\n\n\n<p>C\u2019\u00e8 poi un altro aspetto da considerare: il desiderio di morire \u00e8 spesso una tentazione transitoria. Un <a href=\"https:\/\/righttolife.org.uk\/news\/study-finds-wish-to-die-is-transient-for-almost-three-quarters-of-older-people\" target=\"_blank\" rel=\"noopener\">importante studio<\/a> sull&#8217;invecchiamento in Irlanda ha rivelato che quasi tre quarti delle persone sopra i 50 anni che in precedenza avevano espresso il desiderio di morire due anni dopo avevano cambiato idea. Su 8.174 persone <em>over<\/em> 50 intervistate una prima volta, il 3,5% ha dichiarato di voler morire. Due anni dopo, il 62% di costoro ha abbandonato quella velleit\u00e0 di morte. Utile ricordare a tal proposito quanto avvenuto nel 2014 nei Paesi Bassi: una donna 80enne affetta da Alzheimer e ricoverata in una casa di cura, <a href=\"https:\/\/www.avvenire.it\/vita\/pagine\/olanda-eutanasia-forzata\" target=\"_blank\" rel=\"noopener\">era stata sottoposta a eutanasia<\/a> nonostante avesse dato segnali di possibile ripensamento. La questione \u00e8 finita pure in Tribunale, ma il processo nel 2019 <a href=\"https:\/\/www.avvenire.it\/mondo\/pagine\/olanda-assolto-medico-che-pratico-l-eutanasia\" target=\"_blank\" rel=\"noopener\">si \u00e8 concluso con l\u2019assoluzione del medico<\/a>. Nei Paesi Bassi oggi <a href=\"https:\/\/www.irishtimes.com\/opinion\/euthanasia-not-so-much-a-slippery-slope-as-a-push-off-a-cliff-1.4507584\" target=\"_blank\" rel=\"noopener\">il 4,2% dei decessi avviene per eutanasia<\/a>: un pendio scivoloso, che forse i politici irlandesi farebbero bene a guardare.<\/p>\n","protected":false},"excerpt":{"rendered":"<p>Last updated on Luglio 8th, 2021 at 05:55 am Classe politica contro camici bianchi. Potrebbe essere spiegata con questa contrapposizione l\u2019agenda del Parlamento irlandese per arrivare all\u2019approvazione dell\u2019eutanasia. Lo testimonierebbe uno studio di qualche anno fa pubblicato sull\u2019Irish Medical Journal: soltanto il 14% dei medici intervistati \u00e8 favorevole all\u2019introduzione dell\u2019eutanasia. Sale invece al 17% la [&hellip;]<\/p>\n","protected":false},"author":15,"featured_media":77285,"comment_status":"open","ping_status":"open","sticky":false,"template":"","format":"standard","meta":{"give_campaign_id":0,"om_disable_all_campaigns":false,"_monsterinsights_skip_tracking":false,"_monsterinsights_sitenote_active":false,"_monsterinsights_sitenote_note":"","_monsterinsights_sitenote_category":0,"mc4wp_mailchimp_campaign":[],"jnews-multi-image_gallery":[],"jnews_single_post":{"subtitle":"Il 67,2% si oppone alla proposta di legge in discussione in parlamento","format":"standard","video":"","gallery":"","source_name":"","source_url":"","via_name":"","via_url":"","override":[{"single_blog_custom":"","sidebar":"","second_sidebar":"","share_position":"","share_float_style":"","post_date_format":"","post_date_format_custom":"","post_reading_time_wpm":"","zoom_button_out_step":"1","zoom_button_in_step":"1","number_popup_post":"1"}],"image_override":[{"single_post_thumbnail_size":"","single_post_gallery_size":""}],"trending_post_position":"","trending_post_label":"","sponsored_post_label":"","sponsored_post_name":"","sponsored_post_url":"","sponsored_post_logo":"","sponsored_post_desc":""},"jnews_primary_category":{"id":""},"jnews_social_meta":[],"jnews_override_counter":[],"footnotes":""},"categories":[951,817],"tags":[743,1318,7993],"class_list":["post-77293","post","type-post","status-publish","format-standard","has-post-thumbnail","hentry","category-foreground-it","category-vita","tag-eutanasia","tag-irlanda","tag-vetrina"],"yoast_head":"<!-- This site is optimized with the Yoast SEO Premium plugin v25.9 (Yoast SEO v27.3) - https:\/\/yoast.com\/product\/yoast-seo-premium-wordpress\/ -->\n<title>Irlanda: medici contro l\u2019eutanasia - IFN<\/title>\n<meta name=\"description\" content=\"Il 67,2% si oppone alla proposta di legge in discussione in parlamento che legalizzerebbe l&#039;eutanasia. E anche i vescovi protestano\" \/>\n<meta name=\"robots\" content=\"index, follow, max-snippet:-1, max-image-preview:large, max-video-preview:-1\" \/>\n<link rel=\"canonical\" href=\"https:\/\/ifamnews.com\/it\/irlanda-medici-contro-l-eutanasia\" \/>\n<meta property=\"og:locale\" content=\"it_IT\" \/>\n<meta property=\"og:type\" content=\"article\" \/>\n<meta property=\"og:title\" content=\"Irlanda: medici contro l\u2019eutanasia\" \/>\n<meta property=\"og:description\" content=\"Il 67,2% si oppone alla proposta di legge in discussione in parlamento che legalizzerebbe l&#039;eutanasia. E anche i vescovi protestano\" \/>\n<meta property=\"og:url\" content=\"https:\/\/ifamnews.com\/it\/irlanda-medici-contro-l-eutanasia\" \/>\n<meta property=\"og:site_name\" content=\"IFN\" \/>\n<meta property=\"article:publisher\" content=\"https:\/\/www.facebook.com\/iFamNews\" \/>\n<meta property=\"article:published_time\" content=\"2021-06-12T04:00:00+00:00\" \/>\n<meta property=\"article:modified_time\" content=\"2021-07-08T09:55:04+00:00\" \/>\n<meta property=\"og:image\" content=\"https:\/\/ifamnews.com\/wp-content\/uploads\/2021\/06\/Image-from-Flickr-1.jpg\" \/>\n\t<meta property=\"og:image:width\" content=\"1024\" \/>\n\t<meta property=\"og:image:height\" content=\"683\" \/>\n\t<meta property=\"og:image:type\" content=\"image\/jpeg\" \/>\n<meta name=\"author\" content=\"Federico Cenci\" \/>\n<meta name=\"twitter:card\" content=\"summary_large_image\" \/>\n<meta name=\"twitter:creator\" content=\"@https:\/\/twitter.com\/fedecenci\" \/>\n<meta name=\"twitter:site\" content=\"@iFamNewsEN\" \/>\n<meta name=\"twitter:label1\" content=\"Scritto da\" \/>\n\t<meta name=\"twitter:data1\" content=\"Federico Cenci\" \/>\n\t<meta name=\"twitter:label2\" content=\"Tempo di lettura stimato\" \/>\n\t<meta name=\"twitter:data2\" content=\"3 minuti\" \/>\n<!-- \/ Yoast SEO Premium plugin. -->","yoast_head_json":{"title":"Irlanda: medici contro l\u2019eutanasia - IFN","description":"Il 67,2% si oppone alla proposta di legge in discussione in parlamento che legalizzerebbe l'eutanasia. E anche i vescovi protestano","robots":{"index":"index","follow":"follow","max-snippet":"max-snippet:-1","max-image-preview":"max-image-preview:large","max-video-preview":"max-video-preview:-1"},"canonical":"https:\/\/ifamnews.com\/it\/irlanda-medici-contro-l-eutanasia","og_locale":"it_IT","og_type":"article","og_title":"Irlanda: medici contro l\u2019eutanasia","og_description":"Il 67,2% si oppone alla proposta di legge in discussione in parlamento che legalizzerebbe l'eutanasia. E anche i vescovi protestano","og_url":"https:\/\/ifamnews.com\/it\/irlanda-medici-contro-l-eutanasia","og_site_name":"IFN","article_publisher":"https:\/\/www.facebook.com\/iFamNews","article_published_time":"2021-06-12T04:00:00+00:00","article_modified_time":"2021-07-08T09:55:04+00:00","og_image":[{"width":1024,"height":683,"url":"https:\/\/ifamnews.com\/wp-content\/uploads\/2021\/06\/Image-from-Flickr-1.jpg","type":"image\/jpeg"}],"author":"Federico Cenci","twitter_card":"summary_large_image","twitter_creator":"@https:\/\/twitter.com\/fedecenci","twitter_site":"@iFamNewsEN","twitter_misc":{"Scritto da":"Federico Cenci","Tempo di lettura stimato":"3 minuti"},"schema":{"@context":"https:\/\/schema.org","@graph":[{"@type":"NewsArticle","@id":"https:\/\/ifamnews.com\/it\/irlanda-medici-contro-l-eutanasia#article","isPartOf":{"@id":"https:\/\/ifamnews.com\/it\/irlanda-medici-contro-l-eutanasia"},"author":{"name":"Federico Cenci","@id":"https:\/\/ifamnews.com\/en\/#\/schema\/person\/555378c4ec9e01d40ab9f2b5cee0c318"},"headline":"Irlanda: medici contro l\u2019eutanasia","datePublished":"2021-06-12T04:00:00+00:00","dateModified":"2021-07-08T09:55:04+00:00","mainEntityOfPage":{"@id":"https:\/\/ifamnews.com\/it\/irlanda-medici-contro-l-eutanasia"},"wordCount":458,"commentCount":0,"publisher":{"@id":"https:\/\/ifamnews.com\/en\/#organization"},"image":{"@id":"https:\/\/ifamnews.com\/it\/irlanda-medici-contro-l-eutanasia#primaryimage"},"thumbnailUrl":"https:\/\/ifamnews.com\/wp-content\/uploads\/2021\/06\/Image-from-Flickr-1.jpg","keywords":["Eutanasia","Irlanda","Vetrina"],"articleSection":["In evidenza","Vita"],"inLanguage":"it-IT","potentialAction":[{"@type":"CommentAction","name":"Comment","target":["https:\/\/ifamnews.com\/it\/irlanda-medici-contro-l-eutanasia#respond"]}]},{"@type":"WebPage","@id":"https:\/\/ifamnews.com\/it\/irlanda-medici-contro-l-eutanasia","url":"https:\/\/ifamnews.com\/it\/irlanda-medici-contro-l-eutanasia","name":"Irlanda: medici contro l\u2019eutanasia - IFN","isPartOf":{"@id":"https:\/\/ifamnews.com\/en\/#website"},"primaryImageOfPage":{"@id":"https:\/\/ifamnews.com\/it\/irlanda-medici-contro-l-eutanasia#primaryimage"},"image":{"@id":"https:\/\/ifamnews.com\/it\/irlanda-medici-contro-l-eutanasia#primaryimage"},"thumbnailUrl":"https:\/\/ifamnews.com\/wp-content\/uploads\/2021\/06\/Image-from-Flickr-1.jpg","datePublished":"2021-06-12T04:00:00+00:00","dateModified":"2021-07-08T09:55:04+00:00","description":"Il 67,2% si oppone alla proposta di legge in discussione in parlamento che legalizzerebbe l'eutanasia. E anche i vescovi protestano","breadcrumb":{"@id":"https:\/\/ifamnews.com\/it\/irlanda-medici-contro-l-eutanasia#breadcrumb"},"inLanguage":"it-IT","potentialAction":[{"@type":"ReadAction","target":["https:\/\/ifamnews.com\/it\/irlanda-medici-contro-l-eutanasia"]}]},{"@type":"ImageObject","inLanguage":"it-IT","@id":"https:\/\/ifamnews.com\/it\/irlanda-medici-contro-l-eutanasia#primaryimage","url":"https:\/\/ifamnews.com\/wp-content\/uploads\/2021\/06\/Image-from-Flickr-1.jpg","contentUrl":"https:\/\/ifamnews.com\/wp-content\/uploads\/2021\/06\/Image-from-Flickr-1.jpg","width":1024,"height":683,"caption":"Image from Flickr"},{"@type":"BreadcrumbList","@id":"https:\/\/ifamnews.com\/it\/irlanda-medici-contro-l-eutanasia#breadcrumb","itemListElement":[{"@type":"ListItem","position":1,"name":"Home","item":"https:\/\/ifamnews.com\/de"},{"@type":"ListItem","position":2,"name":"Life","item":"https:\/\/ifamnews.com\/en\/category\/life"},{"@type":"ListItem","position":3,"name":"Irlanda: medici contro l\u2019eutanasia"}]},{"@type":"WebSite","@id":"https:\/\/ifamnews.com\/en\/#website","url":"https:\/\/ifamnews.com\/en\/","name":"IFN","description":"International Family News Network","publisher":{"@id":"https:\/\/ifamnews.com\/en\/#organization"},"potentialAction":[{"@type":"SearchAction","target":{"@type":"EntryPoint","urlTemplate":"https:\/\/ifamnews.com\/en\/?s={search_term_string}"},"query-input":{"@type":"PropertyValueSpecification","valueRequired":true,"valueName":"search_term_string"}}],"inLanguage":"it-IT"},{"@type":"Organization","@id":"https:\/\/ifamnews.com\/en\/#organization","name":"iFamNews","url":"https:\/\/ifamnews.com\/en\/","logo":{"@type":"ImageObject","inLanguage":"it-IT","@id":"https:\/\/ifamnews.com\/en\/#\/schema\/logo\/image\/","url":"https:\/\/ifamnews.com\/wp-content\/uploads\/2020\/01\/Share-logo.png","contentUrl":"https:\/\/ifamnews.com\/wp-content\/uploads\/2020\/01\/Share-logo.png","width":200,"height":200,"caption":"iFamNews"},"image":{"@id":"https:\/\/ifamnews.com\/en\/#\/schema\/logo\/image\/"},"sameAs":["https:\/\/www.facebook.com\/iFamNews","https:\/\/x.com\/iFamNewsEN"]},{"@type":"Person","@id":"https:\/\/ifamnews.com\/en\/#\/schema\/person\/555378c4ec9e01d40ab9f2b5cee0c318","name":"Federico Cenci","image":{"@type":"ImageObject","inLanguage":"it-IT","@id":"https:\/\/secure.gravatar.com\/avatar\/535f77b8447d05f39d4ca941654f7a7b7d712f3d72f0b4b185747785f5a8e745?s=96&d=mm&r=g","url":"https:\/\/secure.gravatar.com\/avatar\/535f77b8447d05f39d4ca941654f7a7b7d712f3d72f0b4b185747785f5a8e745?s=96&d=mm&r=g","contentUrl":"https:\/\/secure.gravatar.com\/avatar\/535f77b8447d05f39d4ca941654f7a7b7d712f3d72f0b4b185747785f5a8e745?s=96&d=mm&r=g","caption":"Federico Cenci"},"description":"Federico Cenci worked from 2013 to 2017 at the Catholic Zenit press agency dealing with social and religious issues, bioethics, family policies, as well as domestic and international politics. He then continued his business with In Terris, and currently with various newspapers and periodicals. In 2020 he wrote the novel \"East Berlin 2.0 - Notes between dystopia and reality\"","sameAs":["https:\/\/x.com\/https:\/\/twitter.com\/fedecenci"],"url":"https:\/\/ifamnews.com\/it\/author\/fcenci"}]}},"amp_enabled":true,"_links":{"self":[{"href":"https:\/\/ifamnews.com\/it\/wp-json\/wp\/v2\/posts\/77293","targetHints":{"allow":["GET"]}}],"collection":[{"href":"https:\/\/ifamnews.com\/it\/wp-json\/wp\/v2\/posts"}],"about":[{"href":"https:\/\/ifamnews.com\/it\/wp-json\/wp\/v2\/types\/post"}],"author":[{"embeddable":true,"href":"https:\/\/ifamnews.com\/it\/wp-json\/wp\/v2\/users\/15"}],"replies":[{"embeddable":true,"href":"https:\/\/ifamnews.com\/it\/wp-json\/wp\/v2\/comments?post=77293"}],"version-history":[{"count":4,"href":"https:\/\/ifamnews.com\/it\/wp-json\/wp\/v2\/posts\/77293\/revisions"}],"predecessor-version":[{"id":77779,"href":"https:\/\/ifamnews.com\/it\/wp-json\/wp\/v2\/posts\/77293\/revisions\/77779"}],"wp:featuredmedia":[{"embeddable":true,"href":"https:\/\/ifamnews.com\/it\/wp-json\/wp\/v2\/media\/77285"}],"wp:attachment":[{"href":"https:\/\/ifamnews.com\/it\/wp-json\/wp\/v2\/media?parent=77293"}],"wp:term":[{"taxonomy":"category","embeddable":true,"href":"https:\/\/ifamnews.com\/it\/wp-json\/wp\/v2\/categories?post=77293"},{"taxonomy":"post_tag","embeddable":true,"href":"https:\/\/ifamnews.com\/it\/wp-json\/wp\/v2\/tags?post=77293"}],"curies":[{"name":"wp","href":"https:\/\/api.w.org\/{rel}","templated":true}]}}