{"id":7699,"date":"2020-02-06T00:00:59","date_gmt":"2020-02-06T05:00:59","guid":{"rendered":"https:\/\/ifamnews.com\/?p=7699"},"modified":"2020-02-07T01:56:31","modified_gmt":"2020-02-07T06:56:31","slug":"discriminazione-e-aborto-la-sinistra-uk-in-cortocircuito","status":"publish","type":"post","link":"https:\/\/ifamnews.com\/it\/discriminazione-e-aborto-la-sinistra-uk-in-cortocircuito","title":{"rendered":"Discriminazione e aborto: la Sinistra UK in cortocircuito"},"content":{"rendered":"<p class=\"last-updated\">Last updated on Febbraio 7th, 2020 at 01:56 am<\/p>\n<p>Talvolta la coscienza bussa alla porta e crea cortocircuiti. \u00c8 capitato che in dicembre, durante l\u2019ultima campagna elettorale nel Regno Unito, una deputata del Partito Laburista, Rebecca Long-Bailey, abbia presenziato a un incontro con i rappresentanti della cattedrale cattolica di Salford. In quell\u2019occasione sono state formulate quattordici domande su tematiche che stanno a cuore ai cattolici affinch\u00e9 gli elettori potessero scegliere chi votare con pi\u00f9 consapevolezza. <\/p>\n\n\n\n<p>A un certo punto gli intervistatori hanno fatto notare alla candidata che la legge attualmente in vigore nel Paese proibisce la discriminazione verso le persone affette da disabilit\u00e0, ma che tale norma non viene applicata all\u2019interruzione di gravidanza. In questo caso, infatti, il limite entro quale \u00e8 legale abortire \u00e8 di 24 settimane; tuttavia, se il bambino presenta disabilit\u00e0, per esempio la sindrome di Down, \u00e8 possibile ricorrere all\u2019aborto per tutta la durata della gravidanza. Un chiaro esempio di discriminazione, motivo per cui alla Long-Bailey \u00e8 stato chiesto se, una volta eletta, avesse intenzione di rimuovere questa clausola. <\/p>\n\n\n\n<p>La candidata ha risposto dicendo di essere personalmente contraria a questo tipo di discriminazione e, anzi, di sposare la linea della Commissione per i diritti dei disabili, secondo cui \u00ab[\u2026] <a href=\"https:\/\/salfordcathedral.co.uk\/wp-content\/uploads\/2019\/12\/St.-John-the-Evangelist-Deanery-General-Election-2019.pdf\">la <\/a><a rel=\"noopener noreferrer\" href=\"https:\/\/salfordcathedral.co.uk\/wp-content\/uploads\/2019\/12\/St.-John-the-Evangelist-Deanery-General-Election-2019.pdf\" target=\"_blank\">presenza<\/a><a href=\"https:\/\/salfordcathedral.co.uk\/wp-content\/uploads\/2019\/12\/St.-John-the-Evangelist-Deanery-General-Election-2019.pdf\"> di disabilit\u00e0 nel feto non deve essere elemento discriminatorio nel momento in cui i genitori scelgono se tenere un bambino<\/a>\u00bb. Di certo non una posizione <em>pro life<\/em>, anche perch\u00e9 il suo partito sostiene pienamente i cosiddetti \u00abdiritti riproduttivi\u00bb delle donne. Eppure ci\u00f2 \u00e8 bastato per far scattare la polemica sui <em>social<\/em>: la Long-Bailey limita il diritto delle donne di abortire i propri bambini. Ora, \u00e8 risaputo che, una volta iniziata la gogna mediatica, l\u2019unica cosa possibile \u00e8 mettere delle pezze, ed \u00e8 esattamente quello che \u00e8 successo.<\/p>\n\n\n\n<h3 class=\"wp-block-heading\"><strong>L&#8217;aborto sempre e comunque?<\/strong><\/h3>\n\n\n\n<p>La Long-Bailey ha confermato le proprie parole, ma il suo ufficio stampa ha fatto sapere che la deputata \u00ab[\u2026] sostiene in maniera inequivocabile il diritto di una donna di scegliere\u00bb, facendo notare che, in qualit\u00e0 di parlamentare, la deputata ha votato a favore dell\u2019ampliamento del diritto di aborto nell\u2019Irlanda del Nord, nonostante in altre votazioni simili si sia invece astenuta. <a href=\"https:\/\/theguardian.com\/politics\/2020\/jan\/22\/rebecca-long-bailey-sets-out-vision-of-hope-in-labour-leadership-pitch\">Un suo <\/a><a rel=\"noopener noreferrer\" href=\"https:\/\/theguardian.com\/politics\/2020\/jan\/22\/rebecca-long-bailey-sets-out-vision-of-hope-in-labour-leadership-pitch\" target=\"_blank\">portavoce<\/a><a href=\"https:\/\/theguardian.com\/politics\/2020\/jan\/22\/rebecca-long-bailey-sets-out-vision-of-hope-in-labour-leadership-pitch\"> <\/a>ha persino aggiunto che l\u2019affermazione sulla non discriminazione dei disabili in tema di aborto rifletteva una visione personale della candidata e non la sua opinione politica. <\/p>\n\n\n\n<p>Le elezioni si sono poi tenute il 12 dicembre, il Partito Laburista ha subito <a href=\"https:\/\/bbc.com\/news\/election-2019-50797729\">una <\/a><a rel=\"noopener noreferrer\" href=\"https:\/\/bbc.com\/news\/election-2019-50797729\" target=\"_blank\">pesante<\/a><a href=\"https:\/\/bbc.com\/news\/election-2019-50797729\"> disfatta<\/a>, ma il caso Long-Bailey rimane importante perch\u00e9 svela ancora una volta i cortocircuiti della morale attuale, ridefinita di volta in volta e fondata sull&#8217;incompatibilit\u00e0 tra rivendicazione della libert\u00e0 assoluta e diritti umani. Prevale, cio\u00e8, il diritto alla non discriminazione o la libert\u00e0 di una donna di abortire quando vuole, anzi, poter ricorrere all\u2019aborto soprattutto se il suo bimbo \u00e8 affetto da disabilit\u00e0?<\/p>\n\n\n\n<h3 class=\"wp-block-heading\"><strong>La cattolica Long-Bailey<\/strong><\/h3>\n\n\n\n<p>Ma c\u2019\u00e8 un altro motivo per cui bisogna tenere d\u2019occhio questa vicenda: la Long-Bailey \u00e8 <a href=\"https:\/\/theguardian.com\/politics\/2020\/jan\/22\/rebecca-long-bailey-sets-out-vision-of-hope-in-labour-leadership-pitch\">uno <\/a><a href=\"https:\/\/theguardian.com\/politics\/2020\/jan\/22\/rebecca-long-bailey-sets-out-vision-of-hope-in-labour-leadership-pitch\" target=\"_blank\" rel=\"noopener noreferrer\">dei<\/a><a href=\"https:\/\/theguardian.com\/politics\/2020\/jan\/22\/rebecca-long-bailey-sets-out-vision-of-hope-in-labour-leadership-pitch\"> nomi che si candida con maggior forza <\/a>alla guida dei Laburisti per impiazzare Jeremy Corbyn. L\u2019episodio di Salford rischia di non essere isolato poich\u00e9, durante quell\u2019intervista, la deputata ha affermato, con sincerit\u00e0 e chiarezza particolari, di \u00abnon prendere mai in considerazione l\u2019aborto come una possibilit\u00e0 per s\u00e9\u00bb, ma allo stesso tempo di sforzarsi di capire le ragioni per cui una donna potrebbe prendere una decisione simile. <\/p>\n\n\n\n<p>Peccato che la sera dell\u2019intervista nessuno le abbia chiesto come mai lei non ricorrerebbe mai all\u2019aborto. La Long-Bailey sembra infatti contraddirsi, non solo nei princ\u00ecpi, ma anche nelle intenzioni. Se da una parte ha ribadito le proprie affermazioni sulla discriminazione nei confronti dei bambini disabili che possono essere abortiti fino al termine della gravidanza, dall\u2019altra parte, a met\u00e0 gennaio, ha sottoscritto un appello in cui si chiedeva ai candidati ai dirigenti del Partito Laburista di impegnarsi a \u00ab[\u2026] difendere e ad ampliare i diritti riproduttivi\u00bb e ad \u00ab[\u2026] <a href=\"https:\/\/defendandextend.wordpress.com\">opporsi ad ogni tentativo di porre un limite <\/a><a href=\"https:\/\/defendandextend.wordpress.com\" target=\"_blank\" rel=\"noopener noreferrer\">temporale<\/a><a href=\"https:\/\/defendandextend.wordpress.com\"> all\u2019aborto<\/a>\u00bb. <\/p>\n\n\n\n<p>La Long-Bailey afferma inoltre esplicitamente di essere cattolica, anche se della fede professa una riduzione umanistica fatta di proclami come \u00ab[\u2026] la sola societ\u00e0 per la quale vale la pena combattere \u00e8 quella basata sull\u2019amore\u00bb e \u00ab[\u2026] la fede \u00e8 spesso l\u2019unica cosa che mi fa andare avanti: <a href=\"https:\/\/salfordcathedral.co.uk\/wp-content\/uploads\/2019\/12\/St.-John-the-Evangelist-Deanery-General-Election-2019.pdf\">prima di addormentarmi prego sempre perch\u00e9 mi sia data la forza di fare la cosa <\/a><a href=\"https:\/\/salfordcathedral.co.uk\/wp-content\/uploads\/2019\/12\/St.-John-the-Evangelist-Deanery-General-Election-2019.pdf\" target=\"_blank\" rel=\"noopener noreferrer\">giusta<\/a>\u00bb. Forse alla prossima occasione potrebbe essere utile chiederle che societ\u00e0 sia quella che sopprime i nascituri nel grembo delle mamme. \u00c8 una societ\u00e0 fondata sull\u2019amore verso il prossimo?<\/p>\n","protected":false},"excerpt":{"rendered":"<p>Last updated on Febbraio 7th, 2020 at 01:56 am Talvolta la coscienza bussa alla porta e crea cortocircuiti. \u00c8 capitato che in dicembre, durante l\u2019ultima campagna elettorale nel Regno Unito, una deputata del Partito Laburista, Rebecca Long-Bailey, abbia presenziato a un incontro con i rappresentanti della cattedrale cattolica di Salford. In quell\u2019occasione sono state formulate [&hellip;]<\/p>\n","protected":false},"author":12,"featured_media":7701,"comment_status":"open","ping_status":"open","sticky":false,"template":"","format":"standard","meta":{"give_campaign_id":0,"om_disable_all_campaigns":false,"_monsterinsights_skip_tracking":false,"_monsterinsights_sitenote_active":false,"_monsterinsights_sitenote_note":"","_monsterinsights_sitenote_category":0,"mc4wp_mailchimp_campaign":[],"jnews-multi-image_gallery":[],"jnews_single_post":{"subtitle":"Rebecca Long-Bailey, candidata alla leadership del partito Laburista, contro l\u2019aborto dopo le 24 settimane per i bambini affetti da disabilit\u00e0.","format":"standard","video":"","gallery":"","source_name":"","source_url":"","via_name":"","via_url":"","override":[{"single_blog_custom":"","sidebar":"","second_sidebar":"","share_position":"","share_float_style":"","post_date_format":"","post_date_format_custom":"","post_reading_time_wpm":"","zoom_button_out_step":"1","zoom_button_in_step":"1","number_popup_post":"1"}],"image_override":[{"single_post_thumbnail_size":"","single_post_gallery_size":""}],"trending_post_position":"","trending_post_label":""},"jnews_primary_category":{"id":""},"jnews_social_meta":{"fb_title":"","fb_description":"","fb_image":"","twitter_title":"","twitter_description":"","twitter_image":""},"jnews_override_counter":{"view_counter_number":"0","share_counter_number":"0","like_counter_number":"0","dislike_counter_number":"0"},"footnotes":""},"categories":[780],"tags":[698,721,1045,1046],"class_list":["post-7699","post","type-post","status-publish","format-standard","has-post-thumbnail","hentry","category-politica-it","tag-aborto","tag-interruzione-di-gravidanza","tag-rebecca-long-bailey","tag-regno-unito"],"yoast_head":"<!-- This site is optimized with the Yoast SEO Premium plugin v25.9 (Yoast SEO v27.3) - https:\/\/yoast.com\/product\/yoast-seo-premium-wordpress\/ -->\n<title>Discriminazione e aborto: la Sinistra UK in cortocircuito - IFN<\/title>\n<meta name=\"robots\" content=\"index, follow, max-snippet:-1, max-image-preview:large, max-video-preview:-1\" \/>\n<link rel=\"canonical\" href=\"https:\/\/ifamnews.com\/it\/discriminazione-e-aborto-la-sinistra-uk-in-cortocircuito\" \/>\n<meta property=\"og:locale\" content=\"it_IT\" \/>\n<meta property=\"og:type\" content=\"article\" \/>\n<meta property=\"og:title\" content=\"Discriminazione e aborto: la Sinistra UK in cortocircuito\" \/>\n<meta property=\"og:description\" content=\"Last updated on Febbraio 7th, 2020 at 01:56 am Talvolta la coscienza bussa alla porta e crea cortocircuiti. \u00c8 capitato che in dicembre, durante l\u2019ultima campagna elettorale nel Regno Unito, una deputata del Partito Laburista, Rebecca Long-Bailey, abbia presenziato a un incontro con i rappresentanti della cattedrale cattolica di Salford. In quell\u2019occasione sono state formulate [&hellip;]\" \/>\n<meta property=\"og:url\" content=\"https:\/\/ifamnews.com\/it\/discriminazione-e-aborto-la-sinistra-uk-in-cortocircuito\" \/>\n<meta property=\"og:site_name\" content=\"IFN\" \/>\n<meta property=\"article:publisher\" content=\"https:\/\/www.facebook.com\/iFamNews\" \/>\n<meta property=\"article:published_time\" content=\"2020-02-06T05:00:59+00:00\" \/>\n<meta property=\"article:modified_time\" content=\"2020-02-07T06:56:31+00:00\" \/>\n<meta property=\"og:image\" content=\"https:\/\/ifamnews.com\/wp-content\/uploads\/2020\/02\/Rebecca-Long-Bailey-UK.jpeg\" \/>\n\t<meta property=\"og:image:width\" content=\"1554\" \/>\n\t<meta property=\"og:image:height\" content=\"1554\" \/>\n\t<meta property=\"og:image:type\" content=\"image\/jpeg\" \/>\n<meta name=\"author\" content=\"Simone Fausti\" \/>\n<meta name=\"twitter:card\" content=\"summary_large_image\" \/>\n<meta name=\"twitter:creator\" content=\"@iFamNewsEN\" \/>\n<meta name=\"twitter:site\" content=\"@iFamNewsEN\" \/>\n<meta name=\"twitter:label1\" content=\"Scritto da\" \/>\n\t<meta name=\"twitter:data1\" content=\"Simone Fausti\" \/>\n\t<meta name=\"twitter:label2\" content=\"Tempo di lettura stimato\" \/>\n\t<meta name=\"twitter:data2\" content=\"4 minuti\" \/>\n<!-- \/ Yoast SEO Premium plugin. -->","yoast_head_json":{"title":"Discriminazione e aborto: la Sinistra UK in cortocircuito - IFN","robots":{"index":"index","follow":"follow","max-snippet":"max-snippet:-1","max-image-preview":"max-image-preview:large","max-video-preview":"max-video-preview:-1"},"canonical":"https:\/\/ifamnews.com\/it\/discriminazione-e-aborto-la-sinistra-uk-in-cortocircuito","og_locale":"it_IT","og_type":"article","og_title":"Discriminazione e aborto: la Sinistra UK in cortocircuito","og_description":"Last updated on Febbraio 7th, 2020 at 01:56 am Talvolta la coscienza bussa alla porta e crea cortocircuiti. \u00c8 capitato che in dicembre, durante l\u2019ultima campagna elettorale nel Regno Unito, una deputata del Partito Laburista, Rebecca Long-Bailey, abbia presenziato a un incontro con i rappresentanti della cattedrale cattolica di Salford. In quell\u2019occasione sono state formulate [&hellip;]","og_url":"https:\/\/ifamnews.com\/it\/discriminazione-e-aborto-la-sinistra-uk-in-cortocircuito","og_site_name":"IFN","article_publisher":"https:\/\/www.facebook.com\/iFamNews","article_published_time":"2020-02-06T05:00:59+00:00","article_modified_time":"2020-02-07T06:56:31+00:00","og_image":[{"width":1554,"height":1554,"url":"https:\/\/ifamnews.com\/wp-content\/uploads\/2020\/02\/Rebecca-Long-Bailey-UK.jpeg","type":"image\/jpeg"}],"author":"Simone Fausti","twitter_card":"summary_large_image","twitter_creator":"@iFamNewsEN","twitter_site":"@iFamNewsEN","twitter_misc":{"Scritto da":"Simone Fausti","Tempo di lettura stimato":"4 minuti"},"schema":{"@context":"https:\/\/schema.org","@graph":[{"@type":"NewsArticle","@id":"https:\/\/ifamnews.com\/it\/discriminazione-e-aborto-la-sinistra-uk-in-cortocircuito#article","isPartOf":{"@id":"https:\/\/ifamnews.com\/it\/discriminazione-e-aborto-la-sinistra-uk-in-cortocircuito"},"author":{"name":"Simone Fausti","@id":"https:\/\/ifamnews.com\/en\/#\/schema\/person\/68682f44510d9f945a20de5863d8f1ea"},"headline":"Discriminazione e aborto: la Sinistra UK in cortocircuito","datePublished":"2020-02-06T05:00:59+00:00","dateModified":"2020-02-07T06:56:31+00:00","mainEntityOfPage":{"@id":"https:\/\/ifamnews.com\/it\/discriminazione-e-aborto-la-sinistra-uk-in-cortocircuito"},"wordCount":739,"commentCount":0,"publisher":{"@id":"https:\/\/ifamnews.com\/en\/#organization"},"image":{"@id":"https:\/\/ifamnews.com\/it\/discriminazione-e-aborto-la-sinistra-uk-in-cortocircuito#primaryimage"},"thumbnailUrl":"https:\/\/ifamnews.com\/wp-content\/uploads\/2020\/02\/Rebecca-Long-Bailey-UK.jpeg","keywords":["Aborto","interruzione di gravidanza","Rebecca Long-Bailey","Regno Unito"],"articleSection":["Politica"],"inLanguage":"it-IT","potentialAction":[{"@type":"CommentAction","name":"Comment","target":["https:\/\/ifamnews.com\/it\/discriminazione-e-aborto-la-sinistra-uk-in-cortocircuito#respond"]}]},{"@type":"WebPage","@id":"https:\/\/ifamnews.com\/it\/discriminazione-e-aborto-la-sinistra-uk-in-cortocircuito","url":"https:\/\/ifamnews.com\/it\/discriminazione-e-aborto-la-sinistra-uk-in-cortocircuito","name":"Discriminazione e aborto: la Sinistra UK in cortocircuito - IFN","isPartOf":{"@id":"https:\/\/ifamnews.com\/en\/#website"},"primaryImageOfPage":{"@id":"https:\/\/ifamnews.com\/it\/discriminazione-e-aborto-la-sinistra-uk-in-cortocircuito#primaryimage"},"image":{"@id":"https:\/\/ifamnews.com\/it\/discriminazione-e-aborto-la-sinistra-uk-in-cortocircuito#primaryimage"},"thumbnailUrl":"https:\/\/ifamnews.com\/wp-content\/uploads\/2020\/02\/Rebecca-Long-Bailey-UK.jpeg","datePublished":"2020-02-06T05:00:59+00:00","dateModified":"2020-02-07T06:56:31+00:00","breadcrumb":{"@id":"https:\/\/ifamnews.com\/it\/discriminazione-e-aborto-la-sinistra-uk-in-cortocircuito#breadcrumb"},"inLanguage":"it-IT","potentialAction":[{"@type":"ReadAction","target":["https:\/\/ifamnews.com\/it\/discriminazione-e-aborto-la-sinistra-uk-in-cortocircuito"]}]},{"@type":"ImageObject","inLanguage":"it-IT","@id":"https:\/\/ifamnews.com\/it\/discriminazione-e-aborto-la-sinistra-uk-in-cortocircuito#primaryimage","url":"https:\/\/ifamnews.com\/wp-content\/uploads\/2020\/02\/Rebecca-Long-Bailey-UK.jpeg","contentUrl":"https:\/\/ifamnews.com\/wp-content\/uploads\/2020\/02\/Rebecca-Long-Bailey-UK.jpeg","width":1554,"height":1554},{"@type":"BreadcrumbList","@id":"https:\/\/ifamnews.com\/it\/discriminazione-e-aborto-la-sinistra-uk-in-cortocircuito#breadcrumb","itemListElement":[{"@type":"ListItem","position":1,"name":"Home","item":"https:\/\/ifamnews.com\/de"},{"@type":"ListItem","position":2,"name":"Politics","item":"https:\/\/ifamnews.com\/en\/category\/politics"},{"@type":"ListItem","position":3,"name":"Discriminazione e aborto: la Sinistra UK in cortocircuito"}]},{"@type":"WebSite","@id":"https:\/\/ifamnews.com\/en\/#website","url":"https:\/\/ifamnews.com\/en\/","name":"IFN","description":"International Family News Network","publisher":{"@id":"https:\/\/ifamnews.com\/en\/#organization"},"potentialAction":[{"@type":"SearchAction","target":{"@type":"EntryPoint","urlTemplate":"https:\/\/ifamnews.com\/en\/?s={search_term_string}"},"query-input":{"@type":"PropertyValueSpecification","valueRequired":true,"valueName":"search_term_string"}}],"inLanguage":"it-IT"},{"@type":"Organization","@id":"https:\/\/ifamnews.com\/en\/#organization","name":"iFamNews","url":"https:\/\/ifamnews.com\/en\/","logo":{"@type":"ImageObject","inLanguage":"it-IT","@id":"https:\/\/ifamnews.com\/en\/#\/schema\/logo\/image\/","url":"https:\/\/ifamnews.com\/wp-content\/uploads\/2020\/01\/Share-logo.png","contentUrl":"https:\/\/ifamnews.com\/wp-content\/uploads\/2020\/01\/Share-logo.png","width":200,"height":200,"caption":"iFamNews"},"image":{"@id":"https:\/\/ifamnews.com\/en\/#\/schema\/logo\/image\/"},"sameAs":["https:\/\/www.facebook.com\/iFamNews","https:\/\/x.com\/iFamNewsEN"]},{"@type":"Person","@id":"https:\/\/ifamnews.com\/en\/#\/schema\/person\/68682f44510d9f945a20de5863d8f1ea","name":"Simone Fausti","image":{"@type":"ImageObject","inLanguage":"it-IT","@id":"https:\/\/secure.gravatar.com\/avatar\/da8552cad4e746e2461dabef47fbbdfe7814dd4b51d41a6c097b9d17501ff491?s=96&d=mm&r=g","url":"https:\/\/secure.gravatar.com\/avatar\/da8552cad4e746e2461dabef47fbbdfe7814dd4b51d41a6c097b9d17501ff491?s=96&d=mm&r=g","contentUrl":"https:\/\/secure.gravatar.com\/avatar\/da8552cad4e746e2461dabef47fbbdfe7814dd4b51d41a6c097b9d17501ff491?s=96&d=mm&r=g","caption":"Simone Fausti"},"description":"Simone Fausti, from Monza, graduated in Political and Social Sciences from the Catholic University of the Sacred Heart in Milan and specializes in International Relations. He collaborates with several local newspapers (Il Giornale di Monza, Bresciaoggi) and online (Youtrend). He is fascinated by the reading of G.K. Chesterton and Raymond Carver.","url":"https:\/\/ifamnews.com\/it\/author\/sfausti"}]}},"amp_enabled":true,"_links":{"self":[{"href":"https:\/\/ifamnews.com\/it\/wp-json\/wp\/v2\/posts\/7699","targetHints":{"allow":["GET"]}}],"collection":[{"href":"https:\/\/ifamnews.com\/it\/wp-json\/wp\/v2\/posts"}],"about":[{"href":"https:\/\/ifamnews.com\/it\/wp-json\/wp\/v2\/types\/post"}],"author":[{"embeddable":true,"href":"https:\/\/ifamnews.com\/it\/wp-json\/wp\/v2\/users\/12"}],"replies":[{"embeddable":true,"href":"https:\/\/ifamnews.com\/it\/wp-json\/wp\/v2\/comments?post=7699"}],"version-history":[{"count":5,"href":"https:\/\/ifamnews.com\/it\/wp-json\/wp\/v2\/posts\/7699\/revisions"}],"predecessor-version":[{"id":7885,"href":"https:\/\/ifamnews.com\/it\/wp-json\/wp\/v2\/posts\/7699\/revisions\/7885"}],"wp:featuredmedia":[{"embeddable":true,"href":"https:\/\/ifamnews.com\/it\/wp-json\/wp\/v2\/media\/7701"}],"wp:attachment":[{"href":"https:\/\/ifamnews.com\/it\/wp-json\/wp\/v2\/media?parent=7699"}],"wp:term":[{"taxonomy":"category","embeddable":true,"href":"https:\/\/ifamnews.com\/it\/wp-json\/wp\/v2\/categories?post=7699"},{"taxonomy":"post_tag","embeddable":true,"href":"https:\/\/ifamnews.com\/it\/wp-json\/wp\/v2\/tags?post=7699"}],"curies":[{"name":"wp","href":"https:\/\/api.w.org\/{rel}","templated":true}]}}