{"id":69804,"date":"2021-05-05T00:00:00","date_gmt":"2021-05-05T04:00:00","guid":{"rendered":"https:\/\/ifamnews.com\/?p=69804"},"modified":"2021-07-08T05:53:17","modified_gmt":"2021-07-08T09:53:17","slug":"aborto-vietata-la-comunione-a-biden-","status":"publish","type":"post","link":"https:\/\/ifamnews.com\/it\/aborto-vietata-la-comunione-a-biden-","title":{"rendered":"Aborto, vietata la Comunione a Biden?"},"content":{"rendered":"<p class=\"last-updated\">Last updated on Luglio 8th, 2021 at 05:53 am<\/p>\n<p>Il presidente degli Stati Uniti d\u2019America, Joe Biden, \u00e8 un mito. \u00c8 gi\u00e0 riuscito a <a href=\"https:\/\/ifamnews.com\/it\/si-pu-essere-cattolici-contro-il-cattolicesimo\/\" target=\"_blank\" rel=\"noopener\">inventare il cattolicesimo senza cattolicesimo<\/a>. Il suo Papa definisce <a href=\"https:\/\/www.vatican.va\/content\/francesco\/it\/speeches\/2019\/may\/documents\/papa-francesco_20190525_yes-to-life.html\" target=\"_blank\" rel=\"noreferrer noopener\">\u00absicario\u00bb chi elimina la vita nascente con l\u2019aborto<\/a> e il programma di Biden \u00e8 tutto casa, chiesa e aborto; il suo Pontefice definisce l\u2019ideologia <em>gender<\/em> <a href=\"https:\/\/www.vatican.va\/content\/francesco\/it\/speeches\/2015\/march\/documents\/papa-francesco_20150321_napoli-pompei-giovani.html\" target=\"_blank\" rel=\"noreferrer noopener\">\u00absbaglio della mente umana\u00bb<\/a> e Biden ha <a href=\"https:\/\/joebiden.com\/lgbtq-policy\/\" target=\"_blank\" rel=\"noopener\">transgenderizzato ogni mossa politica<\/a> degli Stati Uniti.<\/p>\n\n\n\n<p>C\u2019\u00e8 per\u00f2 agli atti un <a href=\"https:\/\/ewtn.com\/catholicism\/library\/worthiness-to-receive-holy-communion-general-principles-2153\" target=\"_blank\" rel=\"noopener\"><em>memorandum<\/em> inviato dall\u2019allora prefetto della Congregazione per la dottrina della fede, cardinal Joseph Ratzinger<\/a>, e reso pubblico nel luglio 2004, in cui sta scritto: \u00abVi pu\u00f2 essere legittima diversit\u00e0 di opinioni anche tra i cattolici sul dichiarare guerra e sull\u2019applicare la pena di morte, ma in nessun caso su aborto ed eutanasia\u00bb. Quindi, \u00abper quanto concerne il grave peccato di aborto o eutanasia, quando la cooperazione formale di una persona a esso diventa manifesta (cooperazione intesa, nel caso di un politico cattolico, come il suo impegno costante e il suo voto per leggi permissive su aborto ed eutanasia), il ministro di culto di quella persona dovrebbe incontrare questa persona, istruirla sull\u2019insegnamento della Chiesa, informarla di non presentarsi a ricevere la santa Comunione finch\u00e9 non avr\u00e0 posto fine alla situazione oggettiva di peccato e avvertirla che, in caso contrario, l\u2019Eucaristia gli verrebbe negata\u00bb.<\/p>\n\n\n\n<p><em>Biden qualifies for that<\/em>, come dicono alle sue latitudini con espressione non traducibile con pari disarmante icasticit\u00e0 quasi non volutamente ironica: il presidente del Paese pi\u00f9 importante del mondo ha tutti i requisiti per incorrere in quel divieto clamoroso.<\/p>\n\n\n\n<p>Negli Stati Uniti, dopo le critiche serrate e circostanziate mossegli del <a href=\"https:\/\/ifamnews.com\/it\/parole-cattoliche-sul-biden-cattolico-\/\" target=\"_blank\" rel=\"noopener\">presidente della Conferenza episcopale cattolica, mons. Jos\u00e9 Horacio G\u00f3mez<\/a>, dopo le <a href=\"https:\/\/ifamnews.com\/it\/i-cattolici-possono-giudicare-biden-\/\" target=\"_blank\" rel=\"noopener\">molte voci levatesi giustamente indignate per lo scandalo<\/a> che Biden d\u00e0 a tutti ogni giorno, quel <em>memorandum<\/em> \u00e8 tornato di grande attualit\u00e0.<\/p>\n\n\n\n<p>Tutto parte da un arcivescovo, <a href=\"https:\/\/sfarchdiocese.org\/documents\/2021\/5\/Pastoral_Letter_LetterSize_0501.pdf\" target=\"_blank\" rel=\"noopener\">mons. Salvatore Cordileone, titolare della diocesi di San Francisco, in California<\/a>, autore di una lettera resa pubblica il 1\u00b0 maggio. In ottemperanza alla \u201cdottrina Ratzinger\u201d, ovvero alla dottrina cattolica, accompagnando la grave decisione con cuore rattristato e grande carit\u00e0 pastorale, mons. Cordileone negherebbe e negher\u00e0 la Comunione a tutti quegli uomini politici cattolici che sponsorizzassero pubblicamente l\u2019aborto poich\u00e9 quegli uomini politici cattolici sponsorizzerebbero l\u2019esatto contrario di quel che significa essere cattolici. Non fa una grinza. Per inciso: la lettera di mons. Cordileone \u00e8 una vera e propria <em>summula<\/em> di morale pubblica per cattolici impegnati in politica, <em>alias<\/em> per tutti i cattolici impegnati, <em>alias<\/em> per tutti, che andrebbe studiata, tradotta e diffusa, insomma una piccola grande perla.<\/p>\n\n\n\n<p>Mons. Cordileone nota del resto con finezza e sagacia che la contrariet\u00e0 all\u2019aborto non \u00e8 cosa cattolica e nemmeno cristiana, quindi conclude che, a maggior ragione, un&nbsp; cristiano e un cattolico non possono confondersi con l\u2019abortismo.<\/p>\n\n\n\n<p>Nella lettera il presule non nomina giustamente alcun cattolico. Perch\u00e9? Semplicemente perch\u00e9 chiunque sia cattolico e sia impegnato nella vita pubblica del proprio Paese e del mondo deve fare due pi\u00f9 due.<\/p>\n\n\n\n<p>Ora, come nota acutamente <em><a href=\"https:\/\/www.washingtonpost.com\/religion\/2021\/05\/02\/pelosi-archbishop-communion\/\" target=\"_blank\" rel=\"noopener\">The Washington Post<\/a><\/em>, fra i parrocchiani affidati alle cure pastorali di mons. Cordileone c\u2019\u00e8 anche la terza carica dello Stato americano, Nancy Pelosi, cattolica e filoabortista entusiasticamente dichiarata. Fondamentale. Ma poi la questione tira subito in ballo anche il presidente Biden e il suo vescovo a Washington, il cardinale Wilton Daniel Gregory, per il Biden che intende comunicarsi nella capitale federale, durante la settimana, oppure mons. William Edward Koenig, titolare della diocesi Wilmington, nel Delaware (entrato peraltro in carica di recente, il 30 aprile), dove sorge la chiesa St. Joseph on the Brandywine, quella che Biden frequenta solitamente la domenica.<\/p>\n\n\n\n<p>Ebbene, i vescovi cattolici nordamericani si stanno interrogando. La Commissione dottrinale della Conferenza episcopale statunitense sta preparando un documento, che dovrebbe essere approvato in giugno, quando si svolger\u00e0 la prossima seduta plenaria dell\u2019alto clero del Paese. I cattolici attendono con trepidazione, i bambini massacrati nel ventre delle proprie madri di pi\u00f9.<\/p>\n","protected":false},"excerpt":{"rendered":"<p>Lettera-gioiello di mons. Cordileone e un documento che la Conferenza episcopale USA sta preparando<\/p>\n","protected":false},"author":7,"featured_media":11407,"comment_status":"open","ping_status":"open","sticky":false,"template":"","format":"standard","meta":{"give_campaign_id":0,"om_disable_all_campaigns":false,"_monsterinsights_skip_tracking":false,"_monsterinsights_sitenote_active":false,"_monsterinsights_sitenote_note":"","_monsterinsights_sitenote_category":0,"mc4wp_mailchimp_campaign":[],"jnews-multi-image_gallery":[],"jnews_single_post":{"subtitle":"Lettera-gioiello di mons. Cordileone e un documento che la Conferenza episcopale USA sta preparando","format":"standard","video":"","gallery":"","source_name":"","source_url":"","via_name":"","via_url":"","override":[{"single_blog_custom":"","sidebar":"","second_sidebar":"","share_position":"","share_float_style":"","post_date_format":"","post_date_format_custom":"","post_reading_time_wpm":"","zoom_button_out_step":"1","zoom_button_in_step":"1","number_popup_post":"1"}],"image_override":[{"single_post_thumbnail_size":"","single_post_gallery_size":""}],"trending_post_position":"","trending_post_label":"","sponsored_post_label":"","sponsored_post_name":"","sponsored_post_url":"","sponsored_post_logo":"","sponsored_post_desc":""},"jnews_primary_category":{"id":"780"},"jnews_social_meta":{"fb_title":"","fb_description":"","fb_image":"","twitter_title":"","twitter_description":"","twitter_image":""},"jnews_override_counter":{"view_counter_number":"0","share_counter_number":"0","like_counter_number":"0","dislike_counter_number":"0"},"footnotes":""},"categories":[778,780],"tags":[698,2188,7993],"class_list":["post-69804","post","type-post","status-publish","format-standard","has-post-thumbnail","hentry","category-editoriali","category-politica-it","tag-aborto","tag-joe-biden","tag-vetrina"],"yoast_head":"<!-- This site is optimized with the Yoast SEO Premium plugin v25.9 (Yoast SEO v27.3) - https:\/\/yoast.com\/product\/yoast-seo-premium-wordpress\/ -->\n<title>Aborto, vietata la Comunione a Biden? - &quot;iFamNews&quot;<\/title>\n<meta name=\"description\" content=\"Lettera-gioiello di mons. Cordileone, arcivescovo di san Francisco, e un documento che la Conferenza episcopale USA sta preparando\" \/>\n<meta name=\"robots\" content=\"index, follow, max-snippet:-1, max-image-preview:large, max-video-preview:-1\" \/>\n<link rel=\"canonical\" href=\"https:\/\/ifamnews.com\/it\/aborto-vietata-la-comunione-a-biden-\" \/>\n<meta property=\"og:locale\" content=\"it_IT\" \/>\n<meta property=\"og:type\" content=\"article\" \/>\n<meta property=\"og:title\" content=\"Aborto, vietata la Comunione a Biden?\" \/>\n<meta property=\"og:description\" content=\"Lettera-gioiello di mons. Cordileone, arcivescovo di san Francisco, e un documento che la Conferenza episcopale USA sta preparando\" \/>\n<meta property=\"og:url\" content=\"https:\/\/ifamnews.com\/it\/aborto-vietata-la-comunione-a-biden-\" \/>\n<meta property=\"og:site_name\" content=\"IFN\" \/>\n<meta property=\"article:publisher\" content=\"https:\/\/www.facebook.com\/iFamNews\" \/>\n<meta property=\"article:author\" content=\"https:\/\/facebook.com\/MarcoRespinti\" \/>\n<meta property=\"article:published_time\" content=\"2021-05-05T04:00:00+00:00\" \/>\n<meta property=\"article:modified_time\" content=\"2021-07-08T09:53:17+00:00\" \/>\n<meta property=\"og:image\" content=\"https:\/\/ifamnews.com\/wp-content\/uploads\/2020\/03\/Biden.jpg\" \/>\n\t<meta property=\"og:image:width\" content=\"1200\" \/>\n\t<meta property=\"og:image:height\" content=\"675\" \/>\n\t<meta property=\"og:image:type\" content=\"image\/jpeg\" \/>\n<meta name=\"author\" content=\"Marco Respinti\" \/>\n<meta name=\"twitter:card\" content=\"summary_large_image\" \/>\n<meta name=\"twitter:creator\" content=\"@https:\/\/twitter.com\/MarcoRespinti\" \/>\n<meta name=\"twitter:site\" content=\"@iFamNewsEN\" \/>\n<meta name=\"twitter:label1\" content=\"Scritto da\" \/>\n\t<meta name=\"twitter:data1\" content=\"Marco Respinti\" \/>\n\t<meta name=\"twitter:label2\" content=\"Tempo di lettura stimato\" \/>\n\t<meta name=\"twitter:data2\" content=\"3 minuti\" \/>\n<!-- \/ Yoast SEO Premium plugin. -->","yoast_head_json":{"title":"Aborto, vietata la Comunione a Biden? - \"iFamNews\"","description":"Lettera-gioiello di mons. Cordileone, arcivescovo di san Francisco, e un documento che la Conferenza episcopale USA sta preparando","robots":{"index":"index","follow":"follow","max-snippet":"max-snippet:-1","max-image-preview":"max-image-preview:large","max-video-preview":"max-video-preview:-1"},"canonical":"https:\/\/ifamnews.com\/it\/aborto-vietata-la-comunione-a-biden-","og_locale":"it_IT","og_type":"article","og_title":"Aborto, vietata la Comunione a Biden?","og_description":"Lettera-gioiello di mons. Cordileone, arcivescovo di san Francisco, e un documento che la Conferenza episcopale USA sta preparando","og_url":"https:\/\/ifamnews.com\/it\/aborto-vietata-la-comunione-a-biden-","og_site_name":"IFN","article_publisher":"https:\/\/www.facebook.com\/iFamNews","article_author":"https:\/\/facebook.com\/MarcoRespinti","article_published_time":"2021-05-05T04:00:00+00:00","article_modified_time":"2021-07-08T09:53:17+00:00","og_image":[{"width":1200,"height":675,"url":"https:\/\/ifamnews.com\/wp-content\/uploads\/2020\/03\/Biden.jpg","type":"image\/jpeg"}],"author":"Marco Respinti","twitter_card":"summary_large_image","twitter_creator":"@https:\/\/twitter.com\/MarcoRespinti","twitter_site":"@iFamNewsEN","twitter_misc":{"Scritto da":"Marco Respinti","Tempo di lettura stimato":"3 minuti"},"schema":{"@context":"https:\/\/schema.org","@graph":[{"@type":"NewsArticle","@id":"https:\/\/ifamnews.com\/it\/aborto-vietata-la-comunione-a-biden-#article","isPartOf":{"@id":"https:\/\/ifamnews.com\/it\/aborto-vietata-la-comunione-a-biden-"},"author":{"name":"Marco Respinti","@id":"https:\/\/ifamnews.com\/en\/#\/schema\/person\/f0579ab02623e80d44006c1a5d949ea9"},"headline":"Aborto, vietata la Comunione a Biden?","datePublished":"2021-05-05T04:00:00+00:00","dateModified":"2021-07-08T09:53:17+00:00","mainEntityOfPage":{"@id":"https:\/\/ifamnews.com\/it\/aborto-vietata-la-comunione-a-biden-"},"wordCount":648,"commentCount":0,"publisher":{"@id":"https:\/\/ifamnews.com\/en\/#organization"},"image":{"@id":"https:\/\/ifamnews.com\/it\/aborto-vietata-la-comunione-a-biden-#primaryimage"},"thumbnailUrl":"https:\/\/ifamnews.com\/wp-content\/uploads\/2020\/03\/Biden.jpg","keywords":["Aborto","Joe Biden","Vetrina"],"articleSection":["Editoriali","Politica"],"inLanguage":"it-IT","potentialAction":[{"@type":"CommentAction","name":"Comment","target":["https:\/\/ifamnews.com\/it\/aborto-vietata-la-comunione-a-biden-#respond"]}]},{"@type":"WebPage","@id":"https:\/\/ifamnews.com\/it\/aborto-vietata-la-comunione-a-biden-","url":"https:\/\/ifamnews.com\/it\/aborto-vietata-la-comunione-a-biden-","name":"Aborto, vietata la Comunione a Biden? - \"iFamNews\"","isPartOf":{"@id":"https:\/\/ifamnews.com\/en\/#website"},"primaryImageOfPage":{"@id":"https:\/\/ifamnews.com\/it\/aborto-vietata-la-comunione-a-biden-#primaryimage"},"image":{"@id":"https:\/\/ifamnews.com\/it\/aborto-vietata-la-comunione-a-biden-#primaryimage"},"thumbnailUrl":"https:\/\/ifamnews.com\/wp-content\/uploads\/2020\/03\/Biden.jpg","datePublished":"2021-05-05T04:00:00+00:00","dateModified":"2021-07-08T09:53:17+00:00","description":"Lettera-gioiello di mons. Cordileone, arcivescovo di san Francisco, e un documento che la Conferenza episcopale USA sta preparando","breadcrumb":{"@id":"https:\/\/ifamnews.com\/it\/aborto-vietata-la-comunione-a-biden-#breadcrumb"},"inLanguage":"it-IT","potentialAction":[{"@type":"ReadAction","target":["https:\/\/ifamnews.com\/it\/aborto-vietata-la-comunione-a-biden-"]}]},{"@type":"ImageObject","inLanguage":"it-IT","@id":"https:\/\/ifamnews.com\/it\/aborto-vietata-la-comunione-a-biden-#primaryimage","url":"https:\/\/ifamnews.com\/wp-content\/uploads\/2020\/03\/Biden.jpg","contentUrl":"https:\/\/ifamnews.com\/wp-content\/uploads\/2020\/03\/Biden.jpg","width":1200,"height":675,"caption":"Image from Google Images"},{"@type":"BreadcrumbList","@id":"https:\/\/ifamnews.com\/it\/aborto-vietata-la-comunione-a-biden-#breadcrumb","itemListElement":[{"@type":"ListItem","position":1,"name":"Home","item":"https:\/\/ifamnews.com\/de"},{"@type":"ListItem","position":2,"name":"Politics","item":"https:\/\/ifamnews.com\/en\/category\/politics"},{"@type":"ListItem","position":3,"name":"Aborto, vietata la Comunione a Biden?"}]},{"@type":"WebSite","@id":"https:\/\/ifamnews.com\/en\/#website","url":"https:\/\/ifamnews.com\/en\/","name":"IFN","description":"International Family News Network","publisher":{"@id":"https:\/\/ifamnews.com\/en\/#organization"},"potentialAction":[{"@type":"SearchAction","target":{"@type":"EntryPoint","urlTemplate":"https:\/\/ifamnews.com\/en\/?s={search_term_string}"},"query-input":{"@type":"PropertyValueSpecification","valueRequired":true,"valueName":"search_term_string"}}],"inLanguage":"it-IT"},{"@type":"Organization","@id":"https:\/\/ifamnews.com\/en\/#organization","name":"iFamNews","url":"https:\/\/ifamnews.com\/en\/","logo":{"@type":"ImageObject","inLanguage":"it-IT","@id":"https:\/\/ifamnews.com\/en\/#\/schema\/logo\/image\/","url":"https:\/\/ifamnews.com\/wp-content\/uploads\/2020\/01\/Share-logo.png","contentUrl":"https:\/\/ifamnews.com\/wp-content\/uploads\/2020\/01\/Share-logo.png","width":200,"height":200,"caption":"iFamNews"},"image":{"@id":"https:\/\/ifamnews.com\/en\/#\/schema\/logo\/image\/"},"sameAs":["https:\/\/www.facebook.com\/iFamNews","https:\/\/x.com\/iFamNewsEN"]},{"@type":"Person","@id":"https:\/\/ifamnews.com\/en\/#\/schema\/person\/f0579ab02623e80d44006c1a5d949ea9","name":"Marco Respinti","image":{"@type":"ImageObject","inLanguage":"it-IT","@id":"https:\/\/secure.gravatar.com\/avatar\/4ab04a5127131015e13010f222e38621144dc33a5df5d977b35ceeab15ee958f?s=96&d=mm&r=g","url":"https:\/\/secure.gravatar.com\/avatar\/4ab04a5127131015e13010f222e38621144dc33a5df5d977b35ceeab15ee958f?s=96&d=mm&r=g","contentUrl":"https:\/\/secure.gravatar.com\/avatar\/4ab04a5127131015e13010f222e38621144dc33a5df5d977b35ceeab15ee958f?s=96&d=mm&r=g","caption":"Marco Respinti"},"description":"Marco Respinti was the Editor-in-Chief of International Family News until the end of 2022. He is an Italian professional journalist, member of the International Federation of Journalists (IFJ), essayist, translator, and lecturer. He has contributed and contributes to several journals and magazines both in print and online, both in Italy and abroad. Author of books, he has translated and\/or edited works by, among others, Edmund Burke, Charles Dickens, T.S. Eliot, Russell Kirk, J.R.R. Tolkien, R\u00e9gine Pernoud and Gustave Thibon. A Senior fellow at the\u00a0Russell Kirk Center for Cultural Renewal (Mecosta, Michigan) he is also a founding member as well as Board member of the Center for European Renewal (The Hague, The Netherlands). A member of the Editorial Board of The European Conservative magazine, as well as a member of the Advisory Council of the European Federation for Freedom of Belief, he serves as Director-in-Charge of the academic publication The Journal of CESNUR and the online Bitter Winter: A Magazine on Religious Liberty and Human Rights.","sameAs":["https:\/\/facebook.com\/MarcoRespinti","https:\/\/it.linkedin.com\/in\/marcorespinti","https:\/\/pinterest.it\/MarcoRespinti\/_created\/","https:\/\/x.com\/https:\/\/twitter.com\/MarcoRespinti","https:\/\/youtube.com\/channel\/UC1FbsvyQNTQ-snpsmRC12Og?view_as=subscriber"],"url":"https:\/\/ifamnews.com\/it\/author\/mrespinti"}]}},"amp_enabled":true,"_links":{"self":[{"href":"https:\/\/ifamnews.com\/it\/wp-json\/wp\/v2\/posts\/69804","targetHints":{"allow":["GET"]}}],"collection":[{"href":"https:\/\/ifamnews.com\/it\/wp-json\/wp\/v2\/posts"}],"about":[{"href":"https:\/\/ifamnews.com\/it\/wp-json\/wp\/v2\/types\/post"}],"author":[{"embeddable":true,"href":"https:\/\/ifamnews.com\/it\/wp-json\/wp\/v2\/users\/7"}],"replies":[{"embeddable":true,"href":"https:\/\/ifamnews.com\/it\/wp-json\/wp\/v2\/comments?post=69804"}],"version-history":[{"count":5,"href":"https:\/\/ifamnews.com\/it\/wp-json\/wp\/v2\/posts\/69804\/revisions"}],"predecessor-version":[{"id":72345,"href":"https:\/\/ifamnews.com\/it\/wp-json\/wp\/v2\/posts\/69804\/revisions\/72345"}],"wp:featuredmedia":[{"embeddable":true,"href":"https:\/\/ifamnews.com\/it\/wp-json\/wp\/v2\/media\/11407"}],"wp:attachment":[{"href":"https:\/\/ifamnews.com\/it\/wp-json\/wp\/v2\/media?parent=69804"}],"wp:term":[{"taxonomy":"category","embeddable":true,"href":"https:\/\/ifamnews.com\/it\/wp-json\/wp\/v2\/categories?post=69804"},{"taxonomy":"post_tag","embeddable":true,"href":"https:\/\/ifamnews.com\/it\/wp-json\/wp\/v2\/tags?post=69804"}],"curies":[{"name":"wp","href":"https:\/\/api.w.org\/{rel}","templated":true}]}}