{"id":69793,"date":"2021-05-08T00:00:00","date_gmt":"2021-05-08T04:00:00","guid":{"rendered":"https:\/\/ifamnews.com\/?p=69793"},"modified":"2021-05-25T03:03:44","modified_gmt":"2021-05-25T07:03:44","slug":"-bibbiano-di-abruzzo-e-poi-","status":"publish","type":"post","link":"https:\/\/ifamnews.com\/it\/-bibbiano-di-abruzzo-e-poi-","title":{"rendered":"\u201cBibbiano\u201d di Abruzzo, e poi?"},"content":{"rendered":"<p class=\"last-updated\">Last updated on Maggio 25th, 2021 at 03:03 am<\/p>\n<p>Sembra esserci un <a href=\"https:\/\/ifamnews.com\/it\/ce-una-bibbiano-anche-in-abruzzo\/\" target=\"_blank\" rel=\"noopener\">filo rosso che lega almeno quattro controversie giudiziarie relative a minori<\/a> contesi in Abruzzo, il cui centro nevralgico \u00e8 il Tribunale dei Minori regionale, con sede a L\u2019Aquila.<\/p>\n\n\n\n<p>Le incongruenze e le irregolarit\u00e0 sono tuttavia molteplici, e il denominatore comune a tutti i casi \u00e8 la sottrazione dei figli al genitore inizialmente affidatario e la successiva sospensione dalla potest\u00e0 genitoriale.<\/p>\n\n\n\n<p>In sintesi: il genitore inizialmente reputato pi\u00f9 meritevole e pi\u00f9 affidabile viene quasi sempre punito con l\u2019allontanamento del figlio e l\u2019assegnazione di quest\u2019ultimo all\u2019ex coniuge oppure a una struttura individuata dai Servizi Sociali. Le Consulenze Tecniche d\u2019Ufficio (CTU), inoltre, non risultano quasi mai complete e imparziali, e, in genere, il Tribunale impedisce al genitore penalizzato di far valere le proprie ragioni. Anche il punto di vista dei minori finisce per essere trascurato o, in qualche modo, manipolato.<\/p>\n\n\n\n<p>Un caso particolarmente articolato \u00e8 quello che vede opposti i coniugi separati M.S. e S.P. Tramite fecondazione assistita, la coppia ha concepito un figlio, \u00abGiovanni\u00bb, nato nel 2017. Durante una visita alla signora P. una ginecologa ravvisa sul corpo della donna segni di quelli che ipotizza essere maltrattamenti. Il Tribunale decide allora di affidare \u00abGiovanni\u00bb ai Servizi Sociali di Roseto degli Abruzzi. Dopo un periodo di controllo domiciliare a carico della coppia, la stabilit\u00e0 psichica della signora P. inizia a vacillare e la donna comincia a diventare violenta nei confronti del figlio. Nel marzo 2019 la signora P. fugge quindi di casa con il bambino e denuncia il marito per maltrattamenti. Nonostante l\u2019accusa non ancora dimostrata a suo danno, il signor S. \u00e8 stato diffidato dall\u2019avvicinarsi al figlio e all\u2019ex moglie, e, nel marzo 2020, \u00e8 stato dichiarato decaduto dalla potest\u00e0 genitoriale. Da due anni il signor S. non vede il bambino.<\/p>\n\n\n\n<h3 class=\"wp-block-heading\" id=\"h-prassi-non-scritta-e-inaccettabile\"><strong>Prassi non scritta e inaccettabile<\/strong><\/h3>\n\n\n\n<p>Altro caso. D.S., padre di Lorenzo, 6 anni, e Francesco, 4, si \u00e8 allontanato dalla madre dei suoi figli, R.G., nel febbraio 2018, dopo una convivenza di quattro anni. Nonostante il Tribunale dei Minori avesse disposto l\u2019affido condiviso, la signora G. ha sempre cercato in tutti i modi di non far vedere i bambini all\u2019ex compagno, portandolo a querelarla. Il Tribunale dei Minori, preso atto della conflittualit\u00e0 tra D. e R., sospende cos\u00ec l\u2019uomo dalla potest\u00e0 genitoriale, vietandogli per molto tempo i contatti con i figli. Dopo la ripresa degli incontri, avvenuta nel novembre 2019, gli assistenti sociali umiliano il padre davanti ai figli. La relazione psicologica su S. \u00e8 positiva, ma dal Tribunale dei Minori non arriva nessun riscontro favorevole. L\u2019uomo non \u00e8 mai stato denunciato per maltrattamenti.<\/p>\n\n\n\n<p id=\"h-nel-suo-esposto-per-s-ha-denunciato-la-prassi-non-scritta-del-tribunale-dei-minori-di-sospendere-dalla-responsabilit-genitoriale-sulla-base-di-mere-segnalazioni-dell-altro-genitore-del-servizio-sociale-o-di-una-denuncia-anonima-senza-preventivamente-procedere-all-audizione-del-destinatario-del-gravissimo-provvedimento-e-senza-procedere-ad-una-seppur-minima-istruttoria\">Nel suo esposto, per\u00f2, S. ha denunciato la \u00abprassi non scritta\u00bb del Tribunale dei Minori di sospendere dalla responsabilit\u00e0 genitoriale, sulla base di mere segnalazioni \u00abdell\u2019altro genitore, del servizio sociale o di una denuncia anonima, senza preventivamente procedere all\u2019audizione del destinatario del gravissimo provvedimento e senza procedere ad una seppur minima istruttoria\u00bb.<\/p>\n\n\n\n<h3 class=\"wp-block-heading\"><strong>Assistenti sociali particolari<\/strong><\/h3>\n\n\n\n<p>Nel caso dei minori \u00abCaterina\u00bb e \u00abDario\u00bb, oggi rispettivamente 17 e 15 anni, la prospettiva del Tribunale dei Minori delle Marche (dove si \u00e8 stabilita la madre) diverge da quella dell\u2019omologa aula abruzzese. Inizialmente affidati al padre, G. D<strong>.<\/strong> \u2013 mentre la madre, S. L., \u00e8 stata sospesa (2015) \u2013 i due fratelli vengono separati a partire dal 2019. Durante gli incontri protetti, \u00abCaterina\u00bb, ormai adolescente, viene spinta dalla madre a ribellarsi contro il padre, che vorrebbe per lei un\u2019educazione meno permissiva. La ragazza viene affidata dal Tribunale a un istituto, mentre il fratello, ipovedente, rimane con il padre. I servizi sociali tentano due volte di prelevare il minore nel gennaio 2020, ma \u00abDario\u00bb ha il terrore di dover abbandonare il padre. Stressato, il ragazzo si ammala e, grazie al certificato medico, riesce a rimanere nella casa paterna.<\/p>\n\n\n\n<p>Il 30 gennaio 2020, sia \u00abCaterina\u00bb sia \u00abDario\u00bb vengono finalmente ascoltati dal Tribunale dei Minori, che per\u00f2 impedisce all\u2019avvocato del padre di ascoltare l\u2019interrogatorio. All\u2019avvocato viene inoltre preclusa la \u00abvisione del fascicolo e delle relazioni del Servizio Sociale pi\u00f9 recenti perch\u00e9 queste erano segretate, sino a quando il Presidente non le avesse lette e ne avesse consentito la visione. Questa \u00e8 una prassi del TM [Tribunale dei Minori] di L\u2019Aquila come riferito in pi\u00f9 occasioni al mio legale dalla cancelleria\u00bb. Per questo motivo, D. ha sporto querela, chiedendo la sostituzione dell\u2019assistente sociale. Azione che gli \u00e8 costata la sospensione dalla potest\u00e0 genitoriale.<\/p>\n\n\n\n<p>C\u2019\u00e8 decisamente del marcio in Danimarca, e occorre sanare al pi\u00f9 presto.<\/p>\n\n\n\n<p><strong><em><a href=\"https:\/\/ifamnews.com\/it\/ce-una-bibbiano-anche-in-abruzzo\/\" target=\"_blank\" rel=\"noopener\">Leggi la prima parte dell\u2019inchiesta<\/a><\/em><\/strong><\/p>\n","protected":false},"excerpt":{"rendered":"<p>C\u2019\u00e8 decisamente del marcio in Danimarca, e occorre sanare al pi\u00f9 presto<\/p>\n","protected":false},"author":545,"featured_media":69776,"comment_status":"open","ping_status":"open","sticky":false,"template":"","format":"standard","meta":{"give_campaign_id":0,"om_disable_all_campaigns":false,"_monsterinsights_skip_tracking":false,"_monsterinsights_sitenote_active":false,"_monsterinsights_sitenote_note":"","_monsterinsights_sitenote_category":0,"mc4wp_mailchimp_campaign":[],"jnews-multi-image_gallery":[],"jnews_single_post":{"subtitle":"C\u2019\u00e8 decisamente del marcio in Danimarca, e occorre sanare al pi\u00f9 presto","format":"standard","video":"","gallery":"","source_name":"","source_url":"","via_name":"","via_url":"","override":[{"single_blog_custom":"","sidebar":"","second_sidebar":"","share_position":"","share_float_style":"","post_date_format":"","post_date_format_custom":"","post_reading_time_wpm":"","zoom_button_out_step":"1","zoom_button_in_step":"1","number_popup_post":"1"}],"image_override":[{"single_post_thumbnail_size":"","single_post_gallery_size":""}],"trending_post_position":"","trending_post_label":"","sponsored_post_label":"","sponsored_post_name":"","sponsored_post_url":"","sponsored_post_logo":"","sponsored_post_desc":""},"jnews_primary_category":{"id":"781"},"jnews_social_meta":{"fb_title":"","fb_description":"","fb_image":"","twitter_title":"","twitter_description":"","twitter_image":""},"jnews_override_counter":{"view_counter_number":"0","share_counter_number":"0","like_counter_number":"0","dislike_counter_number":"0"},"footnotes":""},"categories":[781,951],"tags":[1465,806,7993],"class_list":["post-69793","post","type-post","status-publish","format-standard","has-post-thumbnail","hentry","category-famiglia","category-foreground-it","tag-bibbiano","tag-famiglia","tag-vetrina"],"yoast_head":"<!-- This site is optimized with the Yoast SEO Premium plugin v25.9 (Yoast SEO v27.3) - https:\/\/yoast.com\/product\/yoast-seo-premium-wordpress\/ -->\n<title>\u201cBibbiano\u201d di Abruzzo, e poi? - &quot;iFamNews&quot;<\/title>\n<meta name=\"description\" content=\"C\u2019\u00e8 decisamente del marcio in Danimarca, e occorre sanare al pi\u00f9 presto. La seconda e ultima parte della nostra indagine\" \/>\n<meta name=\"robots\" content=\"index, follow, max-snippet:-1, max-image-preview:large, max-video-preview:-1\" \/>\n<link rel=\"canonical\" href=\"https:\/\/ifamnews.com\/it\/-bibbiano-di-abruzzo-e-poi-\" \/>\n<meta property=\"og:locale\" content=\"it_IT\" \/>\n<meta property=\"og:type\" content=\"article\" \/>\n<meta property=\"og:title\" content=\"\u201cBibbiano\u201d di Abruzzo, e poi?\" \/>\n<meta property=\"og:description\" content=\"C\u2019\u00e8 decisamente del marcio in Danimarca, e occorre sanare al pi\u00f9 presto. La seconda e ultima parte della nostra indagine\" \/>\n<meta property=\"og:url\" content=\"https:\/\/ifamnews.com\/it\/-bibbiano-di-abruzzo-e-poi-\" \/>\n<meta property=\"og:site_name\" content=\"IFN\" \/>\n<meta property=\"article:publisher\" content=\"https:\/\/www.facebook.com\/iFamNews\" \/>\n<meta property=\"article:published_time\" content=\"2021-05-08T04:00:00+00:00\" \/>\n<meta property=\"article:modified_time\" content=\"2021-05-25T07:03:44+00:00\" \/>\n<meta property=\"og:image\" content=\"https:\/\/ifamnews.com\/wp-content\/uploads\/2021\/05\/Mostro-2.jpg\" \/>\n\t<meta property=\"og:image:width\" content=\"1200\" \/>\n\t<meta property=\"og:image:height\" content=\"675\" \/>\n\t<meta property=\"og:image:type\" content=\"image\/jpeg\" \/>\n<meta name=\"author\" content=\"Luca Marcolivio\" \/>\n<meta name=\"twitter:card\" content=\"summary_large_image\" \/>\n<meta name=\"twitter:creator\" content=\"@https:\/\/twitter.com\/luketto2\" \/>\n<meta name=\"twitter:site\" content=\"@iFamNewsEN\" \/>\n<meta name=\"twitter:label1\" content=\"Scritto da\" \/>\n\t<meta name=\"twitter:data1\" content=\"Luca Marcolivio\" \/>\n\t<meta name=\"twitter:label2\" content=\"Tempo di lettura stimato\" \/>\n\t<meta name=\"twitter:data2\" content=\"4 minuti\" \/>\n<!-- \/ Yoast SEO Premium plugin. -->","yoast_head_json":{"title":"\u201cBibbiano\u201d di Abruzzo, e poi? - \"iFamNews\"","description":"C\u2019\u00e8 decisamente del marcio in Danimarca, e occorre sanare al pi\u00f9 presto. La seconda e ultima parte della nostra indagine","robots":{"index":"index","follow":"follow","max-snippet":"max-snippet:-1","max-image-preview":"max-image-preview:large","max-video-preview":"max-video-preview:-1"},"canonical":"https:\/\/ifamnews.com\/it\/-bibbiano-di-abruzzo-e-poi-","og_locale":"it_IT","og_type":"article","og_title":"\u201cBibbiano\u201d di Abruzzo, e poi?","og_description":"C\u2019\u00e8 decisamente del marcio in Danimarca, e occorre sanare al pi\u00f9 presto. La seconda e ultima parte della nostra indagine","og_url":"https:\/\/ifamnews.com\/it\/-bibbiano-di-abruzzo-e-poi-","og_site_name":"IFN","article_publisher":"https:\/\/www.facebook.com\/iFamNews","article_published_time":"2021-05-08T04:00:00+00:00","article_modified_time":"2021-05-25T07:03:44+00:00","og_image":[{"width":1200,"height":675,"url":"https:\/\/ifamnews.com\/wp-content\/uploads\/2021\/05\/Mostro-2.jpg","type":"image\/jpeg"}],"author":"Luca Marcolivio","twitter_card":"summary_large_image","twitter_creator":"@https:\/\/twitter.com\/luketto2","twitter_site":"@iFamNewsEN","twitter_misc":{"Scritto da":"Luca Marcolivio","Tempo di lettura stimato":"4 minuti"},"schema":{"@context":"https:\/\/schema.org","@graph":[{"@type":"NewsArticle","@id":"https:\/\/ifamnews.com\/it\/-bibbiano-di-abruzzo-e-poi-#article","isPartOf":{"@id":"https:\/\/ifamnews.com\/it\/-bibbiano-di-abruzzo-e-poi-"},"author":{"name":"Luca Marcolivio","@id":"https:\/\/ifamnews.com\/en\/#\/schema\/person\/ce4f7fd8e66bf7ecb51fc4e1d97dbcfd"},"headline":"\u201cBibbiano\u201d di Abruzzo, e poi?","datePublished":"2021-05-08T04:00:00+00:00","dateModified":"2021-05-25T07:03:44+00:00","mainEntityOfPage":{"@id":"https:\/\/ifamnews.com\/it\/-bibbiano-di-abruzzo-e-poi-"},"wordCount":742,"commentCount":0,"publisher":{"@id":"https:\/\/ifamnews.com\/en\/#organization"},"image":{"@id":"https:\/\/ifamnews.com\/it\/-bibbiano-di-abruzzo-e-poi-#primaryimage"},"thumbnailUrl":"https:\/\/ifamnews.com\/wp-content\/uploads\/2021\/05\/Mostro-2.jpg","keywords":["Bibbiano","Famiglia","Vetrina"],"articleSection":["Famiglia","In evidenza"],"inLanguage":"it-IT","potentialAction":[{"@type":"CommentAction","name":"Comment","target":["https:\/\/ifamnews.com\/it\/-bibbiano-di-abruzzo-e-poi-#respond"]}]},{"@type":"WebPage","@id":"https:\/\/ifamnews.com\/it\/-bibbiano-di-abruzzo-e-poi-","url":"https:\/\/ifamnews.com\/it\/-bibbiano-di-abruzzo-e-poi-","name":"\u201cBibbiano\u201d di Abruzzo, e poi? - \"iFamNews\"","isPartOf":{"@id":"https:\/\/ifamnews.com\/en\/#website"},"primaryImageOfPage":{"@id":"https:\/\/ifamnews.com\/it\/-bibbiano-di-abruzzo-e-poi-#primaryimage"},"image":{"@id":"https:\/\/ifamnews.com\/it\/-bibbiano-di-abruzzo-e-poi-#primaryimage"},"thumbnailUrl":"https:\/\/ifamnews.com\/wp-content\/uploads\/2021\/05\/Mostro-2.jpg","datePublished":"2021-05-08T04:00:00+00:00","dateModified":"2021-05-25T07:03:44+00:00","description":"C\u2019\u00e8 decisamente del marcio in Danimarca, e occorre sanare al pi\u00f9 presto. La seconda e ultima parte della nostra indagine","breadcrumb":{"@id":"https:\/\/ifamnews.com\/it\/-bibbiano-di-abruzzo-e-poi-#breadcrumb"},"inLanguage":"it-IT","potentialAction":[{"@type":"ReadAction","target":["https:\/\/ifamnews.com\/it\/-bibbiano-di-abruzzo-e-poi-"]}]},{"@type":"ImageObject","inLanguage":"it-IT","@id":"https:\/\/ifamnews.com\/it\/-bibbiano-di-abruzzo-e-poi-#primaryimage","url":"https:\/\/ifamnews.com\/wp-content\/uploads\/2021\/05\/Mostro-2.jpg","contentUrl":"https:\/\/ifamnews.com\/wp-content\/uploads\/2021\/05\/Mostro-2.jpg","width":1200,"height":675,"caption":"Image from Flickr"},{"@type":"BreadcrumbList","@id":"https:\/\/ifamnews.com\/it\/-bibbiano-di-abruzzo-e-poi-#breadcrumb","itemListElement":[{"@type":"ListItem","position":1,"name":"Home","item":"https:\/\/ifamnews.com\/de"},{"@type":"ListItem","position":2,"name":"Famiglia","item":"https:\/\/ifamnews.com\/it\/categoria\/famiglia"},{"@type":"ListItem","position":3,"name":"\u201cBibbiano\u201d di Abruzzo, e poi?"}]},{"@type":"WebSite","@id":"https:\/\/ifamnews.com\/en\/#website","url":"https:\/\/ifamnews.com\/en\/","name":"IFN","description":"International Family News Network","publisher":{"@id":"https:\/\/ifamnews.com\/en\/#organization"},"potentialAction":[{"@type":"SearchAction","target":{"@type":"EntryPoint","urlTemplate":"https:\/\/ifamnews.com\/en\/?s={search_term_string}"},"query-input":{"@type":"PropertyValueSpecification","valueRequired":true,"valueName":"search_term_string"}}],"inLanguage":"it-IT"},{"@type":"Organization","@id":"https:\/\/ifamnews.com\/en\/#organization","name":"iFamNews","url":"https:\/\/ifamnews.com\/en\/","logo":{"@type":"ImageObject","inLanguage":"it-IT","@id":"https:\/\/ifamnews.com\/en\/#\/schema\/logo\/image\/","url":"https:\/\/ifamnews.com\/wp-content\/uploads\/2020\/01\/Share-logo.png","contentUrl":"https:\/\/ifamnews.com\/wp-content\/uploads\/2020\/01\/Share-logo.png","width":200,"height":200,"caption":"iFamNews"},"image":{"@id":"https:\/\/ifamnews.com\/en\/#\/schema\/logo\/image\/"},"sameAs":["https:\/\/www.facebook.com\/iFamNews","https:\/\/x.com\/iFamNewsEN"]},{"@type":"Person","@id":"https:\/\/ifamnews.com\/en\/#\/schema\/person\/ce4f7fd8e66bf7ecb51fc4e1d97dbcfd","name":"Luca Marcolivio","image":{"@type":"ImageObject","inLanguage":"it-IT","@id":"https:\/\/secure.gravatar.com\/avatar\/4aa297a11beb7510b2301ae9c8bbe9e7eb035156e7c8f0d92c718bc695d102d7?s=96&d=mm&r=g","url":"https:\/\/secure.gravatar.com\/avatar\/4aa297a11beb7510b2301ae9c8bbe9e7eb035156e7c8f0d92c718bc695d102d7?s=96&d=mm&r=g","contentUrl":"https:\/\/secure.gravatar.com\/avatar\/4aa297a11beb7510b2301ae9c8bbe9e7eb035156e7c8f0d92c718bc695d102d7?s=96&d=mm&r=g","caption":"Luca Marcolivio"},"description":"A professional journalist, Luca Marcolivio has been accredited to the Holy See Press Office since 2011. Director of the webmagazine of religious information Cristiani Today, e collaborates with La nuova Bussola Quotidiana, Pro Vita &amp; Famiglia and the blog of the Centro Machiavelli. From 2011 to 2017 he was Editor-in-Chief of the Italian edition of Zenit. He is the author of Contro Garibaldi. Quello che a scuola non vi hanno raccontato and the editor of La societ\u00e0 dell\u2019allegria. Don Bosco raccontato dai salesiani del XXI Secolo","sameAs":["https:\/\/x.com\/https:\/\/twitter.com\/luketto2"],"url":"https:\/\/ifamnews.com\/it\/author\/luca-marcolivio"}]}},"amp_enabled":true,"_links":{"self":[{"href":"https:\/\/ifamnews.com\/it\/wp-json\/wp\/v2\/posts\/69793","targetHints":{"allow":["GET"]}}],"collection":[{"href":"https:\/\/ifamnews.com\/it\/wp-json\/wp\/v2\/posts"}],"about":[{"href":"https:\/\/ifamnews.com\/it\/wp-json\/wp\/v2\/types\/post"}],"author":[{"embeddable":true,"href":"https:\/\/ifamnews.com\/it\/wp-json\/wp\/v2\/users\/545"}],"replies":[{"embeddable":true,"href":"https:\/\/ifamnews.com\/it\/wp-json\/wp\/v2\/comments?post=69793"}],"version-history":[{"count":5,"href":"https:\/\/ifamnews.com\/it\/wp-json\/wp\/v2\/posts\/69793\/revisions"}],"predecessor-version":[{"id":70622,"href":"https:\/\/ifamnews.com\/it\/wp-json\/wp\/v2\/posts\/69793\/revisions\/70622"}],"wp:featuredmedia":[{"embeddable":true,"href":"https:\/\/ifamnews.com\/it\/wp-json\/wp\/v2\/media\/69776"}],"wp:attachment":[{"href":"https:\/\/ifamnews.com\/it\/wp-json\/wp\/v2\/media?parent=69793"}],"wp:term":[{"taxonomy":"category","embeddable":true,"href":"https:\/\/ifamnews.com\/it\/wp-json\/wp\/v2\/categories?post=69793"},{"taxonomy":"post_tag","embeddable":true,"href":"https:\/\/ifamnews.com\/it\/wp-json\/wp\/v2\/tags?post=69793"}],"curies":[{"name":"wp","href":"https:\/\/api.w.org\/{rel}","templated":true}]}}