{"id":67172,"date":"2021-04-23T00:00:00","date_gmt":"2021-04-23T04:00:00","guid":{"rendered":"https:\/\/ifamnews.com\/?p=67172"},"modified":"2021-06-08T08:57:12","modified_gmt":"2021-06-08T12:57:12","slug":"l-ennesima-presa-in-giro-della-planned-parenthood","status":"publish","type":"post","link":"https:\/\/ifamnews.com\/it\/l-ennesima-presa-in-giro-della-planned-parenthood","title":{"rendered":"L\u2019ennesima presa in giro della Planned Parenthood"},"content":{"rendered":"<p class=\"last-updated\">Last updated on Giugno 8th, 2021 at 08:57 am<\/p>\n<p>Era <a href=\"https:\/\/ifamnews.com\/it\/planned-parenthood-con-il-trucco\/\" target=\"_blank\" rel=\"noopener\">stato annunciato<\/a> l\u2019anno scorso <a href=\"https:\/\/www.nytimes.com\/2020\/07\/21\/nyregion\/planned-parenthood-margaret-sanger-eugenics.html\" target=\"_blank\" rel=\"noopener\">ed \u00e8 stato fatto<\/a> in via, diciamo, sperimentale. Ora la cosa viene ratificata e generalizzata. La Planned Parenthood (PP), la pi\u00f9 grande multinazionale dell\u2019aborto del mondo, cambia nome ai propri abortifici intitolati all\u2019irlandese Margaret Sanger (1879-1966), ovvero alla sua fondatrice razzista ed eugenista, la quale preferiva abortire e sterilizzare neri e handicappati. Lo ha scritto il presidente e CEO della PP, Alexis McGill Johnson, su una delle \u201cbibbie\u201d del pensiero <em>liberal<\/em>, il quotidiano <a href=\"https:\/\/www.nytimes.com\/2021\/04\/17\/opinion\/planned-parenthood-margaret-sanger.html?fbclid=IwAR2uVUvHzi7aMpBXB8Fb-elNFrT38031Odg5Dqsn60tlMiJQDuVUNLB-m3E\" target=\"_blank\" rel=\"noopener\"><em>The New York Times<\/em><\/a>, poich\u00e9 negli ultimi anni \u00abil lascito sulla questione razziale\u00bb della Sanger \u00ab\u00e8 stata oggetto di dibattito\u00bb. Visto che la Sanger andava a tenere comizi al Ku Klux Klan, forse che qualcuno possa soltanto morbidamente dire che il lascito di Adolf Hitler sulla questione razziale \u00e8 stata oggetto di dibattito?<\/p>\n\n\n\n<p>Due righe sotto il presidente della PP erudisce dunque il pupo spiegando i meriti della Sanger, la quale ha dedicato la propria vita a \u00abpromuovere il controllo delle nascite onde migliorare la vita delle donne\u00bb, domandandosi poi: \u00abera razzista o no?\u00bb.<\/p>\n\n\n\n<p>Per rispondere, la McGill Johnson scrive: \u00abLa Sanger parl\u00f2 alle <a href=\"https:\/\/gizmodo.com\/margaret-sanger-once-spoke-to-the-kkk-but-this-photo-o-1724547991\" target=\"_blank\" rel=\"noopener\">donne ausiliarie del Ku Klux Klan<\/a> a un raduno nel New Jersey per promuovere la causa del controllo delle nascite. E anche se poi ha preso le distanze dal movimento eugenista per via della brusca svolta di questo nella direzione del razzismo esplicito, la Sanger ha appoggiato la decisione della Corte Suprema federale nel caso <em>Buck v. Bell <\/em>del 1927 che permise agli Stati dell\u2019Unione nordamericana di sterilizzare le persone ritenute \u201cinadatte\u201d senza il consenso delle stesse e a volte persino a loro insaputa, cosa, questa, che ha comportato la <a href=\"https:\/\/www.nytimes.com\/2016\/03\/07\/books\/review-adam-cohens-imbeciles-on-the-supreme-court-and-justice-not-for-all.html\" target=\"_blank\" rel=\"noopener\">sterilizzazione di decine di migliaia di persone<\/a> nel corso del secolo XX\u00bb. Non so, come la si vuole definire una <em>madame<\/em> cos\u00ec? Razzista implicita, visto che prese le distanze dal \u00abrazzismo esplicito\u00bb? Giusto, per\u00f2, per sapere: queste delicatezze la McGill Johnson le riserva pure a Hitler che della soluzione finale non ha lasciato verbali scritti?<\/p>\n\n\n\n<p>\u00abLe prime prove della pillola per il controllo delle nascite effettuate su esseri umani\u00bb, continua il presidente della PP, notando che quel progetto \u00abdivenne poi la passione della Sanger\u00bb, \u00abfu condotto con il sostegno della Sanger stessa a Puerto Rico, dove ad almeno 1500 donne non fu detto che quel preparato fosse sperimentale o che dette donne avrebbero potuto patire pericolosi effetti collaterali\u00bb. Questi distinguo la McGill Johnson li riserva anche a Hitler?<\/p>\n\n\n\n<p>Ma la perla sta nel paragrafo successivo: \u00abNoi non sappiamo cosa avesse in cuore proprio la Sanger, e non c\u2019\u00e8 bisogno di saperlo per condannarne le scelte pericolose. Ci\u00f2 che comunque ci resta \u00e8 una storia di indefessa attenzione alla femminilit\u00e0 bianca. Alla domanda se la nostra fondatrice sia stata razzista o meno non si pu\u00f2 rispondere semplicemente con un \u201cs\u00ec\u201d o con un \u201cno\u201d. Alla fine dei conti quel che conta \u00e8 capire pienamente il suo lascito e l\u2019impatto che esso ha esercitato. Alla fine di tutto, ci\u00f2 che resta \u00e8 il lavoro venuto dopo\u00bb. Per questo \u00abla Sanger rimane una parte influente della nostra storia e non ne sar\u00e0 cancellata\u00bb.<\/p>\n\n\n\n<p>Il resto dell\u2019articolo \u00e8 solo bla bla riempitivo come il collagene, e chi vuole pu\u00f2 leggerselo da s\u00e9. Si rilegga per\u00f2 certamente l\u2019ultimo paio di citazioni. Le traduco. La Sanger era, ovvio, una gran mascalzona, che ha fatto o benedetto o coperto porcherie immani, ma le va perdonato tutto perch\u00e9, al netto di qualche neo, conta l\u2019industria mostruosa che ha messo in piedi nel mondo intero per eliminare esseri umani innocenti in modo seriale. Per questo \u00e8 viva e lotta con noi, pi\u00f9 la clamorosa zappa sui piedi dell\u2019\u00abindefessa attenzione alla femminilit\u00e0 bianca\u00bb, le altre donne stavano infatti a zero.<\/p>\n\n\n\n<p>Dunque, ricapitolando. La Sanger \u00e8 e resta la divinit\u00e0 eccelsa del pi\u00f9 grande abortificio mondiale. Siccome qualcuno negli anni ha tolto dalla naftalina le sue strette parentele con tipetti alla Hitler, bisogna proprio che agli abortifici che portano il suo nome venga applicato <em>blush<\/em>, ombretto e mascara. Se infatti una Jane Roe nera o handicappata volesse abortire il figlio che porta in grembo in un abortificio intitolato a Margaret Sanger, potrebbe anche aggrottare le ciglia. Mentre se entrer\u00e0 in un abortificio chiamato \u201cRoselline\u201d tutto filer\u00e0 liscio. Alla domanda se Hitler sia stato razzista o meno non si pu\u00f2 del resto mica rispondere semplicemente con un \u201cs\u00ec\u201d o con un \u201cno\u201d.<\/p>\n","protected":false},"excerpt":{"rendered":"<p>Via il nome di Margaret Sanger dagli abortifici, tanto ne restano pratiche e spirito<\/p>\n","protected":false},"author":7,"featured_media":67177,"comment_status":"open","ping_status":"open","sticky":false,"template":"","format":"standard","meta":{"give_campaign_id":0,"om_disable_all_campaigns":false,"_monsterinsights_skip_tracking":false,"_monsterinsights_sitenote_active":false,"_monsterinsights_sitenote_note":"","_monsterinsights_sitenote_category":0,"mc4wp_mailchimp_campaign":[],"jnews-multi-image_gallery":[],"jnews_single_post":{"subtitle":"Via il nome di Margaret Sanger dagli abortifici, tanto ne restano pratiche e spirito","format":"standard","video":"","gallery":"","source_name":"","source_url":"","via_name":"","via_url":"","override":[{"single_blog_custom":"","sidebar":"","second_sidebar":"","share_position":"","share_float_style":"","post_date_format":"","post_date_format_custom":"","post_reading_time_wpm":"","zoom_button_out_step":"1","zoom_button_in_step":"1","number_popup_post":"1"}],"image_override":[{"single_post_thumbnail_size":"","single_post_gallery_size":""}],"trending_post_position":"","trending_post_label":"","sponsored_post_label":"","sponsored_post_name":"","sponsored_post_url":"","sponsored_post_logo":"","sponsored_post_desc":""},"jnews_primary_category":{"id":"817"},"jnews_social_meta":{"fb_title":"","fb_description":"","fb_image":"","twitter_title":"","twitter_description":"","twitter_image":""},"jnews_override_counter":{"view_counter_number":"0","share_counter_number":"0","like_counter_number":"0","dislike_counter_number":"0"},"footnotes":""},"categories":[778,817],"tags":[698,1220,7993],"class_list":["post-67172","post","type-post","status-publish","format-standard","has-post-thumbnail","hentry","category-editoriali","category-vita","tag-aborto","tag-planned-parenthood-it","tag-vetrina"],"yoast_head":"<!-- This site is optimized with the Yoast SEO Premium plugin v25.9 (Yoast SEO v27.3) - https:\/\/yoast.com\/product\/yoast-seo-premium-wordpress\/ -->\n<title>L\u2019ennesima presa in giro della Planned Parenthood - &quot;iFamNews&quot;<\/title>\n<meta name=\"description\" content=\"Meglio togliere il nome di Margaret Sanger dagli abortifici, tanto ne restano pratiche e spirito: una riflessione\" \/>\n<meta name=\"robots\" content=\"index, follow, max-snippet:-1, max-image-preview:large, max-video-preview:-1\" \/>\n<link rel=\"canonical\" href=\"https:\/\/ifamnews.com\/it\/l-ennesima-presa-in-giro-della-planned-parenthood\" \/>\n<meta property=\"og:locale\" content=\"it_IT\" \/>\n<meta property=\"og:type\" content=\"article\" \/>\n<meta property=\"og:title\" content=\"L\u2019ennesima presa in giro della Planned Parenthood\" \/>\n<meta property=\"og:description\" content=\"Meglio togliere il nome di Margaret Sanger dagli abortifici, tanto ne restano pratiche e spirito: una riflessione\" \/>\n<meta property=\"og:url\" content=\"https:\/\/ifamnews.com\/it\/l-ennesima-presa-in-giro-della-planned-parenthood\" \/>\n<meta property=\"og:site_name\" content=\"IFN\" \/>\n<meta property=\"article:publisher\" content=\"https:\/\/www.facebook.com\/iFamNews\" \/>\n<meta property=\"article:author\" content=\"https:\/\/facebook.com\/MarcoRespinti\" \/>\n<meta property=\"article:published_time\" content=\"2021-04-23T04:00:00+00:00\" \/>\n<meta property=\"article:modified_time\" content=\"2021-06-08T12:57:12+00:00\" \/>\n<meta property=\"og:image\" content=\"https:\/\/ifamnews.com\/wp-content\/uploads\/2021\/04\/Margaret-Sanger.jpg\" \/>\n\t<meta property=\"og:image:width\" content=\"690\" \/>\n\t<meta property=\"og:image:height\" content=\"504\" \/>\n\t<meta property=\"og:image:type\" content=\"image\/jpeg\" \/>\n<meta name=\"author\" content=\"Marco Respinti\" \/>\n<meta name=\"twitter:card\" content=\"summary_large_image\" \/>\n<meta name=\"twitter:creator\" content=\"@https:\/\/twitter.com\/MarcoRespinti\" \/>\n<meta name=\"twitter:site\" content=\"@iFamNewsEN\" \/>\n<meta name=\"twitter:label1\" content=\"Scritto da\" \/>\n\t<meta name=\"twitter:data1\" content=\"Marco Respinti\" \/>\n\t<meta name=\"twitter:label2\" content=\"Tempo di lettura stimato\" \/>\n\t<meta name=\"twitter:data2\" content=\"4 minuti\" \/>\n<!-- \/ Yoast SEO Premium plugin. -->","yoast_head_json":{"title":"L\u2019ennesima presa in giro della Planned Parenthood - \"iFamNews\"","description":"Meglio togliere il nome di Margaret Sanger dagli abortifici, tanto ne restano pratiche e spirito: una riflessione","robots":{"index":"index","follow":"follow","max-snippet":"max-snippet:-1","max-image-preview":"max-image-preview:large","max-video-preview":"max-video-preview:-1"},"canonical":"https:\/\/ifamnews.com\/it\/l-ennesima-presa-in-giro-della-planned-parenthood","og_locale":"it_IT","og_type":"article","og_title":"L\u2019ennesima presa in giro della Planned Parenthood","og_description":"Meglio togliere il nome di Margaret Sanger dagli abortifici, tanto ne restano pratiche e spirito: una riflessione","og_url":"https:\/\/ifamnews.com\/it\/l-ennesima-presa-in-giro-della-planned-parenthood","og_site_name":"IFN","article_publisher":"https:\/\/www.facebook.com\/iFamNews","article_author":"https:\/\/facebook.com\/MarcoRespinti","article_published_time":"2021-04-23T04:00:00+00:00","article_modified_time":"2021-06-08T12:57:12+00:00","og_image":[{"width":690,"height":504,"url":"https:\/\/ifamnews.com\/wp-content\/uploads\/2021\/04\/Margaret-Sanger.jpg","type":"image\/jpeg"}],"author":"Marco Respinti","twitter_card":"summary_large_image","twitter_creator":"@https:\/\/twitter.com\/MarcoRespinti","twitter_site":"@iFamNewsEN","twitter_misc":{"Scritto da":"Marco Respinti","Tempo di lettura stimato":"4 minuti"},"schema":{"@context":"https:\/\/schema.org","@graph":[{"@type":"NewsArticle","@id":"https:\/\/ifamnews.com\/it\/l-ennesima-presa-in-giro-della-planned-parenthood#article","isPartOf":{"@id":"https:\/\/ifamnews.com\/it\/l-ennesima-presa-in-giro-della-planned-parenthood"},"author":{"name":"Marco Respinti","@id":"https:\/\/ifamnews.com\/en\/#\/schema\/person\/f0579ab02623e80d44006c1a5d949ea9"},"headline":"L\u2019ennesima presa in giro della Planned Parenthood","datePublished":"2021-04-23T04:00:00+00:00","dateModified":"2021-06-08T12:57:12+00:00","mainEntityOfPage":{"@id":"https:\/\/ifamnews.com\/it\/l-ennesima-presa-in-giro-della-planned-parenthood"},"wordCount":728,"commentCount":0,"publisher":{"@id":"https:\/\/ifamnews.com\/en\/#organization"},"image":{"@id":"https:\/\/ifamnews.com\/it\/l-ennesima-presa-in-giro-della-planned-parenthood#primaryimage"},"thumbnailUrl":"https:\/\/ifamnews.com\/wp-content\/uploads\/2021\/04\/Margaret-Sanger.jpg","keywords":["Aborto","Planned Parenthood","Vetrina"],"articleSection":["Editoriali","Vita"],"inLanguage":"it-IT","potentialAction":[{"@type":"CommentAction","name":"Comment","target":["https:\/\/ifamnews.com\/it\/l-ennesima-presa-in-giro-della-planned-parenthood#respond"]}]},{"@type":"WebPage","@id":"https:\/\/ifamnews.com\/it\/l-ennesima-presa-in-giro-della-planned-parenthood","url":"https:\/\/ifamnews.com\/it\/l-ennesima-presa-in-giro-della-planned-parenthood","name":"L\u2019ennesima presa in giro della Planned Parenthood - \"iFamNews\"","isPartOf":{"@id":"https:\/\/ifamnews.com\/en\/#website"},"primaryImageOfPage":{"@id":"https:\/\/ifamnews.com\/it\/l-ennesima-presa-in-giro-della-planned-parenthood#primaryimage"},"image":{"@id":"https:\/\/ifamnews.com\/it\/l-ennesima-presa-in-giro-della-planned-parenthood#primaryimage"},"thumbnailUrl":"https:\/\/ifamnews.com\/wp-content\/uploads\/2021\/04\/Margaret-Sanger.jpg","datePublished":"2021-04-23T04:00:00+00:00","dateModified":"2021-06-08T12:57:12+00:00","description":"Meglio togliere il nome di Margaret Sanger dagli abortifici, tanto ne restano pratiche e spirito: una riflessione","breadcrumb":{"@id":"https:\/\/ifamnews.com\/it\/l-ennesima-presa-in-giro-della-planned-parenthood#breadcrumb"},"inLanguage":"it-IT","potentialAction":[{"@type":"ReadAction","target":["https:\/\/ifamnews.com\/it\/l-ennesima-presa-in-giro-della-planned-parenthood"]}]},{"@type":"ImageObject","inLanguage":"it-IT","@id":"https:\/\/ifamnews.com\/it\/l-ennesima-presa-in-giro-della-planned-parenthood#primaryimage","url":"https:\/\/ifamnews.com\/wp-content\/uploads\/2021\/04\/Margaret-Sanger.jpg","contentUrl":"https:\/\/ifamnews.com\/wp-content\/uploads\/2021\/04\/Margaret-Sanger.jpg","width":690,"height":504,"caption":"Margaret Sanger, la fondatrice eugenista e razzista della Planned Parenthood"},{"@type":"BreadcrumbList","@id":"https:\/\/ifamnews.com\/it\/l-ennesima-presa-in-giro-della-planned-parenthood#breadcrumb","itemListElement":[{"@type":"ListItem","position":1,"name":"Home","item":"https:\/\/ifamnews.com\/de"},{"@type":"ListItem","position":2,"name":"Life","item":"https:\/\/ifamnews.com\/en\/category\/life"},{"@type":"ListItem","position":3,"name":"L\u2019ennesima presa in giro della Planned Parenthood"}]},{"@type":"WebSite","@id":"https:\/\/ifamnews.com\/en\/#website","url":"https:\/\/ifamnews.com\/en\/","name":"IFN","description":"International Family News Network","publisher":{"@id":"https:\/\/ifamnews.com\/en\/#organization"},"potentialAction":[{"@type":"SearchAction","target":{"@type":"EntryPoint","urlTemplate":"https:\/\/ifamnews.com\/en\/?s={search_term_string}"},"query-input":{"@type":"PropertyValueSpecification","valueRequired":true,"valueName":"search_term_string"}}],"inLanguage":"it-IT"},{"@type":"Organization","@id":"https:\/\/ifamnews.com\/en\/#organization","name":"iFamNews","url":"https:\/\/ifamnews.com\/en\/","logo":{"@type":"ImageObject","inLanguage":"it-IT","@id":"https:\/\/ifamnews.com\/en\/#\/schema\/logo\/image\/","url":"https:\/\/ifamnews.com\/wp-content\/uploads\/2020\/01\/Share-logo.png","contentUrl":"https:\/\/ifamnews.com\/wp-content\/uploads\/2020\/01\/Share-logo.png","width":200,"height":200,"caption":"iFamNews"},"image":{"@id":"https:\/\/ifamnews.com\/en\/#\/schema\/logo\/image\/"},"sameAs":["https:\/\/www.facebook.com\/iFamNews","https:\/\/x.com\/iFamNewsEN"]},{"@type":"Person","@id":"https:\/\/ifamnews.com\/en\/#\/schema\/person\/f0579ab02623e80d44006c1a5d949ea9","name":"Marco Respinti","image":{"@type":"ImageObject","inLanguage":"it-IT","@id":"https:\/\/secure.gravatar.com\/avatar\/4ab04a5127131015e13010f222e38621144dc33a5df5d977b35ceeab15ee958f?s=96&d=mm&r=g","url":"https:\/\/secure.gravatar.com\/avatar\/4ab04a5127131015e13010f222e38621144dc33a5df5d977b35ceeab15ee958f?s=96&d=mm&r=g","contentUrl":"https:\/\/secure.gravatar.com\/avatar\/4ab04a5127131015e13010f222e38621144dc33a5df5d977b35ceeab15ee958f?s=96&d=mm&r=g","caption":"Marco Respinti"},"description":"Marco Respinti was the Editor-in-Chief of International Family News until the end of 2022. He is an Italian professional journalist, member of the International Federation of Journalists (IFJ), essayist, translator, and lecturer. He has contributed and contributes to several journals and magazines both in print and online, both in Italy and abroad. Author of books, he has translated and\/or edited works by, among others, Edmund Burke, Charles Dickens, T.S. Eliot, Russell Kirk, J.R.R. Tolkien, R\u00e9gine Pernoud and Gustave Thibon. A Senior fellow at the\u00a0Russell Kirk Center for Cultural Renewal (Mecosta, Michigan) he is also a founding member as well as Board member of the Center for European Renewal (The Hague, The Netherlands). A member of the Editorial Board of The European Conservative magazine, as well as a member of the Advisory Council of the European Federation for Freedom of Belief, he serves as Director-in-Charge of the academic publication The Journal of CESNUR and the online Bitter Winter: A Magazine on Religious Liberty and Human Rights.","sameAs":["https:\/\/facebook.com\/MarcoRespinti","https:\/\/it.linkedin.com\/in\/marcorespinti","https:\/\/pinterest.it\/MarcoRespinti\/_created\/","https:\/\/x.com\/https:\/\/twitter.com\/MarcoRespinti","https:\/\/youtube.com\/channel\/UC1FbsvyQNTQ-snpsmRC12Og?view_as=subscriber"],"url":"https:\/\/ifamnews.com\/it\/author\/mrespinti"}]}},"amp_enabled":true,"_links":{"self":[{"href":"https:\/\/ifamnews.com\/it\/wp-json\/wp\/v2\/posts\/67172","targetHints":{"allow":["GET"]}}],"collection":[{"href":"https:\/\/ifamnews.com\/it\/wp-json\/wp\/v2\/posts"}],"about":[{"href":"https:\/\/ifamnews.com\/it\/wp-json\/wp\/v2\/types\/post"}],"author":[{"embeddable":true,"href":"https:\/\/ifamnews.com\/it\/wp-json\/wp\/v2\/users\/7"}],"replies":[{"embeddable":true,"href":"https:\/\/ifamnews.com\/it\/wp-json\/wp\/v2\/comments?post=67172"}],"version-history":[{"count":5,"href":"https:\/\/ifamnews.com\/it\/wp-json\/wp\/v2\/posts\/67172\/revisions"}],"predecessor-version":[{"id":68442,"href":"https:\/\/ifamnews.com\/it\/wp-json\/wp\/v2\/posts\/67172\/revisions\/68442"}],"wp:featuredmedia":[{"embeddable":true,"href":"https:\/\/ifamnews.com\/it\/wp-json\/wp\/v2\/media\/67177"}],"wp:attachment":[{"href":"https:\/\/ifamnews.com\/it\/wp-json\/wp\/v2\/media?parent=67172"}],"wp:term":[{"taxonomy":"category","embeddable":true,"href":"https:\/\/ifamnews.com\/it\/wp-json\/wp\/v2\/categories?post=67172"},{"taxonomy":"post_tag","embeddable":true,"href":"https:\/\/ifamnews.com\/it\/wp-json\/wp\/v2\/tags?post=67172"}],"curies":[{"name":"wp","href":"https:\/\/api.w.org\/{rel}","templated":true}]}}