{"id":6434,"date":"2020-01-31T18:00:00","date_gmt":"2020-01-31T23:00:00","guid":{"rendered":"https:\/\/ifamnews.com\/?p=6434"},"modified":"2020-02-01T02:44:09","modified_gmt":"2020-02-01T07:44:09","slug":"lunione-falla-forse-ma-senza-la-mamma-e-il-papa","status":"publish","type":"post","link":"https:\/\/ifamnews.com\/it\/lunione-falla-forse-ma-senza-la-mamma-e-il-papa","title":{"rendered":"\u201cL\u2019unione falla forse\u201d, ma senza la mamma e il pap\u00e0"},"content":{"rendered":"\n<p>S&#8217;inizia a vedere la direzione in cui vanno i <a rel=\"noopener noreferrer\" href=\"https:\/\/stefanobonaccini.it\/\" target=\"_blank\">passi avanti<\/a> che il governatore Stefano Bonacini ha promesso all\u2019Emilia-Romagna. Promesse non proprio sbandierate, in realt\u00e0, perch\u00e9 anche di fronte a <a rel=\"noopener noreferrer\" href=\"https:\/\/ifamnews.com\/it\/giovanardi-bonaccini-lutero-in-affitto-e-reato\/\" target=\"_blank\">provocazioni dirette<\/a>, su certi temi, in campagna elettorale, il silenzio ha dominato la scena. Meglio riempirsi la bocca con la <a rel=\"noopener noreferrer\" href=\"https:\/\/ifamnews.com\/it\/emilia-romagna-al-voto-la-posta-in-gioco\/\" target=\"_blank\">riapertura dei centri nascita o la gratuit\u00e0 dei <em>test<\/em> prenatali<\/a> (senza <a rel=\"noopener noreferrer\" href=\"https:\/\/ifamnews.com\/it\/esame-prenatale-gratuito-in-emilia-romagna-progresso-o-un-passo-in-piu-verso-laborto-eugenetico\/\" target=\"_blank\">nemmeno lambire il significato profondo della questione<\/a>), sperando di turlupinare cos\u00ec le famiglie e dimostrando un interesse funzionale solo alla scheda elettorale.<\/p>\n\n\n\n<p>Ma c\u2019\u00e8 chi l\u2019attenzione non la fa cadere, dopo che i giochi son fatti, e le intenzioni di chi domanda fiducia le va a scovare nei fatti, non nei discorsi. Non pu\u00f2 dunque passare inosservato uno dei primi \u201cimpegni pubblici\u201d del neoconsigliere regionale di <a href=\"https:\/\/coraggiosa.it\/\" target=\"_blank\" rel=\"noopener noreferrer\">Emilia Romagna Coraggiosa<\/a>, gi\u00e0 parlamentare europeo del Partito Democratico (PD) e possibile nuovo assessore regionale, <a href=\"https:\/\/coraggiosa.it\/\" target=\"_blank\" rel=\"noopener noreferrer\">Elly Schlein<\/a>, <a href=\"https:\/\/bologna.repubblica.it\/cronaca\/2020\/01\/27\/news\/elezioni_emilia-romagna_coraggiosa_elly_schlein_la_piu_votata_dagli_emiliani-246930085\/\" target=\"_blank\" rel=\"noopener noreferrer\">la pi\u00f9 votata dagli emiliani<\/a> con oltre 22mila preferenze. Uscita dal PD renziano nel 2015, aveva partecipato alla nascita di <a href=\"https:\/\/possibile.com\/\" target=\"_blank\" rel=\"noopener noreferrer\">Possibile<\/a>, abbandonando poi anche questa formazione e di conseguenza una possibile ricandidatura a Strasburgo. Con Vasco Errani si \u00e8 adoperata per la formazione di una lista di sinistra che compattasse i ranghi in vista delle regionali in Emilia, puntando sui temi dell\u2019immigrazione, della \u201ctransizione ecologica\u201d, della \u201cgiustizia fiscale\u201d e invocando una generica \u201cuguaglianza contro le discriminazioni\u201d. Per utero in affitto, <em>step child adoption<\/em> e argomenti affini in campagna elettorale non si sono spese parole. Infatti, tutto sommato, le \u00e8 andata bene.<\/p>\n\n\n\n<p>Ora che l\u2019impegno elettorale si \u00e8 finalmente concluso \u2013 &nbsp;e la Schlein non si \u00e8 certo risparmiata, macinando chilometri su chilometri a una media di cinque incontri al giorno \u2013 &nbsp;\u00e8 ora di rilassarsi, magari andare al cinema. Quale migliore occasione di unire l\u2019utile al dilettevole della programmazione, al <a href=\"https:\/\/kinodromo.org\/2020\/01\/28\/lunione-falla-forse-lunedi-3-febbraio\/\" target=\"_blank\" rel=\"noopener noreferrer\">Kinodromo<\/a> di Bologna, di <a href=\"https:\/\/mentelocale.it\/bologna\/eventi\/162479-omofobia-e-unioni-civili-a-bologna-il-film-l-unione-falla-forse.htm\" target=\"_blank\" rel=\"noopener noreferrer\"><em>L\u2019unione falla forse<\/em><\/a>, nella serata dedicata a  \u00abOmofobia e unioni civili\u00bb?<\/p>\n\n\n\n<p>La sinossi del <em>film<\/em> documentario di Fabio Leli \u00e8 interessante: \u00abNel nuovo progetto del giovane regista pugliese [\u2026] i temi centrali sono&nbsp;l&#8217;omofobia&nbsp;e le&nbsp;unioni civili. Protagoniste della pellicola due&nbsp;famiglie omogenitoriali, una coppia di ragazzi pugliesi con due bambini e due donne palermitane con la loro figlia. La vita tranquilla e serena delle due famiglie, cos\u00ec simile a tante altre, viene interrotta dalle interviste ad esponenti di partiti e movimenti vicini al&nbsp;Family Day&nbsp;e al recente&nbsp;Congresso delle Famiglie&nbsp;di Verona, tra cui&nbsp;Mario Adinolfi,&nbsp;Gianfranco Amato,&nbsp;Silvana de Mari&nbsp;e&nbsp;Massimo Gandolfini, che espongono liberamente le proprie bizzarre idee sull&#8217;introduzione della legge, sul tema dell&#8217;omofobia e sull&#8217;omosessualit\u00e0. Il film si impone come un importante documento d&#8217;attualit\u00e0, a causa della crescita esponenziale dei movimenti&nbsp;ProLife&nbsp;di stampo cattolico estremista [\u2026] Ma anche per il crescente bisogno di riconoscimenti giuridici che le famiglie omogenitoriali chiedono a gran voce e a cui a volte solo la magistratura concede l&#8217;approvazione, a causa del taglio della&nbsp;Stepchild Adoption&nbsp;dalla legge sulle unioni civili del 2016 e del recente ritorno, sulla carta d&#8217;identit\u00e0, alla dicitura di&nbsp;<em>padre<\/em>&nbsp;e&nbsp;<em>madre<\/em>&nbsp;imposta dall&#8217;ex ministro&nbsp;Salvini\u00bb. Ora, il Congresso mondiale delle famiglie di Verona \u00e8 stato organizzato dall&#8217;International Organization for the Family, che \u00e8 l&#8217;editore di &#8220;IFamNews&#8221;. Interessante.<\/p>\n\n\n\n<p>D&#8217;altro canto \u00e8 importante documentare come la magistratura stia di fatto \u201cconcedendo l\u2019approvazione\u201d di pratiche vietate dalla legge italiana, avallando il ricorso all\u2019estero della maternit\u00e0 surrogata e registrando come \u201cfigli\u201d di due uomini o due donne (un falso in atto pubblico) bambini acquistati all\u2019estero e allontanati da almeno uno dei genitori biologici. In sala, ovviamente, anche l\u2019ex senatore Sergio Lo Giudice, che <a rel=\"noopener noreferrer\" href=\"https:\/\/youtube.com\/watch?v=pp2IiL4NUeE\" target=\"_blank\">dell\u2019argomento se ne intende<\/a>.<\/p>\n\n\n\n<p>Significativo anche lo strumento narrativo adottato: un goffo tentativo di mostrare quella che sarebbe la \u201cnormalit\u00e0\u201d di esistenze felici in stridente contrasto con le \u201cbizzarre idee\u201d di quelli che si vogliono far passare come &#8220;strani personaggi&#8221;. D\u2019altra parte, <a href=\"https:\/\/ifamnews.com\/it\/aborto-una-questione-di-tattica\/\" target=\"_blank\" rel=\"noopener noreferrer\">la propaganda usa i suoi strumenti<\/a>, difficile scendere al livello dei fatti, per supportare una ideologia. Nel frattempo, sempre in Emilia, una nuova sentenza del tribunale di Rimini riconosce due <a href=\"https:\/\/tempi.it\/arcigay-esulta-per-le-due-mamme-ora-un-assessore-dedicato-in-emilia-romagna\/\" target=\"_blank\" rel=\"noopener noreferrer\">donne entrambe come &#8220;mamme&#8221; di una coppia di gemelli<\/a>. Ma in tutto ci\u00f2, delle tante urgenze che premono le famiglie emiliane come quelle italiane nella quotidianit\u00e0, questo evento esprime la sua preoccupazione per una delle pi\u00f9 fondamentali: <a href=\"https:\/\/lapressa.it\/articoli\/politica\/no-dicitura-padre-e-madre-su-carta-identit-evento-con-elly-schein?fbclid=IwAR1EZxU38qv7WmCRaqdfuGDI6MXL0OIpXOOJCTOoYpWExqhIxHTkAqALPsw\" target=\"_blank\" rel=\"noopener noreferrer\">la dicitura \u201cpadre\u201d e \u201cmadre\u201d sulla carta di identit\u00e0.<\/a> Effettivamente, c\u2019\u00e8 chi non ci dorme di notte\u2026 <\/p>\n","protected":false},"excerpt":{"rendered":"<p>Il neoeletto consigliere regionale Elly Schlein \u201ccoraggiosamente\u201d paladina della Step Child Adoption<\/p>\n","protected":false},"author":11,"featured_media":6436,"comment_status":"open","ping_status":"open","sticky":false,"template":"","format":"standard","meta":{"give_campaign_id":0,"om_disable_all_campaigns":false,"_monsterinsights_skip_tracking":false,"_monsterinsights_sitenote_active":false,"_monsterinsights_sitenote_note":"","_monsterinsights_sitenote_category":0,"mc4wp_mailchimp_campaign":[],"jnews-multi-image_gallery":[],"jnews_single_post":{"subtitle":"Il neoeletto consigliere regionale Elly Schlein \u201ccoraggiosamente\u201d paladina della Step Child Adoption","format":"standard","video":"","gallery":"","source_name":"","source_url":"","via_name":"","via_url":"","override":[{"single_blog_custom":"","sidebar":"","second_sidebar":"","share_position":"","share_float_style":"","post_date_format":"","post_date_format_custom":"","post_reading_time_wpm":"","zoom_button_out_step":"1","zoom_button_in_step":"1","number_popup_post":"1"}],"image_override":[{"single_post_thumbnail_size":"","single_post_gallery_size":""}],"trending_post_position":"","trending_post_label":""},"jnews_primary_category":{"id":""},"jnews_social_meta":{"fb_title":"","fb_description":"","fb_image":"","twitter_title":"","twitter_description":"","twitter_image":""},"jnews_override_counter":{"view_counter_number":"0","share_counter_number":"0","like_counter_number":"0","dislike_counter_number":"0"},"footnotes":""},"categories":[764],"tags":[890,865,712,738,862],"class_list":["post-6434","post","type-post","status-publish","format-standard","has-post-thumbnail","hentry","category-cultura","tag-elezioni","tag-emilia-romagna","tag-maternita-surrogata","tag-omofobia","tag-sergio-lo-giudice"],"yoast_head":"<!-- This site is optimized with the Yoast SEO Premium plugin v25.9 (Yoast SEO v27.3) - https:\/\/yoast.com\/product\/yoast-seo-premium-wordpress\/ -->\n<title>\u201cL\u2019unione falla forse\u201d, ma senza la mamma e il pap\u00e0 - IFN<\/title>\n<meta name=\"robots\" content=\"index, follow, max-snippet:-1, max-image-preview:large, max-video-preview:-1\" \/>\n<link rel=\"canonical\" href=\"https:\/\/ifamnews.com\/it\/lunione-falla-forse-ma-senza-la-mamma-e-il-papa\" \/>\n<meta property=\"og:locale\" content=\"it_IT\" \/>\n<meta property=\"og:type\" content=\"article\" \/>\n<meta property=\"og:title\" content=\"\u201cL\u2019unione falla forse\u201d, ma senza la mamma e il pap\u00e0\" \/>\n<meta property=\"og:description\" content=\"Il neoeletto consigliere regionale Elly Schlein \u201ccoraggiosamente\u201d paladina della Step Child Adoption\" \/>\n<meta property=\"og:url\" content=\"https:\/\/ifamnews.com\/it\/lunione-falla-forse-ma-senza-la-mamma-e-il-papa\" \/>\n<meta property=\"og:site_name\" content=\"IFN\" \/>\n<meta property=\"article:publisher\" content=\"https:\/\/www.facebook.com\/iFamNews\" \/>\n<meta property=\"article:published_time\" content=\"2020-01-31T23:00:00+00:00\" \/>\n<meta property=\"article:modified_time\" content=\"2020-02-01T07:44:09+00:00\" \/>\n<meta property=\"og:image\" content=\"https:\/\/ifamnews.com\/wp-content\/uploads\/2020\/01\/Elly_Schlein-Manifestazione_contro_il_JA_del_25.10.2014_a_Roma_cropped.jpg\" \/>\n\t<meta property=\"og:image:width\" content=\"738\" \/>\n\t<meta property=\"og:image:height\" content=\"871\" \/>\n\t<meta property=\"og:image:type\" content=\"image\/jpeg\" \/>\n<meta name=\"author\" content=\"Cristina Tamburini\" \/>\n<meta name=\"twitter:card\" content=\"summary_large_image\" \/>\n<meta name=\"twitter:creator\" content=\"@iFamNewsEN\" \/>\n<meta name=\"twitter:site\" content=\"@iFamNewsEN\" \/>\n<meta name=\"twitter:label1\" content=\"Scritto da\" \/>\n\t<meta name=\"twitter:data1\" content=\"Cristina Tamburini\" \/>\n\t<meta name=\"twitter:label2\" content=\"Tempo di lettura stimato\" \/>\n\t<meta name=\"twitter:data2\" content=\"4 minuti\" \/>\n<!-- \/ Yoast SEO Premium plugin. -->","yoast_head_json":{"title":"\u201cL\u2019unione falla forse\u201d, ma senza la mamma e il pap\u00e0 - IFN","robots":{"index":"index","follow":"follow","max-snippet":"max-snippet:-1","max-image-preview":"max-image-preview:large","max-video-preview":"max-video-preview:-1"},"canonical":"https:\/\/ifamnews.com\/it\/lunione-falla-forse-ma-senza-la-mamma-e-il-papa","og_locale":"it_IT","og_type":"article","og_title":"\u201cL\u2019unione falla forse\u201d, ma senza la mamma e il pap\u00e0","og_description":"Il neoeletto consigliere regionale Elly Schlein \u201ccoraggiosamente\u201d paladina della Step Child Adoption","og_url":"https:\/\/ifamnews.com\/it\/lunione-falla-forse-ma-senza-la-mamma-e-il-papa","og_site_name":"IFN","article_publisher":"https:\/\/www.facebook.com\/iFamNews","article_published_time":"2020-01-31T23:00:00+00:00","article_modified_time":"2020-02-01T07:44:09+00:00","og_image":[{"width":738,"height":871,"url":"https:\/\/ifamnews.com\/wp-content\/uploads\/2020\/01\/Elly_Schlein-Manifestazione_contro_il_JA_del_25.10.2014_a_Roma_cropped.jpg","type":"image\/jpeg"}],"author":"Cristina Tamburini","twitter_card":"summary_large_image","twitter_creator":"@iFamNewsEN","twitter_site":"@iFamNewsEN","twitter_misc":{"Scritto da":"Cristina Tamburini","Tempo di lettura stimato":"4 minuti"},"schema":{"@context":"https:\/\/schema.org","@graph":[{"@type":"NewsArticle","@id":"https:\/\/ifamnews.com\/it\/lunione-falla-forse-ma-senza-la-mamma-e-il-papa#article","isPartOf":{"@id":"https:\/\/ifamnews.com\/it\/lunione-falla-forse-ma-senza-la-mamma-e-il-papa"},"author":{"name":"Cristina Tamburini","@id":"https:\/\/ifamnews.com\/en\/#\/schema\/person\/43e7f156898341a8d33d23cccefde53a"},"headline":"\u201cL\u2019unione falla forse\u201d, ma senza la mamma e il pap\u00e0","datePublished":"2020-01-31T23:00:00+00:00","dateModified":"2020-02-01T07:44:09+00:00","mainEntityOfPage":{"@id":"https:\/\/ifamnews.com\/it\/lunione-falla-forse-ma-senza-la-mamma-e-il-papa"},"wordCount":754,"commentCount":0,"publisher":{"@id":"https:\/\/ifamnews.com\/en\/#organization"},"image":{"@id":"https:\/\/ifamnews.com\/it\/lunione-falla-forse-ma-senza-la-mamma-e-il-papa#primaryimage"},"thumbnailUrl":"https:\/\/ifamnews.com\/wp-content\/uploads\/2020\/01\/Elly_Schlein-Manifestazione_contro_il_JA_del_25.10.2014_a_Roma_cropped.jpg","keywords":["elezioni","Emilia-Romagna","Maternit\u00e0 surrogata\/Utero in affitto","Omofobia","Sergio Lo Giudice"],"articleSection":["Cultura"],"inLanguage":"it-IT","potentialAction":[{"@type":"CommentAction","name":"Comment","target":["https:\/\/ifamnews.com\/it\/lunione-falla-forse-ma-senza-la-mamma-e-il-papa#respond"]}]},{"@type":"WebPage","@id":"https:\/\/ifamnews.com\/it\/lunione-falla-forse-ma-senza-la-mamma-e-il-papa","url":"https:\/\/ifamnews.com\/it\/lunione-falla-forse-ma-senza-la-mamma-e-il-papa","name":"\u201cL\u2019unione falla forse\u201d, ma senza la mamma e il pap\u00e0 - IFN","isPartOf":{"@id":"https:\/\/ifamnews.com\/en\/#website"},"primaryImageOfPage":{"@id":"https:\/\/ifamnews.com\/it\/lunione-falla-forse-ma-senza-la-mamma-e-il-papa#primaryimage"},"image":{"@id":"https:\/\/ifamnews.com\/it\/lunione-falla-forse-ma-senza-la-mamma-e-il-papa#primaryimage"},"thumbnailUrl":"https:\/\/ifamnews.com\/wp-content\/uploads\/2020\/01\/Elly_Schlein-Manifestazione_contro_il_JA_del_25.10.2014_a_Roma_cropped.jpg","datePublished":"2020-01-31T23:00:00+00:00","dateModified":"2020-02-01T07:44:09+00:00","breadcrumb":{"@id":"https:\/\/ifamnews.com\/it\/lunione-falla-forse-ma-senza-la-mamma-e-il-papa#breadcrumb"},"inLanguage":"it-IT","potentialAction":[{"@type":"ReadAction","target":["https:\/\/ifamnews.com\/it\/lunione-falla-forse-ma-senza-la-mamma-e-il-papa"]}]},{"@type":"ImageObject","inLanguage":"it-IT","@id":"https:\/\/ifamnews.com\/it\/lunione-falla-forse-ma-senza-la-mamma-e-il-papa#primaryimage","url":"https:\/\/ifamnews.com\/wp-content\/uploads\/2020\/01\/Elly_Schlein-Manifestazione_contro_il_JA_del_25.10.2014_a_Roma_cropped.jpg","contentUrl":"https:\/\/ifamnews.com\/wp-content\/uploads\/2020\/01\/Elly_Schlein-Manifestazione_contro_il_JA_del_25.10.2014_a_Roma_cropped.jpg","width":738,"height":871,"caption":"Image by Goolge"},{"@type":"BreadcrumbList","@id":"https:\/\/ifamnews.com\/it\/lunione-falla-forse-ma-senza-la-mamma-e-il-papa#breadcrumb","itemListElement":[{"@type":"ListItem","position":1,"name":"Home","item":"https:\/\/ifamnews.com\/de"},{"@type":"ListItem","position":2,"name":"Cultura","item":"https:\/\/ifamnews.com\/it\/categoria\/cultura"},{"@type":"ListItem","position":3,"name":"\u201cL\u2019unione falla forse\u201d, ma senza la mamma e il pap\u00e0"}]},{"@type":"WebSite","@id":"https:\/\/ifamnews.com\/en\/#website","url":"https:\/\/ifamnews.com\/en\/","name":"IFN","description":"International Family News Network","publisher":{"@id":"https:\/\/ifamnews.com\/en\/#organization"},"potentialAction":[{"@type":"SearchAction","target":{"@type":"EntryPoint","urlTemplate":"https:\/\/ifamnews.com\/en\/?s={search_term_string}"},"query-input":{"@type":"PropertyValueSpecification","valueRequired":true,"valueName":"search_term_string"}}],"inLanguage":"it-IT"},{"@type":"Organization","@id":"https:\/\/ifamnews.com\/en\/#organization","name":"iFamNews","url":"https:\/\/ifamnews.com\/en\/","logo":{"@type":"ImageObject","inLanguage":"it-IT","@id":"https:\/\/ifamnews.com\/en\/#\/schema\/logo\/image\/","url":"https:\/\/ifamnews.com\/wp-content\/uploads\/2020\/01\/Share-logo.png","contentUrl":"https:\/\/ifamnews.com\/wp-content\/uploads\/2020\/01\/Share-logo.png","width":200,"height":200,"caption":"iFamNews"},"image":{"@id":"https:\/\/ifamnews.com\/en\/#\/schema\/logo\/image\/"},"sameAs":["https:\/\/www.facebook.com\/iFamNews","https:\/\/x.com\/iFamNewsEN"]},{"@type":"Person","@id":"https:\/\/ifamnews.com\/en\/#\/schema\/person\/43e7f156898341a8d33d23cccefde53a","name":"Cristina Tamburini","image":{"@type":"ImageObject","inLanguage":"it-IT","@id":"https:\/\/secure.gravatar.com\/avatar\/4165d8e302e80b4826915d6dc5ff4095e2cdb523a870c0cb303347ba24f5e3c2?s=96&d=mm&r=g","url":"https:\/\/secure.gravatar.com\/avatar\/4165d8e302e80b4826915d6dc5ff4095e2cdb523a870c0cb303347ba24f5e3c2?s=96&d=mm&r=g","contentUrl":"https:\/\/secure.gravatar.com\/avatar\/4165d8e302e80b4826915d6dc5ff4095e2cdb523a870c0cb303347ba24f5e3c2?s=96&d=mm&r=g","caption":"Cristina Tamburini"},"description":"Cristina Tamburini, graduated in Philosophy with a thesis in Philosophical Anthropology on contemporary utilitarianism, wife and mother of seven children, has never abandoned the study and the passion for philosophical anthropology, ethics and bioethics. She has translated into Italian several texts, including Action and Conduct: Thomas Aquinas and the Theory of Action by Stephen L. Brock and Intention by G. Elizabeth M. Anscombe, extending her interests to theology (especially to eschatology and the Social Doctrine of the Church). He edited the blog Yes, they are all mine! to tell and explore the maternage and everyday life in a large family.","sameAs":["https:\/\/sonotuttimiei.blogspot.com\/","https:\/\/instagram.com\/cristambu\/"],"url":"https:\/\/ifamnews.com\/it\/author\/ctamburini"}]}},"amp_enabled":true,"_links":{"self":[{"href":"https:\/\/ifamnews.com\/it\/wp-json\/wp\/v2\/posts\/6434","targetHints":{"allow":["GET"]}}],"collection":[{"href":"https:\/\/ifamnews.com\/it\/wp-json\/wp\/v2\/posts"}],"about":[{"href":"https:\/\/ifamnews.com\/it\/wp-json\/wp\/v2\/types\/post"}],"author":[{"embeddable":true,"href":"https:\/\/ifamnews.com\/it\/wp-json\/wp\/v2\/users\/11"}],"replies":[{"embeddable":true,"href":"https:\/\/ifamnews.com\/it\/wp-json\/wp\/v2\/comments?post=6434"}],"version-history":[{"count":4,"href":"https:\/\/ifamnews.com\/it\/wp-json\/wp\/v2\/posts\/6434\/revisions"}],"predecessor-version":[{"id":7545,"href":"https:\/\/ifamnews.com\/it\/wp-json\/wp\/v2\/posts\/6434\/revisions\/7545"}],"wp:featuredmedia":[{"embeddable":true,"href":"https:\/\/ifamnews.com\/it\/wp-json\/wp\/v2\/media\/6436"}],"wp:attachment":[{"href":"https:\/\/ifamnews.com\/it\/wp-json\/wp\/v2\/media?parent=6434"}],"wp:term":[{"taxonomy":"category","embeddable":true,"href":"https:\/\/ifamnews.com\/it\/wp-json\/wp\/v2\/categories?post=6434"},{"taxonomy":"post_tag","embeddable":true,"href":"https:\/\/ifamnews.com\/it\/wp-json\/wp\/v2\/tags?post=6434"}],"curies":[{"name":"wp","href":"https:\/\/api.w.org\/{rel}","templated":true}]}}