{"id":63999,"date":"2021-04-04T00:00:00","date_gmt":"2021-04-04T04:00:00","guid":{"rendered":"https:\/\/ifamnews.com\/?p=63999"},"modified":"2021-04-28T02:33:17","modified_gmt":"2021-04-28T06:33:17","slug":"assegno-unico-universale-mancetta-insufficiente","status":"publish","type":"post","link":"https:\/\/ifamnews.com\/it\/assegno-unico-universale-mancetta-insufficiente","title":{"rendered":"Assegno unico universale: mancetta insufficiente"},"content":{"rendered":"<p class=\"last-updated\">Last updated on aprile 28th, 2021 at 02:33 am<\/p>\n<p>Il disegno di legge sull&#8217;assegno unico e universale per i figli al di sotto dei 21 anni di et\u00e0 ha ricevuto l\u2019assenso del Senato il 30 marzo, con un voto quasi unanime: 227 i voti a favore, nessuno contrario e solo 4 gli astenuti. Il provvedimento del ministro per le Pari opportunit\u00e0 e la famiglia, Elena Bonetti, aveva gi\u00e0 ricevuto il via libera della Camera, con un voto espresso all\u2019unanimit\u00e0. Si attendono ora i decreti attuativi per l\u2019entrata in vigore a partire dal 1\u00b0 luglio. Le <a href=\"https:\/\/tgcom24.mediaset.it\/economia\/lassegno-unico-per-i-figli-legge-via-libera-del-senato-con-227-s_30403028-202102k.shtml\" target=\"_blank\" rel=\"noopener\">dichiarazioni del ministro a palazzo Madama sono state entusiastiche<\/a>: \u00abOggi \u00e8 un giorno buono per l&#8217;Italia, il primo passo di una riforma storica. Si tratta di un provvedimento importante perch\u00e9 inizia un tempo nuovo, del futuro, della ripartenza\u00bb.<\/p>\n\n\n\n<p>La Bonetti parla infatti di \u00abriforma storica, integrata, delle politiche familiari del nostro paese\u00bb. \u00abL\u2019istituzione dell\u2019assegno unico universale all\u2019interno di queste politiche, del <em>Family Act<\/em>, segna evidentemente un cambio di paradigma nelle politiche per le famiglie e nel sostegno alla natalit\u00e0 [&#8230;] per rimettere al centro le nuove generazioni\u00bb. Si riconosce che \u00abil calo demografico ha raggiunto livelli drammatici per l\u2019Italia\u00bb, individuandone le \u00abragioni profonde\u00bb, \u00abnell\u2019impossibilit\u00e0 che oggi le donne e gli uomini hanno di guardare al domani\u00bb. Il ministro dice che il parlamento \u00e8 pienamente consapevole del fatto che \u00abstiamo usando le risorse del futuro dei nostri figli\u00bb.<\/p>\n\n\n\n<p>Alcune considerazioni, al di l\u00e0 degli aspetti tecnici del provvedimento. \u00c8 certamente cosa buona e giusta che il governo si sia finalmente reso conto della <a href=\"https:\/\/ifamnews.com\/it\/tag\/demografia\/\" target=\"_blank\" rel=\"noopener\">gravit\u00e0 della situazione demografica italiana<\/a>, e che dunque voglia definire misure per un rilancio della natalit\u00e0 e per rendere meno ardua la vita alle famiglie. Il Belpaese \u00e8 <a href=\"https:\/\/ifamnews.com\/it\/blangiardo-pi-figli-lo-stato-non-basta-\" target=\"_blank\" rel=\"noopener\">in ritardo di una trentina d\u2019anni<\/a>, ma meglio tardi che mai. La terapia, tuttavia, pu\u00f2 avere qualche speranza di essere efficace solo se viene preceduta da una diagnosi corretta. La grave crisi sociale ed economica provocata dal rigido <em>lockdown<\/em> imposto dal governo a fronte dell\u2019epidemia CoViD-19 ha del resto senza dubbio impresso un effetto nefasto anche sulla natalit\u00e0. I <a href=\"https:\/\/istat.it\/it\/files\/2020\/04\/Scenari_effetti_del_covid-19-su-natalita.pdf\" target=\"_blank\" rel=\"noopener\">dati resi noti dall\u2019ISTAT sono infatti impietosi<\/a>: il numero di nati in Italia per anno segna nuovi minimi storici e nel 2021 <a href=\"https:\/\/ifamnews.com\/it\/la-maledizione-di-himiko\/\" target=\"_blank\" rel=\"noopener\">potrebbe scendere addirittura al di sotto delle 400mila unit\u00e0<\/a>, a fronte del milione di nati annui registrati nell\u2019immediato dopoguerra.<\/p>\n\n\n\n<p>Ma l\u2019emergenza sanitaria ed economica non sono le \u00abragioni profonde\u00bb, come vorrebbe il ministro Bonetti, del declino demografico in Italia: magari fosse cos\u00ec semplice.<\/p>\n\n\n\n<p>L\u2019involuzione demografica nel nostro Paese, in realt\u00e0, non inizia con il <em>coronavirus<\/em>, bens\u00ec parte alla fine degli anni 1970, in corrispondenza della grave crisi morale provocata dalla \u201crivoluzione culturale\u201d post-1968, con la riforma del diritto di famiglia, e l\u2019introduzione del divorzio e dell\u2019aborto. Nel 1976 il \u00abtasso di fecondit\u00e0 totale\u00bb che esprime il numero medio di figli per donna in et\u00e0 fertile, \u00e8 ancora a ridosso della cosiddetta \u00absoglia di sostituzione\u00bb, pari a circa 2,1 figli per donna, il livello necessario per garantire il ricambio generazionale in presenza di un saldo migratorio nullo. Negli anni seguenti si assiste a un vero e proprio collasso: la fecondit\u00e0 crolla a 1,64 figli in media per donna nel 1980 (la legalizzazione dell\u2019aborto \u00e8 del 1978, evidente la correlazione) e poi a 1,33 nel 1990. In solo 15 anni, quindi, il numero di bimbi nati in Italia per anno \u00e8 diminuito di oltre 700 ogni 1000 donne: una catastrofe.<\/p>\n\n\n\n<p>Dopo un minimo storico a 1,19 figli per donna nel 1995, si avvia una timida ripresa della natalit\u00e0 fino a registrare un \u201dpicco\u201d (si fa per dire) a 1,46 nel 2010, in corrispondenza della grande crisi finanziaria del 2008-2009. Negli anni seguenti riprende la tendenza ribassista fino a toccare un minimo a 1,27 nel 2019: pre-CoViD-19 la natalit\u00e0 si era quindi riportata verso i minimi storici della met\u00e0 degli anni \u201890. Ovviamente si attendono nuovi drammatici cali della natalit\u00e0 come conseguenza della gestione sciagurata della pandemia da parte delle pubbliche autorit\u00e0: ci troviamo certamente di fronte a un\u2019accelerazione ribassista, inserita per\u00f2 all\u2019interno di una tendenza negativa in essere da 45 anni.<\/p>\n\n\n\n<p>All\u2019origine del suicidio demografico in atto nel nostro Paese non ci sono quindi motivazioni economiche, che tutt\u2019al pi\u00f9 possono essere concause, le quali vanno ad accentuare ulteriormente un male gi\u00e0 radicato profondamente. Non esiste, insomma, crisi demografica perch\u00e9 c\u2019\u00e8 crisi economica, ma c\u2019\u00e8 crisi economica perch\u00e9 esiste crisi demografica. I costi pensionistici e sanitari crescenti, a causa dell\u2019allungamento delle aspettative di vita e dell\u2019invecchiamento della generazione dei cosiddetti <em>baby-boomer<\/em>, i nati dal 1946 al 1964, si scaricano su una popolazione in et\u00e0 lavorativa in continua contrazione, per il progressivo collasso demografico degli ultimi 4 decenni.<\/p>\n\n\n\n<p>Aumentano le pensioni da erogare e i costi sanitari e assistenziali, mentre diminuiscono le buste-paga a cui attingere per farvi fronte. \u00c8 evidente la fragilit\u00e0 di una \u00abpiramide demografica\u00bb che si sta trasformando in un \u201cfungo\u201d, dal gambo sempre pi\u00f9 piccolo e il cappello sempre pi\u00f9 grande. \u00c8 la mancata \u201criproduzione del capitale umano\u201d che inchioda la produttivit\u00e0 impedendo la crescita economica e la generazione di benessere diffuso: l\u2018assenza di persone non pu\u00f2 essere compensata dalla liquidit\u00e0 creata <em>ex nihilo<\/em> dalle Banche Centrali o dal continuo ricorso all\u2019indebitamento, pubblico e privato.<\/p>\n\n\n\n<p>Tali misure servono solo a ipotecare il futuro e a rinviare il momento del <em>redde rationem<\/em>. A ci\u00f2 si aggiunge lo sviluppo \u00absostenibile\u00bb, propagandato e imposto dall\u2019Organizzazione delle Nazioni Unite nell\u2019Agenda 2030, che vede tra i propri pilastri la diffusione dei cosiddetti \u00abdiritti sessuali e riproduttivi\u00bb \u2013 cio\u00e8 aborto, contraccezione e sterilizzazione \u2013 e che rischia paradossalmente di rivelarsi \u201cinsostenibile\u201d proprio sul piano economico. Per tacere degli effetti nefasti dell\u2019ideologia <em>gender<\/em>, anch\u2019essa propugnata dall\u2019ONU e da altre influenti agenzie internazionali: in una societ\u00e0 \u201cliquida\u201d e <em>gender-fluid<\/em>, senza pi\u00f9 famiglia, spariscono anche i figli, e senza figli si blocca la crescita economica. Punto. Che gli errori antropologici abbiano conseguenze nefaste anche sul piano economico non deve stupire: \u00e8 una conferma dell\u2019ordine del creato che non pu\u00f2 essere impunemente violato, e ne abbiamo avuto evidenza con l\u2019implosione dell\u2019Unione Sovietica.<\/p>\n\n\n\n<p>Alla radice del prolungato inverno demografico dell\u2019Italia (ma anche degli altri Paesi sviluppati) vi sono quindi profonde cause culturali e morali, che si sono \u201cistituzionalizzate\u201d in leggi cattive favorendo a loro volta il consolidamento di cattivi costumi: un processo rivoluzionario che ha aggravato sempre pi\u00f9 la crisi della famiglia e sfavorito la natalit\u00e0, indebolendo la crescita economica fino ad arrestarla completamente, come abbiamo osservato negli ultimi 20 anni.<\/p>\n\n\n\n<p>Pensare di invertire tendenza dando la paghetta di Stato ai figli &#8211; e magari il reddito di cittadinanza ai genitori &#8211; non pu\u00f2 davvero essere la soluzione. Intervenire sugli effetti, senza agire sulle cause, pu\u00f2 tutt\u2019al pi\u00f9 dare un sollievo momentaneo, ma non pu\u00f2 essere risolutivo. Per tacere dell\u2019ulteriore accumulo di debiti per finanziare tali politiche, e i debiti sono sempre tasse differite.<\/p>\n\n\n\n<p>Il punto di partenza corretto, in linea con la diagnosi succitata, \u00e8 invece quello di riattribuire una posizione di centralit\u00e0 alla famiglia, a tutti i livelli, nella prospettiva di uno \u00absviluppo umano integrale\u00bb.<\/p>\n\n\n\n<p>Sul piano fiscale occorre legare l\u2019imposizione al numero dei componenti del nucleo familiare, oltre a garantire nei fatti la libert\u00e0 di scelta educativa riconoscendo alle famiglie il cosiddetto \u00abbuono scuola\u00bb: solo cos\u00ec, infatti, le famiglie saranno nelle condizioni di potere scegliere liberamente la scuola e il percorso educativo che desiderano per i propri figli.<\/p>\n\n\n\n<p>Se lo Stato desidera davvero contribuire al bene comune, adempiendo finalmente alla propria unica ragione d\u2019essere, al posto di pretendere di pianificare e di dirigere tutto deve fare un passo indietro, rimettendo al centro la famiglia, in una prospettiva di sussidiariet\u00e0 vera. Se non lo vuole fare per ragioni di principio e morali, lo faccia almeno per ragioni di convenienza, onde evitare il collasso del sistema previdenziale, e sanitario, nei prossimi decenni.<\/p>\n\n\n\n<p>La soluzione reale <a href=\"https:\/\/investireoggi.it\/economia\/lassegno-unico-per-i-figli-cosi-come-non-va-bene-ecco-cosa-non-funziona-della-nuova-misura\/\" target=\"_blank\" rel=\"noopener\">non passa dalle politiche assistenzialistiche, che generano solo dipendenza<\/a>: i pannicelli caldi dell\u2019assegno universale non cambieranno le tendenze demografiche nel nostro Paese. Perch\u00e9 le buone intenzioni non bastano.<\/p>\n","protected":false},"excerpt":{"rendered":"<p>L\u2019unica soluzione all\u2019\u00abinferno demografico\u00bb resta rimettere al centro la famiglia, puntare al quoziente fiscale familiare e ridurre lo Stato <\/p>\n","protected":false},"author":96,"featured_media":17166,"comment_status":"open","ping_status":"open","sticky":false,"template":"","format":"standard","meta":{"give_campaign_id":0,"om_disable_all_campaigns":false,"_monsterinsights_skip_tracking":false,"_monsterinsights_sitenote_active":false,"_monsterinsights_sitenote_note":"","_monsterinsights_sitenote_category":0,"mc4wp_mailchimp_campaign":[],"jnews-multi-image_gallery":[],"jnews_single_post":{"subtitle":"L\u2019unica soluzione all\u2019\u00abinferno demografico\u00bb resta rimettere al centro la famiglia, puntare al quoziente fiscale familiare e ridurre lo Stato ","format":"standard","video":"","gallery":"","source_name":"","source_url":"","via_name":"","via_url":"","override":[{"single_blog_custom":"","sidebar":"","second_sidebar":"","share_position":"","share_float_style":"","post_date_format":"","post_date_format_custom":"","post_reading_time_wpm":"","zoom_button_out_step":"1","zoom_button_in_step":"1","number_popup_post":"1"}],"image_override":[{"single_post_thumbnail_size":"","single_post_gallery_size":""}],"trending_post_position":"","trending_post_label":"","sponsored_post_label":"","sponsored_post_name":"","sponsored_post_url":"","sponsored_post_logo":"","sponsored_post_desc":""},"jnews_primary_category":{"id":"781"},"jnews_social_meta":{"fb_title":"","fb_description":"","fb_image":"","twitter_title":"","twitter_description":"","twitter_image":""},"jnews_override_counter":{"view_counter_number":"0","share_counter_number":"0","like_counter_number":"0","dislike_counter_number":"0"},"footnotes":""},"categories":[781,951],"tags":[935,7993],"class_list":["post-63999","post","type-post","status-publish","format-standard","has-post-thumbnail","hentry","category-famiglia","category-foreground-it","tag-demografia","tag-vetrina"],"yoast_head":"<!-- This site is optimized with the Yoast SEO Premium plugin v25.9 (Yoast SEO v27.3) - https:\/\/yoast.com\/product\/yoast-seo-premium-wordpress\/ -->\n<title>Assegno unico universale: mancetta insufficiente - &quot;iFamNews&quot;<\/title>\n<meta name=\"description\" content=\"L\u2019unica soluzione all\u2019\u00abinferno demografico\u00bb resta rimettere al centro la famiglia, puntare al quoziente fiscale familiare e ridurre lo Stato\" \/>\n<meta name=\"robots\" content=\"index, follow, max-snippet:-1, max-image-preview:large, max-video-preview:-1\" \/>\n<link rel=\"canonical\" href=\"https:\/\/ifamnews.com\/it\/assegno-unico-universale-mancetta-insufficiente\" \/>\n<meta property=\"og:locale\" content=\"it_IT\" \/>\n<meta property=\"og:type\" content=\"article\" \/>\n<meta property=\"og:title\" content=\"Assegno unico universale: mancetta insufficiente\" \/>\n<meta property=\"og:description\" content=\"L\u2019unica soluzione all\u2019\u00abinferno demografico\u00bb resta rimettere al centro la famiglia, puntare al quoziente fiscale familiare e ridurre lo Stato\" \/>\n<meta property=\"og:url\" content=\"https:\/\/ifamnews.com\/it\/assegno-unico-universale-mancetta-insufficiente\" \/>\n<meta property=\"og:site_name\" content=\"IFN\" \/>\n<meta property=\"article:publisher\" content=\"https:\/\/www.facebook.com\/iFamNews\" \/>\n<meta property=\"article:published_time\" content=\"2021-04-04T04:00:00+00:00\" \/>\n<meta property=\"article:modified_time\" content=\"2021-04-28T06:33:17+00:00\" \/>\n<meta property=\"og:image\" content=\"https:\/\/ifamnews.com\/wp-content\/uploads\/2020\/05\/Famiglia.jpg\" \/>\n\t<meta property=\"og:image:width\" content=\"1200\" \/>\n\t<meta property=\"og:image:height\" content=\"675\" \/>\n\t<meta property=\"og:image:type\" content=\"image\/jpeg\" \/>\n<meta name=\"author\" content=\"Maurizio Milano\" \/>\n<meta name=\"twitter:card\" content=\"summary_large_image\" \/>\n<meta name=\"twitter:creator\" content=\"@iFamNewsEN\" \/>\n<meta name=\"twitter:site\" content=\"@iFamNewsEN\" \/>\n<meta name=\"twitter:label1\" content=\"Scritto da\" \/>\n\t<meta name=\"twitter:data1\" content=\"Maurizio Milano\" \/>\n\t<meta name=\"twitter:label2\" content=\"Tempo di lettura stimato\" \/>\n\t<meta name=\"twitter:data2\" content=\"7 minuti\" \/>\n<!-- \/ Yoast SEO Premium plugin. -->","yoast_head_json":{"title":"Assegno unico universale: mancetta insufficiente - \"iFamNews\"","description":"L\u2019unica soluzione all\u2019\u00abinferno demografico\u00bb resta rimettere al centro la famiglia, puntare al quoziente fiscale familiare e ridurre lo Stato","robots":{"index":"index","follow":"follow","max-snippet":"max-snippet:-1","max-image-preview":"max-image-preview:large","max-video-preview":"max-video-preview:-1"},"canonical":"https:\/\/ifamnews.com\/it\/assegno-unico-universale-mancetta-insufficiente","og_locale":"it_IT","og_type":"article","og_title":"Assegno unico universale: mancetta insufficiente","og_description":"L\u2019unica soluzione all\u2019\u00abinferno demografico\u00bb resta rimettere al centro la famiglia, puntare al quoziente fiscale familiare e ridurre lo Stato","og_url":"https:\/\/ifamnews.com\/it\/assegno-unico-universale-mancetta-insufficiente","og_site_name":"IFN","article_publisher":"https:\/\/www.facebook.com\/iFamNews","article_published_time":"2021-04-04T04:00:00+00:00","article_modified_time":"2021-04-28T06:33:17+00:00","og_image":[{"width":1200,"height":675,"url":"https:\/\/ifamnews.com\/wp-content\/uploads\/2020\/05\/Famiglia.jpg","type":"image\/jpeg"}],"author":"Maurizio Milano","twitter_card":"summary_large_image","twitter_creator":"@iFamNewsEN","twitter_site":"@iFamNewsEN","twitter_misc":{"Scritto da":"Maurizio Milano","Tempo di lettura stimato":"7 minuti"},"schema":{"@context":"https:\/\/schema.org","@graph":[{"@type":"NewsArticle","@id":"https:\/\/ifamnews.com\/it\/assegno-unico-universale-mancetta-insufficiente#article","isPartOf":{"@id":"https:\/\/ifamnews.com\/it\/assegno-unico-universale-mancetta-insufficiente"},"author":{"name":"Maurizio Milano","@id":"https:\/\/ifamnews.com\/en\/#\/schema\/person\/d8b27517cbe5e23a7a135695449fa524"},"headline":"Assegno unico universale: mancetta insufficiente","datePublished":"2021-04-04T04:00:00+00:00","dateModified":"2021-04-28T06:33:17+00:00","mainEntityOfPage":{"@id":"https:\/\/ifamnews.com\/it\/assegno-unico-universale-mancetta-insufficiente"},"wordCount":1312,"commentCount":0,"publisher":{"@id":"https:\/\/ifamnews.com\/en\/#organization"},"image":{"@id":"https:\/\/ifamnews.com\/it\/assegno-unico-universale-mancetta-insufficiente#primaryimage"},"thumbnailUrl":"https:\/\/ifamnews.com\/wp-content\/uploads\/2020\/05\/Famiglia.jpg","keywords":["Demografia","Vetrina"],"articleSection":["Famiglia","In evidenza"],"inLanguage":"it-IT","potentialAction":[{"@type":"CommentAction","name":"Comment","target":["https:\/\/ifamnews.com\/it\/assegno-unico-universale-mancetta-insufficiente#respond"]}]},{"@type":"WebPage","@id":"https:\/\/ifamnews.com\/it\/assegno-unico-universale-mancetta-insufficiente","url":"https:\/\/ifamnews.com\/it\/assegno-unico-universale-mancetta-insufficiente","name":"Assegno unico universale: mancetta insufficiente - \"iFamNews\"","isPartOf":{"@id":"https:\/\/ifamnews.com\/en\/#website"},"primaryImageOfPage":{"@id":"https:\/\/ifamnews.com\/it\/assegno-unico-universale-mancetta-insufficiente#primaryimage"},"image":{"@id":"https:\/\/ifamnews.com\/it\/assegno-unico-universale-mancetta-insufficiente#primaryimage"},"thumbnailUrl":"https:\/\/ifamnews.com\/wp-content\/uploads\/2020\/05\/Famiglia.jpg","datePublished":"2021-04-04T04:00:00+00:00","dateModified":"2021-04-28T06:33:17+00:00","description":"L\u2019unica soluzione all\u2019\u00abinferno demografico\u00bb resta rimettere al centro la famiglia, puntare al quoziente fiscale familiare e ridurre lo Stato","breadcrumb":{"@id":"https:\/\/ifamnews.com\/it\/assegno-unico-universale-mancetta-insufficiente#breadcrumb"},"inLanguage":"it-IT","potentialAction":[{"@type":"ReadAction","target":["https:\/\/ifamnews.com\/it\/assegno-unico-universale-mancetta-insufficiente"]}]},{"@type":"ImageObject","inLanguage":"it-IT","@id":"https:\/\/ifamnews.com\/it\/assegno-unico-universale-mancetta-insufficiente#primaryimage","url":"https:\/\/ifamnews.com\/wp-content\/uploads\/2020\/05\/Famiglia.jpg","contentUrl":"https:\/\/ifamnews.com\/wp-content\/uploads\/2020\/05\/Famiglia.jpg","width":1200,"height":675,"caption":"Image from Google Images"},{"@type":"BreadcrumbList","@id":"https:\/\/ifamnews.com\/it\/assegno-unico-universale-mancetta-insufficiente#breadcrumb","itemListElement":[{"@type":"ListItem","position":1,"name":"Home","item":"https:\/\/ifamnews.com\/de"},{"@type":"ListItem","position":2,"name":"Famiglia","item":"https:\/\/ifamnews.com\/it\/categoria\/famiglia"},{"@type":"ListItem","position":3,"name":"Assegno unico universale: mancetta insufficiente"}]},{"@type":"WebSite","@id":"https:\/\/ifamnews.com\/en\/#website","url":"https:\/\/ifamnews.com\/en\/","name":"IFN","description":"International Family News Network","publisher":{"@id":"https:\/\/ifamnews.com\/en\/#organization"},"potentialAction":[{"@type":"SearchAction","target":{"@type":"EntryPoint","urlTemplate":"https:\/\/ifamnews.com\/en\/?s={search_term_string}"},"query-input":{"@type":"PropertyValueSpecification","valueRequired":true,"valueName":"search_term_string"}}],"inLanguage":"it-IT"},{"@type":"Organization","@id":"https:\/\/ifamnews.com\/en\/#organization","name":"iFamNews","url":"https:\/\/ifamnews.com\/en\/","logo":{"@type":"ImageObject","inLanguage":"it-IT","@id":"https:\/\/ifamnews.com\/en\/#\/schema\/logo\/image\/","url":"https:\/\/ifamnews.com\/wp-content\/uploads\/2020\/01\/Share-logo.png","contentUrl":"https:\/\/ifamnews.com\/wp-content\/uploads\/2020\/01\/Share-logo.png","width":200,"height":200,"caption":"iFamNews"},"image":{"@id":"https:\/\/ifamnews.com\/en\/#\/schema\/logo\/image\/"},"sameAs":["https:\/\/www.facebook.com\/iFamNews","https:\/\/x.com\/iFamNewsEN"]},{"@type":"Person","@id":"https:\/\/ifamnews.com\/en\/#\/schema\/person\/d8b27517cbe5e23a7a135695449fa524","name":"Maurizio Milano","image":{"@type":"ImageObject","inLanguage":"it-IT","@id":"https:\/\/secure.gravatar.com\/avatar\/bec1ccb30927db0b523fea316e1648f2ca5fd69050f3a5a1010df91478948d75?s=96&d=mm&r=g","url":"https:\/\/secure.gravatar.com\/avatar\/bec1ccb30927db0b523fea316e1648f2ca5fd69050f3a5a1010df91478948d75?s=96&d=mm&r=g","contentUrl":"https:\/\/secure.gravatar.com\/avatar\/bec1ccb30927db0b523fea316e1648f2ca5fd69050f3a5a1010df91478948d75?s=96&d=mm&r=g","caption":"Maurizio Milano"},"description":"Maurizio Milano, who graduated in Economics in 1994 with Professor Sergio Ricossa with a thesis on The Crisis of the Welfare State and the Entrepreneur-State in Italy in the Light of the Social Doctrine of the Church, cultivates studies in philosophy, theology and economics from the Catholic-Thomist perspective and the Austrian School of Economics. Professionally, he is involved in financial market analysis and investment consulting. He collaborates with the association's website Catholic Alliance and with the daily La nuova Bussola Quotidiana.","url":"https:\/\/ifamnews.com\/it\/author\/mmilano"}]}},"amp_enabled":true,"_links":{"self":[{"href":"https:\/\/ifamnews.com\/it\/wp-json\/wp\/v2\/posts\/63999","targetHints":{"allow":["GET"]}}],"collection":[{"href":"https:\/\/ifamnews.com\/it\/wp-json\/wp\/v2\/posts"}],"about":[{"href":"https:\/\/ifamnews.com\/it\/wp-json\/wp\/v2\/types\/post"}],"author":[{"embeddable":true,"href":"https:\/\/ifamnews.com\/it\/wp-json\/wp\/v2\/users\/96"}],"replies":[{"embeddable":true,"href":"https:\/\/ifamnews.com\/it\/wp-json\/wp\/v2\/comments?post=63999"}],"version-history":[{"count":4,"href":"https:\/\/ifamnews.com\/it\/wp-json\/wp\/v2\/posts\/63999\/revisions"}],"predecessor-version":[{"id":64568,"href":"https:\/\/ifamnews.com\/it\/wp-json\/wp\/v2\/posts\/63999\/revisions\/64568"}],"wp:featuredmedia":[{"embeddable":true,"href":"https:\/\/ifamnews.com\/it\/wp-json\/wp\/v2\/media\/17166"}],"wp:attachment":[{"href":"https:\/\/ifamnews.com\/it\/wp-json\/wp\/v2\/media?parent=63999"}],"wp:term":[{"taxonomy":"category","embeddable":true,"href":"https:\/\/ifamnews.com\/it\/wp-json\/wp\/v2\/categories?post=63999"},{"taxonomy":"post_tag","embeddable":true,"href":"https:\/\/ifamnews.com\/it\/wp-json\/wp\/v2\/tags?post=63999"}],"curies":[{"name":"wp","href":"https:\/\/api.w.org\/{rel}","templated":true}]}}