{"id":62113,"date":"2021-03-29T00:00:00","date_gmt":"2021-03-29T04:00:00","guid":{"rendered":"https:\/\/ifamnews.com\/?p=62113"},"modified":"2021-03-30T01:13:03","modified_gmt":"2021-03-30T05:13:03","slug":"l-utero-artificiale-qui","status":"publish","type":"post","link":"https:\/\/ifamnews.com\/it\/l-utero-artificiale-qui","title":{"rendered":"L\u2019utero artificiale \u00e8 qui"},"content":{"rendered":"<p class=\"last-updated\">Last updated on marzo 30th, 2021 at 01:13 am<\/p>\n<p>Ci\u00f2 che oggi sembra fantascienza in alcuni laboratori sta diventando realt\u00e0. Lo testimonia un\u2019immagine: un pallino grigio volteggia sensibilmente in un liquido dentro un barattolo di vetro. A ben guardare si riconoscono le cellule cardiache, la testa e gli arti: \u00e8 un embrione vivo di topo. L\u2019istantanea \u00e8 stata scattata in Israele, dove un gruppo di ricercatori ha coltivato embrioni di topi in uteri artificiali per dodici giorni, che \u00e8 circa la met\u00e0 del periodo di gestazione normale del roditore. Lo studio \u00e8 stato pubblicato sul prestigioso periodico scientifico <em><a href=\"https:\/\/nature.com\/articles\/s41586-021-03416-3\" target=\"_blank\">Nature<\/a><\/em>.<\/p>\n\n\n\n<h3 class=\"wp-block-heading\" id=\"h-il-prossimo-l-uomo\"><strong>Il prossimo \u00e8 l\u2019uomo<\/strong><\/h3>\n\n\n\n<p>\u00c8 un primo passo concreto verso la cosiddetta <a href=\"https:\/\/ifamnews.com\/it\/uteri-artificiali-per-bambini-fai-da-te\/\" target=\"_blank\">\u00abectogenesi\u00bb<\/a>, ossia la gestazione in uteri artificiali. Sono gli stessi ricercatori ad affermare che gli embrioni umani potrebbero essere i prossimi. \u00abQuesto pone le basi per altre specie\u00bb, afferma a <em><a href=\"https:\/\/technologyreview.com\/2021\/03\/17\/1020969\/mouse-embryo-grown-in-a-jar-humans-next\/\" target=\"_blank\">MIT Technology Review<\/a><\/em> Jacob Hanna, biologo dello sviluppo al Weizmann Institute of Science di Rehovot, in Israele, che ha guidato il gruppo di ricerca. \u00abSpero che questo permetta agli scienziati di far crescere embrioni umani fino alla quinta settimana\u00bb. Hanna ritiene del resto che gli embrioni cresciuti artificialmente potrebbero sostituire nella ricerca i tessuti derivati dagli aborti ed essere anche utilizzati per trattamenti medici.<\/p>\n\n\n\n<h3 class=\"wp-block-heading\" id=\"h-embrioni-come-riserve-di-organi\"><strong>Embrioni come riserve di organi<\/strong><\/h3>\n\n\n\n<p>Attualmente, come rileva <a href=\"https:\/\/mercatornet.com\/science-moves-another-step-closer-to-human-hatcheries\/70891\/\" target=\"_blank\">Michael Cook, direttore del portale di informazione sulla scienza <em>Mercatornet<\/em><\/a>, vige un tacito divieto globale tra scienziati: interrompere le indagini sugli embrioni dopo il 14esimo giorno di sviluppo. Ma molti tra bioeticisti e scienziati vorrebbero estendere il periodo. Hanna \u00e8 tra questi. \u00abIl vantaggio di far crescere embrioni umani fino alla terza, quarta e quinta settimana \u00e8 inestimabile. Penso che esperimenti di questo genere dovrebbero quanto meno essere presi in considerazione. Se si riuscisse ad arrivare a un embrione umano avanzato, si potrebbe apprendere molto\u00bb, dice lo scienziato israeliano.<\/p>\n\n\n\n<p>Secondo William Hurlbut, medico e bioeticista nella Stanford University, in California, si potrebbero coltivare embrioni per avere, all\u2019occorrenza, disponibilit\u00e0 di organi. \u00abNon credo che l\u2019espianto di organi sia cos\u00ec inverosimile\u00bb, <a href=\"https:\/\/libraryresources.unog.ch\/c.php?g=673842&amp;p=4792828\" target=\"_blank\">afferma<\/a>: \u00aballa fine ci si potrebbe arrivare\u00bb. Del resto, aggiunge Hurlbut, \u00abla frontiera scientifica si sta spostando dalle molecole e dalle provette agli organismi viventi\u00bb.<\/p>\n\n\n\n<h3 class=\"wp-block-heading\" id=\"h-l-altro-studio\"><strong>L\u2019altro studio<\/strong><\/h3>\n\n\n\n<p>Pi\u00f9 che altro la frontiera sembra spostarsi dalla scienza alla fantascienza. Tornano alla mente le pagine de <a href=\"https:\/\/ibs.it\/mondo-nuovo-ritorno-al-mondo-libro-aldous-huxley\/e\/9788804670520\" target=\"_blank\"><em>Il mondo nuovo<\/em><\/a>, scritto nel lontano 1932 dallo scrittore e filosofo inglese Aldous Huxley (1894 -1963): un romanzo nel quale i bambini nascono artificialmente, attraverso provette e, appunto, uteri artificiali. La nostra \u00e8 un\u2019epoca in cui si avverte una certa esuberanza nel campo della ricerca: sullo stesso numero di <em>Nature<\/em> dove compare la ricerca sui topi trova spazio un altro gruppo di scienziati che ha condotto un esperimento in grado di far auto-assemblare cellule della pelle e cellule staminali. Ne sono venuti fuori i cosiddetti <a href=\"https:\/\/theguardian.com\/science\/2021\/mar\/17\/scientists-form-human-cell-clumps-that-act-like-early-stage-embryos\" target=\"_blank\">blastoidi<\/a>, una sorta di versione artificiale dei blastocisti, cio\u00e8 gli embrioni all\u2019ultimo stadio di sviluppo preimpianto.<\/p>\n\n\n\n<h3 class=\"wp-block-heading\" id=\"h-addio-gravidanza-naturale\"><strong>Addio gravidanza naturale?<\/strong><\/h3>\n\n\n\n<p>L\u2019asticella sembra dunque spostarsi sempre pi\u00f9 in l\u00e0. <a href=\"https:\/\/mercatornet.com\/science-moves-another-step-closer-to-human-hatcheries\/70891\/\" target=\"_blank\">Come fa notare Cook<\/a>, il primo confine etico \u00e8 stato abbattuto quando sono iniziate le sperimentazioni sugli embrioni umani. Poi, nel 2007, \u00e8 stato posto il limite dei 14 giorni. \u00abAll\u2019epoca sembrava impossibile far crescere embrioni in laboratorio oltre\u00bb quel periodo, osserva il direttore di <em>Mercatornet<\/em>. \u00abOra che sembra fattibile\u00bb, prosegue, \u00absi spinger\u00e0 pi\u00f9 in l\u00e0 per far crescere\u00bb gli embrioni artificialmente \u00abfino a un nuovo limite\u00bb.<\/p>\n\n\n\n<h3 class=\"wp-block-heading\" id=\"h-il-finanziamento-dell-ue\"><strong>Il finanziamento dell\u2019UE<\/strong><\/h3>\n\n\n\n<p>Ma nella mente di alcuni il limite non esiste proprio: l\u2019obiettivo di costoro \u00e8 giungere alla nascita di un essere umano al di fuori del corpo femminile. Basti pensare che l\u2019Unione Europea ha finanziato, <a href=\"https:\/\/ifamnews.com\/it\/utero-artificiale-la-distopia-gi-qui-\/\" target=\"_blank\">con 3 milioni di euro<\/a>, il progetto di un utero artificiale <a href=\"https:\/\/parturient.artez.nl\/\" target=\"_blank\">i cui promotori affermano candidamente<\/a>: \u00abImmagina un futuro in cui gli attuali limiti alla procreazione non esisteranno pi\u00f9, ma dove la vita potr\u00e0 essere creata e raccolta in modo nuovo. Un futuro in cui la gravidanza naturale \u00e8 sostituita da un grembo artificiale\u00bb.<\/p>\n","protected":false},"excerpt":{"rendered":"<p>Embrione di topo sviluppato in un barattolo di vetro: l\u2019uomo \u00e8 la prossima tappa?<\/p>\n","protected":false},"author":15,"featured_media":62105,"comment_status":"open","ping_status":"open","sticky":false,"template":"","format":"standard","meta":{"give_campaign_id":0,"om_disable_all_campaigns":false,"_monsterinsights_skip_tracking":false,"_monsterinsights_sitenote_active":false,"_monsterinsights_sitenote_note":"","_monsterinsights_sitenote_category":0,"mc4wp_mailchimp_campaign":[],"jnews-multi-image_gallery":[],"jnews_single_post":{"subtitle":"Embrione di topo sviluppato in un barattolo di vetro: l\u2019uomo \u00e8 la prossima tappa?","format":"standard","video":"","gallery":"","source_name":"","source_url":"","via_name":"","via_url":"","override":[{"single_blog_custom":"","sidebar":"","second_sidebar":"","share_position":"","share_float_style":"","post_date_format":"","post_date_format_custom":"","post_reading_time_wpm":"","zoom_button_out_step":"1","zoom_button_in_step":"1","number_popup_post":"1"}],"image_override":[{"single_post_thumbnail_size":"","single_post_gallery_size":""}],"trending_post_position":"","trending_post_label":"","sponsored_post_label":"","sponsored_post_name":"","sponsored_post_url":"","sponsored_post_logo":"","sponsored_post_desc":""},"jnews_primary_category":{"id":"779"},"jnews_social_meta":{"fb_title":"","fb_description":"","fb_image":"","twitter_title":"","twitter_description":"","twitter_image":""},"jnews_override_counter":{"view_counter_number":"0","share_counter_number":"0","like_counter_number":"0","dislike_counter_number":"0"},"footnotes":""},"categories":[951,779],"tags":[9285,7993],"class_list":["post-62113","post","type-post","status-publish","format-standard","has-post-thumbnail","hentry","category-foreground-it","category-scienza","tag-ectogenesi","tag-vetrina"],"yoast_head":"<!-- This site is optimized with the Yoast SEO Premium plugin v25.9 (Yoast SEO v27.3) - https:\/\/yoast.com\/product\/yoast-seo-premium-wordpress\/ -->\n<title>L\u2019utero artificiale \u00e8 qui - &quot;iFamNews&quot;<\/title>\n<meta name=\"description\" content=\"Embrione di topo sviluppato in un barattolo di vetro: l\u2019uomo \u00e8 la prossima tappa? L&#039;utero artificiale \u00e8 sempre pi\u00f9 vicino alla realt\u00e0\" \/>\n<meta name=\"robots\" content=\"index, follow, max-snippet:-1, max-image-preview:large, max-video-preview:-1\" \/>\n<link rel=\"canonical\" href=\"https:\/\/ifamnews.com\/it\/l-utero-artificiale-qui\" \/>\n<meta property=\"og:locale\" content=\"it_IT\" \/>\n<meta property=\"og:type\" content=\"article\" \/>\n<meta property=\"og:title\" content=\"L\u2019utero artificiale \u00e8 qui\" \/>\n<meta property=\"og:description\" content=\"Embrione di topo sviluppato in un barattolo di vetro: l\u2019uomo \u00e8 la prossima tappa? L&#039;utero artificiale \u00e8 sempre pi\u00f9 vicino alla realt\u00e0\" \/>\n<meta property=\"og:url\" content=\"https:\/\/ifamnews.com\/it\/l-utero-artificiale-qui\" \/>\n<meta property=\"og:site_name\" content=\"IFN\" \/>\n<meta property=\"article:publisher\" content=\"https:\/\/www.facebook.com\/iFamNews\" \/>\n<meta property=\"article:published_time\" content=\"2021-03-29T04:00:00+00:00\" \/>\n<meta property=\"article:modified_time\" content=\"2021-03-30T05:13:03+00:00\" \/>\n<meta property=\"og:image\" content=\"https:\/\/ifamnews.com\/wp-content\/uploads\/2021\/03\/Image-from-Flickr-3.jpg\" \/>\n\t<meta property=\"og:image:width\" content=\"1200\" \/>\n\t<meta property=\"og:image:height\" content=\"675\" \/>\n\t<meta property=\"og:image:type\" content=\"image\/jpeg\" \/>\n<meta name=\"author\" content=\"Federico Cenci\" \/>\n<meta name=\"twitter:card\" content=\"summary_large_image\" \/>\n<meta name=\"twitter:creator\" content=\"@https:\/\/twitter.com\/fedecenci\" \/>\n<meta name=\"twitter:site\" content=\"@iFamNewsEN\" \/>\n<meta name=\"twitter:label1\" content=\"Scritto da\" \/>\n\t<meta name=\"twitter:data1\" content=\"Federico Cenci\" \/>\n\t<meta name=\"twitter:label2\" content=\"Tempo di lettura stimato\" \/>\n\t<meta name=\"twitter:data2\" content=\"3 minuti\" \/>\n<!-- \/ Yoast SEO Premium plugin. -->","yoast_head_json":{"title":"L\u2019utero artificiale \u00e8 qui - \"iFamNews\"","description":"Embrione di topo sviluppato in un barattolo di vetro: l\u2019uomo \u00e8 la prossima tappa? L'utero artificiale \u00e8 sempre pi\u00f9 vicino alla realt\u00e0","robots":{"index":"index","follow":"follow","max-snippet":"max-snippet:-1","max-image-preview":"max-image-preview:large","max-video-preview":"max-video-preview:-1"},"canonical":"https:\/\/ifamnews.com\/it\/l-utero-artificiale-qui","og_locale":"it_IT","og_type":"article","og_title":"L\u2019utero artificiale \u00e8 qui","og_description":"Embrione di topo sviluppato in un barattolo di vetro: l\u2019uomo \u00e8 la prossima tappa? L'utero artificiale \u00e8 sempre pi\u00f9 vicino alla realt\u00e0","og_url":"https:\/\/ifamnews.com\/it\/l-utero-artificiale-qui","og_site_name":"IFN","article_publisher":"https:\/\/www.facebook.com\/iFamNews","article_published_time":"2021-03-29T04:00:00+00:00","article_modified_time":"2021-03-30T05:13:03+00:00","og_image":[{"width":1200,"height":675,"url":"https:\/\/ifamnews.com\/wp-content\/uploads\/2021\/03\/Image-from-Flickr-3.jpg","type":"image\/jpeg"}],"author":"Federico Cenci","twitter_card":"summary_large_image","twitter_creator":"@https:\/\/twitter.com\/fedecenci","twitter_site":"@iFamNewsEN","twitter_misc":{"Scritto da":"Federico Cenci","Tempo di lettura stimato":"3 minuti"},"schema":{"@context":"https:\/\/schema.org","@graph":[{"@type":"NewsArticle","@id":"https:\/\/ifamnews.com\/it\/l-utero-artificiale-qui#article","isPartOf":{"@id":"https:\/\/ifamnews.com\/it\/l-utero-artificiale-qui"},"author":{"name":"Federico Cenci","@id":"https:\/\/ifamnews.com\/en\/#\/schema\/person\/555378c4ec9e01d40ab9f2b5cee0c318"},"headline":"L\u2019utero artificiale \u00e8 qui","datePublished":"2021-03-29T04:00:00+00:00","dateModified":"2021-03-30T05:13:03+00:00","mainEntityOfPage":{"@id":"https:\/\/ifamnews.com\/it\/l-utero-artificiale-qui"},"wordCount":636,"commentCount":0,"publisher":{"@id":"https:\/\/ifamnews.com\/en\/#organization"},"image":{"@id":"https:\/\/ifamnews.com\/it\/l-utero-artificiale-qui#primaryimage"},"thumbnailUrl":"https:\/\/ifamnews.com\/wp-content\/uploads\/2021\/03\/Image-from-Flickr-3.jpg","keywords":["ectogenesi","Vetrina"],"articleSection":["In evidenza","Scienza"],"inLanguage":"it-IT","potentialAction":[{"@type":"CommentAction","name":"Comment","target":["https:\/\/ifamnews.com\/it\/l-utero-artificiale-qui#respond"]}]},{"@type":"WebPage","@id":"https:\/\/ifamnews.com\/it\/l-utero-artificiale-qui","url":"https:\/\/ifamnews.com\/it\/l-utero-artificiale-qui","name":"L\u2019utero artificiale \u00e8 qui - \"iFamNews\"","isPartOf":{"@id":"https:\/\/ifamnews.com\/en\/#website"},"primaryImageOfPage":{"@id":"https:\/\/ifamnews.com\/it\/l-utero-artificiale-qui#primaryimage"},"image":{"@id":"https:\/\/ifamnews.com\/it\/l-utero-artificiale-qui#primaryimage"},"thumbnailUrl":"https:\/\/ifamnews.com\/wp-content\/uploads\/2021\/03\/Image-from-Flickr-3.jpg","datePublished":"2021-03-29T04:00:00+00:00","dateModified":"2021-03-30T05:13:03+00:00","description":"Embrione di topo sviluppato in un barattolo di vetro: l\u2019uomo \u00e8 la prossima tappa? L'utero artificiale \u00e8 sempre pi\u00f9 vicino alla realt\u00e0","breadcrumb":{"@id":"https:\/\/ifamnews.com\/it\/l-utero-artificiale-qui#breadcrumb"},"inLanguage":"it-IT","potentialAction":[{"@type":"ReadAction","target":["https:\/\/ifamnews.com\/it\/l-utero-artificiale-qui"]}]},{"@type":"ImageObject","inLanguage":"it-IT","@id":"https:\/\/ifamnews.com\/it\/l-utero-artificiale-qui#primaryimage","url":"https:\/\/ifamnews.com\/wp-content\/uploads\/2021\/03\/Image-from-Flickr-3.jpg","contentUrl":"https:\/\/ifamnews.com\/wp-content\/uploads\/2021\/03\/Image-from-Flickr-3.jpg","width":1200,"height":675,"caption":"Image from Flickr"},{"@type":"BreadcrumbList","@id":"https:\/\/ifamnews.com\/it\/l-utero-artificiale-qui#breadcrumb","itemListElement":[{"@type":"ListItem","position":1,"name":"Home","item":"https:\/\/ifamnews.com\/de"},{"@type":"ListItem","position":2,"name":"Scienza","item":"https:\/\/ifamnews.com\/it\/categoria\/scienza"},{"@type":"ListItem","position":3,"name":"L\u2019utero artificiale \u00e8 qui"}]},{"@type":"WebSite","@id":"https:\/\/ifamnews.com\/en\/#website","url":"https:\/\/ifamnews.com\/en\/","name":"IFN","description":"International Family News Network","publisher":{"@id":"https:\/\/ifamnews.com\/en\/#organization"},"potentialAction":[{"@type":"SearchAction","target":{"@type":"EntryPoint","urlTemplate":"https:\/\/ifamnews.com\/en\/?s={search_term_string}"},"query-input":{"@type":"PropertyValueSpecification","valueRequired":true,"valueName":"search_term_string"}}],"inLanguage":"it-IT"},{"@type":"Organization","@id":"https:\/\/ifamnews.com\/en\/#organization","name":"iFamNews","url":"https:\/\/ifamnews.com\/en\/","logo":{"@type":"ImageObject","inLanguage":"it-IT","@id":"https:\/\/ifamnews.com\/en\/#\/schema\/logo\/image\/","url":"https:\/\/ifamnews.com\/wp-content\/uploads\/2020\/01\/Share-logo.png","contentUrl":"https:\/\/ifamnews.com\/wp-content\/uploads\/2020\/01\/Share-logo.png","width":200,"height":200,"caption":"iFamNews"},"image":{"@id":"https:\/\/ifamnews.com\/en\/#\/schema\/logo\/image\/"},"sameAs":["https:\/\/www.facebook.com\/iFamNews","https:\/\/x.com\/iFamNewsEN"]},{"@type":"Person","@id":"https:\/\/ifamnews.com\/en\/#\/schema\/person\/555378c4ec9e01d40ab9f2b5cee0c318","name":"Federico Cenci","image":{"@type":"ImageObject","inLanguage":"it-IT","@id":"https:\/\/secure.gravatar.com\/avatar\/535f77b8447d05f39d4ca941654f7a7b7d712f3d72f0b4b185747785f5a8e745?s=96&d=mm&r=g","url":"https:\/\/secure.gravatar.com\/avatar\/535f77b8447d05f39d4ca941654f7a7b7d712f3d72f0b4b185747785f5a8e745?s=96&d=mm&r=g","contentUrl":"https:\/\/secure.gravatar.com\/avatar\/535f77b8447d05f39d4ca941654f7a7b7d712f3d72f0b4b185747785f5a8e745?s=96&d=mm&r=g","caption":"Federico Cenci"},"description":"Federico Cenci worked from 2013 to 2017 at the Catholic Zenit press agency dealing with social and religious issues, bioethics, family policies, as well as domestic and international politics. He then continued his business with In Terris, and currently with various newspapers and periodicals. In 2020 he wrote the novel \"East Berlin 2.0 - Notes between dystopia and reality\"","sameAs":["https:\/\/x.com\/https:\/\/twitter.com\/fedecenci"],"url":"https:\/\/ifamnews.com\/it\/author\/fcenci"}]}},"amp_enabled":true,"_links":{"self":[{"href":"https:\/\/ifamnews.com\/it\/wp-json\/wp\/v2\/posts\/62113","targetHints":{"allow":["GET"]}}],"collection":[{"href":"https:\/\/ifamnews.com\/it\/wp-json\/wp\/v2\/posts"}],"about":[{"href":"https:\/\/ifamnews.com\/it\/wp-json\/wp\/v2\/types\/post"}],"author":[{"embeddable":true,"href":"https:\/\/ifamnews.com\/it\/wp-json\/wp\/v2\/users\/15"}],"replies":[{"embeddable":true,"href":"https:\/\/ifamnews.com\/it\/wp-json\/wp\/v2\/comments?post=62113"}],"version-history":[{"count":3,"href":"https:\/\/ifamnews.com\/it\/wp-json\/wp\/v2\/posts\/62113\/revisions"}],"predecessor-version":[{"id":63041,"href":"https:\/\/ifamnews.com\/it\/wp-json\/wp\/v2\/posts\/62113\/revisions\/63041"}],"wp:featuredmedia":[{"embeddable":true,"href":"https:\/\/ifamnews.com\/it\/wp-json\/wp\/v2\/media\/62105"}],"wp:attachment":[{"href":"https:\/\/ifamnews.com\/it\/wp-json\/wp\/v2\/media?parent=62113"}],"wp:term":[{"taxonomy":"category","embeddable":true,"href":"https:\/\/ifamnews.com\/it\/wp-json\/wp\/v2\/categories?post=62113"},{"taxonomy":"post_tag","embeddable":true,"href":"https:\/\/ifamnews.com\/it\/wp-json\/wp\/v2\/tags?post=62113"}],"curies":[{"name":"wp","href":"https:\/\/api.w.org\/{rel}","templated":true}]}}