{"id":60012,"date":"2021-03-16T00:00:00","date_gmt":"2021-03-16T04:00:00","guid":{"rendered":"https:\/\/ifamnews.com\/?p=60012"},"modified":"2021-04-28T02:32:46","modified_gmt":"2021-04-28T06:32:46","slug":"-glossario-ue-glossario-u-","status":"publish","type":"post","link":"https:\/\/ifamnews.com\/it\/-glossario-ue-glossario-u-","title":{"rendered":"\u201cGlossario\u201d UE, glossario u\u00e8"},"content":{"rendered":"<p class=\"last-updated\">Last updated on aprile 28th, 2021 at 02:32 am<\/p>\n<p>All\u2019Unit\u00e0 di Uguaglianza, Inclusione, Diversit\u00e0 della Direzione generale del Personale del Parlamento Europeo sembrano avere preso il testimone dall\u2019ufficio in cui si preparava \u00abun nuovo vocabolario autorizzato, distribuito gratuitamente in ogni casa, nel quale tutte le parole sarebbero state suddivise in due soli gruppi: parole positive e parole negative\u00bb, frutto della fantasia letteraria dello scrittore danese Henrik Stangerup (1937-1998), il quale, nel 1973, descrisse, ne <em><a href=\"https:\/\/amazon.it\/Luomo-che-voleva-essere-colpevole\/dp\/8870912264\/ref=sr_1_1?__mk_it_IT=%C3%85M%C3%85%C5%BD%C3%95%C3%91&amp;dchild=1&amp;keywords=L%E2%80%99uomo+che+voleva+essere+colpevole&amp;qid=1615825217&amp;sr=8-1\" target=\"_blank\" rel=\"noopener\">L\u2019uomo che voleva essere colpevole<\/a><\/em>, uno scenario futuribile che, come una profezia autoavverante, si \u00e8 puntualmente realizzato. In sostanza, questo \u00e8 il fulcro della notizia. Il resto non sono propriamente dettagli, ma la declinazione di una volont\u00e0 politica di controllo sociale, che si esprime nell\u2019imposizione di quanto si pu\u00f2 e quanto non si pu\u00f2 dire, scrivere e, forse, nemmeno pensare.<\/p>\n\n\n\n<p>Per orientarsi nella giungla terminologica, occorre un manualetto, che a mo\u2019 di cartina topografica indichi se ci si sta inoltrando in terreni proibiti o selvaggi ed eventualmente come ritrovare la via d\u2019uscita. Allo scopo, attraverso una genesi lunga che varrebbe la pena di approfondire negli aspetti filologici, con l\u2019ausilio della Direzione per le Traduzioni e di quella per la Comunicazione dello stesso europarlamento, \u00e8 stato pubblicato un <a href=\"https:\/\/www2.europarl.europa.eu\/contracts-and-grants\/files\/grants\/media-and-events\/en-annex-9-inclusive-communication-guidelines-of-the-european-parliament.pdf\" target=\"_blank\" rel=\"noopener\">\u00abGlossario del linguaggio \u201csensibile\u201d per la comunicazione interna ed esterna\u00bb<\/a> allo scopo di aiutare il personale a comunicare in maniera adeguata negli ambiti della disabilit\u00e0, della questione LGBT+, nonch\u00e9 in materia di etnia e di religione.<\/p>\n\n\n\n<p>Adesso si consiglia, per esempio, di tornare a dire \u00abcieco\u00bb poich\u00e9 \u00abnon vedente\u00bb sa troppo di \u201cpoliticamente corretto\u201d e pu\u00f2 risultare irritante. Insomma \u00abla regola d\u2019oro che consigliamo a tutti i membri del personale \u00e8 chiedere all\u2019interessato con quali termini preferisca che ci si rivolga a lui\u00bb. Se no, si consulti la guida. Meglio per\u00f2 impararla a memoria, poich\u00e9 il trabocchetto \u00e8 sempre dietro l\u2019angolo. \u00abBianco\u00bb \u00e8 da preferire a \u00abcaucasico\u00bb, ma meglio \u00abdi colore\u00bb che \u00abnon bianco\u00bb, \u00abasiatico\u00bb piuttosto che \u00aborientale\u00bb e via di questo passo.<\/p>\n\n\n\n<p>Se qualcuno vuole essere chiamato \u00abfrocio\u00bb, \u00abchecca\u00bb o \u00abfinocchio\u00bb mica glielo si pu\u00f2 insomma impedire: ma deve autorizzarci lui. A scanso di equivoci, il capitolo LGBT+ del \u201cGlossario\u201d chiede di evitare di parlare di \u00absesso biologico\u00bb, privilegiando piuttosto la dizione \u00absesso assegnato alla nascita\u00bb in obbedienza al postulato ideologico della liquidit\u00e0, secondo il quale si potrebbe cambiare identit\u00e0 di genere ogni quarto d\u2019ora. Quindi, visto che il modello del proteo sempre cangiante assume continuamente nuove forme e nuova sostanza, bisogna poi prestare particolare attenzione all\u2019ampliamento del catalogo \u201cpatologico\u201d: dalla classica omofobia, si passa a \u00abgayfobia\u00bb, \u00ablesbofobia\u00bb, \u00abbifobia\u00bb, \u00abtransfobia\u00bb e \u00abinterfobia\u00bb, senza porre limiti alla fantasia. Se \u00e8 ammesso l\u2019utilizzo, sia come sostantivi sia come aggettivi, di \u00abbisessuale\u00bb, \u00abpansessuale\u00bb e \u00abomnisessuale\u00bb, si tenga conto che il percorso \u00e8 irto di ostacoli perch\u00e9 \u00abpossono essere considerati offensivi\u00bb da chi ritiene che \u00abl\u2019utilizzo di tali denominazioni riduca la persona in questione unicamente a questa caratteristica\u00bb. Segue una curiosa lista di neologismi, fra i quali \u00abdeadname\u00bb, che sta a indicare il nome attribuito all\u2019anagrafe a una persona <em>transgender<\/em> al momento della nascita, sebbene sia da cancellare, poich\u00e9 non corrisponde pi\u00f9 al desiderio del soggetto e alla sua autopercezione. Se poi costui o costei si sottopone a un intervento per la riattribuzione del sesso, non \u00e8 consentito riferirsi all\u2019operazione come a un \u201ccambio di sesso\u201d, dato che la formula appropriata \u00e8 \u00abchirurgia di affermazione di genere\u00bb.<\/p>\n\n\n\n<p>Non c\u2019\u00e8 pace nemmeno per i \u201cvecchi\u201d eterosessuali, che magari si sentono \u201cnormali\u201d, ma ora sono \u00abcis\u00bb o \u00abcisgender\u00bb oppure \u00abbinari\u00bb (ma le rotaie qui non c\u2019entrano), e non hanno relazioni con persone \u00abdi sesso diverso\u00bb, ma \u00abdi sesso opposto\u00bb. A costoro, che sono tutto sommato la maggioranza dei cittadini comunitari, infatti, va impedito di propagare il germe della cosiddetta \u00abeteronormativit\u00e0\u00bb, quella particolare \u00abpresunzione che l\u2019eterosessualit\u00e0 sia la norma e che le relazioni eterosessuali siano il punto di riferimento per determinare quel che \u00e8 normale e cosa no\u00bb. Meglio tacere, a questo punto, per non sbagliare? No, non \u00e8 permesso nemmeno il silenzio, perch\u00e9 si tratta di temi quotidianamente all\u2019ordine del giorno <a href=\"https:\/\/ifamnews.com\/it\/europagliacciata-lgbt-\/\" target=\"_blank\" rel=\"noopener\">dell\u2019assemblea parlamentare dell\u2019UE<\/a>, dove interpreti e portavoce sono sottoposti a uno <em>stress<\/em> paragonabile a quello degli sport a rischio. Perch\u00e9, se a un vertice un ministro dovesse osare pronunciare la parola \u00abpadre\u00bb o \u00abmadre\u00bb, la sua espressione antiquata andrebbe corretta senza indugio con un pi\u00f9 moderno \u00abgenitore\u00bb. Ne andrebbe dell\u2019autenticit\u00e0 del testo originale, ma da quando la verit\u00e0 e la giustizia sono state scisse, \u00e8 un problema secondario.<\/p>\n","protected":false},"excerpt":{"rendered":"<p>Scapperebbe a ridere, ma \u00e8 uno degli strumenti con cui, scissa la verit\u00e0 dalla giustizia, si perseguita la realt\u00e0<\/p>\n","protected":false},"author":97,"featured_media":60014,"comment_status":"open","ping_status":"open","sticky":false,"template":"","format":"standard","meta":{"give_campaign_id":0,"om_disable_all_campaigns":false,"_monsterinsights_skip_tracking":false,"_monsterinsights_sitenote_active":false,"_monsterinsights_sitenote_note":"","_monsterinsights_sitenote_category":0,"mc4wp_mailchimp_campaign":[],"jnews-multi-image_gallery":[],"jnews_single_post":{"subtitle":"Scapperebbe a ridere, ma \u00e8 uno degli strumenti con cui, scissa la verit\u00e0 dalla giustizia, si perseguita la realt\u00e0","format":"standard","video":"","gallery":"","source_name":"","source_url":"","via_name":"","via_url":"","override":[{"single_blog_custom":"","sidebar":"","second_sidebar":"","share_position":"","share_float_style":"","post_date_format":"","post_date_format_custom":"","post_reading_time_wpm":"","zoom_button_out_step":"1","zoom_button_in_step":"1","number_popup_post":"1"}],"image_override":[{"single_post_thumbnail_size":"","single_post_gallery_size":""}],"trending_post_position":"","trending_post_label":"","sponsored_post_label":"","sponsored_post_name":"","sponsored_post_url":"","sponsored_post_logo":"","sponsored_post_desc":""},"jnews_primary_category":{"id":"764"},"jnews_social_meta":{"fb_title":"","fb_description":"","fb_image":"","twitter_title":"","twitter_description":"","twitter_image":""},"jnews_override_counter":{"view_counter_number":"0","share_counter_number":"0","like_counter_number":"0","dislike_counter_number":"0"},"footnotes":""},"categories":[764,951],"tags":[3067,7993],"class_list":["post-60012","post","type-post","status-publish","format-standard","has-post-thumbnail","hentry","category-cultura","category-foreground-it","tag-unione-europea","tag-vetrina"],"yoast_head":"<!-- This site is optimized with the Yoast SEO Premium plugin v25.9 (Yoast SEO v27.3) - https:\/\/yoast.com\/product\/yoast-seo-premium-wordpress\/ -->\n<title>\u201cGlossario\u201d UE, glossario u\u00e8 - &quot;iFamNews&quot;<\/title>\n<meta name=\"description\" content=\"Scapperebbe a ridere, ma \u00e8 uno degli strumenti con cui, scissa la verit\u00e0 dalla giustizia, si perseguita la realt\u00e0\" \/>\n<meta name=\"robots\" content=\"index, follow, max-snippet:-1, max-image-preview:large, max-video-preview:-1\" \/>\n<link rel=\"canonical\" href=\"https:\/\/ifamnews.com\/it\/-glossario-ue-glossario-u-\" \/>\n<meta property=\"og:locale\" content=\"it_IT\" \/>\n<meta property=\"og:type\" content=\"article\" \/>\n<meta property=\"og:title\" content=\"\u201cGlossario\u201d UE, glossario u\u00e8\" \/>\n<meta property=\"og:description\" content=\"Scapperebbe a ridere, ma \u00e8 uno degli strumenti con cui, scissa la verit\u00e0 dalla giustizia, si perseguita la realt\u00e0\" \/>\n<meta property=\"og:url\" content=\"https:\/\/ifamnews.com\/it\/-glossario-ue-glossario-u-\" \/>\n<meta property=\"og:site_name\" content=\"IFN\" \/>\n<meta property=\"article:publisher\" content=\"https:\/\/www.facebook.com\/iFamNews\" \/>\n<meta property=\"article:published_time\" content=\"2021-03-16T04:00:00+00:00\" \/>\n<meta property=\"article:modified_time\" content=\"2021-04-28T06:32:46+00:00\" \/>\n<meta property=\"og:image\" content=\"https:\/\/ifamnews.com\/wp-content\/uploads\/2021\/03\/768419217_51b73bfde3_o.jpg\" \/>\n\t<meta property=\"og:image:width\" content=\"1200\" \/>\n\t<meta property=\"og:image:height\" content=\"675\" \/>\n\t<meta property=\"og:image:type\" content=\"image\/jpeg\" \/>\n<meta name=\"author\" content=\"Giacobbe della Scala\" \/>\n<meta name=\"twitter:card\" content=\"summary_large_image\" \/>\n<meta name=\"twitter:creator\" content=\"@iFamNewsEN\" \/>\n<meta name=\"twitter:site\" content=\"@iFamNewsEN\" \/>\n<meta name=\"twitter:label1\" content=\"Scritto da\" \/>\n\t<meta name=\"twitter:data1\" content=\"Giacobbe della Scala\" \/>\n\t<meta name=\"twitter:label2\" content=\"Tempo di lettura stimato\" \/>\n\t<meta name=\"twitter:data2\" content=\"4 minuti\" \/>\n<!-- \/ Yoast SEO Premium plugin. -->","yoast_head_json":{"title":"\u201cGlossario\u201d UE, glossario u\u00e8 - \"iFamNews\"","description":"Scapperebbe a ridere, ma \u00e8 uno degli strumenti con cui, scissa la verit\u00e0 dalla giustizia, si perseguita la realt\u00e0","robots":{"index":"index","follow":"follow","max-snippet":"max-snippet:-1","max-image-preview":"max-image-preview:large","max-video-preview":"max-video-preview:-1"},"canonical":"https:\/\/ifamnews.com\/it\/-glossario-ue-glossario-u-","og_locale":"it_IT","og_type":"article","og_title":"\u201cGlossario\u201d UE, glossario u\u00e8","og_description":"Scapperebbe a ridere, ma \u00e8 uno degli strumenti con cui, scissa la verit\u00e0 dalla giustizia, si perseguita la realt\u00e0","og_url":"https:\/\/ifamnews.com\/it\/-glossario-ue-glossario-u-","og_site_name":"IFN","article_publisher":"https:\/\/www.facebook.com\/iFamNews","article_published_time":"2021-03-16T04:00:00+00:00","article_modified_time":"2021-04-28T06:32:46+00:00","og_image":[{"width":1200,"height":675,"url":"https:\/\/ifamnews.com\/wp-content\/uploads\/2021\/03\/768419217_51b73bfde3_o.jpg","type":"image\/jpeg"}],"author":"Giacobbe della Scala","twitter_card":"summary_large_image","twitter_creator":"@iFamNewsEN","twitter_site":"@iFamNewsEN","twitter_misc":{"Scritto da":"Giacobbe della Scala","Tempo di lettura stimato":"4 minuti"},"schema":{"@context":"https:\/\/schema.org","@graph":[{"@type":"NewsArticle","@id":"https:\/\/ifamnews.com\/it\/-glossario-ue-glossario-u-#article","isPartOf":{"@id":"https:\/\/ifamnews.com\/it\/-glossario-ue-glossario-u-"},"author":{"name":"Giacobbe della Scala","@id":"https:\/\/ifamnews.com\/en\/#\/schema\/person\/3f01a4dc993a05b1458c09b4d7233113"},"headline":"\u201cGlossario\u201d UE, glossario u\u00e8","datePublished":"2021-03-16T04:00:00+00:00","dateModified":"2021-04-28T06:32:46+00:00","mainEntityOfPage":{"@id":"https:\/\/ifamnews.com\/it\/-glossario-ue-glossario-u-"},"wordCount":737,"commentCount":0,"publisher":{"@id":"https:\/\/ifamnews.com\/en\/#organization"},"image":{"@id":"https:\/\/ifamnews.com\/it\/-glossario-ue-glossario-u-#primaryimage"},"thumbnailUrl":"https:\/\/ifamnews.com\/wp-content\/uploads\/2021\/03\/768419217_51b73bfde3_o.jpg","keywords":["Unione Europea","Vetrina"],"articleSection":["Cultura","In evidenza"],"inLanguage":"it-IT","potentialAction":[{"@type":"CommentAction","name":"Comment","target":["https:\/\/ifamnews.com\/it\/-glossario-ue-glossario-u-#respond"]}]},{"@type":"WebPage","@id":"https:\/\/ifamnews.com\/it\/-glossario-ue-glossario-u-","url":"https:\/\/ifamnews.com\/it\/-glossario-ue-glossario-u-","name":"\u201cGlossario\u201d UE, glossario u\u00e8 - \"iFamNews\"","isPartOf":{"@id":"https:\/\/ifamnews.com\/en\/#website"},"primaryImageOfPage":{"@id":"https:\/\/ifamnews.com\/it\/-glossario-ue-glossario-u-#primaryimage"},"image":{"@id":"https:\/\/ifamnews.com\/it\/-glossario-ue-glossario-u-#primaryimage"},"thumbnailUrl":"https:\/\/ifamnews.com\/wp-content\/uploads\/2021\/03\/768419217_51b73bfde3_o.jpg","datePublished":"2021-03-16T04:00:00+00:00","dateModified":"2021-04-28T06:32:46+00:00","description":"Scapperebbe a ridere, ma \u00e8 uno degli strumenti con cui, scissa la verit\u00e0 dalla giustizia, si perseguita la realt\u00e0","breadcrumb":{"@id":"https:\/\/ifamnews.com\/it\/-glossario-ue-glossario-u-#breadcrumb"},"inLanguage":"it-IT","potentialAction":[{"@type":"ReadAction","target":["https:\/\/ifamnews.com\/it\/-glossario-ue-glossario-u-"]}]},{"@type":"ImageObject","inLanguage":"it-IT","@id":"https:\/\/ifamnews.com\/it\/-glossario-ue-glossario-u-#primaryimage","url":"https:\/\/ifamnews.com\/wp-content\/uploads\/2021\/03\/768419217_51b73bfde3_o.jpg","contentUrl":"https:\/\/ifamnews.com\/wp-content\/uploads\/2021\/03\/768419217_51b73bfde3_o.jpg","width":1200,"height":675,"caption":"Image from Flickr"},{"@type":"BreadcrumbList","@id":"https:\/\/ifamnews.com\/it\/-glossario-ue-glossario-u-#breadcrumb","itemListElement":[{"@type":"ListItem","position":1,"name":"Home","item":"https:\/\/ifamnews.com\/de"},{"@type":"ListItem","position":2,"name":"Cultura","item":"https:\/\/ifamnews.com\/it\/categoria\/cultura"},{"@type":"ListItem","position":3,"name":"\u201cGlossario\u201d UE, glossario u\u00e8"}]},{"@type":"WebSite","@id":"https:\/\/ifamnews.com\/en\/#website","url":"https:\/\/ifamnews.com\/en\/","name":"IFN","description":"International Family News Network","publisher":{"@id":"https:\/\/ifamnews.com\/en\/#organization"},"potentialAction":[{"@type":"SearchAction","target":{"@type":"EntryPoint","urlTemplate":"https:\/\/ifamnews.com\/en\/?s={search_term_string}"},"query-input":{"@type":"PropertyValueSpecification","valueRequired":true,"valueName":"search_term_string"}}],"inLanguage":"it-IT"},{"@type":"Organization","@id":"https:\/\/ifamnews.com\/en\/#organization","name":"iFamNews","url":"https:\/\/ifamnews.com\/en\/","logo":{"@type":"ImageObject","inLanguage":"it-IT","@id":"https:\/\/ifamnews.com\/en\/#\/schema\/logo\/image\/","url":"https:\/\/ifamnews.com\/wp-content\/uploads\/2020\/01\/Share-logo.png","contentUrl":"https:\/\/ifamnews.com\/wp-content\/uploads\/2020\/01\/Share-logo.png","width":200,"height":200,"caption":"iFamNews"},"image":{"@id":"https:\/\/ifamnews.com\/en\/#\/schema\/logo\/image\/"},"sameAs":["https:\/\/www.facebook.com\/iFamNews","https:\/\/x.com\/iFamNewsEN"]},{"@type":"Person","@id":"https:\/\/ifamnews.com\/en\/#\/schema\/person\/3f01a4dc993a05b1458c09b4d7233113","name":"Giacobbe della Scala","image":{"@type":"ImageObject","inLanguage":"it-IT","@id":"https:\/\/secure.gravatar.com\/avatar\/9e72fec6e8b5d09ae4caeeea81590470dea0de5c749f14c99171f3a40035d780?s=96&d=mm&r=g","url":"https:\/\/secure.gravatar.com\/avatar\/9e72fec6e8b5d09ae4caeeea81590470dea0de5c749f14c99171f3a40035d780?s=96&d=mm&r=g","contentUrl":"https:\/\/secure.gravatar.com\/avatar\/9e72fec6e8b5d09ae4caeeea81590470dea0de5c749f14c99171f3a40035d780?s=96&d=mm&r=g","caption":"Giacobbe della Scala"},"description":"Under this pseudonym writes a legal practitioner, engaged in the field of education and countering misinformation.","url":"https:\/\/ifamnews.com\/it\/author\/gdellascala"}]}},"amp_enabled":true,"_links":{"self":[{"href":"https:\/\/ifamnews.com\/it\/wp-json\/wp\/v2\/posts\/60012","targetHints":{"allow":["GET"]}}],"collection":[{"href":"https:\/\/ifamnews.com\/it\/wp-json\/wp\/v2\/posts"}],"about":[{"href":"https:\/\/ifamnews.com\/it\/wp-json\/wp\/v2\/types\/post"}],"author":[{"embeddable":true,"href":"https:\/\/ifamnews.com\/it\/wp-json\/wp\/v2\/users\/97"}],"replies":[{"embeddable":true,"href":"https:\/\/ifamnews.com\/it\/wp-json\/wp\/v2\/comments?post=60012"}],"version-history":[{"count":4,"href":"https:\/\/ifamnews.com\/it\/wp-json\/wp\/v2\/posts\/60012\/revisions"}],"predecessor-version":[{"id":63768,"href":"https:\/\/ifamnews.com\/it\/wp-json\/wp\/v2\/posts\/60012\/revisions\/63768"}],"wp:featuredmedia":[{"embeddable":true,"href":"https:\/\/ifamnews.com\/it\/wp-json\/wp\/v2\/media\/60014"}],"wp:attachment":[{"href":"https:\/\/ifamnews.com\/it\/wp-json\/wp\/v2\/media?parent=60012"}],"wp:term":[{"taxonomy":"category","embeddable":true,"href":"https:\/\/ifamnews.com\/it\/wp-json\/wp\/v2\/categories?post=60012"},{"taxonomy":"post_tag","embeddable":true,"href":"https:\/\/ifamnews.com\/it\/wp-json\/wp\/v2\/tags?post=60012"}],"curies":[{"name":"wp","href":"https:\/\/api.w.org\/{rel}","templated":true}]}}