{"id":59223,"date":"2021-03-11T00:00:00","date_gmt":"2021-03-11T05:00:00","guid":{"rendered":"https:\/\/ifamnews.com\/?p=59223"},"modified":"2021-03-11T04:11:02","modified_gmt":"2021-03-11T09:11:02","slug":"-utero-in-affitto-legalizzato","status":"publish","type":"post","link":"https:\/\/ifamnews.com\/it\/-utero-in-affitto-legalizzato","title":{"rendered":"\u00abUtero in affitto\u00bb legalizzato"},"content":{"rendered":"\n<p>Come molto altri \u2013 immaginarlo \u00e8 logico e facile \u2013 anche &nbsp;<a href=\"https:\/\/ifamnews.com\/it\/chi-sono-padre-e-madre-vostro-onore-\/\" target=\"_blank\">\u201ciFamNews\u201d si \u00e8 chiesto<\/a> chi siano oramai il padre e la madre nel mondo in cui viviamo. Meri concetti antropologici, astratti e puramente formali o persone e figure di carne e sangue?<\/p>\n\n\n\n<p>La domanda non \u00e8 affatto peregrina, poich\u00e9 si applica a ben due casi reali, giunti sino alla Corte costituzionale. Sono i casi di bambini <em>veri<\/em> da proteggere <em>veramente<\/em> e da garantire <em>veramente<\/em> perch\u00e9 sono bambini <em>veri<\/em> finiti <em>veramente<\/em>, loro <em>veramente<\/em> loro malgrado, in contese <em>vere<\/em> di adulti <em>veri<\/em>, che li sorpassano ma che comunque li travolgono.<\/p>\n\n\n\n<p>In entrambe le situazioni si tratta di coppie \u201comogenitoriali\u201d alle prese con pretese che vorrebbero divenire diritti, cio\u00e8 \u201cdiritti\u201d. Ora, la Corte ha stabilito il non luogo a procedere per mancanza di normativa e ha chiesto al parlamento di legiferare a garanzia di tutti i minori.<\/p>\n\n\n\n<p>Una volta depositata la sentenza, due giorni fa, tutti i dubbi gi\u00e0 avanzati sono per\u00f2 ovviamente tornati prepotentemente e rapidamente alla ribalta.<\/p>\n\n\n\n<p>Restano sul tappeto quindi le domande di fondo, spesso essenziali, giacch\u00e9 insistono (come direbbe la matematica), sferzandoli, su princ\u00ecpi n\u00e9 negoziabili n\u00e9 trattabili.<\/p>\n\n\n\n<p>Nonostante la \u00abmaternit\u00e0 surrogata\u00bb sia&nbsp;infatti <a href=\"https:\/\/ifamnews.com\/it\/offresi-utero-prezzi-modici-seriet-garantita\/\" target=\"_blank\">una pratica vietata<\/a>, in base all\u2019articolo 12, comma 6, della nota&nbsp;<a href=\"https:\/\/camera.it\/parlam\/leggi\/04040l.htm\" target=\"_blank\"><em>Legge 40<\/em><\/a>&nbsp;del 19 febbraio 2004, la norma viene allegramente aggirata da chiunque affitti un utero all\u2019estero. Dunque: pu\u00f2, anzi \u2013 oramai a quanto pare \u2013 deve il giudice sostituire il legislatore? La giustizia deve essere insomma \u201ccreativa\u201d invece che interpretativa?<\/p>\n\n\n\n<p>Deve diventare prassi socialmente e culturalmente accettata l\u2019infrazione <em>smooth <\/em>della legge (nell\u2019italico \u201cvabb\u00e8\u201d dei modi, bench\u00e9 assolutamente <em>hard<\/em> nei contenuti) di chi si reca fuori porta tutti i giorni dell\u2019anno, e non solo a Pasquetta, per comperare un bambino per poi richiederne, cio\u00e8 imporne, con la forza del <em>fait accompli<\/em>, la registrazione in Italia? Questo accade ora, adesso, ogni giorno in Italia, lubrificato con la retorica perversa del \u201cmale minore\u201d: la fuit\u00ecna alla matriciana, seguita da matrimonio riparatore.<\/p>\n","protected":false},"excerpt":{"rendered":"<p>La giustizia \u201ccreativa\u201d impone il fatto compiuto violando la legge <\/p>\n","protected":false},"author":14,"featured_media":14990,"comment_status":"open","ping_status":"open","sticky":false,"template":"","format":"standard","meta":{"give_campaign_id":0,"om_disable_all_campaigns":false,"_monsterinsights_skip_tracking":false,"_monsterinsights_sitenote_active":false,"_monsterinsights_sitenote_note":"","_monsterinsights_sitenote_category":0,"mc4wp_mailchimp_campaign":[],"jnews-multi-image_gallery":[],"jnews_single_post":{"subtitle":"La giustizia \u201ccreativa\u201d impone il fatto compiuto violando la legge ","format":"standard","video":"","gallery":"","source_name":"","source_url":"","via_name":"","via_url":"","override":[{"single_blog_custom":"","sidebar":"","second_sidebar":"","share_position":"","share_float_style":"","post_date_format":"","post_date_format_custom":"","post_reading_time_wpm":"","zoom_button_out_step":"1","zoom_button_in_step":"1","number_popup_post":"1"}],"image_override":[{"single_post_thumbnail_size":"","single_post_gallery_size":""}],"trending_post_position":"","trending_post_label":"","sponsored_post_label":"","sponsored_post_name":"","sponsored_post_url":"","sponsored_post_logo":"","sponsored_post_desc":""},"jnews_primary_category":{"id":"780"},"jnews_social_meta":{"fb_title":"","fb_description":"","fb_image":"","twitter_title":"","twitter_description":"","twitter_image":""},"jnews_override_counter":{"view_counter_number":"0","share_counter_number":"0","like_counter_number":"0","dislike_counter_number":"0"},"footnotes":""},"categories":[778,780],"tags":[712],"class_list":["post-59223","post","type-post","status-publish","format-standard","has-post-thumbnail","hentry","category-editoriali","category-politica-it","tag-maternita-surrogata"],"yoast_head":"<!-- This site is optimized with the Yoast SEO Premium plugin v25.9 (Yoast SEO v27.3) - https:\/\/yoast.com\/product\/yoast-seo-premium-wordpress\/ -->\n<title>\u00abUtero in affitto\u00bb legalizzato - &quot;iFamNews&quot;<\/title>\n<meta name=\"description\" content=\"La giustizia \u201ccreativa\u201d impone il fatto compiuto violando la legge. Accade in Italia, lubrificato con la retorica perversa del \u201cmale minore\u201d\" \/>\n<meta name=\"robots\" content=\"index, follow, max-snippet:-1, max-image-preview:large, max-video-preview:-1\" \/>\n<link rel=\"canonical\" href=\"https:\/\/ifamnews.com\/it\/-utero-in-affitto-legalizzato\" \/>\n<meta property=\"og:locale\" content=\"it_IT\" \/>\n<meta property=\"og:type\" content=\"article\" \/>\n<meta property=\"og:title\" content=\"\u00abUtero in affitto\u00bb legalizzato\" \/>\n<meta property=\"og:description\" content=\"La giustizia \u201ccreativa\u201d impone il fatto compiuto violando la legge. Accade in Italia, lubrificato con la retorica perversa del \u201cmale minore\u201d\" \/>\n<meta property=\"og:url\" content=\"https:\/\/ifamnews.com\/it\/-utero-in-affitto-legalizzato\" \/>\n<meta property=\"og:site_name\" content=\"IFN\" \/>\n<meta property=\"article:publisher\" content=\"https:\/\/www.facebook.com\/iFamNews\" \/>\n<meta property=\"article:published_time\" content=\"2021-03-11T05:00:00+00:00\" \/>\n<meta property=\"article:modified_time\" content=\"2021-03-11T09:11:02+00:00\" \/>\n<meta property=\"og:image\" content=\"https:\/\/ifamnews.com\/wp-content\/uploads\/2020\/04\/tribunale.jpg\" \/>\n\t<meta property=\"og:image:width\" content=\"1200\" \/>\n\t<meta property=\"og:image:height\" content=\"675\" \/>\n\t<meta property=\"og:image:type\" content=\"image\/jpeg\" \/>\n<meta name=\"author\" content=\"Barbara Santambrogio\" \/>\n<meta name=\"twitter:card\" content=\"summary_large_image\" \/>\n<meta name=\"twitter:creator\" content=\"@iFamNewsEN\" \/>\n<meta name=\"twitter:site\" content=\"@iFamNewsEN\" \/>\n<meta name=\"twitter:label1\" content=\"Scritto da\" \/>\n\t<meta name=\"twitter:data1\" content=\"Barbara Santambrogio\" \/>\n\t<meta name=\"twitter:label2\" content=\"Tempo di lettura stimato\" \/>\n\t<meta name=\"twitter:data2\" content=\"2 minuti\" \/>\n<!-- \/ Yoast SEO Premium plugin. -->","yoast_head_json":{"title":"\u00abUtero in affitto\u00bb legalizzato - \"iFamNews\"","description":"La giustizia \u201ccreativa\u201d impone il fatto compiuto violando la legge. Accade in Italia, lubrificato con la retorica perversa del \u201cmale minore\u201d","robots":{"index":"index","follow":"follow","max-snippet":"max-snippet:-1","max-image-preview":"max-image-preview:large","max-video-preview":"max-video-preview:-1"},"canonical":"https:\/\/ifamnews.com\/it\/-utero-in-affitto-legalizzato","og_locale":"it_IT","og_type":"article","og_title":"\u00abUtero in affitto\u00bb legalizzato","og_description":"La giustizia \u201ccreativa\u201d impone il fatto compiuto violando la legge. Accade in Italia, lubrificato con la retorica perversa del \u201cmale minore\u201d","og_url":"https:\/\/ifamnews.com\/it\/-utero-in-affitto-legalizzato","og_site_name":"IFN","article_publisher":"https:\/\/www.facebook.com\/iFamNews","article_published_time":"2021-03-11T05:00:00+00:00","article_modified_time":"2021-03-11T09:11:02+00:00","og_image":[{"width":1200,"height":675,"url":"https:\/\/ifamnews.com\/wp-content\/uploads\/2020\/04\/tribunale.jpg","type":"image\/jpeg"}],"author":"Barbara Santambrogio","twitter_card":"summary_large_image","twitter_creator":"@iFamNewsEN","twitter_site":"@iFamNewsEN","twitter_misc":{"Scritto da":"Barbara Santambrogio","Tempo di lettura stimato":"2 minuti"},"schema":{"@context":"https:\/\/schema.org","@graph":[{"@type":"NewsArticle","@id":"https:\/\/ifamnews.com\/it\/-utero-in-affitto-legalizzato#article","isPartOf":{"@id":"https:\/\/ifamnews.com\/it\/-utero-in-affitto-legalizzato"},"author":{"name":"Barbara Santambrogio","@id":"https:\/\/ifamnews.com\/en\/#\/schema\/person\/17118599da2799311b3611609a244572"},"headline":"\u00abUtero in affitto\u00bb legalizzato","datePublished":"2021-03-11T05:00:00+00:00","dateModified":"2021-03-11T09:11:02+00:00","mainEntityOfPage":{"@id":"https:\/\/ifamnews.com\/it\/-utero-in-affitto-legalizzato"},"wordCount":329,"commentCount":0,"publisher":{"@id":"https:\/\/ifamnews.com\/en\/#organization"},"image":{"@id":"https:\/\/ifamnews.com\/it\/-utero-in-affitto-legalizzato#primaryimage"},"thumbnailUrl":"https:\/\/ifamnews.com\/wp-content\/uploads\/2020\/04\/tribunale.jpg","keywords":["Maternit\u00e0 surrogata\/Utero in affitto"],"articleSection":["Editoriali","Politica"],"inLanguage":"it-IT","potentialAction":[{"@type":"CommentAction","name":"Comment","target":["https:\/\/ifamnews.com\/it\/-utero-in-affitto-legalizzato#respond"]}]},{"@type":"WebPage","@id":"https:\/\/ifamnews.com\/it\/-utero-in-affitto-legalizzato","url":"https:\/\/ifamnews.com\/it\/-utero-in-affitto-legalizzato","name":"\u00abUtero in affitto\u00bb legalizzato - \"iFamNews\"","isPartOf":{"@id":"https:\/\/ifamnews.com\/en\/#website"},"primaryImageOfPage":{"@id":"https:\/\/ifamnews.com\/it\/-utero-in-affitto-legalizzato#primaryimage"},"image":{"@id":"https:\/\/ifamnews.com\/it\/-utero-in-affitto-legalizzato#primaryimage"},"thumbnailUrl":"https:\/\/ifamnews.com\/wp-content\/uploads\/2020\/04\/tribunale.jpg","datePublished":"2021-03-11T05:00:00+00:00","dateModified":"2021-03-11T09:11:02+00:00","description":"La giustizia \u201ccreativa\u201d impone il fatto compiuto violando la legge. Accade in Italia, lubrificato con la retorica perversa del \u201cmale minore\u201d","breadcrumb":{"@id":"https:\/\/ifamnews.com\/it\/-utero-in-affitto-legalizzato#breadcrumb"},"inLanguage":"it-IT","potentialAction":[{"@type":"ReadAction","target":["https:\/\/ifamnews.com\/it\/-utero-in-affitto-legalizzato"]}]},{"@type":"ImageObject","inLanguage":"it-IT","@id":"https:\/\/ifamnews.com\/it\/-utero-in-affitto-legalizzato#primaryimage","url":"https:\/\/ifamnews.com\/wp-content\/uploads\/2020\/04\/tribunale.jpg","contentUrl":"https:\/\/ifamnews.com\/wp-content\/uploads\/2020\/04\/tribunale.jpg","width":1200,"height":675,"caption":"Image from Google Images"},{"@type":"BreadcrumbList","@id":"https:\/\/ifamnews.com\/it\/-utero-in-affitto-legalizzato#breadcrumb","itemListElement":[{"@type":"ListItem","position":1,"name":"Home","item":"https:\/\/ifamnews.com\/de"},{"@type":"ListItem","position":2,"name":"Politics","item":"https:\/\/ifamnews.com\/en\/category\/politics"},{"@type":"ListItem","position":3,"name":"\u00abUtero in affitto\u00bb legalizzato"}]},{"@type":"WebSite","@id":"https:\/\/ifamnews.com\/en\/#website","url":"https:\/\/ifamnews.com\/en\/","name":"IFN","description":"International Family News Network","publisher":{"@id":"https:\/\/ifamnews.com\/en\/#organization"},"potentialAction":[{"@type":"SearchAction","target":{"@type":"EntryPoint","urlTemplate":"https:\/\/ifamnews.com\/en\/?s={search_term_string}"},"query-input":{"@type":"PropertyValueSpecification","valueRequired":true,"valueName":"search_term_string"}}],"inLanguage":"it-IT"},{"@type":"Organization","@id":"https:\/\/ifamnews.com\/en\/#organization","name":"iFamNews","url":"https:\/\/ifamnews.com\/en\/","logo":{"@type":"ImageObject","inLanguage":"it-IT","@id":"https:\/\/ifamnews.com\/en\/#\/schema\/logo\/image\/","url":"https:\/\/ifamnews.com\/wp-content\/uploads\/2020\/01\/Share-logo.png","contentUrl":"https:\/\/ifamnews.com\/wp-content\/uploads\/2020\/01\/Share-logo.png","width":200,"height":200,"caption":"iFamNews"},"image":{"@id":"https:\/\/ifamnews.com\/en\/#\/schema\/logo\/image\/"},"sameAs":["https:\/\/www.facebook.com\/iFamNews","https:\/\/x.com\/iFamNewsEN"]},{"@type":"Person","@id":"https:\/\/ifamnews.com\/en\/#\/schema\/person\/17118599da2799311b3611609a244572","name":"Barbara Santambrogio","image":{"@type":"ImageObject","inLanguage":"it-IT","@id":"https:\/\/secure.gravatar.com\/avatar\/e82fde821e1707b5acb9fe7ab0a5d6e32d42db6117e73021c2fc05cc90dad32f?s=96&d=mm&r=g","url":"https:\/\/secure.gravatar.com\/avatar\/e82fde821e1707b5acb9fe7ab0a5d6e32d42db6117e73021c2fc05cc90dad32f?s=96&d=mm&r=g","contentUrl":"https:\/\/secure.gravatar.com\/avatar\/e82fde821e1707b5acb9fe7ab0a5d6e32d42db6117e73021c2fc05cc90dad32f?s=96&d=mm&r=g","caption":"Barbara Santambrogio"},"description":"After an original and varied working path, in the field of advertising and publishing, but also in the world of wine, she finally came to deal with what she is most passionate about. Today she writes (for the web, but not only), deals with translations and teaches in elementary school. Biological and adoptive mother, she loves reading and running.","url":"https:\/\/ifamnews.com\/it\/author\/bsantambrogio"}]}},"amp_enabled":true,"_links":{"self":[{"href":"https:\/\/ifamnews.com\/it\/wp-json\/wp\/v2\/posts\/59223","targetHints":{"allow":["GET"]}}],"collection":[{"href":"https:\/\/ifamnews.com\/it\/wp-json\/wp\/v2\/posts"}],"about":[{"href":"https:\/\/ifamnews.com\/it\/wp-json\/wp\/v2\/types\/post"}],"author":[{"embeddable":true,"href":"https:\/\/ifamnews.com\/it\/wp-json\/wp\/v2\/users\/14"}],"replies":[{"embeddable":true,"href":"https:\/\/ifamnews.com\/it\/wp-json\/wp\/v2\/comments?post=59223"}],"version-history":[{"count":3,"href":"https:\/\/ifamnews.com\/it\/wp-json\/wp\/v2\/posts\/59223\/revisions"}],"predecessor-version":[{"id":59230,"href":"https:\/\/ifamnews.com\/it\/wp-json\/wp\/v2\/posts\/59223\/revisions\/59230"}],"wp:featuredmedia":[{"embeddable":true,"href":"https:\/\/ifamnews.com\/it\/wp-json\/wp\/v2\/media\/14990"}],"wp:attachment":[{"href":"https:\/\/ifamnews.com\/it\/wp-json\/wp\/v2\/media?parent=59223"}],"wp:term":[{"taxonomy":"category","embeddable":true,"href":"https:\/\/ifamnews.com\/it\/wp-json\/wp\/v2\/categories?post=59223"},{"taxonomy":"post_tag","embeddable":true,"href":"https:\/\/ifamnews.com\/it\/wp-json\/wp\/v2\/tags?post=59223"}],"curies":[{"name":"wp","href":"https:\/\/api.w.org\/{rel}","templated":true}]}}