{"id":56330,"date":"2021-02-25T00:00:00","date_gmt":"2021-02-25T05:00:00","guid":{"rendered":"https:\/\/ifamnews.com\/?p=56330"},"modified":"2021-02-26T01:19:21","modified_gmt":"2021-02-26T06:19:21","slug":"no-non-era-un-ambasciatore-ragazzino","status":"publish","type":"post","link":"https:\/\/ifamnews.com\/it\/no-non-era-un-ambasciatore-ragazzino","title":{"rendered":"No, non era un ambasciatore-ragazzino"},"content":{"rendered":"<p class=\"last-updated\">Last updated on Febbraio 26th, 2021 at 01:19 am<\/p>\n<p>\u00abMa non \u00e8 vero, guardi, ne sono certo. Luca non si \u00e8 mai convertito all\u2019islam. Marocchina e musulmana \u00e8 la moglie, <a href=\"https:\/\/mamasofia.org\/\" target=\"_blank\">Zakia Seddik, fondatrice dell\u2019associazione umanitaria Mama Sofia<\/a>. Per darle sostegno e per rispetto, Luca osservava il Ramadan, questo s\u00ec. Per il resto, era cattolico e praticante, ogni domenica andava a Messa alla Nunziatura apostolica, a Kinshasa. Era la pi\u00f9 vicina a casa sua\u00bb.<\/p>\n\n\n\n<p>Esordisce cos\u00ec, all\u2019inizio di una lunga telefonata, Emanuele Gianmaria Fusi, presidente della <a href=\"https:\/\/novaeterrae.eu\/\" target=\"_blank\">Fondazione Novae Terrae<\/a>, che per quindici anni, fin dai tempi in cui si sono conosciuti a Ginevra, \u00e8 stato amico di Luca Attanasio, ambasciatore italiano nella Repubblica Democratica del Congo dopo essere stato console in Marocco e viceambasciatore ad Abujia, in Nigeria.<\/p>\n\n\n\n<p>Attanasio \u00e8 stato ucciso luned\u00ec 22 febbraio nella boscaglia che circonda Goma, a circa 2500 chilometri dalla capitale, dove si trovava in missione sotto l\u2019egida delle Nazioni Unite nell\u2019ambito del <a href=\"https:\/\/it.wfp.org\/\" target=\"_blank\">World Food Programme (WFP)<\/a>, diretto a una scuola destinataria di aiuti alimentari.<\/p>\n\n\n\n<p>Quella della conversione all\u2019islam non \u00e8 l\u2019unica notizia che Fusi trova errata e dissonante. Ad \u201ciFamNews\u201d dice di non concordare con altri aspetti del ritratto che alcuni <em>media<\/em> stanno tracciando del diplomatico italiano, 43 anni, padre di tre bambine piccole, i cui funerali saranno celebrati sabato 27 febbraio a Limbiate, in provincia di Monza e Brianza, <a href=\"https:\/\/chiesadimilano.it\/news\/chiesa-diocesi\/luca-attanasio-a-limbiate-i-funerali-celebrati-dallarcivescovo-441365.html\" target=\"_blank\">dall\u2019arcivescovo di Milano monsignor Mario Delpini<\/a>. Una Messa in memoria sar\u00e0 celebrata domenica nella cattedrale di Kinshasa.<\/p>\n\n\n\n<div class=\"wp-block-image\"><figure class=\"aligncenter size-large\"><img decoding=\"async\" width=\"1024\" height=\"576\" src=\"https:\/\/ifamnews.com\/wp-content\/uploads\/2021\/02\/Ambasciatore-Luca-Attanasio-a-cena-con-il-nunzio-apostolico-1024x576.jpeg\" alt=\"\" class=\"wp-image-56332\" srcset=\"https:\/\/ifamnews.com\/wp-content\/uploads\/2021\/02\/Ambasciatore-Luca-Attanasio-a-cena-con-il-nunzio-apostolico-1024x576.jpeg 1024w, https:\/\/ifamnews.com\/wp-content\/uploads\/2021\/02\/Ambasciatore-Luca-Attanasio-a-cena-con-il-nunzio-apostolico-768x432.jpeg 768w, https:\/\/ifamnews.com\/wp-content\/uploads\/2021\/02\/Ambasciatore-Luca-Attanasio-a-cena-con-il-nunzio-apostolico-750x422.jpeg 750w, https:\/\/ifamnews.com\/wp-content\/uploads\/2021\/02\/Ambasciatore-Luca-Attanasio-a-cena-con-il-nunzio-apostolico-1140x641.jpeg 1140w, https:\/\/ifamnews.com\/wp-content\/uploads\/2021\/02\/Ambasciatore-Luca-Attanasio-a-cena-con-il-nunzio-apostolico.jpeg 1182w\" sizes=\"(max-width: 1024px) 100vw, 1024px\" \/><\/figure><\/div>\n\n\n\n<p><\/p>\n\n\n\n<p><strong>Dottor Fusi, lei ha conosciuto bene e ha frequentato a lungo, sia in Italia sia in Africa, l\u2019ambasciatore Attanasio. Come lo descriverebbe?<\/strong><\/p>\n\n\n\n<p>Luca era una persona straordinaria, un professionista molto in gamba, una mente brillante. Non sarebbe stato il pi\u00f9 giovane ambasciatore della Repubblica italiana, altrimenti. Ad Abujia, era stato chiamato direttamente da Fulvio Rustico, allora ambasciatore italiano in Nigeria. In Congo si occupava fra l\u2019altro di accompagnare le aziende interessate a investire e a cooperare nel Paese e seguiva progetti di sviluppo importanti.<\/p>\n\n\n\n<p>Era anche un cultore appassionato di arte africana, che collezionava, una passione che condividevamo. Ha salvato molte opere lignee dalla distruzione e aveva avviato un progetto di raccolta e catalogazione in collaborazione con il Museo centrale di Arte africana di Kinshasa.<\/p>\n\n\n\n<p><strong>Riguardo il suo impegno umanitario, di cosa si stava occupando?<\/strong><\/p>\n\n\n\n<p>La moglie di Luca, Zakia, ha fondato l\u2019associazione umanitaria Mama Sofia, che ha preso il nome dalla loro bambina pi\u00f9 grande. Dapprima l\u2019associazione lavorava in Nigeria, poi con il trasferimento della famiglia nella Repubblica Democratica del Congo ha spostato il quartier generale a Kinshasa. Tramite Mama Sofia e nel suo ruolo istituzionale Luca si preoccupava in special modo di bambini e di famiglie.<\/p>\n\n\n\n<p>Forse non tutti conoscono la legge sanitaria del Paese, che prevede che chi viene ricoverato in ospedale vi sia trattenuto finch\u00e9 non paga le spese per le cure o l\u2019intervento. Capita spesso, purtroppo, che le donne non abbiano di che pagare per il parto e che scappino dalle strutture abbandonando l\u00ec i bambini appena nati. Ecco, Luca si occupava di questo, di liberare mamme e bambini da questa vera e propria prigionia e di far accogliere i piccoli rimasti soli in strutture adatte a curarli e proteggerli.<\/p>\n\n\n\n<div class=\"wp-block-image\"><figure class=\"aligncenter size-large\"><img decoding=\"async\" width=\"1024\" height=\"683\" src=\"https:\/\/ifamnews.com\/wp-content\/uploads\/2021\/02\/Ambasciatore-Luca-Attanasio-farmaco-salvavita-1.jpeg\" alt=\"\" class=\"wp-image-56348\" srcset=\"https:\/\/ifamnews.com\/wp-content\/uploads\/2021\/02\/Ambasciatore-Luca-Attanasio-farmaco-salvavita-1.jpeg 1024w, https:\/\/ifamnews.com\/wp-content\/uploads\/2021\/02\/Ambasciatore-Luca-Attanasio-farmaco-salvavita-1-768x512.jpeg 768w, https:\/\/ifamnews.com\/wp-content\/uploads\/2021\/02\/Ambasciatore-Luca-Attanasio-farmaco-salvavita-1-750x500.jpeg 750w\" sizes=\"(max-width: 1024px) 100vw, 1024px\" \/><\/figure><\/div>\n\n\n\n<p><\/p>\n\n\n\n<p><strong>In quale altro modo l\u2019ambasciatore Attanasio si occupava dei bambini congolesi?<\/strong><\/p>\n\n\n\n<p>Bisogna tenere presente che nel Paese, martoriato dalla guerra e dalla miseria, vi sono qualcosa come 100mila bambini di strada, bambini abbandonati, che vivono per le vie di Kinshasa, di Goma, di Bukavu, prede facilissime per i mercati pi\u00f9 turpi che si possano immaginare: bambini da vendere come schiavi, o per essere avviati alla prostituzione, o per il traffico di organi. Luca ha contribuito con <a href=\"https:\/\/chiesadimilano.it\/wp-content\/uploads\/2020\/03\/0103MI75.pdf\" target=\"_blank\">don Maurizio Canclini dell\u2019associazione Cenacolo<\/a> all\u2019allestimento di un\u2019ambulanza che gira di notte per le strade della citt\u00e0, un\u2019ambulanza di strada appunto, che durante le ore notturne, quando i bambini rimasti all\u2019aperto sono solo i reietti, presta loro soccorso, cure, aiuto.<\/p>\n\n\n\n<div class=\"wp-block-image\"><figure class=\"aligncenter size-large\"><img decoding=\"async\" width=\"1024\" height=\"768\" src=\"https:\/\/ifamnews.com\/wp-content\/uploads\/2021\/02\/Ambasciatore-Luca-Attanasio-ambulanza.jpeg\" alt=\"\" class=\"wp-image-56356\" srcset=\"https:\/\/ifamnews.com\/wp-content\/uploads\/2021\/02\/Ambasciatore-Luca-Attanasio-ambulanza.jpeg 1024w, https:\/\/ifamnews.com\/wp-content\/uploads\/2021\/02\/Ambasciatore-Luca-Attanasio-ambulanza-768x576.jpeg 768w, https:\/\/ifamnews.com\/wp-content\/uploads\/2021\/02\/Ambasciatore-Luca-Attanasio-ambulanza-750x563.jpeg 750w\" sizes=\"(max-width: 1024px) 100vw, 1024px\" \/><\/figure><\/div>\n\n\n\n<p><\/p>\n\n\n\n<p>In gennaio aveva preso il via un nuovo progetto: quello di una chiatta-ambulanza sul fiume, una chiatta-ospedale, che potesse percorrere distanze pi\u00f9 lunghe e arrivare navigando in zone distanti dalla citt\u00e0 e difficilmente raggiungibili a causa delle condizioni disastrate delle strade, per portare aiuto alla popolazione con cadenza regolare, una volta alla settimana per esempio.<\/p>\n\n\n\n<div class=\"wp-block-image\"><figure class=\"aligncenter size-large\"><img decoding=\"async\" width=\"1024\" height=\"768\" src=\"https:\/\/ifamnews.com\/wp-content\/uploads\/2021\/02\/Ambasciatore-Luca-Attanasio-nelle-baraccopoli-di-notte-1.jpeg\" alt=\"\" class=\"wp-image-56364\" srcset=\"https:\/\/ifamnews.com\/wp-content\/uploads\/2021\/02\/Ambasciatore-Luca-Attanasio-nelle-baraccopoli-di-notte-1.jpeg 1024w, https:\/\/ifamnews.com\/wp-content\/uploads\/2021\/02\/Ambasciatore-Luca-Attanasio-nelle-baraccopoli-di-notte-1-768x576.jpeg 768w, https:\/\/ifamnews.com\/wp-content\/uploads\/2021\/02\/Ambasciatore-Luca-Attanasio-nelle-baraccopoli-di-notte-1-750x563.jpeg 750w\" sizes=\"(max-width: 1024px) 100vw, 1024px\" \/><\/figure><\/div>\n\n\n\n<p><\/p>\n\n\n\n<p><strong>Qualcuno, in questi giorni, ha lasciato intendere che forse Attanasio non abbia usato la prudenza necessaria per muoversi in un territorio tanto difficile e complicato, rimanendone vittima\u2026<\/strong><\/p>\n\n\n\n<p>Ma figuriamoci. Luca era giovane, non sprovveduto. Conosceva l\u2019Africa e le sue tragedie, sapeva benissimo come comportarsi e mai avrebbe messo a rischio inutile n\u00e9 se stesso n\u00e9 soprattutto i ragazzi della sua squadra\u2026<\/p>\n\n\n\n<p><strong>S\u00ec, nello scontro <strong>infatti<\/strong> sono rimasti uccisi, come <strong>oramai<\/strong><\/strong> <strong>tutti sanno, anche il carabiniere di scorta Vittorio Iacovazzi e l\u2019autista Mustapha Milambo\u2026<\/strong><\/p>\n\n\n\n<p>A Kinshasa Luca aveva a disposizione almeno un paio di auto blindate, e le usava. Il personale che lo accompagnava era preparato e competente. Il disastro \u00e8 accaduto a Goma, a migliaia di chilometri dalla capitale, dove Luca era giunto in aereo e dove aveva trovato ad attenderlo un mezzo messo a disposizione dalle Nazioni Unite nell\u2019ambito del progetto umanitario che stavano promuovendo. Forse la macchina organizzativa non ha funzionato a dovere, forse qualcuno non ha calcolato correttamente il rischio. Non Luca, questo \u00e8 certo.<\/p>\n\n\n\n<p><strong>Naturalmente la vicenda, oltre che dolorosa, \u00e8 estremamente complessa. Lei che idea si \u00e8 fatto?<\/strong><\/p>\n\n\n\n<p>\u00c8 difficile dirlo. Conosco bene l\u2019Africa, ci vado da trent\u2019anni, ma luned\u00ec io ero al sicuro in Italia. Sono persuaso che si sia trattato di un rapimento finito male, in un Paese in cui spesso la vita umana vale per ci\u00f2 che viene pagata, forse nella concitazione dello scontro, ma \u00e8 evidente che non posso affermare nulla di pi\u00f9.<\/p>\n\n\n\n<p><em>Qualcuno fa intendere che non sia stato abbastanza prudente, qualcuno sostiene che si fosse convertito all\u2019islam, qualcuno ipotizza ragioni oscure per il suo assassinio. Nulla di tutto ci\u00f2, secondo Emanuele Fusi. Luca Attanasio era semplicemente una persona perbene, che ha pagato caro per ci\u00f2 in cui credeva.<\/em><\/p>\n\n\n\n<p class=\"has-small-font-size\">Le immagini riportate nell&#8217;articolo appartengono alla raccolta privata di Emanuele G. Fusi.<\/p>\n","protected":false},"excerpt":{"rendered":"<p>La testimonianza di un amico su Luca Attanasio, il diplomatico italiano ucciso in Congo<\/p>\n","protected":false},"author":14,"featured_media":56322,"comment_status":"open","ping_status":"open","sticky":false,"template":"","format":"standard","meta":{"give_campaign_id":0,"om_disable_all_campaigns":false,"_monsterinsights_skip_tracking":false,"_monsterinsights_sitenote_active":false,"_monsterinsights_sitenote_note":"","_monsterinsights_sitenote_category":0,"mc4wp_mailchimp_campaign":[],"jnews-multi-image_gallery":[],"jnews_single_post":{"subtitle":"La testimonianza di un amico su Luca Attanasio, il diplomatico italiano ucciso in Congo","format":"standard","video":"","gallery":"","source_name":"","source_url":"","via_name":"","via_url":"","override":[{"single_blog_custom":"","sidebar":"","second_sidebar":"","share_position":"","share_float_style":"","post_date_format":"","post_date_format_custom":"","post_reading_time_wpm":"","zoom_button_out_step":"1","zoom_button_in_step":"1","number_popup_post":"1"}],"image_override":[{"single_post_thumbnail_size":"","single_post_gallery_size":""}],"trending_post_position":"","trending_post_label":"","sponsored_post_label":"","sponsored_post_name":"","sponsored_post_url":"","sponsored_post_logo":"","sponsored_post_desc":""},"jnews_primary_category":{"id":"817"},"jnews_social_meta":{"fb_title":"","fb_description":"","fb_image":"","twitter_title":"","twitter_description":"","twitter_image":""},"jnews_override_counter":{"view_counter_number":"0","share_counter_number":"0","like_counter_number":"0","dislike_counter_number":"0"},"footnotes":""},"categories":[951,817],"tags":[8697,8698,7993],"class_list":["post-56330","post","type-post","status-publish","format-standard","has-post-thumbnail","hentry","category-foreground-it","category-vita","tag-luca-attanasio","tag-repubblica-democratica-del-congo","tag-vetrina"],"yoast_head":"<!-- This site is optimized with the Yoast SEO Premium plugin v25.9 (Yoast SEO v27.3) - https:\/\/yoast.com\/product\/yoast-seo-premium-wordpress\/ -->\n<title>No, non era un ambasciatore-ragazzino - &quot;iFamNews&quot;<\/title>\n<meta name=\"description\" content=\"La testimonianza di un amico su Luca Attanasio, il diplomatico italiano ucciso in Congo il 22 febbraio scorso\" \/>\n<meta name=\"robots\" content=\"index, follow, max-snippet:-1, max-image-preview:large, max-video-preview:-1\" \/>\n<link rel=\"canonical\" href=\"https:\/\/ifamnews.com\/it\/no-non-era-un-ambasciatore-ragazzino\" \/>\n<meta property=\"og:locale\" content=\"it_IT\" \/>\n<meta property=\"og:type\" content=\"article\" \/>\n<meta property=\"og:title\" content=\"No, non era un ambasciatore-ragazzino\" \/>\n<meta property=\"og:description\" content=\"La testimonianza di un amico su Luca Attanasio, il diplomatico italiano ucciso in Congo il 22 febbraio scorso\" \/>\n<meta property=\"og:url\" content=\"https:\/\/ifamnews.com\/it\/no-non-era-un-ambasciatore-ragazzino\" \/>\n<meta property=\"og:site_name\" content=\"IFN\" \/>\n<meta property=\"article:publisher\" content=\"https:\/\/www.facebook.com\/iFamNews\" \/>\n<meta property=\"article:published_time\" content=\"2021-02-25T05:00:00+00:00\" \/>\n<meta property=\"article:modified_time\" content=\"2021-02-26T06:19:21+00:00\" \/>\n<meta property=\"og:image\" content=\"https:\/\/ifamnews.com\/wp-content\/uploads\/2021\/02\/Ambasciatore-Luca-Attanasio-dalle-Poverelle-di-Bergamo-a-Kinshasa-2.jpeg\" \/>\n\t<meta property=\"og:image:width\" content=\"1200\" \/>\n\t<meta property=\"og:image:height\" content=\"675\" \/>\n\t<meta property=\"og:image:type\" content=\"image\/jpeg\" \/>\n<meta name=\"author\" content=\"Barbara Santambrogio\" \/>\n<meta name=\"twitter:card\" content=\"summary_large_image\" \/>\n<meta name=\"twitter:creator\" content=\"@iFamNewsEN\" \/>\n<meta name=\"twitter:site\" content=\"@iFamNewsEN\" \/>\n<meta name=\"twitter:label1\" content=\"Scritto da\" \/>\n\t<meta name=\"twitter:data1\" content=\"Barbara Santambrogio\" \/>\n\t<meta name=\"twitter:label2\" content=\"Tempo di lettura stimato\" \/>\n\t<meta name=\"twitter:data2\" content=\"5 minuti\" \/>\n<!-- \/ Yoast SEO Premium plugin. -->","yoast_head_json":{"title":"No, non era un ambasciatore-ragazzino - \"iFamNews\"","description":"La testimonianza di un amico su Luca Attanasio, il diplomatico italiano ucciso in Congo il 22 febbraio scorso","robots":{"index":"index","follow":"follow","max-snippet":"max-snippet:-1","max-image-preview":"max-image-preview:large","max-video-preview":"max-video-preview:-1"},"canonical":"https:\/\/ifamnews.com\/it\/no-non-era-un-ambasciatore-ragazzino","og_locale":"it_IT","og_type":"article","og_title":"No, non era un ambasciatore-ragazzino","og_description":"La testimonianza di un amico su Luca Attanasio, il diplomatico italiano ucciso in Congo il 22 febbraio scorso","og_url":"https:\/\/ifamnews.com\/it\/no-non-era-un-ambasciatore-ragazzino","og_site_name":"IFN","article_publisher":"https:\/\/www.facebook.com\/iFamNews","article_published_time":"2021-02-25T05:00:00+00:00","article_modified_time":"2021-02-26T06:19:21+00:00","og_image":[{"width":1200,"height":675,"url":"https:\/\/ifamnews.com\/wp-content\/uploads\/2021\/02\/Ambasciatore-Luca-Attanasio-dalle-Poverelle-di-Bergamo-a-Kinshasa-2.jpeg","type":"image\/jpeg"}],"author":"Barbara Santambrogio","twitter_card":"summary_large_image","twitter_creator":"@iFamNewsEN","twitter_site":"@iFamNewsEN","twitter_misc":{"Scritto da":"Barbara Santambrogio","Tempo di lettura stimato":"5 minuti"},"schema":{"@context":"https:\/\/schema.org","@graph":[{"@type":"NewsArticle","@id":"https:\/\/ifamnews.com\/it\/no-non-era-un-ambasciatore-ragazzino#article","isPartOf":{"@id":"https:\/\/ifamnews.com\/it\/no-non-era-un-ambasciatore-ragazzino"},"author":{"name":"Barbara Santambrogio","@id":"https:\/\/ifamnews.com\/en\/#\/schema\/person\/17118599da2799311b3611609a244572"},"headline":"No, non era un ambasciatore-ragazzino","datePublished":"2021-02-25T05:00:00+00:00","dateModified":"2021-02-26T06:19:21+00:00","mainEntityOfPage":{"@id":"https:\/\/ifamnews.com\/it\/no-non-era-un-ambasciatore-ragazzino"},"wordCount":1005,"commentCount":0,"publisher":{"@id":"https:\/\/ifamnews.com\/en\/#organization"},"image":{"@id":"https:\/\/ifamnews.com\/it\/no-non-era-un-ambasciatore-ragazzino#primaryimage"},"thumbnailUrl":"https:\/\/ifamnews.com\/wp-content\/uploads\/2021\/02\/Ambasciatore-Luca-Attanasio-dalle-Poverelle-di-Bergamo-a-Kinshasa-2.jpeg","keywords":["Luca Attanasio","Repubblica Democratica del Congo","Vetrina"],"articleSection":["In evidenza","Vita"],"inLanguage":"it-IT","potentialAction":[{"@type":"CommentAction","name":"Comment","target":["https:\/\/ifamnews.com\/it\/no-non-era-un-ambasciatore-ragazzino#respond"]}]},{"@type":"WebPage","@id":"https:\/\/ifamnews.com\/it\/no-non-era-un-ambasciatore-ragazzino","url":"https:\/\/ifamnews.com\/it\/no-non-era-un-ambasciatore-ragazzino","name":"No, non era un ambasciatore-ragazzino - \"iFamNews\"","isPartOf":{"@id":"https:\/\/ifamnews.com\/en\/#website"},"primaryImageOfPage":{"@id":"https:\/\/ifamnews.com\/it\/no-non-era-un-ambasciatore-ragazzino#primaryimage"},"image":{"@id":"https:\/\/ifamnews.com\/it\/no-non-era-un-ambasciatore-ragazzino#primaryimage"},"thumbnailUrl":"https:\/\/ifamnews.com\/wp-content\/uploads\/2021\/02\/Ambasciatore-Luca-Attanasio-dalle-Poverelle-di-Bergamo-a-Kinshasa-2.jpeg","datePublished":"2021-02-25T05:00:00+00:00","dateModified":"2021-02-26T06:19:21+00:00","description":"La testimonianza di un amico su Luca Attanasio, il diplomatico italiano ucciso in Congo il 22 febbraio scorso","breadcrumb":{"@id":"https:\/\/ifamnews.com\/it\/no-non-era-un-ambasciatore-ragazzino#breadcrumb"},"inLanguage":"it-IT","potentialAction":[{"@type":"ReadAction","target":["https:\/\/ifamnews.com\/it\/no-non-era-un-ambasciatore-ragazzino"]}]},{"@type":"ImageObject","inLanguage":"it-IT","@id":"https:\/\/ifamnews.com\/it\/no-non-era-un-ambasciatore-ragazzino#primaryimage","url":"https:\/\/ifamnews.com\/wp-content\/uploads\/2021\/02\/Ambasciatore-Luca-Attanasio-dalle-Poverelle-di-Bergamo-a-Kinshasa-2.jpeg","contentUrl":"https:\/\/ifamnews.com\/wp-content\/uploads\/2021\/02\/Ambasciatore-Luca-Attanasio-dalle-Poverelle-di-Bergamo-a-Kinshasa-2.jpeg","width":1200,"height":675,"caption":"L'ambasciatore Luca Attanasio a Kinshasa, in visita alla sede delle Poverelle di Bergamo"},{"@type":"BreadcrumbList","@id":"https:\/\/ifamnews.com\/it\/no-non-era-un-ambasciatore-ragazzino#breadcrumb","itemListElement":[{"@type":"ListItem","position":1,"name":"Home","item":"https:\/\/ifamnews.com\/de"},{"@type":"ListItem","position":2,"name":"Life","item":"https:\/\/ifamnews.com\/en\/category\/life"},{"@type":"ListItem","position":3,"name":"No, non era un ambasciatore-ragazzino"}]},{"@type":"WebSite","@id":"https:\/\/ifamnews.com\/en\/#website","url":"https:\/\/ifamnews.com\/en\/","name":"IFN","description":"International Family News Network","publisher":{"@id":"https:\/\/ifamnews.com\/en\/#organization"},"potentialAction":[{"@type":"SearchAction","target":{"@type":"EntryPoint","urlTemplate":"https:\/\/ifamnews.com\/en\/?s={search_term_string}"},"query-input":{"@type":"PropertyValueSpecification","valueRequired":true,"valueName":"search_term_string"}}],"inLanguage":"it-IT"},{"@type":"Organization","@id":"https:\/\/ifamnews.com\/en\/#organization","name":"iFamNews","url":"https:\/\/ifamnews.com\/en\/","logo":{"@type":"ImageObject","inLanguage":"it-IT","@id":"https:\/\/ifamnews.com\/en\/#\/schema\/logo\/image\/","url":"https:\/\/ifamnews.com\/wp-content\/uploads\/2020\/01\/Share-logo.png","contentUrl":"https:\/\/ifamnews.com\/wp-content\/uploads\/2020\/01\/Share-logo.png","width":200,"height":200,"caption":"iFamNews"},"image":{"@id":"https:\/\/ifamnews.com\/en\/#\/schema\/logo\/image\/"},"sameAs":["https:\/\/www.facebook.com\/iFamNews","https:\/\/x.com\/iFamNewsEN"]},{"@type":"Person","@id":"https:\/\/ifamnews.com\/en\/#\/schema\/person\/17118599da2799311b3611609a244572","name":"Barbara Santambrogio","image":{"@type":"ImageObject","inLanguage":"it-IT","@id":"https:\/\/secure.gravatar.com\/avatar\/e82fde821e1707b5acb9fe7ab0a5d6e32d42db6117e73021c2fc05cc90dad32f?s=96&d=mm&r=g","url":"https:\/\/secure.gravatar.com\/avatar\/e82fde821e1707b5acb9fe7ab0a5d6e32d42db6117e73021c2fc05cc90dad32f?s=96&d=mm&r=g","contentUrl":"https:\/\/secure.gravatar.com\/avatar\/e82fde821e1707b5acb9fe7ab0a5d6e32d42db6117e73021c2fc05cc90dad32f?s=96&d=mm&r=g","caption":"Barbara Santambrogio"},"description":"After an original and varied working path, in the field of advertising and publishing, but also in the world of wine, she finally came to deal with what she is most passionate about. Today she writes (for the web, but not only), deals with translations and teaches in elementary school. Biological and adoptive mother, she loves reading and running.","url":"https:\/\/ifamnews.com\/it\/author\/bsantambrogio"}]}},"amp_enabled":true,"_links":{"self":[{"href":"https:\/\/ifamnews.com\/it\/wp-json\/wp\/v2\/posts\/56330","targetHints":{"allow":["GET"]}}],"collection":[{"href":"https:\/\/ifamnews.com\/it\/wp-json\/wp\/v2\/posts"}],"about":[{"href":"https:\/\/ifamnews.com\/it\/wp-json\/wp\/v2\/types\/post"}],"author":[{"embeddable":true,"href":"https:\/\/ifamnews.com\/it\/wp-json\/wp\/v2\/users\/14"}],"replies":[{"embeddable":true,"href":"https:\/\/ifamnews.com\/it\/wp-json\/wp\/v2\/comments?post=56330"}],"version-history":[{"count":5,"href":"https:\/\/ifamnews.com\/it\/wp-json\/wp\/v2\/posts\/56330\/revisions"}],"predecessor-version":[{"id":56382,"href":"https:\/\/ifamnews.com\/it\/wp-json\/wp\/v2\/posts\/56330\/revisions\/56382"}],"wp:featuredmedia":[{"embeddable":true,"href":"https:\/\/ifamnews.com\/it\/wp-json\/wp\/v2\/media\/56322"}],"wp:attachment":[{"href":"https:\/\/ifamnews.com\/it\/wp-json\/wp\/v2\/media?parent=56330"}],"wp:term":[{"taxonomy":"category","embeddable":true,"href":"https:\/\/ifamnews.com\/it\/wp-json\/wp\/v2\/categories?post=56330"},{"taxonomy":"post_tag","embeddable":true,"href":"https:\/\/ifamnews.com\/it\/wp-json\/wp\/v2\/tags?post=56330"}],"curies":[{"name":"wp","href":"https:\/\/api.w.org\/{rel}","templated":true}]}}