{"id":5549,"date":"2020-01-29T18:00:00","date_gmt":"2020-01-29T23:00:00","guid":{"rendered":"https:\/\/ifamnews.com\/?p=5549"},"modified":"2020-01-28T15:33:25","modified_gmt":"2020-01-28T20:33:25","slug":"friday-for-future-for-cannabis","status":"publish","type":"post","link":"https:\/\/ifamnews.com\/it\/friday-for-future-for-cannabis","title":{"rendered":"Friday for future\u2026 for cannabis"},"content":{"rendered":"\n<p>Ci risiamo: <a href=\"https:\/\/ansa.it\/sito\/notizie\/politica\/2020\/01\/23\/milleproroghe-800-emendamenti-non-passano-il-vaglio-di-ammissibilita-anche-cannabis_c6721341-9842-4c54-adfb-2dc8c78f76a8.html\" target=\"_blank\" rel=\"noopener noreferrer\">tornato di nuovo al mittente<\/a> l\u2019emendamento al decreto legge \u201cMilleproroghe\u201d, ennesimo tentativo da parte dei giallorossi di far passare <a href=\"https:\/\/ilgiornale.it\/news\/mille-proroghe-cannabis-light-1814897.html\" target=\"_blank\" rel=\"noopener noreferrer\">la liberalizzazione della <em>cannabis<\/em> <em>light<\/em><\/a> con l\u2019obiettivo dichiarato di \u00absostenere la filiera agroalimentare della canapa e di garantire l\u2019integrit\u00e0 del gettito tributario derivante dalle attivit\u00e0 di commercializzazione e vendita di prodotti a base di canapa operanti sul territorio nazionale, nonch\u00e9 di salvaguardare i livelli occupazionali del settore\u00bb (Proposta di modifica all&#8217;articolo 34). Intanto il senatore del Movimento 5 Stelle (M5s) Matteo Mantero fa sapere dalla propria <a href=\"https:\/\/facebook.com\/matteomantero.m5s\/\" target=\"_blank\" rel=\"noopener noreferrer\">pagina Facebook<\/a>, di avere \u201cfinalmente\u201d depositato la versione definitiva del disegno di legge \u201c<a href=\"https:\/\/manifestocannabislibera.it\/\" target=\"_blank\" rel=\"noopener noreferrer\">Manifesto per la cannabis libera<\/a>\u201d. Un nome, un programma.<\/p>\n\n\n\n<p>Mantero <a href=\"https:\/\/facebook.com\/matteomantero.m5s\/videos\/2690105174414148\/\" target=\"_blank\" rel=\"noopener noreferrer\">sottolinea<\/a> l\u2019urgenza della questione, in particolare in riferimento alla lotta alla criminalit\u00e0 organizzata, cui imputa tutta la responsabilit\u00e0 del passaggio dalla <em>cannabis<\/em> a sostanze pi\u00f9 pesanti, che danno \u00abmaggior dipendenza\u00bb. Effettivamente non ha torto: la droga, leggera o pesante che dir si voglia, dipendenza ne d\u00e0. Sempre.<\/p>\n\n\n\n<p>Duecentocinquanta, tra associazioni e aziende, si\nsono fatte promotrici del \u201cManifesto per la cannabis libera\u201d, un totale di 35mila\ncittadini, anche se Mantero ne sbandiera 41mila. Gli abitanti di Desio, o di\nLadispoli, comunque. Non esattamente un plebiscito.<\/p>\n\n\n\n<p>Tra i promotori un nome spicca, quello della \u00abprima realt\u00e0 esterna al settore cannabico\u00bb: <a href=\"https:\/\/facebook.com\/FFFprato\/?__tn__=kC-R&amp;eid=ARB-ANcu5BOW-4zJRy4b-c_76Q1rq2EZasXtEucAxCklW7q2vJI-5Nf6lux1TKHtSNBScbGGd6sOdXmp&amp;hc_ref=ARQBGkijTRdS7ZLJk5o2fm8OF-WqtHHrRAvtT7ucCntOU4NpjUtaKXUp06WtSz9kloI&amp;fref=nf&amp;__xts__%5b0%5d=68.ARDBAdcj2JvH1RR97DPFgqcoDACDBqI-osUJ8ytEzkWEJu0-2AQfKiRqfMconPe0n0e-cDQun0psHDnM36trSRTqdIzG6N8MhOP3LUow74BXXSlMm-wEiE3TZoXHtY9Gm4xKpI7hqtozm4ag92wJaDhAU9JtKPwZGUyV-w65hK0O84ZmVfA6m7t31FEt0IDZMxy-zuGQHb1sOIOdryKE6zoyYYAzy0dRCK1X9MIM0_WHBmVYqfjNu9h0vM_aItz807WDkJCG85fWyjuiTbhtnYRGRxopg4BYzNcMmgfnJRfKNbKlAUEkbRbYiTt4lxp-vV4G6OCKGOLKNQUKCJxud-o\" target=\"_blank\" rel=\"noopener noreferrer\">Friday for future Prato<\/a>. Tra uno <a href=\"https:\/\/mentelocale.it\/prato\/eventi\/154779-fridays-for-future-prato-venerdi-29-novembre-block-friday-quarto-sciopero-globale-per-il-clima.htm\" target=\"_blank\" rel=\"noopener noreferrer\">sciopero<\/a> e una <a href=\"https:\/\/facebook.com\/events\/giardino-banci-buonamici\/insectology-una-rivoluzione-a-tavola\/1315240065298790\/\" target=\"_blank\" rel=\"noopener noreferrer\">degustazione di insetti<\/a>, quei giovani toscani preoccupati per il futuro del pianeta si sono presi a cuore \u00abla profondamente ingiusta criminalizzazione della canapa\u00bb. Guardiamo per esempio la famosa Hemp Body Car di Henry Ford (1863-1947): la canapa \u00e8 la materia prima ecologica per definizione. Difendiamola!<\/p>\n\n\n\n<p>A non andare a scuola, si sa, si resta ignoranti, come quelli (giovani e meno giovani) che ignorano la distinzione tra la <a href=\"https:\/\/scuolacanapa.it\/canapa-o-cannabis\/\" target=\"_blank\" rel=\"noopener noreferrer\">canapa e la <em>cannabis<\/em><\/a>: non \u00e8 proprio un dettaglio di poco conto. Si tratta della stessa pianta, ma la variet\u00e0, il quadro genetico, \u00e8 differente. La <em>cannabis<\/em> \u00e8 l\u2019unica tipologia di canapa a presentare una quantit\u00e0 di THC (uno dei suoi maggiori e pi\u00f9 noti principi attivi) che va dallo 0,3% in su e la <em>marijuana<\/em> \u00e8 s\u00ec un termine messicano per canapa, ma indica specificatamente la variet\u00e0 usata in ambito \u201cricreativo\u201d. Non si tratta cio\u00e8 di una parolaccia introdotta dai proibizionisti cattivi per dispregiare la canapa, solo della sua variante \u201cda sballo\u201d. <\/p>\n\n\n\n<p>Lei, la povera canapa industriale, pare non abbia mai fatto del male a nessuno, <a href=\"https:\/\/sanpatrignano.org\/danni-causati-dalluso-cannabis\/?gclid=CjwKCAiA35rxBRAWEiwADqB370hP2xIF893poCq1ImSOSw6H6tc5m-XHRGM74Q9ZAc4eshjqAhqvRRoC144QAvD_BwE\" target=\"_blank\" rel=\"noopener noreferrer\">a differenza della sorella <em>cannabis<\/em><\/a>. Infatti non \u00e8 discriminata proprio per niente. Definita \u00ab<a href=\"https:\/\/martinelliginetto.it\/materie-prime-canapa\" target=\"_blank\" rel=\"noopener noreferrer\">l\u2019Oro Bianco d\u2019Italia<\/a>\u00bb, pi\u00f9 di 3mila ettari di territorio sono adibiti a questa produzione, e gi\u00e0 nel 1876 il Linificio e Canapificio Nazionale era una societ\u00e0 quotata in borsa: a oggi una delle pi\u00f9 antiche e longeve realt\u00e0 industriali italiane.&nbsp; <\/p>\n\n\n\n<p>Con la canapa si fanno le <a href=\"https:\/\/amritafasciaportabebe.com\/i-portabeb%C3%A9\/le-nostre-stoffe\/canapa\/\" target=\"_blank\" rel=\"noopener noreferrer\">fasce per portare i bambini<\/a> e persino <a href=\"https:\/\/blog.ecobaby.it\/i-materiali-dei-pannolini-lavabili\/\" target=\"_blank\" rel=\"noopener noreferrer\">i pannolini lavabili<\/a>. Pare insomma che neppure Ford si fumasse la propria automobile\u2026<\/p>\n\n\n\n<p>Che i ragazzi continuino allora pur serenamente a lottare contro la plastica e a mangiare insetti, <a href=\"https:\/\/ifamnews.com\/it\/proposta-shock-cannibali-per-salvare-la-terra\/\" target=\"_blank\" rel=\"noopener noreferrer\">speriamo solo quelli<\/a>, bevano dalle borracce colorate (chi non ne ha almeno una?), ma se l\u2019angoscia per i cambiamenti climatici li assale a tal punto che farsi una canna pare l\u2019ultima soluzione, non confondano, per\u00f2, le battaglie. &nbsp;Che la \u201csvista\u201d sia capitata a dei ragazzini, <em>transeat<\/em> \u2013 fino a un certo punto \u2013, ma che le forze politiche della Sinistra vedano la preoccupazione per la \u201cfiliera agroalimentare\u201d come movente per un ennesimo tentativo di liberalizzare lo sballo, anche no. L\u2019ecologica canapa industriale sta benone, ed \u00e8 possibile coltivarla, trasformarla, commercializzarla e acquistarla come e quanto aggradi. &nbsp;Quanto all&#8217;angoscia esistenziale (adolescenziale o meno), pare che le canne non siano la risposta. C\u2019\u00e8 anzi chi sostiene che siano <a href=\"https:\/\/tempi.it\/il-new-york-times-frena-di-nuovo-sulla-cannabis-brucia-il-cervello-dei-giovani\/\" target=\"_blank\" rel=\"noopener noreferrer\">parte del problema<\/a>\u2026 <\/p>\n","protected":false},"excerpt":{"rendered":"<p>A Prato i giovani scendono in campo a sostegno del \u201cManifesto per la cannabis libera\u201d. Ma solo per motivi ecologici\u2026<\/p>\n","protected":false},"author":11,"featured_media":5551,"comment_status":"open","ping_status":"open","sticky":false,"template":"","format":"standard","meta":{"give_campaign_id":0,"om_disable_all_campaigns":false,"_monsterinsights_skip_tracking":false,"_monsterinsights_sitenote_active":false,"_monsterinsights_sitenote_note":"","_monsterinsights_sitenote_category":0,"mc4wp_mailchimp_campaign":[],"jnews-multi-image_gallery":[],"jnews_single_post":{"subtitle":"A Prato i giovani scendono in campo a sostegno del \u201cManifesto per la cannabis libera\u201d. Ma solo per motivi ecologici\u2026","format":"standard","video":"","gallery":"","source_name":"","source_url":"","via_name":"","via_url":"","override":[{"single_blog_custom":"","sidebar":"","second_sidebar":"","share_position":"","share_float_style":"","post_date_format":"","post_date_format_custom":"","post_reading_time_wpm":"","zoom_button_out_step":"1","zoom_button_in_step":"1","number_popup_post":"1"}],"image_override":[{"single_post_thumbnail_size":"","single_post_gallery_size":""}],"trending_post_position":"","trending_post_label":""},"jnews_primary_category":{"id":""},"jnews_social_meta":{"fb_title":"","fb_description":"","fb_image":"","twitter_title":"","twitter_description":"","twitter_image":""},"jnews_override_counter":{"view_counter_number":"0","share_counter_number":"0","like_counter_number":"0","dislike_counter_number":"0"},"footnotes":""},"categories":[781],"tags":[707],"class_list":["post-5549","post","type-post","status-publish","format-standard","has-post-thumbnail","hentry","category-famiglia","tag-droga"],"yoast_head":"<!-- This site is optimized with the Yoast SEO Premium plugin v25.9 (Yoast SEO v27.3) - https:\/\/yoast.com\/product\/yoast-seo-premium-wordpress\/ -->\n<title>Friday for future\u2026 for cannabis - IFN<\/title>\n<meta name=\"robots\" content=\"index, follow, max-snippet:-1, max-image-preview:large, max-video-preview:-1\" \/>\n<link rel=\"canonical\" href=\"https:\/\/ifamnews.com\/it\/friday-for-future-for-cannabis\" \/>\n<meta property=\"og:locale\" content=\"it_IT\" \/>\n<meta property=\"og:type\" content=\"article\" \/>\n<meta property=\"og:title\" content=\"Friday for future\u2026 for cannabis\" \/>\n<meta property=\"og:description\" content=\"A Prato i giovani scendono in campo a sostegno del \u201cManifesto per la cannabis libera\u201d. Ma solo per motivi ecologici\u2026\" \/>\n<meta property=\"og:url\" content=\"https:\/\/ifamnews.com\/it\/friday-for-future-for-cannabis\" \/>\n<meta property=\"og:site_name\" content=\"IFN\" \/>\n<meta property=\"article:publisher\" content=\"https:\/\/www.facebook.com\/iFamNews\" \/>\n<meta property=\"article:published_time\" content=\"2020-01-29T23:00:00+00:00\" \/>\n<meta property=\"og:image\" content=\"https:\/\/ifamnews.com\/wp-content\/uploads\/2020\/01\/Friday-for-future-Prato.png\" \/>\n\t<meta property=\"og:image:width\" content=\"225\" \/>\n\t<meta property=\"og:image:height\" content=\"225\" \/>\n\t<meta property=\"og:image:type\" content=\"image\/png\" \/>\n<meta name=\"author\" content=\"Cristina Tamburini\" \/>\n<meta name=\"twitter:card\" content=\"summary_large_image\" \/>\n<meta name=\"twitter:creator\" content=\"@iFamNewsEN\" \/>\n<meta name=\"twitter:site\" content=\"@iFamNewsEN\" \/>\n<meta name=\"twitter:label1\" content=\"Scritto da\" \/>\n\t<meta name=\"twitter:data1\" content=\"Cristina Tamburini\" \/>\n\t<meta name=\"twitter:label2\" content=\"Tempo di lettura stimato\" \/>\n\t<meta name=\"twitter:data2\" content=\"3 minuti\" \/>\n<!-- \/ Yoast SEO Premium plugin. -->","yoast_head_json":{"title":"Friday for future\u2026 for cannabis - IFN","robots":{"index":"index","follow":"follow","max-snippet":"max-snippet:-1","max-image-preview":"max-image-preview:large","max-video-preview":"max-video-preview:-1"},"canonical":"https:\/\/ifamnews.com\/it\/friday-for-future-for-cannabis","og_locale":"it_IT","og_type":"article","og_title":"Friday for future\u2026 for cannabis","og_description":"A Prato i giovani scendono in campo a sostegno del \u201cManifesto per la cannabis libera\u201d. Ma solo per motivi ecologici\u2026","og_url":"https:\/\/ifamnews.com\/it\/friday-for-future-for-cannabis","og_site_name":"IFN","article_publisher":"https:\/\/www.facebook.com\/iFamNews","article_published_time":"2020-01-29T23:00:00+00:00","og_image":[{"width":225,"height":225,"url":"https:\/\/ifamnews.com\/wp-content\/uploads\/2020\/01\/Friday-for-future-Prato.png","type":"image\/png"}],"author":"Cristina Tamburini","twitter_card":"summary_large_image","twitter_creator":"@iFamNewsEN","twitter_site":"@iFamNewsEN","twitter_misc":{"Scritto da":"Cristina Tamburini","Tempo di lettura stimato":"3 minuti"},"schema":{"@context":"https:\/\/schema.org","@graph":[{"@type":"NewsArticle","@id":"https:\/\/ifamnews.com\/it\/friday-for-future-for-cannabis#article","isPartOf":{"@id":"https:\/\/ifamnews.com\/it\/friday-for-future-for-cannabis"},"author":{"name":"Cristina Tamburini","@id":"https:\/\/ifamnews.com\/en\/#\/schema\/person\/43e7f156898341a8d33d23cccefde53a"},"headline":"Friday for future\u2026 for cannabis","datePublished":"2020-01-29T23:00:00+00:00","mainEntityOfPage":{"@id":"https:\/\/ifamnews.com\/it\/friday-for-future-for-cannabis"},"wordCount":614,"commentCount":0,"publisher":{"@id":"https:\/\/ifamnews.com\/en\/#organization"},"image":{"@id":"https:\/\/ifamnews.com\/it\/friday-for-future-for-cannabis#primaryimage"},"thumbnailUrl":"https:\/\/ifamnews.com\/wp-content\/uploads\/2020\/01\/Friday-for-future-Prato.png","keywords":["Droga"],"articleSection":["Famiglia"],"inLanguage":"it-IT","potentialAction":[{"@type":"CommentAction","name":"Comment","target":["https:\/\/ifamnews.com\/it\/friday-for-future-for-cannabis#respond"]}]},{"@type":"WebPage","@id":"https:\/\/ifamnews.com\/it\/friday-for-future-for-cannabis","url":"https:\/\/ifamnews.com\/it\/friday-for-future-for-cannabis","name":"Friday for future\u2026 for cannabis - IFN","isPartOf":{"@id":"https:\/\/ifamnews.com\/en\/#website"},"primaryImageOfPage":{"@id":"https:\/\/ifamnews.com\/it\/friday-for-future-for-cannabis#primaryimage"},"image":{"@id":"https:\/\/ifamnews.com\/it\/friday-for-future-for-cannabis#primaryimage"},"thumbnailUrl":"https:\/\/ifamnews.com\/wp-content\/uploads\/2020\/01\/Friday-for-future-Prato.png","datePublished":"2020-01-29T23:00:00+00:00","breadcrumb":{"@id":"https:\/\/ifamnews.com\/it\/friday-for-future-for-cannabis#breadcrumb"},"inLanguage":"it-IT","potentialAction":[{"@type":"ReadAction","target":["https:\/\/ifamnews.com\/it\/friday-for-future-for-cannabis"]}]},{"@type":"ImageObject","inLanguage":"it-IT","@id":"https:\/\/ifamnews.com\/it\/friday-for-future-for-cannabis#primaryimage","url":"https:\/\/ifamnews.com\/wp-content\/uploads\/2020\/01\/Friday-for-future-Prato.png","contentUrl":"https:\/\/ifamnews.com\/wp-content\/uploads\/2020\/01\/Friday-for-future-Prato.png","width":225,"height":225},{"@type":"BreadcrumbList","@id":"https:\/\/ifamnews.com\/it\/friday-for-future-for-cannabis#breadcrumb","itemListElement":[{"@type":"ListItem","position":1,"name":"Home","item":"https:\/\/ifamnews.com\/de"},{"@type":"ListItem","position":2,"name":"Famiglia","item":"https:\/\/ifamnews.com\/it\/categoria\/famiglia"},{"@type":"ListItem","position":3,"name":"Friday for future\u2026 for cannabis"}]},{"@type":"WebSite","@id":"https:\/\/ifamnews.com\/en\/#website","url":"https:\/\/ifamnews.com\/en\/","name":"IFN","description":"International Family News Network","publisher":{"@id":"https:\/\/ifamnews.com\/en\/#organization"},"potentialAction":[{"@type":"SearchAction","target":{"@type":"EntryPoint","urlTemplate":"https:\/\/ifamnews.com\/en\/?s={search_term_string}"},"query-input":{"@type":"PropertyValueSpecification","valueRequired":true,"valueName":"search_term_string"}}],"inLanguage":"it-IT"},{"@type":"Organization","@id":"https:\/\/ifamnews.com\/en\/#organization","name":"iFamNews","url":"https:\/\/ifamnews.com\/en\/","logo":{"@type":"ImageObject","inLanguage":"it-IT","@id":"https:\/\/ifamnews.com\/en\/#\/schema\/logo\/image\/","url":"https:\/\/ifamnews.com\/wp-content\/uploads\/2020\/01\/Share-logo.png","contentUrl":"https:\/\/ifamnews.com\/wp-content\/uploads\/2020\/01\/Share-logo.png","width":200,"height":200,"caption":"iFamNews"},"image":{"@id":"https:\/\/ifamnews.com\/en\/#\/schema\/logo\/image\/"},"sameAs":["https:\/\/www.facebook.com\/iFamNews","https:\/\/x.com\/iFamNewsEN"]},{"@type":"Person","@id":"https:\/\/ifamnews.com\/en\/#\/schema\/person\/43e7f156898341a8d33d23cccefde53a","name":"Cristina Tamburini","image":{"@type":"ImageObject","inLanguage":"it-IT","@id":"https:\/\/secure.gravatar.com\/avatar\/4165d8e302e80b4826915d6dc5ff4095e2cdb523a870c0cb303347ba24f5e3c2?s=96&d=mm&r=g","url":"https:\/\/secure.gravatar.com\/avatar\/4165d8e302e80b4826915d6dc5ff4095e2cdb523a870c0cb303347ba24f5e3c2?s=96&d=mm&r=g","contentUrl":"https:\/\/secure.gravatar.com\/avatar\/4165d8e302e80b4826915d6dc5ff4095e2cdb523a870c0cb303347ba24f5e3c2?s=96&d=mm&r=g","caption":"Cristina Tamburini"},"description":"Cristina Tamburini, graduated in Philosophy with a thesis in Philosophical Anthropology on contemporary utilitarianism, wife and mother of seven children, has never abandoned the study and the passion for philosophical anthropology, ethics and bioethics. She has translated into Italian several texts, including Action and Conduct: Thomas Aquinas and the Theory of Action by Stephen L. Brock and Intention by G. Elizabeth M. Anscombe, extending her interests to theology (especially to eschatology and the Social Doctrine of the Church). He edited the blog Yes, they are all mine! to tell and explore the maternage and everyday life in a large family.","sameAs":["https:\/\/sonotuttimiei.blogspot.com\/","https:\/\/instagram.com\/cristambu\/"],"url":"https:\/\/ifamnews.com\/it\/author\/ctamburini"}]}},"amp_enabled":true,"_links":{"self":[{"href":"https:\/\/ifamnews.com\/it\/wp-json\/wp\/v2\/posts\/5549","targetHints":{"allow":["GET"]}}],"collection":[{"href":"https:\/\/ifamnews.com\/it\/wp-json\/wp\/v2\/posts"}],"about":[{"href":"https:\/\/ifamnews.com\/it\/wp-json\/wp\/v2\/types\/post"}],"author":[{"embeddable":true,"href":"https:\/\/ifamnews.com\/it\/wp-json\/wp\/v2\/users\/11"}],"replies":[{"embeddable":true,"href":"https:\/\/ifamnews.com\/it\/wp-json\/wp\/v2\/comments?post=5549"}],"version-history":[{"count":4,"href":"https:\/\/ifamnews.com\/it\/wp-json\/wp\/v2\/posts\/5549\/revisions"}],"predecessor-version":[{"id":5888,"href":"https:\/\/ifamnews.com\/it\/wp-json\/wp\/v2\/posts\/5549\/revisions\/5888"}],"wp:featuredmedia":[{"embeddable":true,"href":"https:\/\/ifamnews.com\/it\/wp-json\/wp\/v2\/media\/5551"}],"wp:attachment":[{"href":"https:\/\/ifamnews.com\/it\/wp-json\/wp\/v2\/media?parent=5549"}],"wp:term":[{"taxonomy":"category","embeddable":true,"href":"https:\/\/ifamnews.com\/it\/wp-json\/wp\/v2\/categories?post=5549"},{"taxonomy":"post_tag","embeddable":true,"href":"https:\/\/ifamnews.com\/it\/wp-json\/wp\/v2\/tags?post=5549"}],"curies":[{"name":"wp","href":"https:\/\/api.w.org\/{rel}","templated":true}]}}