{"id":55471,"date":"2021-02-20T00:00:00","date_gmt":"2021-02-20T05:00:00","guid":{"rendered":"https:\/\/ifamnews.com\/?p=55471"},"modified":"2021-02-21T02:11:04","modified_gmt":"2021-02-21T07:11:04","slug":"le-quinte-colonne-contro-la-vita","status":"publish","type":"post","link":"https:\/\/ifamnews.com\/it\/le-quinte-colonne-contro-la-vita","title":{"rendered":"Le quinte colonne contro la vita"},"content":{"rendered":"<p class=\"last-updated\">Last updated on Febbraio 21st, 2021 at 02:11 am<\/p>\n<p>Due dati fondamentali, da cui iniziare: il primo \u00e8 l\u2019ennesima <a href=\"https:\/\/quotidianosanita.it\/lettere-al-direttore\/articolo.php?articolo_id=92524&amp;fr=n\" target=\"_blank\">lettera, pubblicata sul <em>QuotidianoSanit\u00e0.it<\/em> il 15 febbraio<\/a>, che Anna Pompili, presidente dell\u2019Associazione Medici Italiani Contraccezione e Aborto (AMICA), periodicamente scrive parlando di \u00abdiritti riproduttivi\u00bb (una delle ultime volte vaneggiava persino di <a href=\"https:\/\/lacrocequotidiano.it\/articolo\/2020\/09\/29\/societa\/giornata-aborto-sicuro\" target=\"_blank\">infanticidio come diritto delle donne<\/a>).<\/p>\n\n\n\n<p>Il secondo \u00e8 <a href=\"https:\/\/quotidianosanita.it\/lettere-al-direttore\/articolo.php?articolo_id=92571&amp;fr=n\" target=\"_blank\">la lettera, pubblicata il giorno successivo<\/a>, di Maria Vicario, presidente dell\u2019Ordine delle ostetriche, la quale, in nome della <em>spending review<\/em> nella Sanit\u00e0, definisce necessaria la promozione dell&#8217;ostetrica di famiglia e di comunit\u00e0.<\/p>\n\n\n\n<h3 class=\"wp-block-heading\" id=\"h-salute-al-femminile\"><strong>Salute al femminile?<\/strong><\/h3>\n\n\n\n<p>Entrambe sono certe che la salute delle donne vada capillarmente \u00abdistribuita\u00bb, al netto del fatto che la pandemia abbia lasciato sole le donne. Ma, se da una parte la Pompili ne fa un discorso di soffocamento di ogni spiraglio di vita che pure risolleverebbe il Paese dalla denatalit\u00e0 (<a href=\"https:\/\/fnopo.it\/custom\/fnopo\/writable\/news\/FNOPO%202020%20MODELLO%20OSTETRICA%20FAMIGLIA%20COMUNITA'.pdf?fbclid=IwAR0MPZ1fgBBCycohxdp6-vehCM47Zw2VS5-OBnodsgZ-04nvWgA6BtbCp0k\" target=\"_blank\">urgenza sentita invece dall\u2019Ordine delle ostetriche<\/a>), la Vicario parla, pi\u00f9 latamente, di salute al femminile. In comune, un punto fondamentale: gli anticoncezionali. Tra \u00ab<em>empowerment <\/em>della donna\u00bb e \u00abdiritti riproduttivi\u00bb, cio\u00e8, l\u2019importante \u00e8 non concepire.<\/p>\n\n\n\n<h3 class=\"wp-block-heading\" id=\"h-il-paradosso-dell-empowerment-inconsapevole\"><strong>Il paradosso dell\u2019<em>empowerment<\/em> inconsapevole<\/strong><\/h3>\n\n\n\n<p>Ora, cos\u2019\u00e8 l\u2019<em>empowerment<\/em> delle donne? E perch\u00e9 ci vogliono operatori sanitari qualificati per parlare di sessualit\u00e0 nelle scuole? L\u2019<em>empowerment<\/em> \u00e8 la scelta informata compiuta da parte della donna in tema di salute. Il problema per\u00f2 \u00e8 che neppure gli operatori sanitari, che pure ne straparlano, lo implementano: se una donna si reca al consultorio e chiede di abortire, le viene fornito un certificato, senza tante spiegazioni. Talvolta non viene sottoposta n\u00e9 a visita ostetrica n\u00e9 a ecografia, e quando quest\u2019ultima venisse fatta alla donna non viene mostrato l\u2019embrione con quel suo cuoricino che pulsa. Forse troppo <em>empowerment<\/em> tutto assieme?<\/p>\n\n\n\n<p>Magari quella donna potrebbe scegliere di non abortire. Pericoloso? Dannoso per la societ\u00e0? Drammatico perch\u00e9 l\u2019Italia \u00e8 Terzo mondo? O magari solo perch\u00e9 quella donna, non abortendo, \u201cpiega\u201d i propri cosiddetti \u00abdiritti riproduttivi\u00bb al diritto alla vita del figlio che porta in grembo? Insomma, come scrivevano i manuali di pedagogia del 1800, l\u2019embrione \u00e8 un \u00abbambino viziato\u00bb da domare?<\/p>\n\n\n\n<h3 class=\"wp-block-heading\" id=\"h-mentalit-abortiva-e-anticoncezionali\"><strong>Mentalit\u00e0 abortiva e anticoncezionali<\/strong><\/h3>\n\n\n\n<p>Nella mentalit\u00e0 abortiva, tuttavia, ampio spazio \u00e8 riservato al giro mentale anticoncezionale, e infatti sono tutt\u2019uno. Tant\u2019\u00e8 che i corsi post-laurea sulla sessualit\u00e0 per le ostriche sono sempre legati alla contraccezione.<\/p>\n\n\n\n<p>L\u2019<em>empowerment<\/em> sparisce peraltro del tutto quando un\u2019ostetrica del corso di laurea insegna alle studentesse che \u00abvista la difficile applicazione dei metodi naturali e la necessaria conoscenza di se stessi, del proprio corpo e della propria fisiologia e del proprio ciclo, quando lavorerete al Consultorio e vi trovaste a parlare con degli adolescenti, oppure vi trovaste ad andare nelle scuole, fate attenzione a non pubblicizzare i metodi naturali\u00bb. La medesima docente mostra poi una diapositiva, con scritto chiaramente e a lettere cubitali: \u00abmetodi naturali: Ogino Knaus [s\u00ec, sempre lui, alla faccia dell\u2019aggiornamento professionale], temperatura basale, Billings, sinto-termico\u00bb, e poco sotto: \u00abtasso di errore alto, sono da spiegare, non da consigliare\u00bb.<\/p>\n\n\n\n<p>La medesima formatrice potrebbe allora persino suggerire che sia meglio \u00abconsigliare il diaframma [che le ostetriche possono prescrivere] o, ancora di pi\u00f9, il preservativo\u00bb, senza valutare che, tra l\u2019altro, usare il diaframma implica che le ragazze abbiano una bella dose di conoscenza del proprio corpo e che abbiano programmato di avere un rapporto sessuale di l\u00ec a qualche ora. In realt\u00e0 non \u00e8 tanto differente dall\u2019insegnare a comprendere cosa indicano diverse tipologie di muco vaginale, ma questo forse \u00e8 pi\u00f9 difficile giacch\u00e9 le ostetriche nulla sanno dei metodi naturali. Invento? No: sono le ostetriche stesse che me lo scrivono.<\/p>\n\n\n\n<h3 class=\"wp-block-heading\" id=\"h-educazione-sessuale-nella-scuola\"><strong>Educazione sessuale nella scuola<\/strong><\/h3>\n\n\n\n<p>Ma veniamo a noi: cosa insegnare nei gruppi di \u201ceducazione sessuale\u201d nelle scuole elementari?&nbsp; Cosa se non il concetto di verginit\u00e0 (un tab\u00f9 di religioni vecchie, che bloccano la libert\u00e0), quali siano gli orientamenti sessuali (con i bambini \u00e8 facile perch\u00e9 non hanno tab\u00f9), la scoperta del corpo e del piacere (dando risalto alla masturbazione, che va benissimo sempre), la contraccezione, le malattie sessualmente trasmesse e la pedofilia?<\/p>\n\n\n\n<p>A obiezione la docente delle ostetriche risponde che \u00e8 necessario \u00absvegliare\u00bb i genitori, giacch\u00e9, in corsi da lei gi\u00e0 effettuati in certe scuole (alcune ostetriche organizzano incontri assieme a gruppi \u00abdi tutela dei trans\u00bb), i bambini chiedono come si faccia a cambiare sesso, a che et\u00e0 si perde la verginit\u00e0 e come si infila un preservativo (non a caso i ragazzini debbono portare a scuola una banana).<\/p>\n\n\n\n<p>Le ostetriche avrebbero quindi il compito di destare i bambini dal torpore indotto da un\u2019educazione familiare piena di tab\u00f9 sessuali.<\/p>\n\n\n\n<p>La conferma viene dagli argomenti che l\u2019ostetrica deve presentare alle scuole medie e superiori: \u00abaffettivit\u00e0, amicizia e rapporto sessuale\u00bb, \u00abomosessualit\u00e0\u00bb e \u00abla legge 194\u00bb per affermare il \u201cdiritto\u201d di giocare tranquillamente con i genitali, tanto poi c\u2019\u00e8 la soluzione veloce: tra una pillola anticoncezionale e una RU486, cosa cambia, in fondo?<\/p>\n\n\n\n<p>E infatti, come se la <em>pi\u00e8ce<\/em> teatrale di tale <em>lectio magistralis<\/em> fosse gi\u00e0 stata recitata molte volte, l\u2019ostetrica formatrice sottolinea che alcuni genitori non vogliono che si portino in classe gli anticoncezionali\u2026<\/p>\n\n\n\n<h3 class=\"wp-block-heading\" id=\"h-le-risposte-dell-oms\"><strong>Le risposte dell\u2019OMS\u2026<\/strong><\/h3>\n\n\n\n<p>I genitori \u00abvi faranno sentire come se aveste un mitra puntato contro, ma le linee guida per l\u2019educazione sessuale dell\u2019Organizzazione mondiale della sanit\u00e0 sono dalla vostra parte. E i genitori debbono tacere. In fondo i bambini sono pi\u00f9 intelligenti dei genitori: infatti alle medie, se si chiede cosa si pu\u00f2 fare se si buca un preservativo, i ragazzi lo sanno e risponderanno \u201cAbortire!\u201d, anche se poi (poveri) sono costretti ad andare alla Messa la domenica\u00bb. Non sindaco le argomentazioni dell\u2019OMS: lo fa gi\u00e0 in modo eccellente <em><a href=\"https:\/\/amazon.it\/Nati-essere-liberi-Famiglia-scuola\/dp\/883154649X\" target=\"_blank\">Nati per essere liberi<\/a> <\/em>di Tonino Cantelmi ed Emiliano Lambiase.<\/p>\n\n\n\n<h3 class=\"wp-block-heading\" id=\"h-e-le-mie\"><strong>\u2026 e le mie<\/strong><\/h3>\n\n\n\n<p>La mia enorme perplessit\u00e0 \u00e8 tutta su un punto, che riguarda l\u2019<em>empowerment<\/em>. Come vengono considerate le madri come la sottoscritta, che rifiutano che un esperto parli ai loro figli di sessualit\u00e0? Sono reputate delle idiote, delle immonde, irragionevoli imbecilli che vanno astutamente bypassate, perch\u00e9 non sono degne di crescere i propri figli, che invece debbono ricevere <em>empowerment<\/em> da operatori coscienziosi e senza tab\u00f9.<\/p>\n\n\n\n<p>Mi sovviene purtroppo il racconto di una madre, privata della figlia dal padre, complici i servizi sociali, circa il motivo addotto dallo Stato per privarla della sua bambina: una donna troppo attaccata, quasi simbiotica, pressoch\u00e9 morbosa, nella relazione con la figlia.<\/p>\n\n\n\n<p>Io sono una madre che \u00e8 stata ore ed ore a parlare alle figlie di verginit\u00e0, bellezza della sessualit\u00e0 sponsale, custodia del privilegio della vita, metodi naturali per la conoscenza della fertilit\u00e0, responsabilit\u00e0 personale, e senza nemmeno risparmiare loro la bruttezza dell\u2019aborto e della mentalit\u00e0 eugenetica nascosta sotto la patina della medicina delle indagini prenatali. Forse l\u2019ostetrica di questo racconto, docente universitaria, farebbe togliere le figlie anche a me, se potesse.<\/p>\n\n\n\n<p>Ma sono ostetrica anche io, e quella non \u00e8 educazione sessuale: \u00e8 mera colonizzazione ideologica.<\/p>\n\n\n\n<hr class=\"wp-block-separator\" \/>\n\n\n\n<p><\/p>\n","protected":false},"excerpt":{"rendered":"<p>Quando l\u2019ostetrica \u00e8 in missione per conto della colonizzazione ideologica<\/p>\n","protected":false},"author":558,"featured_media":55487,"comment_status":"open","ping_status":"open","sticky":false,"template":"","format":"standard","meta":{"give_campaign_id":0,"om_disable_all_campaigns":false,"_monsterinsights_skip_tracking":false,"_monsterinsights_sitenote_active":false,"_monsterinsights_sitenote_note":"","_monsterinsights_sitenote_category":0,"mc4wp_mailchimp_campaign":[],"jnews-multi-image_gallery":[],"jnews_single_post":{"subtitle":"Quando l\u2019ostetrica \u00e8 in missione per conto della colonizzazione ideologica","format":"standard","video":"","gallery":"","source_name":"","source_url":"","via_name":"","via_url":"","override":[{"single_blog_custom":"","sidebar":"","second_sidebar":"","share_position":"","share_float_style":"","post_date_format":"","post_date_format_custom":"","post_reading_time_wpm":"","zoom_button_out_step":"1","zoom_button_in_step":"1","number_popup_post":"1"}],"image_override":[{"single_post_thumbnail_size":"","single_post_gallery_size":""}],"trending_post_position":"","trending_post_label":"","sponsored_post_label":"","sponsored_post_name":"","sponsored_post_url":"","sponsored_post_logo":"","sponsored_post_desc":""},"jnews_primary_category":{"id":""},"jnews_social_meta":{"fb_title":"","fb_description":"","fb_image":"","twitter_title":"","twitter_description":"","twitter_image":""},"jnews_override_counter":{"view_counter_number":"0","share_counter_number":"0","like_counter_number":"0","dislike_counter_number":"0"},"footnotes":""},"categories":[951,817],"tags":[698,7993],"class_list":["post-55471","post","type-post","status-publish","format-standard","has-post-thumbnail","hentry","category-foreground-it","category-vita","tag-aborto","tag-vetrina"],"yoast_head":"<!-- This site is optimized with the Yoast SEO Premium plugin v25.9 (Yoast SEO v27.3) - https:\/\/yoast.com\/product\/yoast-seo-premium-wordpress\/ -->\n<title>Le quinte colonne contro la vita - &quot;iFamNews&quot;<\/title>\n<meta name=\"description\" content=\"Quando l\u2019ostetrica \u00e8 in missione per conto della colonizzazione ideologica: no ai metodi naturali, s\u00ec a contraccettivi, gender, aborto\" \/>\n<meta name=\"robots\" content=\"index, follow, max-snippet:-1, max-image-preview:large, max-video-preview:-1\" \/>\n<link rel=\"canonical\" href=\"https:\/\/ifamnews.com\/it\/le-quinte-colonne-contro-la-vita\" \/>\n<meta property=\"og:locale\" content=\"it_IT\" \/>\n<meta property=\"og:type\" content=\"article\" \/>\n<meta property=\"og:title\" content=\"Le quinte colonne contro la vita\" \/>\n<meta property=\"og:description\" content=\"Quando l\u2019ostetrica \u00e8 in missione per conto della colonizzazione ideologica: no ai metodi naturali, s\u00ec a contraccettivi, gender, aborto\" \/>\n<meta property=\"og:url\" content=\"https:\/\/ifamnews.com\/it\/le-quinte-colonne-contro-la-vita\" \/>\n<meta property=\"og:site_name\" content=\"IFN\" \/>\n<meta property=\"article:publisher\" content=\"https:\/\/www.facebook.com\/iFamNews\" \/>\n<meta property=\"article:published_time\" content=\"2021-02-20T05:00:00+00:00\" \/>\n<meta property=\"article:modified_time\" content=\"2021-02-21T07:11:04+00:00\" \/>\n<meta property=\"og:image\" content=\"https:\/\/ifamnews.com\/wp-content\/uploads\/2021\/02\/pregnant-woman-icon-4468404_1280-1.png\" \/>\n\t<meta property=\"og:image:width\" content=\"1200\" \/>\n\t<meta property=\"og:image:height\" content=\"675\" \/>\n\t<meta property=\"og:image:type\" content=\"image\/png\" \/>\n<meta name=\"author\" content=\"Rachele Sagramoso\" \/>\n<meta name=\"twitter:card\" content=\"summary_large_image\" \/>\n<meta name=\"twitter:creator\" content=\"@iFamNewsEN\" \/>\n<meta name=\"twitter:site\" content=\"@iFamNewsEN\" \/>\n<meta name=\"twitter:label1\" content=\"Scritto da\" \/>\n\t<meta name=\"twitter:data1\" content=\"Rachele Sagramoso\" \/>\n\t<meta name=\"twitter:label2\" content=\"Tempo di lettura stimato\" \/>\n\t<meta name=\"twitter:data2\" content=\"6 minuti\" \/>\n<!-- \/ Yoast SEO Premium plugin. -->","yoast_head_json":{"title":"Le quinte colonne contro la vita - \"iFamNews\"","description":"Quando l\u2019ostetrica \u00e8 in missione per conto della colonizzazione ideologica: no ai metodi naturali, s\u00ec a contraccettivi, gender, aborto","robots":{"index":"index","follow":"follow","max-snippet":"max-snippet:-1","max-image-preview":"max-image-preview:large","max-video-preview":"max-video-preview:-1"},"canonical":"https:\/\/ifamnews.com\/it\/le-quinte-colonne-contro-la-vita","og_locale":"it_IT","og_type":"article","og_title":"Le quinte colonne contro la vita","og_description":"Quando l\u2019ostetrica \u00e8 in missione per conto della colonizzazione ideologica: no ai metodi naturali, s\u00ec a contraccettivi, gender, aborto","og_url":"https:\/\/ifamnews.com\/it\/le-quinte-colonne-contro-la-vita","og_site_name":"IFN","article_publisher":"https:\/\/www.facebook.com\/iFamNews","article_published_time":"2021-02-20T05:00:00+00:00","article_modified_time":"2021-02-21T07:11:04+00:00","og_image":[{"width":1200,"height":675,"url":"https:\/\/ifamnews.com\/wp-content\/uploads\/2021\/02\/pregnant-woman-icon-4468404_1280-1.png","type":"image\/png"}],"author":"Rachele Sagramoso","twitter_card":"summary_large_image","twitter_creator":"@iFamNewsEN","twitter_site":"@iFamNewsEN","twitter_misc":{"Scritto da":"Rachele Sagramoso","Tempo di lettura stimato":"6 minuti"},"schema":{"@context":"https:\/\/schema.org","@graph":[{"@type":"NewsArticle","@id":"https:\/\/ifamnews.com\/it\/le-quinte-colonne-contro-la-vita#article","isPartOf":{"@id":"https:\/\/ifamnews.com\/it\/le-quinte-colonne-contro-la-vita"},"author":{"name":"Rachele Sagramoso","@id":"https:\/\/ifamnews.com\/en\/#\/schema\/person\/5501365943e7cd150917c663a0556b95"},"headline":"Le quinte colonne contro la vita","datePublished":"2021-02-20T05:00:00+00:00","dateModified":"2021-02-21T07:11:04+00:00","mainEntityOfPage":{"@id":"https:\/\/ifamnews.com\/it\/le-quinte-colonne-contro-la-vita"},"wordCount":1124,"commentCount":0,"publisher":{"@id":"https:\/\/ifamnews.com\/en\/#organization"},"image":{"@id":"https:\/\/ifamnews.com\/it\/le-quinte-colonne-contro-la-vita#primaryimage"},"thumbnailUrl":"https:\/\/ifamnews.com\/wp-content\/uploads\/2021\/02\/pregnant-woman-icon-4468404_1280-1.png","keywords":["Aborto","Vetrina"],"articleSection":["In evidenza","Vita"],"inLanguage":"it-IT","potentialAction":[{"@type":"CommentAction","name":"Comment","target":["https:\/\/ifamnews.com\/it\/le-quinte-colonne-contro-la-vita#respond"]}]},{"@type":"WebPage","@id":"https:\/\/ifamnews.com\/it\/le-quinte-colonne-contro-la-vita","url":"https:\/\/ifamnews.com\/it\/le-quinte-colonne-contro-la-vita","name":"Le quinte colonne contro la vita - \"iFamNews\"","isPartOf":{"@id":"https:\/\/ifamnews.com\/en\/#website"},"primaryImageOfPage":{"@id":"https:\/\/ifamnews.com\/it\/le-quinte-colonne-contro-la-vita#primaryimage"},"image":{"@id":"https:\/\/ifamnews.com\/it\/le-quinte-colonne-contro-la-vita#primaryimage"},"thumbnailUrl":"https:\/\/ifamnews.com\/wp-content\/uploads\/2021\/02\/pregnant-woman-icon-4468404_1280-1.png","datePublished":"2021-02-20T05:00:00+00:00","dateModified":"2021-02-21T07:11:04+00:00","description":"Quando l\u2019ostetrica \u00e8 in missione per conto della colonizzazione ideologica: no ai metodi naturali, s\u00ec a contraccettivi, gender, aborto","breadcrumb":{"@id":"https:\/\/ifamnews.com\/it\/le-quinte-colonne-contro-la-vita#breadcrumb"},"inLanguage":"it-IT","potentialAction":[{"@type":"ReadAction","target":["https:\/\/ifamnews.com\/it\/le-quinte-colonne-contro-la-vita"]}]},{"@type":"ImageObject","inLanguage":"it-IT","@id":"https:\/\/ifamnews.com\/it\/le-quinte-colonne-contro-la-vita#primaryimage","url":"https:\/\/ifamnews.com\/wp-content\/uploads\/2021\/02\/pregnant-woman-icon-4468404_1280-1.png","contentUrl":"https:\/\/ifamnews.com\/wp-content\/uploads\/2021\/02\/pregnant-woman-icon-4468404_1280-1.png","width":1200,"height":675,"caption":"Image by AnnaliseArt from Pixabay"},{"@type":"BreadcrumbList","@id":"https:\/\/ifamnews.com\/it\/le-quinte-colonne-contro-la-vita#breadcrumb","itemListElement":[{"@type":"ListItem","position":1,"name":"Home","item":"https:\/\/ifamnews.com\/de"},{"@type":"ListItem","position":2,"name":"Life","item":"https:\/\/ifamnews.com\/en\/category\/life"},{"@type":"ListItem","position":3,"name":"Le quinte colonne contro la vita"}]},{"@type":"WebSite","@id":"https:\/\/ifamnews.com\/en\/#website","url":"https:\/\/ifamnews.com\/en\/","name":"IFN","description":"International Family News Network","publisher":{"@id":"https:\/\/ifamnews.com\/en\/#organization"},"potentialAction":[{"@type":"SearchAction","target":{"@type":"EntryPoint","urlTemplate":"https:\/\/ifamnews.com\/en\/?s={search_term_string}"},"query-input":{"@type":"PropertyValueSpecification","valueRequired":true,"valueName":"search_term_string"}}],"inLanguage":"it-IT"},{"@type":"Organization","@id":"https:\/\/ifamnews.com\/en\/#organization","name":"iFamNews","url":"https:\/\/ifamnews.com\/en\/","logo":{"@type":"ImageObject","inLanguage":"it-IT","@id":"https:\/\/ifamnews.com\/en\/#\/schema\/logo\/image\/","url":"https:\/\/ifamnews.com\/wp-content\/uploads\/2020\/01\/Share-logo.png","contentUrl":"https:\/\/ifamnews.com\/wp-content\/uploads\/2020\/01\/Share-logo.png","width":200,"height":200,"caption":"iFamNews"},"image":{"@id":"https:\/\/ifamnews.com\/en\/#\/schema\/logo\/image\/"},"sameAs":["https:\/\/www.facebook.com\/iFamNews","https:\/\/x.com\/iFamNewsEN"]},{"@type":"Person","@id":"https:\/\/ifamnews.com\/en\/#\/schema\/person\/5501365943e7cd150917c663a0556b95","name":"Rachele Sagramoso","image":{"@type":"ImageObject","inLanguage":"it-IT","@id":"https:\/\/secure.gravatar.com\/avatar\/feffeb04015355a9b7d88d1a9e79bb109bb1995d1b23b3218be7e08784f70254?s=96&d=mm&r=g","url":"https:\/\/secure.gravatar.com\/avatar\/feffeb04015355a9b7d88d1a9e79bb109bb1995d1b23b3218be7e08784f70254?s=96&d=mm&r=g","contentUrl":"https:\/\/secure.gravatar.com\/avatar\/feffeb04015355a9b7d88d1a9e79bb109bb1995d1b23b3218be7e08784f70254?s=96&d=mm&r=g","caption":"Rachele Sagramoso"},"description":"Kindergarten educator, graduated in Obstetrics when she was pregnant with her third daughter, freelancer, focuses on women's health from the womb onward. An advocate for the physiology of pregnancy, mother-child attachment, and fertility, she promotes women's empowerment starting with respect for the life of the embryo. She constantly delves into every topic concerning femininity and trains expectant mothers by volunteering in parishes. A mother of a large family, she is active in the field of parent-child relationships and affective and sexual education. She writes in La Croce Quotidiano and on two blogs: La Vera Maternit\u00e0, which deals with \"obstetrical\" issues, and Sei di tutto, where she recounts the events of her family.","url":"https:\/\/ifamnews.com\/it\/author\/rachele-sagramoso"}]}},"amp_enabled":true,"_links":{"self":[{"href":"https:\/\/ifamnews.com\/it\/wp-json\/wp\/v2\/posts\/55471","targetHints":{"allow":["GET"]}}],"collection":[{"href":"https:\/\/ifamnews.com\/it\/wp-json\/wp\/v2\/posts"}],"about":[{"href":"https:\/\/ifamnews.com\/it\/wp-json\/wp\/v2\/types\/post"}],"author":[{"embeddable":true,"href":"https:\/\/ifamnews.com\/it\/wp-json\/wp\/v2\/users\/558"}],"replies":[{"embeddable":true,"href":"https:\/\/ifamnews.com\/it\/wp-json\/wp\/v2\/comments?post=55471"}],"version-history":[{"count":3,"href":"https:\/\/ifamnews.com\/it\/wp-json\/wp\/v2\/posts\/55471\/revisions"}],"predecessor-version":[{"id":55485,"href":"https:\/\/ifamnews.com\/it\/wp-json\/wp\/v2\/posts\/55471\/revisions\/55485"}],"wp:featuredmedia":[{"embeddable":true,"href":"https:\/\/ifamnews.com\/it\/wp-json\/wp\/v2\/media\/55487"}],"wp:attachment":[{"href":"https:\/\/ifamnews.com\/it\/wp-json\/wp\/v2\/media?parent=55471"}],"wp:term":[{"taxonomy":"category","embeddable":true,"href":"https:\/\/ifamnews.com\/it\/wp-json\/wp\/v2\/categories?post=55471"},{"taxonomy":"post_tag","embeddable":true,"href":"https:\/\/ifamnews.com\/it\/wp-json\/wp\/v2\/tags?post=55471"}],"curies":[{"name":"wp","href":"https:\/\/api.w.org\/{rel}","templated":true}]}}