{"id":50174,"date":"2021-01-29T00:00:00","date_gmt":"2021-01-29T05:00:00","guid":{"rendered":"https:\/\/ifamnews.com\/?p=50174"},"modified":"2021-02-04T09:01:11","modified_gmt":"2021-02-04T14:01:11","slug":"alle-18-00-tutti-a-washington","status":"publish","type":"post","link":"https:\/\/ifamnews.com\/it\/alle-18-00-tutti-a-washington","title":{"rendered":"Alle 18:00 tutti a Washington"},"content":{"rendered":"<p class=\"last-updated\">Last updated on Febbraio 4th, 2021 at 09:01 am<\/p>\n<p>Oggi a Washington, la capitale federale degli Stati Uniti d\u2019America, si svolge, come ogni anno, dal 1974, la <a href=\"https:\/\/marchforlife.org\/\" target=\"_blank\" rel=\"noopener\">March for Life<\/a> per ricordare l\u2019infame sentenza con cui, il 22 gennaio 1973, la Corte Suprema federale, al termine del caso <em>Roe v. Wade<\/em>, costruito su una menzogna colossale, legalizz\u00f2 l\u2019aborto in tutto il Paese.<\/p>\n\n\n\n<p>Per la prima volta si svolger\u00e0 anch\u2019essa, come molto al tempo del CoViD-19, in forma virtuale. Ma non sar\u00e0 meno importante. Come dico oggi a <a href=\"https:\/\/vaticannews.va\/it\/papa\/news\/2021-01\/papa-francesco-vita-stati-uniti-marcia.html\" target=\"_blank\" rel=\"noreferrer noopener\">Radio Vaticana<\/a>, il contesto in cui si svolge la Marcia di quest\u2019anno \u00e8 tesissimo. Il Paese nordamericano \u00e8 reduce da un confronto elettorale ad alta tensione, prolungatosi pi\u00f9 del consueto e al cui centro vi erano anche i temi imprescindibili della vita e della famiglia.<\/p>\n\n\n\n<figure class=\"wp-block-embed aligncenter is-type-video is-provider-youtube wp-block-embed-youtube wp-embed-aspect-16-9 wp-has-aspect-ratio\"><div class=\"wp-block-embed__wrapper\">\n<div class=\"jeg_video_container jeg_video_content\"><iframe loading=\"lazy\" title=\"March for Life 2021 | Together Strong: Life Unites!\" width=\"500\" height=\"281\" src=\"https:\/\/www.youtube.com\/embed\/52-V8unL7X0?feature=oembed\" frameborder=\"0\" allow=\"accelerometer; autoplay; clipboard-write; encrypted-media; gyroscope; picture-in-picture; web-share\" referrerpolicy=\"strict-origin-when-cross-origin\" allowfullscreen><\/iframe><\/div>\n<\/div><\/figure>\n\n\n\n<p>Il nuovo presidente Joe Biden, <a href=\"https:\/\/ifamnews.com\/it\/i-cattolici-possono-giudicare-biden-\/\" target=\"_blank\" rel=\"noopener\">cattolico senza averne l\u2019aria<\/a>, si \u00e8 gi\u00e0 lanciato in una serie di decreti che incidono proprio, in negativo, su vita e famiglia nella foga di ribaltare quanto pi\u00f9 e quanto pi\u00f9 in fretta possibile <a href=\"https:\/\/ifamnews.com\/it\/grazie-presidente-trump\/\" target=\"_blank\" rel=\"noopener\">il bene fatto dal predecessore<\/a>. Colpisce, tra questi, <a href=\"https:\/\/ifamnews.com\/it\/stati-uniti-dall-aborto\/\" target=\"_blank\" rel=\"noopener\">la volont\u00e0 di codificare in legge la suddetta sentenza <em>Roe v. Wade<\/em><\/a>, volont\u00e0 resa nota il 22 gennaio proprio nell\u2019anniversario di quella stessa pessima decisione presa inopinatamente e ben oltre il proprio mandato dal massimo tribunale del Paese, che per questo Donald J. Trump aveva decretato fosse la Giornata della sacralit\u00e0 della vita. A chiamarla cattiveria forse si fa peccato per\u00f2 ci si azzecca.<\/p>\n\n\n\n<figure class=\"wp-block-embed aligncenter is-type-video is-provider-youtube wp-block-embed-youtube wp-embed-aspect-16-9 wp-has-aspect-ratio\"><div class=\"wp-block-embed__wrapper\">\n<div class=\"jeg_video_container jeg_video_content\"><iframe loading=\"lazy\" title=\"March for Life 2021 Promo\" width=\"500\" height=\"281\" src=\"https:\/\/www.youtube.com\/embed\/8-dHVFN5Vu0?feature=oembed\" frameborder=\"0\" allow=\"accelerometer; autoplay; clipboard-write; encrypted-media; gyroscope; picture-in-picture; web-share\" referrerpolicy=\"strict-origin-when-cross-origin\" allowfullscreen><\/iframe><\/div>\n<\/div><\/figure>\n\n\n\n<p>Non contento, ieri, 28 gennaio, vigilia della Marcia di oggi, Biden ha annunciato <a href=\"https:\/\/whitehouse.gov\/briefing-room\/statements-releases\/2021\/01\/28\/fact-sheet-president-biden-to-sign-executive-orders-strengthening-americans-access-to-quality-affordable-health-care\/\" target=\"_blank\" rel=\"noopener\">l\u2019implementazione di misure <em>gender<\/em> e l\u2019abolizione della cosiddetta \u00abMexico City Policy\u00bb<\/a>, quella misura voluta a suo tempo dal presidente Ronald Reagan (1911-2004), ribadita puntualmente da ogni presidente Repubblicano e smentita immancabilmente da ogni presidente Democratico, che impedisce agli Stati Unti di finanziare l\u2019aborto all\u2019estero con il denaro dei contribuenti americani, <a href=\"https:\/\/ifamnews.com\/it\/biden-terrorizza-l-africa\/\" target=\"_blank\" rel=\"noopener\">gi\u00e0 allarmando i vescovi cattolici africani<\/a>. Cio\u00e8 non solo Biden, come appunto ogni presidente americano Democratico, vuole cancellare quella norma, ma addirittura annuncia ancora una volta di voler fare. Alla vigilia della Marcia, per godere del proscenio mediatico del giorno prima e nel giorno stesso della Marcia. Rischio sempre di fare peccato, ma come si fa a non chiamarla cattiveria?<\/p>\n\n\n\n<p>Insomma, il peggio \u00e8 gi\u00e0 arrivato, anche se al peggio non c\u2019\u00e8, apparentemente, limite.<\/p>\n\n\n\n<p>Ora, la Marcia per la vita di Washington \u00e8 la madre di tutte le marce per la vita. Da sempre. L\u2019anno scorso l\u2019esecrato (non da noi) <a href=\"https:\/\/ifamnews.com\/it\/trump-parla-alla-marcia-per-la-vita-la-diretta\/\" target=\"_blank\" rel=\"noopener\">Trump alla Marcia and\u00f2 fisicamente<\/a> e disse <a href=\"https:\/\/ifamnews.com\/it\/il-discorso-di-trump-alla-marcia-per-la-vita\/\" target=\"_blank\" rel=\"noopener\">cose importanti<\/a> facendo quello che <a href=\"https:\/\/ifamnews.com\/it\/trump-alla-marcia-per-la-vita-per-cambiare-la-storia\/\" target=\"_blank\" rel=\"noopener\">nessun presidente americano aveva sino ad allora fatto<\/a>. Anche Biden si appresta a fare quel che nessun presidente americano ha mai fatto, nel male. Terzo peccato? Terzo fatto.<\/p>\n\n\n\n<p>Ebbene, la Marcia di Washington \u00e8 da sempre anzitutto e soprattutto la festa della vita e una gioia per gli occhi. Va vissuta, e quest\u2019anno lo possono fare tutti.<\/p>\n\n\n\n<p>Chiunque pu\u00f2 collegarsi su You Tube, in diretta, a partire dalle 12:00 di Washington, ovvero le 18:00 in Italia. Basta cliccare qui sotto. Ci sarete? Noi s\u00ec.<\/p>\n\n\n\n<figure class=\"wp-block-embed aligncenter is-type-video is-provider-youtube wp-block-embed-youtube wp-embed-aspect-16-9 wp-has-aspect-ratio\"><div class=\"wp-block-embed__wrapper\">\n<div class=\"jeg_video_container jeg_video_content\"><iframe loading=\"lazy\" title=\"2021 March for Life | #whywemarch\" width=\"500\" height=\"281\" src=\"https:\/\/www.youtube.com\/embed\/8vFbgzQoj2Q?feature=oembed\" frameborder=\"0\" allow=\"accelerometer; autoplay; clipboard-write; encrypted-media; gyroscope; picture-in-picture; web-share\" referrerpolicy=\"strict-origin-when-cross-origin\" allowfullscreen><\/iframe><\/div>\n<\/div><\/figure>\n\n\n\n<p><\/p>\n","protected":false},"excerpt":{"rendered":"<p>Qui il link per la madre di tutte le marce per la vita, mentre Biden sfascia il Paese<\/p>\n","protected":false},"author":7,"featured_media":50180,"comment_status":"open","ping_status":"open","sticky":false,"template":"","format":"standard","meta":{"give_campaign_id":0,"om_disable_all_campaigns":false,"_monsterinsights_skip_tracking":false,"_monsterinsights_sitenote_active":false,"_monsterinsights_sitenote_note":"","_monsterinsights_sitenote_category":0,"mc4wp_mailchimp_campaign":[],"jnews-multi-image_gallery":[],"jnews_single_post":{"subtitle":"Qui il link per la madre di tutte le marce per la vita, mentre Biden sfascia il Paese","format":"standard","video":"","gallery":"","source_name":"","source_url":"","via_name":"","via_url":"","override":[{"single_blog_custom":"","sidebar":"","second_sidebar":"","share_position":"","share_float_style":"","post_date_format":"","post_date_format_custom":"","post_reading_time_wpm":"","zoom_button_out_step":"1","zoom_button_in_step":"1","number_popup_post":"1"}],"image_override":[{"single_post_thumbnail_size":"","single_post_gallery_size":""}],"trending_post_position":"","trending_post_label":"","sponsored_post_label":"","sponsored_post_name":"","sponsored_post_url":"","sponsored_post_logo":"","sponsored_post_desc":""},"jnews_primary_category":{"id":"780"},"jnews_social_meta":{"fb_title":"","fb_description":"","fb_image":"","twitter_title":"","twitter_description":"","twitter_image":""},"jnews_override_counter":{"view_counter_number":"0","share_counter_number":"0","like_counter_number":"0","dislike_counter_number":"0"},"footnotes":""},"categories":[778,780,817],"tags":[698,7993],"class_list":["post-50174","post","type-post","status-publish","format-standard","has-post-thumbnail","hentry","category-editoriali","category-politica-it","category-vita","tag-aborto","tag-vetrina"],"yoast_head":"<!-- This site is optimized with the Yoast SEO Premium plugin v25.9 (Yoast SEO v27.3) - https:\/\/yoast.com\/product\/yoast-seo-premium-wordpress\/ -->\n<title>Alle 18:00 tutti a Washington - &quot;iFamNews&quot;<\/title>\n<meta name=\"description\" content=\"Qui il link per la madre di tutte le marce per la vita, mentre Biden sfascia il Paese varando un decreto dopo l&#039;altro contro vita e famiglia\" \/>\n<meta name=\"robots\" content=\"index, follow, max-snippet:-1, max-image-preview:large, max-video-preview:-1\" \/>\n<link rel=\"canonical\" href=\"https:\/\/ifamnews.com\/it\/alle-18-00-tutti-a-washington\" \/>\n<meta property=\"og:locale\" content=\"it_IT\" \/>\n<meta property=\"og:type\" content=\"article\" \/>\n<meta property=\"og:title\" content=\"Alle 18:00 tutti a Washington\" \/>\n<meta property=\"og:description\" content=\"Qui il link per la madre di tutte le marce per la vita, mentre Biden sfascia il Paese varando un decreto dopo l&#039;altro contro vita e famiglia\" \/>\n<meta property=\"og:url\" content=\"https:\/\/ifamnews.com\/it\/alle-18-00-tutti-a-washington\" \/>\n<meta property=\"og:site_name\" content=\"IFN\" \/>\n<meta property=\"article:publisher\" content=\"https:\/\/www.facebook.com\/iFamNews\" \/>\n<meta property=\"article:author\" content=\"https:\/\/facebook.com\/MarcoRespinti\" \/>\n<meta property=\"article:published_time\" content=\"2021-01-29T05:00:00+00:00\" \/>\n<meta property=\"article:modified_time\" content=\"2021-02-04T14:01:11+00:00\" \/>\n<meta property=\"og:image\" content=\"https:\/\/ifamnews.com\/wp-content\/uploads\/2021\/01\/arc-fro-life-2021.jpg\" \/>\n\t<meta property=\"og:image:width\" content=\"1200\" \/>\n\t<meta property=\"og:image:height\" content=\"675\" \/>\n\t<meta property=\"og:image:type\" content=\"image\/jpeg\" \/>\n<meta name=\"author\" content=\"Marco Respinti\" \/>\n<meta name=\"twitter:card\" content=\"summary_large_image\" \/>\n<meta name=\"twitter:creator\" content=\"@https:\/\/twitter.com\/MarcoRespinti\" \/>\n<meta name=\"twitter:site\" content=\"@iFamNewsEN\" \/>\n<meta name=\"twitter:label1\" content=\"Scritto da\" \/>\n\t<meta name=\"twitter:data1\" content=\"Marco Respinti\" \/>\n\t<meta name=\"twitter:label2\" content=\"Tempo di lettura stimato\" \/>\n\t<meta name=\"twitter:data2\" content=\"3 minuti\" \/>\n<!-- \/ Yoast SEO Premium plugin. -->","yoast_head_json":{"title":"Alle 18:00 tutti a Washington - \"iFamNews\"","description":"Qui il link per la madre di tutte le marce per la vita, mentre Biden sfascia il Paese varando un decreto dopo l'altro contro vita e famiglia","robots":{"index":"index","follow":"follow","max-snippet":"max-snippet:-1","max-image-preview":"max-image-preview:large","max-video-preview":"max-video-preview:-1"},"canonical":"https:\/\/ifamnews.com\/it\/alle-18-00-tutti-a-washington","og_locale":"it_IT","og_type":"article","og_title":"Alle 18:00 tutti a Washington","og_description":"Qui il link per la madre di tutte le marce per la vita, mentre Biden sfascia il Paese varando un decreto dopo l'altro contro vita e famiglia","og_url":"https:\/\/ifamnews.com\/it\/alle-18-00-tutti-a-washington","og_site_name":"IFN","article_publisher":"https:\/\/www.facebook.com\/iFamNews","article_author":"https:\/\/facebook.com\/MarcoRespinti","article_published_time":"2021-01-29T05:00:00+00:00","article_modified_time":"2021-02-04T14:01:11+00:00","og_image":[{"width":1200,"height":675,"url":"https:\/\/ifamnews.com\/wp-content\/uploads\/2021\/01\/arc-fro-life-2021.jpg","type":"image\/jpeg"}],"author":"Marco Respinti","twitter_card":"summary_large_image","twitter_creator":"@https:\/\/twitter.com\/MarcoRespinti","twitter_site":"@iFamNewsEN","twitter_misc":{"Scritto da":"Marco Respinti","Tempo di lettura stimato":"3 minuti"},"schema":{"@context":"https:\/\/schema.org","@graph":[{"@type":"NewsArticle","@id":"https:\/\/ifamnews.com\/it\/alle-18-00-tutti-a-washington#article","isPartOf":{"@id":"https:\/\/ifamnews.com\/it\/alle-18-00-tutti-a-washington"},"author":{"name":"Marco Respinti","@id":"https:\/\/ifamnews.com\/en\/#\/schema\/person\/f0579ab02623e80d44006c1a5d949ea9"},"headline":"Alle 18:00 tutti a Washington","datePublished":"2021-01-29T05:00:00+00:00","dateModified":"2021-02-04T14:01:11+00:00","mainEntityOfPage":{"@id":"https:\/\/ifamnews.com\/it\/alle-18-00-tutti-a-washington"},"wordCount":524,"commentCount":0,"publisher":{"@id":"https:\/\/ifamnews.com\/en\/#organization"},"image":{"@id":"https:\/\/ifamnews.com\/it\/alle-18-00-tutti-a-washington#primaryimage"},"thumbnailUrl":"https:\/\/ifamnews.com\/wp-content\/uploads\/2021\/01\/arc-fro-life-2021.jpg","keywords":["Aborto","Vetrina"],"articleSection":["Editoriali","Politica","Vita"],"inLanguage":"it-IT","potentialAction":[{"@type":"CommentAction","name":"Comment","target":["https:\/\/ifamnews.com\/it\/alle-18-00-tutti-a-washington#respond"]}]},{"@type":"WebPage","@id":"https:\/\/ifamnews.com\/it\/alle-18-00-tutti-a-washington","url":"https:\/\/ifamnews.com\/it\/alle-18-00-tutti-a-washington","name":"Alle 18:00 tutti a Washington - \"iFamNews\"","isPartOf":{"@id":"https:\/\/ifamnews.com\/en\/#website"},"primaryImageOfPage":{"@id":"https:\/\/ifamnews.com\/it\/alle-18-00-tutti-a-washington#primaryimage"},"image":{"@id":"https:\/\/ifamnews.com\/it\/alle-18-00-tutti-a-washington#primaryimage"},"thumbnailUrl":"https:\/\/ifamnews.com\/wp-content\/uploads\/2021\/01\/arc-fro-life-2021.jpg","datePublished":"2021-01-29T05:00:00+00:00","dateModified":"2021-02-04T14:01:11+00:00","description":"Qui il link per la madre di tutte le marce per la vita, mentre Biden sfascia il Paese varando un decreto dopo l'altro contro vita e famiglia","breadcrumb":{"@id":"https:\/\/ifamnews.com\/it\/alle-18-00-tutti-a-washington#breadcrumb"},"inLanguage":"it-IT","potentialAction":[{"@type":"ReadAction","target":["https:\/\/ifamnews.com\/it\/alle-18-00-tutti-a-washington"]}]},{"@type":"ImageObject","inLanguage":"it-IT","@id":"https:\/\/ifamnews.com\/it\/alle-18-00-tutti-a-washington#primaryimage","url":"https:\/\/ifamnews.com\/wp-content\/uploads\/2021\/01\/arc-fro-life-2021.jpg","contentUrl":"https:\/\/ifamnews.com\/wp-content\/uploads\/2021\/01\/arc-fro-life-2021.jpg","width":1200,"height":675,"caption":"March for Life 2021"},{"@type":"BreadcrumbList","@id":"https:\/\/ifamnews.com\/it\/alle-18-00-tutti-a-washington#breadcrumb","itemListElement":[{"@type":"ListItem","position":1,"name":"Home","item":"https:\/\/ifamnews.com\/de"},{"@type":"ListItem","position":2,"name":"Politics","item":"https:\/\/ifamnews.com\/en\/category\/politics"},{"@type":"ListItem","position":3,"name":"Alle 18:00 tutti a Washington"}]},{"@type":"WebSite","@id":"https:\/\/ifamnews.com\/en\/#website","url":"https:\/\/ifamnews.com\/en\/","name":"IFN","description":"International Family News Network","publisher":{"@id":"https:\/\/ifamnews.com\/en\/#organization"},"potentialAction":[{"@type":"SearchAction","target":{"@type":"EntryPoint","urlTemplate":"https:\/\/ifamnews.com\/en\/?s={search_term_string}"},"query-input":{"@type":"PropertyValueSpecification","valueRequired":true,"valueName":"search_term_string"}}],"inLanguage":"it-IT"},{"@type":"Organization","@id":"https:\/\/ifamnews.com\/en\/#organization","name":"iFamNews","url":"https:\/\/ifamnews.com\/en\/","logo":{"@type":"ImageObject","inLanguage":"it-IT","@id":"https:\/\/ifamnews.com\/en\/#\/schema\/logo\/image\/","url":"https:\/\/ifamnews.com\/wp-content\/uploads\/2020\/01\/Share-logo.png","contentUrl":"https:\/\/ifamnews.com\/wp-content\/uploads\/2020\/01\/Share-logo.png","width":200,"height":200,"caption":"iFamNews"},"image":{"@id":"https:\/\/ifamnews.com\/en\/#\/schema\/logo\/image\/"},"sameAs":["https:\/\/www.facebook.com\/iFamNews","https:\/\/x.com\/iFamNewsEN"]},{"@type":"Person","@id":"https:\/\/ifamnews.com\/en\/#\/schema\/person\/f0579ab02623e80d44006c1a5d949ea9","name":"Marco Respinti","image":{"@type":"ImageObject","inLanguage":"it-IT","@id":"https:\/\/secure.gravatar.com\/avatar\/4ab04a5127131015e13010f222e38621144dc33a5df5d977b35ceeab15ee958f?s=96&d=mm&r=g","url":"https:\/\/secure.gravatar.com\/avatar\/4ab04a5127131015e13010f222e38621144dc33a5df5d977b35ceeab15ee958f?s=96&d=mm&r=g","contentUrl":"https:\/\/secure.gravatar.com\/avatar\/4ab04a5127131015e13010f222e38621144dc33a5df5d977b35ceeab15ee958f?s=96&d=mm&r=g","caption":"Marco Respinti"},"description":"Marco Respinti was the Editor-in-Chief of International Family News until the end of 2022. He is an Italian professional journalist, member of the International Federation of Journalists (IFJ), essayist, translator, and lecturer. He has contributed and contributes to several journals and magazines both in print and online, both in Italy and abroad. Author of books, he has translated and\/or edited works by, among others, Edmund Burke, Charles Dickens, T.S. Eliot, Russell Kirk, J.R.R. Tolkien, R\u00e9gine Pernoud and Gustave Thibon. A Senior fellow at the\u00a0Russell Kirk Center for Cultural Renewal (Mecosta, Michigan) he is also a founding member as well as Board member of the Center for European Renewal (The Hague, The Netherlands). A member of the Editorial Board of The European Conservative magazine, as well as a member of the Advisory Council of the European Federation for Freedom of Belief, he serves as Director-in-Charge of the academic publication The Journal of CESNUR and the online Bitter Winter: A Magazine on Religious Liberty and Human Rights.","sameAs":["https:\/\/facebook.com\/MarcoRespinti","https:\/\/it.linkedin.com\/in\/marcorespinti","https:\/\/pinterest.it\/MarcoRespinti\/_created\/","https:\/\/x.com\/https:\/\/twitter.com\/MarcoRespinti","https:\/\/youtube.com\/channel\/UC1FbsvyQNTQ-snpsmRC12Og?view_as=subscriber"],"url":"https:\/\/ifamnews.com\/it\/author\/mrespinti"}]}},"amp_enabled":true,"_links":{"self":[{"href":"https:\/\/ifamnews.com\/it\/wp-json\/wp\/v2\/posts\/50174","targetHints":{"allow":["GET"]}}],"collection":[{"href":"https:\/\/ifamnews.com\/it\/wp-json\/wp\/v2\/posts"}],"about":[{"href":"https:\/\/ifamnews.com\/it\/wp-json\/wp\/v2\/types\/post"}],"author":[{"embeddable":true,"href":"https:\/\/ifamnews.com\/it\/wp-json\/wp\/v2\/users\/7"}],"replies":[{"embeddable":true,"href":"https:\/\/ifamnews.com\/it\/wp-json\/wp\/v2\/comments?post=50174"}],"version-history":[{"count":5,"href":"https:\/\/ifamnews.com\/it\/wp-json\/wp\/v2\/posts\/50174\/revisions"}],"predecessor-version":[{"id":50367,"href":"https:\/\/ifamnews.com\/it\/wp-json\/wp\/v2\/posts\/50174\/revisions\/50367"}],"wp:featuredmedia":[{"embeddable":true,"href":"https:\/\/ifamnews.com\/it\/wp-json\/wp\/v2\/media\/50180"}],"wp:attachment":[{"href":"https:\/\/ifamnews.com\/it\/wp-json\/wp\/v2\/media?parent=50174"}],"wp:term":[{"taxonomy":"category","embeddable":true,"href":"https:\/\/ifamnews.com\/it\/wp-json\/wp\/v2\/categories?post=50174"},{"taxonomy":"post_tag","embeddable":true,"href":"https:\/\/ifamnews.com\/it\/wp-json\/wp\/v2\/tags?post=50174"}],"curies":[{"name":"wp","href":"https:\/\/api.w.org\/{rel}","templated":true}]}}