{"id":50154,"date":"2021-01-29T00:00:00","date_gmt":"2021-01-29T05:00:00","guid":{"rendered":"https:\/\/ifamnews.com\/?p=50154"},"modified":"2021-02-04T09:01:11","modified_gmt":"2021-02-04T14:01:11","slug":"l-assedio-degli-abortisti-torna-a-minacciare-la-polonia","status":"publish","type":"post","link":"https:\/\/ifamnews.com\/it\/l-assedio-degli-abortisti-torna-a-minacciare-la-polonia","title":{"rendered":"Gli abortisti tornano a minacciare la Polonia"},"content":{"rendered":"<p class=\"last-updated\">Last updated on Febbraio 4th, 2021 at 09:01 am<\/p>\n<p>Ci risiamo. La Polonia \u00e8 di nuovo in stato di allerta. <a href=\"https:\/\/dziennikustaw.gov.pl\/D2021000017501.pdf\" target=\"_blank\" rel=\"noopener\">La pubblicazione sulla<em> Gazzetta ufficiale<\/em><\/a> della sentenza della Corte costituzionale che vieta l\u2019aborto in alcune specifiche circostanze ha agito come un detonatore. Gi\u00e0 mercoled\u00ec sera, appena la notizia si \u00e8 diffusa, numerosi militanti dell\u2019estrema Sinistra e dei gruppi femministi sono scesi in strada. La mobilitazione, che sta coinvolgendo una quarantina di citt\u00e0, \u00e8 stata definita dalle organizzatrici uno <a href=\"https:\/\/wyborcza.pl\/7,75398,26729765,sila-wkurwionych-nie-bylo-grzecznie-i-grzecznie-nie-bedzie.html\" target=\"_blank\" rel=\"noopener\">\u00absciopero delle donne\u00bb<\/a> contro la decisione dei giudici. La mente torna a fine ottobre, quando <a href=\"https:\/\/ifamnews.com\/it\/-questa-guerra-polonia-sotto-assedio\/\" target=\"_blank\" rel=\"noopener\">schiere di facinorosi sputarono il loro fiele sulle chiese<\/a> a seguito della sentenza della Corte.<\/p>\n\n\n\n<h3 class=\"wp-block-heading\" id=\"h-la-sentenza\"><strong>La sentenza<\/strong><\/h3>\n\n\n\n<p>I disordini dell\u2019autunno sono riusciti a far ritardare la pubblicazione della sentenza, attesa inizialmente il 2 novembre. Non ne hanno per\u00f2 impedito l\u2019entrata in vigore. Ma cosa stabilisce esattamente la contestata decisione? La Corte Costituzionale era stata chiamata in causa da un centinaio di parlamentari, per lo pi\u00f9 del partito di governo Diritto e Giustizia (PiS), i quali rilevavano come l\u2019aborto per malformazioni del feto violasse i princ\u00ecpi della <a href=\"https:\/\/prezydent.pl\/prawo\/konstytucja-rp\/\" target=\"_blank\" rel=\"noopener\"><em>Costituzione<\/em> polacca<\/a>, che tutela la vita di ogni individuo. Nel Paese l\u2019aborto \u00e8 stato introdotto la prima volta nel 1956 dal regime socialista; nel 1993 \u00e8 stato limitato solo nei casi di pericolo di vita per la madre, stupro, incesto, pedofilia e, appunto, grave malformazione del feto.<\/p>\n\n\n\n<h3 class=\"wp-block-heading\" id=\"h-mai-pi-soppressioni-di-disabili\"><strong>Mai pi\u00f9 soppressioni di disabili<\/strong><\/h3>\n\n\n\n<p>Una sentenza, la loro, che dovrebbe portare a una drastica riduzione degli aborti: basti pensare che <a href=\"https:\/\/europa.today.it\/attualita\/polonia-aborto-malformazione-feto.html\" target=\"_blank\" rel=\"noopener\">nel 2019<\/a>, su 1.110 interruzioni di gravidanza registrate in Polonia, 1.074 sono avvenute dopo la scoperta di malformazioni o patologie del feto. La Corte polacca potrebbe perci\u00f2 salvare la vita a bambini con anomalie fetali e disabili, tra i quali quelli con sindrome di Down. A tal proposito risuona ancora come un terribile memento <a href=\"https:\/\/lanuovabq.it\/it\/down-sopravvive-allaborto-lurlo-che-non-si-scorda\" target=\"_blank\" rel=\"noopener\">la denuncia che una giornalista polacca pubblic\u00f2 nel 2016<\/a>: un bambino affetto da sindrome Down, sopravvissuto all\u2019aborto alla 23esima settimana di gestazione, veniva lasciato morire tra le sue urla strazianti in un ospedale di Varsavia. Un fatto lacerante, che ha avuto un impatto enorme sulla coscienza del popolo polacco.<\/p>\n\n\n\n<h3 class=\"wp-block-heading\" id=\"h-le-reazioni\"><strong>Le reazioni<\/strong><\/h3>\n\n\n\n<p>Ma il tragico destino di quel bimbo non ha generato commozione pubblica e vibrante al di fuori dei confini polacchi. E resta ora da vedere quali saranno le conseguenze di un atto cos\u00ec in controtendenza della Polonia rispetto a un\u2019Europa ossequiente all\u2019agenda radicale. Gi\u00e0 in autunno Bruxelles aveva reagito con veemenza contro la sentenza della Corte polacca. Dapprima il commissario per i diritti umani del Consiglio d&#8217;Europa, Dunja Mijatovi\u0107, aveva tuonato: \u00abRimuovere la base per quasi tutti gli aborti legali in Polonia equivale a un divieto e viola i diritti umani\u00bb. Poi si era espresso il Parlamento europeo, votando a maggioranza <a href=\"https:\/\/europarl.europa.eu\/italy\/it\/succede-al-pe\/aborto-il-divieto-de-facto-in-polonia-mette-a-rischio-la-vita-delle-donne\" target=\"_blank\" rel=\"noopener\">una risoluzione<\/a> che condannava la sentenza e accusava il governo polacco di ledere lo stato di diritto.<\/p>\n\n\n\n<h3 class=\"wp-block-heading\" id=\"h-lo-zampino-di-george-soros\"><strong>Lo zampino di George Soros<\/strong><\/h3>\n\n\n\n<p>Condanne che sono rimbalzate anche sulle bocche di esponenti dell\u2019opposizione in Polonia. Rafal Trzaskowski, sindaco di Varsavia considerato <a href=\"https:\/\/repubblica.it\/esteri\/2018\/11\/16\/news\/trzaskowski_il_patriota_socievole_che_sfida_i_sovranisti_polacchi-211804548\/\" target=\"_blank\" rel=\"noopener\">un\u2019icona anti-sovranista<\/a>, <a href=\"https:\/\/bbc.com\/news\/world-europe-55838210\" target=\"_blank\" rel=\"noopener\">ha detto che<\/a> la decisione di pubblicare in <em>Gazzetta<\/em> la sentenza va \u00abcontro la volont\u00e0 dei polacchi\u00bb. Molti cittadini polacchi, in effetti, come dimostrano le manifestazioni, non apprezzano affatto il divieto di abortire bambini disabili. <a href=\"https:\/\/tokfm.pl\/Tokfm\/7,103087,26727692,co-moga-zrobic-osoby-ktorym-odmowi-sie-zabiegu-aborcji-po-decyzji.html?fbclid=IwAR2UFMOON_LVGxYLA986UX_HY9qP5KcGgICxSjKeS5GNSDHazgrVtKkO7ps\" target=\"_blank\" rel=\"noopener\">C\u2019\u00e8 chi sta imbastendo azioni legali<\/a> per rivendicare il diritto di interrompere la gravidanza. Come forse anche chi, <a href=\"https:\/\/ifamnews.com\/en\/constitutional-ban-on-eugenic-abortion-comes-into-force-in-poland\/\" target=\"_blank\" rel=\"noopener\">da dietro le quinte<\/a>, corrobora a suon di danari il dissenso: l\u2019istituto legale polacco <a href=\"https:\/\/en.ordoiuris.pl\/\" target=\"_blank\" rel=\"noopener\">Ordo Iuris<\/a> ha evidenziato <a href=\"https:\/\/lifesitenews.com\/news\/soros-pours-financial-support-into-polish-abortion-movement-polish-institut\" target=\"_blank\" rel=\"noopener\">l\u2019influenza finanziaria del magnate George Soros<\/a> sulle cosiddette <a href=\"https:\/\/fes-connect.org\/reading-picks\/the-black-protests-have-changed-poland\/\" target=\"_blank\" rel=\"noopener\">\u00abblack protest\u00bb<\/a>. E nero \u00e8 di nuovo l\u2019umore di una Polonia turbata <a href=\"https:\/\/noizz.pl\/spoleczenstwo\/protesty-po-publikacji-uzasadnienia-wyroku-tk\/h2fswj8\" target=\"_blank\" rel=\"noopener\">da chi invade le strade dichiarando guerra<\/a>.<\/p>\n\n\n\n<p><sub><em>Image source<\/em>:&nbsp;<a href=\"https:\/\/commons.wikimedia.org\/wiki\/File:Trybuna%C5%82_Konstytucyjny_(12009803754).jpg\" target=\"_blank\" rel=\"noopener\">Trybuna\u0142 Konstytucyjny<\/a>,&nbsp;<em>photo by&nbsp;<\/em><a href=\"https:\/\/flickr.com\/people\/100606097@N07\" target=\"_blank\" rel=\"noopener\">Lukas Plewnia<\/a> from Wikimedia Commons, self-published work,&nbsp;<em>licensed by<\/em>&nbsp;<a href=\"https:\/\/creativecommons.org\/licenses\/by-sa\/2.0\/deed.en\" target=\"_blank\" rel=\"noopener\">CC-BY-2.0<\/a><\/sub><\/p>\n","protected":false},"excerpt":{"rendered":"<p>Pubblicata la sentenza che vieta di sopprimere i disabili: riesplode la protesta<\/p>\n","protected":false},"author":15,"featured_media":50146,"comment_status":"open","ping_status":"open","sticky":false,"template":"","format":"standard","meta":{"give_campaign_id":0,"om_disable_all_campaigns":false,"_monsterinsights_skip_tracking":false,"_monsterinsights_sitenote_active":false,"_monsterinsights_sitenote_note":"","_monsterinsights_sitenote_category":0,"mc4wp_mailchimp_campaign":[],"jnews-multi-image_gallery":[],"jnews_single_post":{"subtitle":"Pubblicata la sentenza che vieta di sopprimere i disabili: riesplode la protesta","format":"standard","video":"","gallery":"","source_name":"","source_url":"","via_name":"","via_url":"","override":[{"single_blog_custom":"","sidebar":"","second_sidebar":"","share_position":"","share_float_style":"","post_date_format":"","post_date_format_custom":"","post_reading_time_wpm":"","zoom_button_out_step":"1","zoom_button_in_step":"1","number_popup_post":"1"}],"image_override":[{"single_post_thumbnail_size":"","single_post_gallery_size":""}],"trending_post_position":"","trending_post_label":"","sponsored_post_label":"","sponsored_post_name":"","sponsored_post_url":"","sponsored_post_logo":"","sponsored_post_desc":""},"jnews_primary_category":{"id":"817"},"jnews_social_meta":{"fb_title":"","fb_description":"","fb_image":"","twitter_title":"","twitter_description":"","twitter_image":""},"jnews_override_counter":{"view_counter_number":"0","share_counter_number":"0","like_counter_number":"0","dislike_counter_number":"0"},"footnotes":""},"categories":[817],"tags":[698,1631,7993],"class_list":["post-50154","post","type-post","status-publish","format-standard","has-post-thumbnail","hentry","category-vita","tag-aborto","tag-polonia","tag-vetrina"],"yoast_head":"<!-- This site is optimized with the Yoast SEO Premium plugin v25.9 (Yoast SEO v27.3) - https:\/\/yoast.com\/product\/yoast-seo-premium-wordpress\/ -->\n<title>Gli abortisti tornano a minacciare la Polonia - &quot;iFamNews&quot;<\/title>\n<meta name=\"description\" content=\"Pubblicata la sentenza della Corte costituzionale della Polonia che vieta di sopprimere i disabili: riesplode la protesta\" \/>\n<meta name=\"robots\" content=\"index, follow, max-snippet:-1, max-image-preview:large, max-video-preview:-1\" \/>\n<link rel=\"canonical\" href=\"https:\/\/ifamnews.com\/it\/l-assedio-degli-abortisti-torna-a-minacciare-la-polonia\" \/>\n<meta property=\"og:locale\" content=\"it_IT\" \/>\n<meta property=\"og:type\" content=\"article\" \/>\n<meta property=\"og:title\" content=\"Gli abortisti tornano a minacciare la Polonia\" \/>\n<meta property=\"og:description\" content=\"Pubblicata la sentenza della Corte costituzionale della Polonia che vieta di sopprimere i disabili: riesplode la protesta\" \/>\n<meta property=\"og:url\" content=\"https:\/\/ifamnews.com\/it\/l-assedio-degli-abortisti-torna-a-minacciare-la-polonia\" \/>\n<meta property=\"og:site_name\" content=\"IFN\" \/>\n<meta property=\"article:publisher\" content=\"https:\/\/www.facebook.com\/iFamNews\" \/>\n<meta property=\"article:published_time\" content=\"2021-01-29T05:00:00+00:00\" \/>\n<meta property=\"article:modified_time\" content=\"2021-02-04T14:01:11+00:00\" \/>\n<meta property=\"og:image\" content=\"https:\/\/ifamnews.com\/wp-content\/uploads\/2021\/01\/Image-from-Wikimedia-Commons-2.jpg\" \/>\n\t<meta property=\"og:image:width\" content=\"1200\" \/>\n\t<meta property=\"og:image:height\" content=\"675\" \/>\n\t<meta property=\"og:image:type\" content=\"image\/jpeg\" \/>\n<meta name=\"author\" content=\"Federico Cenci\" \/>\n<meta name=\"twitter:card\" content=\"summary_large_image\" \/>\n<meta name=\"twitter:creator\" content=\"@https:\/\/twitter.com\/fedecenci\" \/>\n<meta name=\"twitter:site\" content=\"@iFamNewsEN\" \/>\n<meta name=\"twitter:label1\" content=\"Scritto da\" \/>\n\t<meta name=\"twitter:data1\" content=\"Federico Cenci\" \/>\n\t<meta name=\"twitter:label2\" content=\"Tempo di lettura stimato\" \/>\n\t<meta name=\"twitter:data2\" content=\"3 minuti\" \/>\n<!-- \/ Yoast SEO Premium plugin. -->","yoast_head_json":{"title":"Gli abortisti tornano a minacciare la Polonia - \"iFamNews\"","description":"Pubblicata la sentenza della Corte costituzionale della Polonia che vieta di sopprimere i disabili: riesplode la protesta","robots":{"index":"index","follow":"follow","max-snippet":"max-snippet:-1","max-image-preview":"max-image-preview:large","max-video-preview":"max-video-preview:-1"},"canonical":"https:\/\/ifamnews.com\/it\/l-assedio-degli-abortisti-torna-a-minacciare-la-polonia","og_locale":"it_IT","og_type":"article","og_title":"Gli abortisti tornano a minacciare la Polonia","og_description":"Pubblicata la sentenza della Corte costituzionale della Polonia che vieta di sopprimere i disabili: riesplode la protesta","og_url":"https:\/\/ifamnews.com\/it\/l-assedio-degli-abortisti-torna-a-minacciare-la-polonia","og_site_name":"IFN","article_publisher":"https:\/\/www.facebook.com\/iFamNews","article_published_time":"2021-01-29T05:00:00+00:00","article_modified_time":"2021-02-04T14:01:11+00:00","og_image":[{"width":1200,"height":675,"url":"https:\/\/ifamnews.com\/wp-content\/uploads\/2021\/01\/Image-from-Wikimedia-Commons-2.jpg","type":"image\/jpeg"}],"author":"Federico Cenci","twitter_card":"summary_large_image","twitter_creator":"@https:\/\/twitter.com\/fedecenci","twitter_site":"@iFamNewsEN","twitter_misc":{"Scritto da":"Federico Cenci","Tempo di lettura stimato":"3 minuti"},"schema":{"@context":"https:\/\/schema.org","@graph":[{"@type":"NewsArticle","@id":"https:\/\/ifamnews.com\/it\/l-assedio-degli-abortisti-torna-a-minacciare-la-polonia#article","isPartOf":{"@id":"https:\/\/ifamnews.com\/it\/l-assedio-degli-abortisti-torna-a-minacciare-la-polonia"},"author":{"name":"Federico Cenci","@id":"https:\/\/ifamnews.com\/en\/#\/schema\/person\/555378c4ec9e01d40ab9f2b5cee0c318"},"headline":"Gli abortisti tornano a minacciare la Polonia","datePublished":"2021-01-29T05:00:00+00:00","dateModified":"2021-02-04T14:01:11+00:00","mainEntityOfPage":{"@id":"https:\/\/ifamnews.com\/it\/l-assedio-degli-abortisti-torna-a-minacciare-la-polonia"},"wordCount":615,"commentCount":0,"publisher":{"@id":"https:\/\/ifamnews.com\/en\/#organization"},"image":{"@id":"https:\/\/ifamnews.com\/it\/l-assedio-degli-abortisti-torna-a-minacciare-la-polonia#primaryimage"},"thumbnailUrl":"https:\/\/ifamnews.com\/wp-content\/uploads\/2021\/01\/Image-from-Wikimedia-Commons-2.jpg","keywords":["Aborto","Polonia","Vetrina"],"articleSection":["Vita"],"inLanguage":"it-IT","potentialAction":[{"@type":"CommentAction","name":"Comment","target":["https:\/\/ifamnews.com\/it\/l-assedio-degli-abortisti-torna-a-minacciare-la-polonia#respond"]}]},{"@type":"WebPage","@id":"https:\/\/ifamnews.com\/it\/l-assedio-degli-abortisti-torna-a-minacciare-la-polonia","url":"https:\/\/ifamnews.com\/it\/l-assedio-degli-abortisti-torna-a-minacciare-la-polonia","name":"Gli abortisti tornano a minacciare la Polonia - \"iFamNews\"","isPartOf":{"@id":"https:\/\/ifamnews.com\/en\/#website"},"primaryImageOfPage":{"@id":"https:\/\/ifamnews.com\/it\/l-assedio-degli-abortisti-torna-a-minacciare-la-polonia#primaryimage"},"image":{"@id":"https:\/\/ifamnews.com\/it\/l-assedio-degli-abortisti-torna-a-minacciare-la-polonia#primaryimage"},"thumbnailUrl":"https:\/\/ifamnews.com\/wp-content\/uploads\/2021\/01\/Image-from-Wikimedia-Commons-2.jpg","datePublished":"2021-01-29T05:00:00+00:00","dateModified":"2021-02-04T14:01:11+00:00","description":"Pubblicata la sentenza della Corte costituzionale della Polonia che vieta di sopprimere i disabili: riesplode la protesta","breadcrumb":{"@id":"https:\/\/ifamnews.com\/it\/l-assedio-degli-abortisti-torna-a-minacciare-la-polonia#breadcrumb"},"inLanguage":"it-IT","potentialAction":[{"@type":"ReadAction","target":["https:\/\/ifamnews.com\/it\/l-assedio-degli-abortisti-torna-a-minacciare-la-polonia"]}]},{"@type":"ImageObject","inLanguage":"it-IT","@id":"https:\/\/ifamnews.com\/it\/l-assedio-degli-abortisti-torna-a-minacciare-la-polonia#primaryimage","url":"https:\/\/ifamnews.com\/wp-content\/uploads\/2021\/01\/Image-from-Wikimedia-Commons-2.jpg","contentUrl":"https:\/\/ifamnews.com\/wp-content\/uploads\/2021\/01\/Image-from-Wikimedia-Commons-2.jpg","width":1200,"height":675,"caption":"Image from Wikimedia Commons"},{"@type":"BreadcrumbList","@id":"https:\/\/ifamnews.com\/it\/l-assedio-degli-abortisti-torna-a-minacciare-la-polonia#breadcrumb","itemListElement":[{"@type":"ListItem","position":1,"name":"Home","item":"https:\/\/ifamnews.com\/de"},{"@type":"ListItem","position":2,"name":"Life","item":"https:\/\/ifamnews.com\/en\/category\/life"},{"@type":"ListItem","position":3,"name":"Gli abortisti tornano a minacciare la Polonia"}]},{"@type":"WebSite","@id":"https:\/\/ifamnews.com\/en\/#website","url":"https:\/\/ifamnews.com\/en\/","name":"IFN","description":"International Family News Network","publisher":{"@id":"https:\/\/ifamnews.com\/en\/#organization"},"potentialAction":[{"@type":"SearchAction","target":{"@type":"EntryPoint","urlTemplate":"https:\/\/ifamnews.com\/en\/?s={search_term_string}"},"query-input":{"@type":"PropertyValueSpecification","valueRequired":true,"valueName":"search_term_string"}}],"inLanguage":"it-IT"},{"@type":"Organization","@id":"https:\/\/ifamnews.com\/en\/#organization","name":"iFamNews","url":"https:\/\/ifamnews.com\/en\/","logo":{"@type":"ImageObject","inLanguage":"it-IT","@id":"https:\/\/ifamnews.com\/en\/#\/schema\/logo\/image\/","url":"https:\/\/ifamnews.com\/wp-content\/uploads\/2020\/01\/Share-logo.png","contentUrl":"https:\/\/ifamnews.com\/wp-content\/uploads\/2020\/01\/Share-logo.png","width":200,"height":200,"caption":"iFamNews"},"image":{"@id":"https:\/\/ifamnews.com\/en\/#\/schema\/logo\/image\/"},"sameAs":["https:\/\/www.facebook.com\/iFamNews","https:\/\/x.com\/iFamNewsEN"]},{"@type":"Person","@id":"https:\/\/ifamnews.com\/en\/#\/schema\/person\/555378c4ec9e01d40ab9f2b5cee0c318","name":"Federico Cenci","image":{"@type":"ImageObject","inLanguage":"it-IT","@id":"https:\/\/secure.gravatar.com\/avatar\/535f77b8447d05f39d4ca941654f7a7b7d712f3d72f0b4b185747785f5a8e745?s=96&d=mm&r=g","url":"https:\/\/secure.gravatar.com\/avatar\/535f77b8447d05f39d4ca941654f7a7b7d712f3d72f0b4b185747785f5a8e745?s=96&d=mm&r=g","contentUrl":"https:\/\/secure.gravatar.com\/avatar\/535f77b8447d05f39d4ca941654f7a7b7d712f3d72f0b4b185747785f5a8e745?s=96&d=mm&r=g","caption":"Federico Cenci"},"description":"Federico Cenci worked from 2013 to 2017 at the Catholic Zenit press agency dealing with social and religious issues, bioethics, family policies, as well as domestic and international politics. He then continued his business with In Terris, and currently with various newspapers and periodicals. In 2020 he wrote the novel \"East Berlin 2.0 - Notes between dystopia and reality\"","sameAs":["https:\/\/x.com\/https:\/\/twitter.com\/fedecenci"],"url":"https:\/\/ifamnews.com\/it\/author\/fcenci"}]}},"amp_enabled":true,"_links":{"self":[{"href":"https:\/\/ifamnews.com\/it\/wp-json\/wp\/v2\/posts\/50154","targetHints":{"allow":["GET"]}}],"collection":[{"href":"https:\/\/ifamnews.com\/it\/wp-json\/wp\/v2\/posts"}],"about":[{"href":"https:\/\/ifamnews.com\/it\/wp-json\/wp\/v2\/types\/post"}],"author":[{"embeddable":true,"href":"https:\/\/ifamnews.com\/it\/wp-json\/wp\/v2\/users\/15"}],"replies":[{"embeddable":true,"href":"https:\/\/ifamnews.com\/it\/wp-json\/wp\/v2\/comments?post=50154"}],"version-history":[{"count":5,"href":"https:\/\/ifamnews.com\/it\/wp-json\/wp\/v2\/posts\/50154\/revisions"}],"predecessor-version":[{"id":50576,"href":"https:\/\/ifamnews.com\/it\/wp-json\/wp\/v2\/posts\/50154\/revisions\/50576"}],"wp:featuredmedia":[{"embeddable":true,"href":"https:\/\/ifamnews.com\/it\/wp-json\/wp\/v2\/media\/50146"}],"wp:attachment":[{"href":"https:\/\/ifamnews.com\/it\/wp-json\/wp\/v2\/media?parent=50154"}],"wp:term":[{"taxonomy":"category","embeddable":true,"href":"https:\/\/ifamnews.com\/it\/wp-json\/wp\/v2\/categories?post=50154"},{"taxonomy":"post_tag","embeddable":true,"href":"https:\/\/ifamnews.com\/it\/wp-json\/wp\/v2\/tags?post=50154"}],"curies":[{"name":"wp","href":"https:\/\/api.w.org\/{rel}","templated":true}]}}