{"id":47984,"date":"2021-01-20T00:00:00","date_gmt":"2021-01-20T05:00:00","guid":{"rendered":"https:\/\/ifamnews.com\/?p=47984"},"modified":"2021-04-06T05:28:31","modified_gmt":"2021-04-06T09:28:31","slug":"il-missouri-liberato-dall-aborto","status":"publish","type":"post","link":"https:\/\/ifamnews.com\/it\/il-missouri-liberato-dall-aborto","title":{"rendered":"Il Missouri liberato dall\u2019aborto"},"content":{"rendered":"<p class=\"last-updated\">Last updated on aprile 6th, 2021 at 05:28 am<\/p>\n<p>Il Missouri \u00e8 il primo Stato liberato dalla peste dell\u2019aborto. Tutte le strutture che, a richiesta, procuravano la morte dei bambini ancora nel grembo delle proprie madri hanno chiuso. Tranne uno, che per\u00f2 \u00e8 inattivo. Cos\u00ec <a href=\"https:\/\/operationrescue.org\/archives\/the-status-of-american-abortion-facilities-in-2020-the-first-abortion-free-state\/\" target=\"_blank\" rel=\"noopener\">annuncia Operation Rescue<\/a>.<\/p>\n\n\n\n<p>\u00c8 l\u2019effetto benefico delle politiche volute dall\u2019Amministrazione Trump, che, non potendo aggredire frontalmente l\u2019aborto, ha cercato di eroderlo il pi\u00f9 possibile, per esempio spingendo molti abortifici fuori dal mercato. Ma non adulterando il mercato, bens\u00ec implementando semplici criteri sanitari condivisibili da chiunque, <a href=\"https:\/\/lanuovabq.it\/it\/missouri-gli-abortifici-chiudono-perche-negano-servizi-sicuri\" target=\"_blank\" rel=\"noopener\">come spiega un vecchio articolo di Marco Respinti<\/a>.<\/p>\n\n\n\n<p>In tutti gli Stati Uniti d&#8217;America 45 abortifici hanno dunque chiuso e in Missouri, appunto, ne \u00e8 rimasto solo uno, il Reproductive Health Services Planned Parenthood di St. Louis, che per\u00f2 \u00e8 fermo da mesi.<\/p>\n\n\n\n<p>Certo, adesso la nuova Amministrazione Biden capovolger\u00e0 tutto con un tratto di penna, ma per qualche mese il governo di un Paese \u00e8 riuscito a fermare davvero l\u2019aborto. Non sono cose che si dimenticano facilmente.<\/p>\n","protected":false},"excerpt":{"rendered":"<p>Una legge di Trump ha buttato gli abortifici fuori dal mercato<\/p>\n","protected":false},"author":106,"featured_media":47985,"comment_status":"open","ping_status":"open","sticky":false,"template":"","format":"standard","meta":{"give_campaign_id":0,"om_disable_all_campaigns":false,"_monsterinsights_skip_tracking":false,"_monsterinsights_sitenote_active":false,"_monsterinsights_sitenote_note":"","_monsterinsights_sitenote_category":0,"mc4wp_mailchimp_campaign":[],"jnews-multi-image_gallery":[],"jnews_single_post":{"subtitle":"Una legge di Trump ha buttato gli abortifici fuori dal mercato","format":"standard","video":"","gallery":"","source_name":"","source_url":"","via_name":"","via_url":"","override":[{"single_blog_custom":"","sidebar":"","second_sidebar":"","share_position":"","share_float_style":"","post_date_format":"","post_date_format_custom":"","post_reading_time_wpm":"","zoom_button_out_step":"1","zoom_button_in_step":"1","number_popup_post":"1"}],"image_override":[{"single_post_thumbnail_size":"","single_post_gallery_size":""}],"trending_post_position":"","trending_post_label":"","sponsored_post_label":"","sponsored_post_name":"","sponsored_post_url":"","sponsored_post_logo":"","sponsored_post_desc":""},"jnews_primary_category":{"id":"817"},"jnews_social_meta":{"fb_title":"","fb_description":"","fb_image":"","twitter_title":"","twitter_description":"","twitter_image":""},"jnews_override_counter":{"view_counter_number":"0","share_counter_number":"0","like_counter_number":"0","dislike_counter_number":"0"},"footnotes":""},"categories":[817],"tags":[698,7993],"class_list":["post-47984","post","type-post","status-publish","format-standard","has-post-thumbnail","hentry","category-vita","tag-aborto","tag-vetrina"],"yoast_head":"<!-- This site is optimized with the Yoast SEO Premium plugin v25.9 (Yoast SEO v27.3) - https:\/\/yoast.com\/product\/yoast-seo-premium-wordpress\/ -->\n<title>Il Missouri liberato dall\u2019aborto - &quot;iFamNews&quot;<\/title>\n<meta name=\"description\" content=\"Una legge di Trump ha buttato gli abortifici fuori dal mercato\" \/>\n<meta name=\"robots\" content=\"index, follow, max-snippet:-1, max-image-preview:large, max-video-preview:-1\" \/>\n<link rel=\"canonical\" href=\"https:\/\/ifamnews.com\/it\/il-missouri-liberato-dall-aborto\" \/>\n<meta property=\"og:locale\" content=\"it_IT\" \/>\n<meta property=\"og:type\" content=\"article\" \/>\n<meta property=\"og:title\" content=\"Il Missouri liberato dall\u2019aborto\" \/>\n<meta property=\"og:description\" content=\"Una legge di Trump ha buttato gli abortifici fuori dal mercato\" \/>\n<meta property=\"og:url\" content=\"https:\/\/ifamnews.com\/it\/il-missouri-liberato-dall-aborto\" \/>\n<meta property=\"og:site_name\" content=\"IFN\" \/>\n<meta property=\"article:publisher\" content=\"https:\/\/www.facebook.com\/iFamNews\" \/>\n<meta property=\"article:published_time\" content=\"2021-01-20T05:00:00+00:00\" \/>\n<meta property=\"article:modified_time\" content=\"2021-04-06T09:28:31+00:00\" \/>\n<meta property=\"og:image\" content=\"https:\/\/ifamnews.com\/wp-content\/uploads\/2021\/01\/EmO_lxlW8AEBjiD.jpg\" \/>\n\t<meta property=\"og:image:width\" content=\"1200\" \/>\n\t<meta property=\"og:image:height\" content=\"675\" \/>\n\t<meta property=\"og:image:type\" content=\"image\/jpeg\" \/>\n<meta name=\"author\" content=\"Rossello Gesa\" \/>\n<meta name=\"twitter:card\" content=\"summary_large_image\" \/>\n<meta name=\"twitter:creator\" content=\"@iFamNewsEN\" \/>\n<meta name=\"twitter:site\" content=\"@iFamNewsEN\" \/>\n<meta name=\"twitter:label1\" content=\"Scritto da\" \/>\n\t<meta name=\"twitter:data1\" content=\"Rossello Gesa\" \/>\n\t<meta name=\"twitter:label2\" content=\"Tempo di lettura stimato\" \/>\n\t<meta name=\"twitter:data2\" content=\"1 minuto\" \/>\n<!-- \/ Yoast SEO Premium plugin. -->","yoast_head_json":{"title":"Il Missouri liberato dall\u2019aborto - \"iFamNews\"","description":"Una legge di Trump ha buttato gli abortifici fuori dal mercato","robots":{"index":"index","follow":"follow","max-snippet":"max-snippet:-1","max-image-preview":"max-image-preview:large","max-video-preview":"max-video-preview:-1"},"canonical":"https:\/\/ifamnews.com\/it\/il-missouri-liberato-dall-aborto","og_locale":"it_IT","og_type":"article","og_title":"Il Missouri liberato dall\u2019aborto","og_description":"Una legge di Trump ha buttato gli abortifici fuori dal mercato","og_url":"https:\/\/ifamnews.com\/it\/il-missouri-liberato-dall-aborto","og_site_name":"IFN","article_publisher":"https:\/\/www.facebook.com\/iFamNews","article_published_time":"2021-01-20T05:00:00+00:00","article_modified_time":"2021-04-06T09:28:31+00:00","og_image":[{"width":1200,"height":675,"url":"https:\/\/ifamnews.com\/wp-content\/uploads\/2021\/01\/EmO_lxlW8AEBjiD.jpg","type":"image\/jpeg"}],"author":"Rossello Gesa","twitter_card":"summary_large_image","twitter_creator":"@iFamNewsEN","twitter_site":"@iFamNewsEN","twitter_misc":{"Scritto da":"Rossello Gesa","Tempo di lettura stimato":"1 minuto"},"schema":{"@context":"https:\/\/schema.org","@graph":[{"@type":"NewsArticle","@id":"https:\/\/ifamnews.com\/it\/il-missouri-liberato-dall-aborto#article","isPartOf":{"@id":"https:\/\/ifamnews.com\/it\/il-missouri-liberato-dall-aborto"},"author":{"name":"Rossello Gesa","@id":"https:\/\/ifamnews.com\/en\/#\/schema\/person\/b55db75ed10fca3d43da423be136c836"},"headline":"Il Missouri liberato dall\u2019aborto","datePublished":"2021-01-20T05:00:00+00:00","dateModified":"2021-04-06T09:28:31+00:00","mainEntityOfPage":{"@id":"https:\/\/ifamnews.com\/it\/il-missouri-liberato-dall-aborto"},"wordCount":163,"commentCount":0,"publisher":{"@id":"https:\/\/ifamnews.com\/en\/#organization"},"image":{"@id":"https:\/\/ifamnews.com\/it\/il-missouri-liberato-dall-aborto#primaryimage"},"thumbnailUrl":"https:\/\/ifamnews.com\/wp-content\/uploads\/2021\/01\/EmO_lxlW8AEBjiD.jpg","keywords":["Aborto","Vetrina"],"articleSection":["Vita"],"inLanguage":"it-IT","potentialAction":[{"@type":"CommentAction","name":"Comment","target":["https:\/\/ifamnews.com\/it\/il-missouri-liberato-dall-aborto#respond"]}]},{"@type":"WebPage","@id":"https:\/\/ifamnews.com\/it\/il-missouri-liberato-dall-aborto","url":"https:\/\/ifamnews.com\/it\/il-missouri-liberato-dall-aborto","name":"Il Missouri liberato dall\u2019aborto - \"iFamNews\"","isPartOf":{"@id":"https:\/\/ifamnews.com\/en\/#website"},"primaryImageOfPage":{"@id":"https:\/\/ifamnews.com\/it\/il-missouri-liberato-dall-aborto#primaryimage"},"image":{"@id":"https:\/\/ifamnews.com\/it\/il-missouri-liberato-dall-aborto#primaryimage"},"thumbnailUrl":"https:\/\/ifamnews.com\/wp-content\/uploads\/2021\/01\/EmO_lxlW8AEBjiD.jpg","datePublished":"2021-01-20T05:00:00+00:00","dateModified":"2021-04-06T09:28:31+00:00","description":"Una legge di Trump ha buttato gli abortifici fuori dal mercato","breadcrumb":{"@id":"https:\/\/ifamnews.com\/it\/il-missouri-liberato-dall-aborto#breadcrumb"},"inLanguage":"it-IT","potentialAction":[{"@type":"ReadAction","target":["https:\/\/ifamnews.com\/it\/il-missouri-liberato-dall-aborto"]}]},{"@type":"ImageObject","inLanguage":"it-IT","@id":"https:\/\/ifamnews.com\/it\/il-missouri-liberato-dall-aborto#primaryimage","url":"https:\/\/ifamnews.com\/wp-content\/uploads\/2021\/01\/EmO_lxlW8AEBjiD.jpg","contentUrl":"https:\/\/ifamnews.com\/wp-content\/uploads\/2021\/01\/EmO_lxlW8AEBjiD.jpg","width":1200,"height":675,"caption":"Planned Parenthood per Joe Biden"},{"@type":"BreadcrumbList","@id":"https:\/\/ifamnews.com\/it\/il-missouri-liberato-dall-aborto#breadcrumb","itemListElement":[{"@type":"ListItem","position":1,"name":"Home","item":"https:\/\/ifamnews.com\/de"},{"@type":"ListItem","position":2,"name":"Life","item":"https:\/\/ifamnews.com\/en\/category\/life"},{"@type":"ListItem","position":3,"name":"Il Missouri liberato dall\u2019aborto"}]},{"@type":"WebSite","@id":"https:\/\/ifamnews.com\/en\/#website","url":"https:\/\/ifamnews.com\/en\/","name":"IFN","description":"International Family News Network","publisher":{"@id":"https:\/\/ifamnews.com\/en\/#organization"},"potentialAction":[{"@type":"SearchAction","target":{"@type":"EntryPoint","urlTemplate":"https:\/\/ifamnews.com\/en\/?s={search_term_string}"},"query-input":{"@type":"PropertyValueSpecification","valueRequired":true,"valueName":"search_term_string"}}],"inLanguage":"it-IT"},{"@type":"Organization","@id":"https:\/\/ifamnews.com\/en\/#organization","name":"iFamNews","url":"https:\/\/ifamnews.com\/en\/","logo":{"@type":"ImageObject","inLanguage":"it-IT","@id":"https:\/\/ifamnews.com\/en\/#\/schema\/logo\/image\/","url":"https:\/\/ifamnews.com\/wp-content\/uploads\/2020\/01\/Share-logo.png","contentUrl":"https:\/\/ifamnews.com\/wp-content\/uploads\/2020\/01\/Share-logo.png","width":200,"height":200,"caption":"iFamNews"},"image":{"@id":"https:\/\/ifamnews.com\/en\/#\/schema\/logo\/image\/"},"sameAs":["https:\/\/www.facebook.com\/iFamNews","https:\/\/x.com\/iFamNewsEN"]},{"@type":"Person","@id":"https:\/\/ifamnews.com\/en\/#\/schema\/person\/b55db75ed10fca3d43da423be136c836","name":"Rossello Gesa","image":{"@type":"ImageObject","inLanguage":"it-IT","@id":"https:\/\/secure.gravatar.com\/avatar\/852d41bcbe2250ac09e562a263d6d844239f76ef178e9aa304f01c1264627f7b?s=96&d=mm&r=g","url":"https:\/\/secure.gravatar.com\/avatar\/852d41bcbe2250ac09e562a263d6d844239f76ef178e9aa304f01c1264627f7b?s=96&d=mm&r=g","contentUrl":"https:\/\/secure.gravatar.com\/avatar\/852d41bcbe2250ac09e562a263d6d844239f76ef178e9aa304f01c1264627f7b?s=96&d=mm&r=g","caption":"Rossello Gesa"},"description":"With \"iFamNews\" he resumes writing after years of voluntary departure from journalism, years during which he accumulated professional experience in various fields, including abroad.","url":"https:\/\/ifamnews.com\/it\/author\/rgesa"}]}},"amp_enabled":true,"_links":{"self":[{"href":"https:\/\/ifamnews.com\/it\/wp-json\/wp\/v2\/posts\/47984","targetHints":{"allow":["GET"]}}],"collection":[{"href":"https:\/\/ifamnews.com\/it\/wp-json\/wp\/v2\/posts"}],"about":[{"href":"https:\/\/ifamnews.com\/it\/wp-json\/wp\/v2\/types\/post"}],"author":[{"embeddable":true,"href":"https:\/\/ifamnews.com\/it\/wp-json\/wp\/v2\/users\/106"}],"replies":[{"embeddable":true,"href":"https:\/\/ifamnews.com\/it\/wp-json\/wp\/v2\/comments?post=47984"}],"version-history":[{"count":5,"href":"https:\/\/ifamnews.com\/it\/wp-json\/wp\/v2\/posts\/47984\/revisions"}],"predecessor-version":[{"id":49139,"href":"https:\/\/ifamnews.com\/it\/wp-json\/wp\/v2\/posts\/47984\/revisions\/49139"}],"wp:featuredmedia":[{"embeddable":true,"href":"https:\/\/ifamnews.com\/it\/wp-json\/wp\/v2\/media\/47985"}],"wp:attachment":[{"href":"https:\/\/ifamnews.com\/it\/wp-json\/wp\/v2\/media?parent=47984"}],"wp:term":[{"taxonomy":"category","embeddable":true,"href":"https:\/\/ifamnews.com\/it\/wp-json\/wp\/v2\/categories?post=47984"},{"taxonomy":"post_tag","embeddable":true,"href":"https:\/\/ifamnews.com\/it\/wp-json\/wp\/v2\/tags?post=47984"}],"curies":[{"name":"wp","href":"https:\/\/api.w.org\/{rel}","templated":true}]}}