{"id":47186,"date":"2021-01-16T00:00:00","date_gmt":"2021-01-16T05:00:00","guid":{"rendered":"https:\/\/ifamnews.com\/?p=47186"},"modified":"2021-02-24T12:29:07","modified_gmt":"2021-02-24T17:29:07","slug":"i-fatti-della-settimana-2-c-coraggio-in-honduras-e-lettonia","status":"publish","type":"post","link":"https:\/\/ifamnews.com\/it\/i-fatti-della-settimana-2-c-coraggio-in-honduras-e-lettonia","title":{"rendered":"Settimana 2: c\u2019\u00e8 coraggio in Honduras e Lettonia"},"content":{"rendered":"<p class=\"last-updated\">Last updated on Febbraio 24th, 2021 at 12:29 pm<\/p>\n<h3 class=\"wp-block-heading\" id=\"h-censura\"><strong>Censura<\/strong><\/h3>\n\n\n\n<ul class=\"wp-block-list\"><li>Le <a href=\"https:\/\/ifamnews.com\/en\/big-tech-is-crushing-dissent-it-s-time-to-break-them-up\/\" target=\"_blank\" rel=\"noopener\">censure e i bavagli a ogni forma di opposizione e di dissenso<\/a>, atteggiamenti tipici di ogni regime totalitario, sembrano essere diventati ormai lo <em>standard<\/em> dell\u2019Amministrazione Biden che si profila e dei <a href=\"https:\/\/ifamnews.com\/it\/usa-monocolore-della-cultura-di-morte-\/\" target=\"_blank\" rel=\"noopener\">suoi alleati Big Tech<\/a>.<\/li><li>Lo sconcerto seguito all\u2019oscuramento di diversi profili <em>social<\/em> del presidente Donald J. Trump \u00e8 del resto enorme. In Europa <a href=\"https:\/\/theblaze.com\/news\/leaders-germany-france-attack-big-tech-trump-ban\" target=\"_blank\" rel=\"noopener\">il cancelliere tedesco Angela Merkel e il presidente francese Emmanuel Macron<\/a> hanno protestato per tale censura, lanciando l\u2019allarme per lo strapotere dell\u2019universo Big Tech, ma oltreoceano persino il <a href=\"https:\/\/dailywire.com\/news\/mexican-president-andres-manuel-lopez-obrador-condemns-tech-companies-for-censoring-trump\" target=\"_blank\" rel=\"noopener\">presidente del Messico, Andr\u00e9s Manuel L\u00f3pez Obrado<\/a><em>,<\/em> ha denunciato il monopolio esercitato dal <em>social media<\/em>, promettendo iniziative importanti in sede di G20.<\/li><\/ul>\n\n\n\n<h3 class=\"wp-block-heading\" id=\"h-aborto\"><strong>Aborto<\/strong><\/h3>\n\n\n\n<ul class=\"wp-block-list\"><li>L\u2019offensiva filoabortista e pro LGBT+ dell\u2019entrante Amministrazione americana guidata da Joe Biden, oggettivamente spalleggiata dalle ultime <a href=\"https:\/\/ifamnews.com\/en\/the-tragic-transformation-of-the-united-nations\/\" target=\"_blank\" rel=\"noopener\">iniziative prese dall\u2019Organizzazione delle Nazioni Unite<\/a>, \u00e8 palesata dalle nuove nomine effettuate. Per esempio <a href=\"https:\/\/newsmax.com\/politics\/biden-samantha-power-usaid-nominations\/2021\/01\/13\/id\/1005385\/\" target=\"_blank\" rel=\"noopener\">la filoabortista Samantha Power a capo dell\u2019Agenzia degli Stati Uniti per lo sviluppo internazionale (USAID)<\/a>, un organismo il cui potere di incidenza e di condizionamento, soprattutto verso i Paesi del Terzo Mondo, \u00e8 enorme, e non certo noto per favorire la cultura della vita e della famiglia. Per questo l\u2019Amministrazione Trump ha, ancora di recente, vietato i programmi filoabortisti dello USAID sostenendo la scelta <em>pro life<\/em> e <a href=\"https:\/\/forbes.com\/sites\/ewelinaochab\/2020\/10\/05\/how-usaid-translates-the-executive-order-on-advancing-international-religious-freedom-into-action\/\" target=\"_blank\" rel=\"noopener\">la libert\u00e0 religiosa<\/a>.<\/li><\/ul>\n\n\n\n<p><a href=\"https:\/\/ifamnews.com\/it\/tag\/aborto\/\" target=\"_blank\" rel=\"noopener\"><strong>ABORTO <\/strong><strong>\u25ba<\/strong><strong> clicca per accedere alla sezione<\/strong><\/a><\/p>\n\n\n\n<h3 class=\"wp-block-heading\" id=\"h-francia-bioetica-e-laicismo\"><strong>Francia: bioetica e laicismo<\/strong><\/h3>\n\n\n\n<ul class=\"wp-block-list\"><li>In Francia \u00e8 iniziata la discussione finale sulla <a href=\"https:\/\/alliancevita.org\/2021\/01\/ppl-ivg-le-texte-rejete-en-commission-au-senat\/\" target=\"_blank\" rel=\"noopener\">famigerata proposta di legge in tema di bioetica<\/a>, che liberalizza ancora di pi\u00f9 l\u2019aborto, che mira all\u2019abolizione della paternit\u00e0 e che punta alla legalizzazione della maternit\u00e0 surrogata. Al contempo la <a href=\"https:\/\/lincorrect.org\/projet-de-loi-contre-le-separatisme-menace-pour-leglise-catholique-lincorrect\/\" target=\"_blank\" rel=\"noopener\">nuova legge di sapore laicista contro il cosiddetto \u00abseparatismo\u00bb<\/a> potrebbe mettere a repentaglio la libert\u00e0 religiosa e l\u2019insegnamento nelle scuole confessionali.<\/li><\/ul>\n\n\n\n<p><a href=\"https:\/\/ifamnews.com\/it\/tag\/liberta-religiosa\/\" target=\"_blank\" rel=\"noopener\"><strong>LIBERT\u00c0 RELIGIOSA <\/strong><strong>\u25ba<\/strong><strong> clicca per accedere alla sezione<\/strong><\/a><\/p>\n\n\n\n<h3 class=\"wp-block-heading\" id=\"h-italia-demografia-e-famiglia\"><strong>Italia: demografia e famiglia<\/strong><\/h3>\n\n\n\n<ul class=\"wp-block-list\"><li>Il <a href=\"https:\/\/ansa.it\/sito\/videogallery\/italia\/2021\/01\/14\/il-matrimonio-esplode-con-il-lockdown-60-in-piu-le-separazioni-nel-2020_4859359c-3255-4243-bf82-73ce9200f663.html\" target=\"_blank\" rel=\"noopener\">dato Istat<\/a> sulla crescita spaventosa delle separazioni in Italia (+60%) nel 2020 della pandemia da CoViD-19 \u00e8 una delle molte dimostrazioni dell\u2019assoluta mancanza di attenzione e di sostegno delle istituzioni e della politica alla cellula fondamentale della societ\u00e0 e del Paese.<\/li><li>Con un colpo di mano il governo italiano <a href=\"https:\/\/ifamnews.com\/it\/piccole-pelosi-crescono\/\" target=\"_blank\" rel=\"noopener\">ha abolito, nei documenti d\u2019identit\u00e0, le dizioni \u00abpadre\u00bb e \u00abmadre\u00bb<\/a>,<\/li><li>La <a href=\"https:\/\/ifamnews.com\/it\/cade-il-governo-sopra-la-famiglia\/\" target=\"_blank\" rel=\"noopener\">crisi del governo Conte II<\/a> manda in soffitta anche <a href=\"https:\/\/ifamnews.com\/it\/assegno-unico-bonetti-nessuna-famiglia-ci-rimetter-\/\" target=\"_blank\" rel=\"noopener\">l\u2019assegno unico universale<\/a>, misura <a href=\"https:\/\/ifamnews.com\/it\/assegno-unico-universale-svolta-o-fumo-negli-occhi-\/\" target=\"_blank\" rel=\"noopener\">economicamente debole<\/a>, ma concettualmente importante, che avrebbe finalmente inserito il principio di equit\u00e0 nel sistema fiscale italiano.<\/li><\/ul>\n\n\n\n<p><a href=\"https:\/\/ifamnews.com\/it\/tag\/gender\/\" target=\"_blank\" rel=\"noopener\"><strong>GENDER <\/strong><strong>\u25ba<\/strong><strong> clicca per accedere alla sezione<\/strong><\/a><\/p>\n\n\n\n<h3 class=\"wp-block-heading\" id=\"h-buone-notizie-honduras-e-lettonia\"><strong>Buone notizie: Honduras e Lettonia<\/strong><\/h3>\n\n\n\n<ul class=\"wp-block-list\"><li>L\u2019ideologia massimalista e il pensiero unico sul <em>gender<\/em> avanzano ovunque, dall\u2019<a href=\"https:\/\/ifamnews.com\/it\/victoria-una-legge-pericolosissima-contro-la-libert-\/\" target=\"_blank\" rel=\"noopener\">Australia<\/a> alla <a href=\"https:\/\/ifamnews.com\/it\/censimenti-scozzesi-senza-sesso\/\" target=\"_blank\" rel=\"noopener\">Scozia<\/a> e al <a href=\"https:\/\/ifamnews.com\/it\/lgbt-il-diritto-di-cambiare\/\" target=\"_blank\" rel=\"noopener\">Canada<\/a>. Una ideologia, questa, che mostra sempre pi\u00f9 chiaramente il volto liberticida, oppressivo e totalitario che la contraddistingue.<\/li><li>Ma anche tutto il male del mondo non pu\u00f2 sopprimere mai il buono che riesce a emergere. L&#8217;Honduras, Paese sotto l\u2019aggressione del <a href=\"https:\/\/ifamnews.com\/it\/il-cile-prova-a-liberalizzare-l-aborto\/\" target=\"_blank\" rel=\"noopener\">filoabortismo che si sta diffondendo in tutta la America Latina<\/a>, ha deciso di prevenire invece che curare. E cos\u00ec il <a href=\"https:\/\/aciprensa.com\/noticias\/proponen-reforma-constitucional-para-blindar-la-vida-en-constitucion-de-honduras-35497\" target=\"_blank\" rel=\"noopener\">vicepresidente del parlamento, Mario Alonso P\u00e9rez L\u00f3pez<\/a>, ha aperto la discussione su una modifica costituzionale che permetter\u00e0 la tutela giuridica della vita umana sin dal concepimento.<\/li><li>Analoga iniziativa ha assunto il <a href=\"https:\/\/eng.lsm.lv\/article\/politics\/saeima\/saeima-debates-definition-of-family-in-the-constitution.a388754\/\" target=\"_blank\" rel=\"noopener\">lettone Raivis Dzintars, <em>leader<\/em> del partito di centrodestra Nacion\u0101l\u0101 apvien\u012bba<\/a> (\u00abAlleanza nazionale\u00bb), che, contro il parere del governo di Riga, ha imposto la discussione costituzionale su emendamenti a tutela di matrimonio e famiglia naturale.<\/li><\/ul>\n\n\n\n<p><a href=\"https:\/\/ifamnews.com\/it\/tag\/famiglia\/\" target=\"_blank\" rel=\"noopener\"><strong>FAMIGLIA \u25ba clicca per accedere alla sezione<\/strong><\/a><\/p>\n\n\n\n<p class=\"has-small-font-size\"><em>Image source<\/em>: <a href=\"https:\/\/flickr.com\/photos\/gageskidmore\/49405107506\/\" target=\"_blank\" rel=\"noopener\">Joe Biden<\/a>, <em>photo by <\/em><a href=\"https:\/\/flickr.com\/people\/22007612@N05\" target=\"_blank\" rel=\"noopener\">Gage Skidmore<\/a> from Flickr, <em>licensed by <\/em><a href=\"https:\/\/creativecommons.org\/licenses\/by\/2.0\/\" target=\"_blank\" rel=\"noopener\">CC BY SA 2.0<\/a><\/p>\n","protected":false},"excerpt":{"rendered":"<p>I temi dominanti della settimana trascorsa<\/p>\n","protected":false},"author":54,"featured_media":47188,"comment_status":"open","ping_status":"open","sticky":false,"template":"","format":"standard","meta":{"give_campaign_id":0,"om_disable_all_campaigns":false,"_monsterinsights_skip_tracking":false,"_monsterinsights_sitenote_active":false,"_monsterinsights_sitenote_note":"","_monsterinsights_sitenote_category":0,"mc4wp_mailchimp_campaign":[],"jnews-multi-image_gallery":[],"jnews_single_post":{"subtitle":"I temi dominanti della settimana trascorsa","format":"standard","video":"","gallery":"","source_name":"","source_url":"","via_name":"","via_url":"","override":[{"single_blog_custom":"","sidebar":"","second_sidebar":"","share_position":"","share_float_style":"","post_date_format":"","post_date_format_custom":"","post_reading_time_wpm":"","zoom_button_out_step":"1","zoom_button_in_step":"1","number_popup_post":"1"}],"image_override":[{"single_post_thumbnail_size":"","single_post_gallery_size":""}],"trending_post_position":"","trending_post_label":"","sponsored_post_label":"","sponsored_post_name":"","sponsored_post_url":"","sponsored_post_logo":"","sponsored_post_desc":""},"jnews_primary_category":{"id":"6750"},"jnews_social_meta":{"fb_title":"","fb_description":"","fb_image":"","twitter_title":"","twitter_description":"","twitter_image":""},"jnews_override_counter":{"view_counter_number":"0","share_counter_number":"0","like_counter_number":"0","dislike_counter_number":"0"},"footnotes":""},"categories":[781],"tags":[8008],"class_list":["post-47186","post","type-post","status-publish","format-standard","has-post-thumbnail","hentry","category-famiglia","tag-il-sabato-del-villaggio"],"yoast_head":"<!-- This site is optimized with the Yoast SEO Premium plugin v25.9 (Yoast SEO v27.3) - https:\/\/yoast.com\/product\/yoast-seo-premium-wordpress\/ -->\n<title>Settimana 2: c\u2019\u00e8 coraggio in Honduras e Lettonia - &quot;iFamNews&quot;<\/title>\n<meta name=\"description\" content=\"I temi dominanti della settimana trascorsa\" \/>\n<meta name=\"robots\" content=\"index, follow, max-snippet:-1, max-image-preview:large, max-video-preview:-1\" \/>\n<link rel=\"canonical\" href=\"https:\/\/ifamnews.com\/it\/i-fatti-della-settimana-2-c-coraggio-in-honduras-e-lettonia\" \/>\n<meta property=\"og:locale\" content=\"it_IT\" \/>\n<meta property=\"og:type\" content=\"article\" \/>\n<meta property=\"og:title\" content=\"Settimana 2: c\u2019\u00e8 coraggio in Honduras e Lettonia\" \/>\n<meta property=\"og:description\" content=\"I temi dominanti della settimana trascorsa\" \/>\n<meta property=\"og:url\" content=\"https:\/\/ifamnews.com\/it\/i-fatti-della-settimana-2-c-coraggio-in-honduras-e-lettonia\" \/>\n<meta property=\"og:site_name\" content=\"IFN\" \/>\n<meta property=\"article:publisher\" content=\"https:\/\/www.facebook.com\/iFamNews\" \/>\n<meta property=\"article:author\" content=\"https:\/\/facebook.com\/lvolonte1\" \/>\n<meta property=\"article:published_time\" content=\"2021-01-16T05:00:00+00:00\" \/>\n<meta property=\"article:modified_time\" content=\"2021-02-24T17:29:07+00:00\" \/>\n<meta property=\"og:image\" content=\"https:\/\/ifamnews.com\/wp-content\/uploads\/2021\/01\/1200px-Joe_Biden_49405107506.jpg\" \/>\n\t<meta property=\"og:image:width\" content=\"1200\" \/>\n\t<meta property=\"og:image:height\" content=\"800\" \/>\n\t<meta property=\"og:image:type\" content=\"image\/jpeg\" \/>\n<meta name=\"author\" content=\"Luca Volont\u00e8\" \/>\n<meta name=\"twitter:card\" content=\"summary_large_image\" \/>\n<meta name=\"twitter:creator\" content=\"@https:\/\/twitter.com\/l_volonte\" \/>\n<meta name=\"twitter:site\" content=\"@iFamNewsEN\" \/>\n<meta name=\"twitter:label1\" content=\"Scritto da\" \/>\n\t<meta name=\"twitter:data1\" content=\"Luca Volont\u00e8\" \/>\n\t<meta name=\"twitter:label2\" content=\"Tempo di lettura stimato\" \/>\n\t<meta name=\"twitter:data2\" content=\"3 minuti\" \/>\n<!-- \/ Yoast SEO Premium plugin. -->","yoast_head_json":{"title":"Settimana 2: c\u2019\u00e8 coraggio in Honduras e Lettonia - \"iFamNews\"","description":"I temi dominanti della settimana trascorsa","robots":{"index":"index","follow":"follow","max-snippet":"max-snippet:-1","max-image-preview":"max-image-preview:large","max-video-preview":"max-video-preview:-1"},"canonical":"https:\/\/ifamnews.com\/it\/i-fatti-della-settimana-2-c-coraggio-in-honduras-e-lettonia","og_locale":"it_IT","og_type":"article","og_title":"Settimana 2: c\u2019\u00e8 coraggio in Honduras e Lettonia","og_description":"I temi dominanti della settimana trascorsa","og_url":"https:\/\/ifamnews.com\/it\/i-fatti-della-settimana-2-c-coraggio-in-honduras-e-lettonia","og_site_name":"IFN","article_publisher":"https:\/\/www.facebook.com\/iFamNews","article_author":"https:\/\/facebook.com\/lvolonte1","article_published_time":"2021-01-16T05:00:00+00:00","article_modified_time":"2021-02-24T17:29:07+00:00","og_image":[{"width":1200,"height":800,"url":"https:\/\/ifamnews.com\/wp-content\/uploads\/2021\/01\/1200px-Joe_Biden_49405107506.jpg","type":"image\/jpeg"}],"author":"Luca Volont\u00e8","twitter_card":"summary_large_image","twitter_creator":"@https:\/\/twitter.com\/l_volonte","twitter_site":"@iFamNewsEN","twitter_misc":{"Scritto da":"Luca Volont\u00e8","Tempo di lettura stimato":"3 minuti"},"schema":{"@context":"https:\/\/schema.org","@graph":[{"@type":"NewsArticle","@id":"https:\/\/ifamnews.com\/it\/i-fatti-della-settimana-2-c-coraggio-in-honduras-e-lettonia#article","isPartOf":{"@id":"https:\/\/ifamnews.com\/it\/i-fatti-della-settimana-2-c-coraggio-in-honduras-e-lettonia"},"author":{"name":"Luca Volont\u00e8","@id":"https:\/\/ifamnews.com\/en\/#\/schema\/person\/bed5b7c6161f317421caa94dc3be6a53"},"headline":"Settimana 2: c\u2019\u00e8 coraggio in Honduras e Lettonia","datePublished":"2021-01-16T05:00:00+00:00","dateModified":"2021-02-24T17:29:07+00:00","mainEntityOfPage":{"@id":"https:\/\/ifamnews.com\/it\/i-fatti-della-settimana-2-c-coraggio-in-honduras-e-lettonia"},"wordCount":575,"commentCount":0,"publisher":{"@id":"https:\/\/ifamnews.com\/en\/#organization"},"image":{"@id":"https:\/\/ifamnews.com\/it\/i-fatti-della-settimana-2-c-coraggio-in-honduras-e-lettonia#primaryimage"},"thumbnailUrl":"https:\/\/ifamnews.com\/wp-content\/uploads\/2021\/01\/1200px-Joe_Biden_49405107506.jpg","keywords":["Il sabato del villaggio"],"articleSection":["Famiglia"],"inLanguage":"it-IT","potentialAction":[{"@type":"CommentAction","name":"Comment","target":["https:\/\/ifamnews.com\/it\/i-fatti-della-settimana-2-c-coraggio-in-honduras-e-lettonia#respond"]}]},{"@type":"WebPage","@id":"https:\/\/ifamnews.com\/it\/i-fatti-della-settimana-2-c-coraggio-in-honduras-e-lettonia","url":"https:\/\/ifamnews.com\/it\/i-fatti-della-settimana-2-c-coraggio-in-honduras-e-lettonia","name":"Settimana 2: c\u2019\u00e8 coraggio in Honduras e Lettonia - \"iFamNews\"","isPartOf":{"@id":"https:\/\/ifamnews.com\/en\/#website"},"primaryImageOfPage":{"@id":"https:\/\/ifamnews.com\/it\/i-fatti-della-settimana-2-c-coraggio-in-honduras-e-lettonia#primaryimage"},"image":{"@id":"https:\/\/ifamnews.com\/it\/i-fatti-della-settimana-2-c-coraggio-in-honduras-e-lettonia#primaryimage"},"thumbnailUrl":"https:\/\/ifamnews.com\/wp-content\/uploads\/2021\/01\/1200px-Joe_Biden_49405107506.jpg","datePublished":"2021-01-16T05:00:00+00:00","dateModified":"2021-02-24T17:29:07+00:00","description":"I temi dominanti della settimana trascorsa","breadcrumb":{"@id":"https:\/\/ifamnews.com\/it\/i-fatti-della-settimana-2-c-coraggio-in-honduras-e-lettonia#breadcrumb"},"inLanguage":"it-IT","potentialAction":[{"@type":"ReadAction","target":["https:\/\/ifamnews.com\/it\/i-fatti-della-settimana-2-c-coraggio-in-honduras-e-lettonia"]}]},{"@type":"ImageObject","inLanguage":"it-IT","@id":"https:\/\/ifamnews.com\/it\/i-fatti-della-settimana-2-c-coraggio-in-honduras-e-lettonia#primaryimage","url":"https:\/\/ifamnews.com\/wp-content\/uploads\/2021\/01\/1200px-Joe_Biden_49405107506.jpg","contentUrl":"https:\/\/ifamnews.com\/wp-content\/uploads\/2021\/01\/1200px-Joe_Biden_49405107506.jpg","width":1200,"height":800,"caption":"Il presidente Joe Biden"},{"@type":"BreadcrumbList","@id":"https:\/\/ifamnews.com\/it\/i-fatti-della-settimana-2-c-coraggio-in-honduras-e-lettonia#breadcrumb","itemListElement":[{"@type":"ListItem","position":1,"name":"Home","item":"https:\/\/ifamnews.com\/de"},{"@type":"ListItem","position":2,"name":"Famiglia","item":"https:\/\/ifamnews.com\/it\/categoria\/famiglia"},{"@type":"ListItem","position":3,"name":"Settimana 2: c\u2019\u00e8 coraggio in Honduras e Lettonia"}]},{"@type":"WebSite","@id":"https:\/\/ifamnews.com\/en\/#website","url":"https:\/\/ifamnews.com\/en\/","name":"IFN","description":"International Family News Network","publisher":{"@id":"https:\/\/ifamnews.com\/en\/#organization"},"potentialAction":[{"@type":"SearchAction","target":{"@type":"EntryPoint","urlTemplate":"https:\/\/ifamnews.com\/en\/?s={search_term_string}"},"query-input":{"@type":"PropertyValueSpecification","valueRequired":true,"valueName":"search_term_string"}}],"inLanguage":"it-IT"},{"@type":"Organization","@id":"https:\/\/ifamnews.com\/en\/#organization","name":"iFamNews","url":"https:\/\/ifamnews.com\/en\/","logo":{"@type":"ImageObject","inLanguage":"it-IT","@id":"https:\/\/ifamnews.com\/en\/#\/schema\/logo\/image\/","url":"https:\/\/ifamnews.com\/wp-content\/uploads\/2020\/01\/Share-logo.png","contentUrl":"https:\/\/ifamnews.com\/wp-content\/uploads\/2020\/01\/Share-logo.png","width":200,"height":200,"caption":"iFamNews"},"image":{"@id":"https:\/\/ifamnews.com\/en\/#\/schema\/logo\/image\/"},"sameAs":["https:\/\/www.facebook.com\/iFamNews","https:\/\/x.com\/iFamNewsEN"]},{"@type":"Person","@id":"https:\/\/ifamnews.com\/en\/#\/schema\/person\/bed5b7c6161f317421caa94dc3be6a53","name":"Luca Volont\u00e8","image":{"@type":"ImageObject","inLanguage":"it-IT","@id":"https:\/\/secure.gravatar.com\/avatar\/354ed6bca06f9968278e6eb25fa8a123306c69f5c50f711836cf12e6c8ecbbf6?s=96&d=mm&r=g","url":"https:\/\/secure.gravatar.com\/avatar\/354ed6bca06f9968278e6eb25fa8a123306c69f5c50f711836cf12e6c8ecbbf6?s=96&d=mm&r=g","contentUrl":"https:\/\/secure.gravatar.com\/avatar\/354ed6bca06f9968278e6eb25fa8a123306c69f5c50f711836cf12e6c8ecbbf6?s=96&d=mm&r=g","caption":"Luca Volont\u00e8"},"description":"Luca Volont\u00e8 was an Italian parliamentarian from 1996 to 2013, and served as president of the PPE-CD at the Assembly of the Council of Europe. Publicly engaged for decades in the promotion of life, family and religious and educational freedom, Luca\u00a0 has served as a board member for various international organizations promoting Christian values and human rights, including his current role as a board member of the International Organization for the Family. He has authored books and essays for the Novae Terrae series by the publisher Rubbettino; he has been a correspondent for several Italian newspapers, and currently collaborates with La nuova Bussola Quotidiana, an online newspaper. He is a also a great bicycle enthusiast.","sameAs":["https:\/\/facebook.com\/lvolonte1","https:\/\/x.com\/https:\/\/twitter.com\/l_volonte"],"url":"https:\/\/ifamnews.com\/it\/author\/lvolonte"}]}},"amp_enabled":true,"_links":{"self":[{"href":"https:\/\/ifamnews.com\/it\/wp-json\/wp\/v2\/posts\/47186","targetHints":{"allow":["GET"]}}],"collection":[{"href":"https:\/\/ifamnews.com\/it\/wp-json\/wp\/v2\/posts"}],"about":[{"href":"https:\/\/ifamnews.com\/it\/wp-json\/wp\/v2\/types\/post"}],"author":[{"embeddable":true,"href":"https:\/\/ifamnews.com\/it\/wp-json\/wp\/v2\/users\/54"}],"replies":[{"embeddable":true,"href":"https:\/\/ifamnews.com\/it\/wp-json\/wp\/v2\/comments?post=47186"}],"version-history":[{"count":5,"href":"https:\/\/ifamnews.com\/it\/wp-json\/wp\/v2\/posts\/47186\/revisions"}],"predecessor-version":[{"id":56297,"href":"https:\/\/ifamnews.com\/it\/wp-json\/wp\/v2\/posts\/47186\/revisions\/56297"}],"wp:featuredmedia":[{"embeddable":true,"href":"https:\/\/ifamnews.com\/it\/wp-json\/wp\/v2\/media\/47188"}],"wp:attachment":[{"href":"https:\/\/ifamnews.com\/it\/wp-json\/wp\/v2\/media?parent=47186"}],"wp:term":[{"taxonomy":"category","embeddable":true,"href":"https:\/\/ifamnews.com\/it\/wp-json\/wp\/v2\/categories?post=47186"},{"taxonomy":"post_tag","embeddable":true,"href":"https:\/\/ifamnews.com\/it\/wp-json\/wp\/v2\/tags?post=47186"}],"curies":[{"name":"wp","href":"https:\/\/api.w.org\/{rel}","templated":true}]}}