{"id":46489,"date":"2021-01-14T00:00:00","date_gmt":"2021-01-14T05:00:00","guid":{"rendered":"https:\/\/ifamnews.com\/?p=46489"},"modified":"2021-01-29T07:17:06","modified_gmt":"2021-01-29T12:17:06","slug":"il-massacro-dei-cristiani-aumenta-col-covid-19","status":"publish","type":"post","link":"https:\/\/ifamnews.com\/it\/il-massacro-dei-cristiani-aumenta-col-covid-19","title":{"rendered":"La cristianofobia aumenta con il CoViD-19"},"content":{"rendered":"<p class=\"last-updated\">Last updated on Gennaio 29th, 2021 at 07:17 am<\/p>\n<p>Nel mondo post-CoViD-19 \u00e8 andato tutto male sul fronte della persecuzione dei cristiani. Lo dicono i numeri pubblicati sulla <a href=\"https:\/\/porteaperteitalia.org\/\" target=\"_blank\" rel=\"noopener\">World Watch List 2021, presentata ieri alla Camera dei Deputati dalla Ong \u00abPorte Aperte\u00bb<\/a>. Cresce l\u2019odio nei confronti dei seguaci di Cristo: oltre 340 milioni di loro sperimentano un livello alto di persecuzione e discriminazione (1 cristiano su 8). E salgono da 260 a 309 milioni coloro che sperimentano un livello definito \u00abmolto alto o estremo\u00bb di persecuzione. Segno pi\u00f9 anche per quanto riguarda gli omicidi: 4.761 i cristiani uccisi per motivi legati alla fede.<\/p>\n\n\n\n<h3 class=\"wp-block-heading\" id=\"h-gli-ultimi-della-fila\"><strong>\u00abGli ultimi della fila\u00bb<\/strong><\/h3>\n\n\n\n<p>Cristian Nani, direttore di \u00abPorte Aperte\u00bb Italia, ha evidenziato come l\u2019emergenza sanitaria abbia esacerbato la vulnerabilit\u00e0 delle minoranze cristiane, offrendo il pretesto per discriminazioni ulteriori. \u00abSono aumentate, per esempio, le violenze domestiche\u00bb. Nani pone del resto l\u2019accento sulle donne convertite al cristianesimo, malgrado l\u2019opposizione dei familiari, che in questo periodo di restrizioni sono state costrette a un confinamento deleterio. Il responsabile della Ong racconta quindi come in alcuni Paesi, per esempio l\u2019India, durante la crisi in atto i cristiani siano stati cacciati dai centri di distribuzione degli aiuti, riducendo allo stremo famiglie intere. \u00abVengono considerati gli ultimi della fila\u00bb, dice evocativamente Nani.<\/p>\n\n\n\n<h3 class=\"wp-block-heading\" id=\"h-nazionalismo-religioso\"><strong>Nazionalismo religioso<\/strong><\/h3>\n\n\n\n<p>L&#8217;India, come la Turchia, vive peraltro una fase di recrudescenza del nazionalismo religioso, denuncia la Ong, altra spia, questa, della difficile situazione dei cristiani, plasticamente rappresentata dalla trasformazione, a Istanbul, della cattedrale di Santa Sofia di nuovo <a href=\"https:\/\/vaticannews.va\/it\/mondo\/news\/2020-07\/santa-sofia-conversione-moschea-turchia.html\" target=\"_blank\" rel=\"noopener\">in moschea<\/a>. Ma non \u00e8 soltanto una questione di simboli. Sulla Turchia \u00abPorte Aperte\u00bb fa pendere l\u2019accusa di \u00ab<a href=\"https:\/\/it.insideover.com\/guerra\/loffensiva-di-tripoli-appoggiata-da-turchi-e-jihadisti.html\" target=\"_blank\" rel=\"noopener\">avere introdotto in Libia<\/a> pi\u00f9 di 4mila jihadisti siriani\u00bb. E il Paese nordafricano, a pochi chilometri dalle coste siciliane, \u00e8 diventato uno dei luoghi pi\u00f9 pericolosi per i cristiani.<\/p>\n\n\n\n<h3 class=\"wp-block-heading\" id=\"h-africa-terra-di-massacri\"><strong>Africa terra di massacri<\/strong><\/h3>\n\n\n\n<p>Il terrorismo islamico \u00e8 una delle principali fonti di persecuzione dei cristiani. Il fenomeno, rileva Nani, \u00abcresce nell\u2019Africa sub-sahariana\u00bb, come dimostrano le posizioni scalate, nella classifica della World Watch List, da Paesi come Repubblica Democratica del Congo, Mozambico, Kenya, Camerun e <a href=\"https:\/\/ifamnews.com\/it\/cresce-il-virus-della-persecuzione-dei-cristiani\/\" target=\"_blank\" rel=\"noopener\">Nigeria<\/a>, dove imperversano Fulani, Boko Haram e il gruppo fuoriuscito da esso, lo Stato Islamico dell\u2019Africa Occidentale (ISWAP). 8 nazioni africane figurano nella <em>top <\/em>10 dei Paesi con pi\u00f9 uccisioni di cristiani. In generale, crescono del 60% gli omicidi di cristiani in odio alla fede.<\/p>\n\n\n\n<h3 class=\"wp-block-heading\" id=\"h-distopia\"><strong>Distopia<\/strong><\/h3>\n\n\n\n<p>E non c&#8217;\u00e8 riparo nelle nuove tecnologie, anzi. In Cina, denuncia l\u2019Ong, \u00abper i suoi 97 milioni di cristiani, il costo delle pesanti restrizioni \u00e8 alto\u00bb. Nel rapporto si fa riferimento a \u00absistemi di sorveglianza che li riesce a raggiungere sin dentro casa, monitorando le interazioni<em> online <\/em>e <em>offline<\/em>, e persino la scansione facciale nel <em>database<\/em> della Pubblica Sicurezza\u00bb. Dei circa 570 milioni di telecamere a circuito chiuso installate in Cina, milioni avrebbero un avanzato <em>software<\/em> di riconoscimento facciale collegato al <a href=\"https:\/\/geopolitica.info\/il-sistema-del-credito-sociale-in-cina\/\" target=\"_blank\" rel=\"noopener\">\u00abSistema di Credito Sociale\u00bb<\/a>. Il quale \u00abmonitora anche la \u201clealt\u00e0\u201d percepita e qualsiasi dissenso dal credo comunista\u00bb. Sistemi di sorveglianza sarebbero in vigore anche in India, dove appartenenti a minoranze religiose temono che alcune <em>app<\/em> \u00abpossano avere funzioni differenti rispetto a quelle dichiarate\u00bb, ovvero combattere il CoViD-19.<\/p>\n\n\n\n<h3 class=\"wp-block-heading\" id=\"h-trattati-bilaterali\"><strong>Trattati bilaterali<\/strong><\/h3>\n\n\n\n<p>Sul triste podio dei Paesi che perseguitano di pi\u00f9, \u00abPorte Aperte\u00bb mette nell\u2019ordine Corea del Nord, Afghanistan e Somalia. Seguono Libia, Pakistan, Eritrea, Yemen, Iran, Nigeria, India, Iraq. Nel corso della presentazione di ieri \u00e8 intervenuto <a href=\"https:\/\/ifamnews.com\/it\/cristiani-perseguitati-la-denuncia-di-ifamnews-arriva-a-di-maio\/\" target=\"_blank\" rel=\"noopener\">Andrea Delmastro<\/a>, deputato di Fratelli d\u2019Italia e presidente dell\u2019Intergruppo parlamentare per la difesa della libert\u00e0 religiosa dei cristiani nel mondo. \u00abRiteniamo fondamentale inserire il tema del rispetto delle minoranze religiose in ogni trattato bilaterale che coinvolge l\u2019Italia\u00bb, dichiara. \u00abDobbiamo pretendere maggiore rispetto della libert\u00e0 religiosa perch\u00e9 difendere la cristianit\u00e0 vuol dire difendere la libert\u00e0 religiosa e, per il tramite della libert\u00e0 religiosa, difendere tutte le altre libert\u00e0\u00bb.<\/p>\n\n\n\n<h3 class=\"wp-block-heading\" id=\"h-flebili-luci\"><strong>Flebili luci<\/strong><\/h3>\n\n\n\n<p>\u00c8 andato tutto male per i cristiani perseguitati, si diceva. O quasi. La World Watch List 2021 annovera anche qualche notizia positiva: il Sudan ha abolito la pena di morte per apostasia e in Iraq un gruppo di giovani musulmani ha ripulito, dal 2017, chiese e case distrutte dall\u2019ISIS, dicendo di voler cos\u00ec incoraggiare i cristiani sfollati a tornare nel Paese. Flebili luci nella notte.<\/p>\n\n\n\n<p class=\"has-small-font-size\"><em>Image source<\/em>: <a href=\"https:\/\/commons.wikimedia.org\/wiki\/File:Buergbrennen_02_Bivels_Luxembourg.jpg\" target=\"_blank\" rel=\"noopener\">Buergbrennen 02 Bivels Luxembourg<\/a>,&nbsp;<em>photo by&nbsp;<\/em>Armand Wagner from Wikimedia Commons, self-published work,&nbsp;<em>licensed by<\/em>&nbsp;<a href=\"https:\/\/creativecommons.org\/licenses\/by\/3.0\/deed.en\" target=\"_blank\" rel=\"noopener\">CC-BY-3.0<\/a><\/p>\n\n\n\n<p><\/p>\n\n\n\n<div class=\"wp-block-image\"><figure class=\"aligncenter size-large\"><img decoding=\"async\" width=\"1024\" height=\"576\" src=\"https:\/\/ifamnews.com\/wp-content\/uploads\/2021\/01\/Camera-Deputati-1024x576.jpg\" alt=\"\" class=\"wp-image-46498\" srcset=\"https:\/\/ifamnews.com\/wp-content\/uploads\/2021\/01\/Camera-Deputati-1024x576.jpg 1024w, https:\/\/ifamnews.com\/wp-content\/uploads\/2021\/01\/Camera-Deputati-768x432.jpg 768w, https:\/\/ifamnews.com\/wp-content\/uploads\/2021\/01\/Camera-Deputati-750x422.jpg 750w, https:\/\/ifamnews.com\/wp-content\/uploads\/2021\/01\/Camera-Deputati-1140x641.jpg 1140w, https:\/\/ifamnews.com\/wp-content\/uploads\/2021\/01\/Camera-Deputati.jpg 1200w\" sizes=\"(max-width: 1024px) 100vw, 1024px\" \/><figcaption>La sala stampa della Camera dei deputati, sede della presentazione<\/figcaption><\/figure><\/div>\n\n\n\n<p class=\"has-small-font-size\"><\/p>\n","protected":false},"excerpt":{"rendered":"<p>Il rapporto di \u00abPorte Aperte\u00bb. Delmastro (FdI): \u00abStop trattati con persecutori\u00bb<\/p>\n","protected":false},"author":15,"featured_media":46480,"comment_status":"open","ping_status":"open","sticky":false,"template":"","format":"standard","meta":{"give_campaign_id":0,"om_disable_all_campaigns":false,"_monsterinsights_skip_tracking":false,"_monsterinsights_sitenote_active":false,"_monsterinsights_sitenote_note":"","_monsterinsights_sitenote_category":0,"mc4wp_mailchimp_campaign":[],"jnews-multi-image_gallery":[],"jnews_single_post":{"subtitle":"Il rapporto di \u00abPorte Aperte\u00bb. Delmastro (FdI): \u00abStop trattati con persecutori\u00bb","format":"standard","video":"","gallery":"","source_name":"","source_url":"","via_name":"","via_url":"","override":[{"single_blog_custom":"","sidebar":"","second_sidebar":"","share_position":"","share_float_style":"","post_date_format":"","post_date_format_custom":"","post_reading_time_wpm":"","zoom_button_out_step":"1","zoom_button_in_step":"1","number_popup_post":"1"}],"image_override":[{"single_post_thumbnail_size":"","single_post_gallery_size":""}],"trending_post_position":"","trending_post_label":"","sponsored_post_label":"","sponsored_post_name":"","sponsored_post_url":"","sponsored_post_logo":"","sponsored_post_desc":""},"jnews_primary_category":{"id":"764"},"jnews_social_meta":{"fb_title":"","fb_description":"","fb_image":"","twitter_title":"","twitter_description":"","twitter_image":""},"jnews_override_counter":{"view_counter_number":"0","share_counter_number":"0","like_counter_number":"0","dislike_counter_number":"0"},"footnotes":""},"categories":[764],"tags":[1957,1962,7993],"class_list":["post-46489","post","type-post","status-publish","format-standard","has-post-thumbnail","hentry","category-cultura","tag-cristianofobia","tag-liberta-religiosa","tag-vetrina"],"yoast_head":"<!-- This site is optimized with the Yoast SEO Premium plugin v25.9 (Yoast SEO v27.3) - https:\/\/yoast.com\/product\/yoast-seo-premium-wordpress\/ -->\n<title>La cristianofobia aumenta con il CoViD-19 - &quot;iFamNews&quot;<\/title>\n<meta name=\"description\" content=\"Presentato il rapporto di \u00abPorte Aperte\u00bb: aumentano i cristiani perseguitati. Delmastro (FdI): \u00abStop trattati con persecutori\u00bb\" \/>\n<meta name=\"robots\" content=\"index, follow, max-snippet:-1, max-image-preview:large, max-video-preview:-1\" \/>\n<link rel=\"canonical\" href=\"https:\/\/ifamnews.com\/it\/il-massacro-dei-cristiani-aumenta-col-covid-19\" \/>\n<meta property=\"og:locale\" content=\"it_IT\" \/>\n<meta property=\"og:type\" content=\"article\" \/>\n<meta property=\"og:title\" content=\"La cristianofobia aumenta con il CoViD-19\" \/>\n<meta property=\"og:description\" content=\"Presentato il rapporto di \u00abPorte Aperte\u00bb: aumentano i cristiani perseguitati. Delmastro (FdI): \u00abStop trattati con persecutori\u00bb\" \/>\n<meta property=\"og:url\" content=\"https:\/\/ifamnews.com\/it\/il-massacro-dei-cristiani-aumenta-col-covid-19\" \/>\n<meta property=\"og:site_name\" content=\"IFN\" \/>\n<meta property=\"article:publisher\" content=\"https:\/\/www.facebook.com\/iFamNews\" \/>\n<meta property=\"article:published_time\" content=\"2021-01-14T05:00:00+00:00\" \/>\n<meta property=\"article:modified_time\" content=\"2021-01-29T12:17:06+00:00\" \/>\n<meta property=\"og:image\" content=\"https:\/\/ifamnews.com\/wp-content\/uploads\/2021\/01\/Image-from-Wikimedia-Commons-1.jpg\" \/>\n\t<meta property=\"og:image:width\" content=\"2368\" \/>\n\t<meta property=\"og:image:height\" content=\"1579\" \/>\n\t<meta property=\"og:image:type\" content=\"image\/jpeg\" \/>\n<meta name=\"author\" content=\"Federico Cenci\" \/>\n<meta name=\"twitter:card\" content=\"summary_large_image\" \/>\n<meta name=\"twitter:creator\" content=\"@https:\/\/twitter.com\/fedecenci\" \/>\n<meta name=\"twitter:site\" content=\"@iFamNewsEN\" \/>\n<meta name=\"twitter:label1\" content=\"Scritto da\" \/>\n\t<meta name=\"twitter:data1\" content=\"Federico Cenci\" \/>\n\t<meta name=\"twitter:label2\" content=\"Tempo di lettura stimato\" \/>\n\t<meta name=\"twitter:data2\" content=\"4 minuti\" \/>\n<!-- \/ Yoast SEO Premium plugin. -->","yoast_head_json":{"title":"La cristianofobia aumenta con il CoViD-19 - \"iFamNews\"","description":"Presentato il rapporto di \u00abPorte Aperte\u00bb: aumentano i cristiani perseguitati. Delmastro (FdI): \u00abStop trattati con persecutori\u00bb","robots":{"index":"index","follow":"follow","max-snippet":"max-snippet:-1","max-image-preview":"max-image-preview:large","max-video-preview":"max-video-preview:-1"},"canonical":"https:\/\/ifamnews.com\/it\/il-massacro-dei-cristiani-aumenta-col-covid-19","og_locale":"it_IT","og_type":"article","og_title":"La cristianofobia aumenta con il CoViD-19","og_description":"Presentato il rapporto di \u00abPorte Aperte\u00bb: aumentano i cristiani perseguitati. Delmastro (FdI): \u00abStop trattati con persecutori\u00bb","og_url":"https:\/\/ifamnews.com\/it\/il-massacro-dei-cristiani-aumenta-col-covid-19","og_site_name":"IFN","article_publisher":"https:\/\/www.facebook.com\/iFamNews","article_published_time":"2021-01-14T05:00:00+00:00","article_modified_time":"2021-01-29T12:17:06+00:00","og_image":[{"width":2368,"height":1579,"url":"https:\/\/ifamnews.com\/wp-content\/uploads\/2021\/01\/Image-from-Wikimedia-Commons-1.jpg","type":"image\/jpeg"}],"author":"Federico Cenci","twitter_card":"summary_large_image","twitter_creator":"@https:\/\/twitter.com\/fedecenci","twitter_site":"@iFamNewsEN","twitter_misc":{"Scritto da":"Federico Cenci","Tempo di lettura stimato":"4 minuti"},"schema":{"@context":"https:\/\/schema.org","@graph":[{"@type":"NewsArticle","@id":"https:\/\/ifamnews.com\/it\/il-massacro-dei-cristiani-aumenta-col-covid-19#article","isPartOf":{"@id":"https:\/\/ifamnews.com\/it\/il-massacro-dei-cristiani-aumenta-col-covid-19"},"author":{"name":"Federico Cenci","@id":"https:\/\/ifamnews.com\/en\/#\/schema\/person\/555378c4ec9e01d40ab9f2b5cee0c318"},"headline":"La cristianofobia aumenta con il CoViD-19","datePublished":"2021-01-14T05:00:00+00:00","dateModified":"2021-01-29T12:17:06+00:00","mainEntityOfPage":{"@id":"https:\/\/ifamnews.com\/it\/il-massacro-dei-cristiani-aumenta-col-covid-19"},"wordCount":708,"commentCount":0,"publisher":{"@id":"https:\/\/ifamnews.com\/en\/#organization"},"image":{"@id":"https:\/\/ifamnews.com\/it\/il-massacro-dei-cristiani-aumenta-col-covid-19#primaryimage"},"thumbnailUrl":"https:\/\/ifamnews.com\/wp-content\/uploads\/2021\/01\/Image-from-Wikimedia-Commons-1.jpg","keywords":["Cristianofobia","Libert\u00e0 religiosa","Vetrina"],"articleSection":["Cultura"],"inLanguage":"it-IT","potentialAction":[{"@type":"CommentAction","name":"Comment","target":["https:\/\/ifamnews.com\/it\/il-massacro-dei-cristiani-aumenta-col-covid-19#respond"]}]},{"@type":"WebPage","@id":"https:\/\/ifamnews.com\/it\/il-massacro-dei-cristiani-aumenta-col-covid-19","url":"https:\/\/ifamnews.com\/it\/il-massacro-dei-cristiani-aumenta-col-covid-19","name":"La cristianofobia aumenta con il CoViD-19 - \"iFamNews\"","isPartOf":{"@id":"https:\/\/ifamnews.com\/en\/#website"},"primaryImageOfPage":{"@id":"https:\/\/ifamnews.com\/it\/il-massacro-dei-cristiani-aumenta-col-covid-19#primaryimage"},"image":{"@id":"https:\/\/ifamnews.com\/it\/il-massacro-dei-cristiani-aumenta-col-covid-19#primaryimage"},"thumbnailUrl":"https:\/\/ifamnews.com\/wp-content\/uploads\/2021\/01\/Image-from-Wikimedia-Commons-1.jpg","datePublished":"2021-01-14T05:00:00+00:00","dateModified":"2021-01-29T12:17:06+00:00","description":"Presentato il rapporto di \u00abPorte Aperte\u00bb: aumentano i cristiani perseguitati. Delmastro (FdI): \u00abStop trattati con persecutori\u00bb","breadcrumb":{"@id":"https:\/\/ifamnews.com\/it\/il-massacro-dei-cristiani-aumenta-col-covid-19#breadcrumb"},"inLanguage":"it-IT","potentialAction":[{"@type":"ReadAction","target":["https:\/\/ifamnews.com\/it\/il-massacro-dei-cristiani-aumenta-col-covid-19"]}]},{"@type":"ImageObject","inLanguage":"it-IT","@id":"https:\/\/ifamnews.com\/it\/il-massacro-dei-cristiani-aumenta-col-covid-19#primaryimage","url":"https:\/\/ifamnews.com\/wp-content\/uploads\/2021\/01\/Image-from-Wikimedia-Commons-1.jpg","contentUrl":"https:\/\/ifamnews.com\/wp-content\/uploads\/2021\/01\/Image-from-Wikimedia-Commons-1.jpg","width":2368,"height":1579,"caption":"Image from Wikimedia Commons"},{"@type":"BreadcrumbList","@id":"https:\/\/ifamnews.com\/it\/il-massacro-dei-cristiani-aumenta-col-covid-19#breadcrumb","itemListElement":[{"@type":"ListItem","position":1,"name":"Home","item":"https:\/\/ifamnews.com\/de"},{"@type":"ListItem","position":2,"name":"Cultura","item":"https:\/\/ifamnews.com\/it\/categoria\/cultura"},{"@type":"ListItem","position":3,"name":"La cristianofobia aumenta con il CoViD-19"}]},{"@type":"WebSite","@id":"https:\/\/ifamnews.com\/en\/#website","url":"https:\/\/ifamnews.com\/en\/","name":"IFN","description":"International Family News Network","publisher":{"@id":"https:\/\/ifamnews.com\/en\/#organization"},"potentialAction":[{"@type":"SearchAction","target":{"@type":"EntryPoint","urlTemplate":"https:\/\/ifamnews.com\/en\/?s={search_term_string}"},"query-input":{"@type":"PropertyValueSpecification","valueRequired":true,"valueName":"search_term_string"}}],"inLanguage":"it-IT"},{"@type":"Organization","@id":"https:\/\/ifamnews.com\/en\/#organization","name":"iFamNews","url":"https:\/\/ifamnews.com\/en\/","logo":{"@type":"ImageObject","inLanguage":"it-IT","@id":"https:\/\/ifamnews.com\/en\/#\/schema\/logo\/image\/","url":"https:\/\/ifamnews.com\/wp-content\/uploads\/2020\/01\/Share-logo.png","contentUrl":"https:\/\/ifamnews.com\/wp-content\/uploads\/2020\/01\/Share-logo.png","width":200,"height":200,"caption":"iFamNews"},"image":{"@id":"https:\/\/ifamnews.com\/en\/#\/schema\/logo\/image\/"},"sameAs":["https:\/\/www.facebook.com\/iFamNews","https:\/\/x.com\/iFamNewsEN"]},{"@type":"Person","@id":"https:\/\/ifamnews.com\/en\/#\/schema\/person\/555378c4ec9e01d40ab9f2b5cee0c318","name":"Federico Cenci","image":{"@type":"ImageObject","inLanguage":"it-IT","@id":"https:\/\/secure.gravatar.com\/avatar\/535f77b8447d05f39d4ca941654f7a7b7d712f3d72f0b4b185747785f5a8e745?s=96&d=mm&r=g","url":"https:\/\/secure.gravatar.com\/avatar\/535f77b8447d05f39d4ca941654f7a7b7d712f3d72f0b4b185747785f5a8e745?s=96&d=mm&r=g","contentUrl":"https:\/\/secure.gravatar.com\/avatar\/535f77b8447d05f39d4ca941654f7a7b7d712f3d72f0b4b185747785f5a8e745?s=96&d=mm&r=g","caption":"Federico Cenci"},"description":"Federico Cenci worked from 2013 to 2017 at the Catholic Zenit press agency dealing with social and religious issues, bioethics, family policies, as well as domestic and international politics. He then continued his business with In Terris, and currently with various newspapers and periodicals. In 2020 he wrote the novel \"East Berlin 2.0 - Notes between dystopia and reality\"","sameAs":["https:\/\/x.com\/https:\/\/twitter.com\/fedecenci"],"url":"https:\/\/ifamnews.com\/it\/author\/fcenci"}]}},"amp_enabled":true,"_links":{"self":[{"href":"https:\/\/ifamnews.com\/it\/wp-json\/wp\/v2\/posts\/46489","targetHints":{"allow":["GET"]}}],"collection":[{"href":"https:\/\/ifamnews.com\/it\/wp-json\/wp\/v2\/posts"}],"about":[{"href":"https:\/\/ifamnews.com\/it\/wp-json\/wp\/v2\/types\/post"}],"author":[{"embeddable":true,"href":"https:\/\/ifamnews.com\/it\/wp-json\/wp\/v2\/users\/15"}],"replies":[{"embeddable":true,"href":"https:\/\/ifamnews.com\/it\/wp-json\/wp\/v2\/comments?post=46489"}],"version-history":[{"count":5,"href":"https:\/\/ifamnews.com\/it\/wp-json\/wp\/v2\/posts\/46489\/revisions"}],"predecessor-version":[{"id":47136,"href":"https:\/\/ifamnews.com\/it\/wp-json\/wp\/v2\/posts\/46489\/revisions\/47136"}],"wp:featuredmedia":[{"embeddable":true,"href":"https:\/\/ifamnews.com\/it\/wp-json\/wp\/v2\/media\/46480"}],"wp:attachment":[{"href":"https:\/\/ifamnews.com\/it\/wp-json\/wp\/v2\/media?parent=46489"}],"wp:term":[{"taxonomy":"category","embeddable":true,"href":"https:\/\/ifamnews.com\/it\/wp-json\/wp\/v2\/categories?post=46489"},{"taxonomy":"post_tag","embeddable":true,"href":"https:\/\/ifamnews.com\/it\/wp-json\/wp\/v2\/tags?post=46489"}],"curies":[{"name":"wp","href":"https:\/\/api.w.org\/{rel}","templated":true}]}}