{"id":45381,"date":"2021-01-08T00:00:00","date_gmt":"2021-01-08T05:00:00","guid":{"rendered":"https:\/\/ifamnews.com\/?p=45381"},"modified":"2021-01-28T13:05:49","modified_gmt":"2021-01-28T18:05:49","slug":"i-due-corpi-di-trump","status":"publish","type":"post","link":"https:\/\/ifamnews.com\/it\/i-due-corpi-di-trump","title":{"rendered":"I due corpi di Trump"},"content":{"rendered":"<p class=\"last-updated\">Last updated on Gennaio 28th, 2021 at 01:05 pm<\/p>\n<p>Un presidente vince le elezioni negli Stati Uniti d\u2019America. I suoi rivali non accettano l\u2019esito delle urne e lo dichiarano illegittimo. Frotte di violenti mascherati danno l\u2019assalto. Ci sono vittime. Ma questo non ferma chi \u00e8 convinto che le elezioni siano state rubate.<\/p>\n\n\n\n<p>\u00c8 quello che succede negli Stati Uniti d\u2019America dal 9 novembre 2016, il giorno il voto popolare che ha poi dato la vittoria elettorale a Donald J. Trump, e quello che \u00e8 successo il 6 gennaio 2021, davanti al conteggio dei voti con cui, il 14 dicembre, il Collegio Elettorale ha eletto Joe Biden. La stessa identica cosa, con le stesse frange estremiste, con le stesse violenze, con i morti, con la democrazia vulnerata. Tutto uguale. Tranne i commenti che da ore e ore si rincorrono identici. Dirette interminabili e vuote su quattro anni di destabilizzazione orchestrata e finanziata non le abbiamo mai viste. Quattro anni di delegittimazione, insulti, ingiurie, improperi, citt\u00e0 a ferro e a fuoco, violenze, distruzioni, morti e polizia allora assassina e adesso immacolata, scandali inesistenti, \u00abRussiagate\u00bb inventati, indagini FBI sbugiardate dalla stessa FBI comunque non condiscendente, ridicoli processi di <em>impeachment<\/em> finiti prima ancora di iniziare sono stati sbianchettati senza che nessuno alzasse un dito.<\/p>\n\n\n\n<p>Proprio oggi \u201ciFamNews\u201d racconta quanto siano democratici i democratici che hanno aperto le danze dei disordini con molto anticipo, luned\u00ec, <a href=\"https:\/\/ifamnews.com\/it\/il-fascismo-degli-antifa\/\" target=\"_blank\" rel=\"noopener\">assalendo la casa del senatore Repubblicano Josh Hawley<\/a> e restiamo tra i pochissimi a farlo.<\/p>\n\n\n\n<h3 class=\"wp-block-heading\" id=\"h-la-gaffe-di-la7\"><strong>La <em>gaffe<\/em> di La7<\/strong><\/h3>\n\n\n\n<p>Un quadro disarmante. Esattamente quanto la foga dilettantesca con cui i grandi mezzi di comunicazione pronunciano le parole \u00abfake news\u00bb, che per definizione sono sempre e solo quelle degli altri. Ne \u00e8 emblema la <em>gaffe<\/em> di Enrico Mentana nella lunga notte tra il 6 e il 7 gennaio su La7. Non tanto l\u2019avere attribuito <a href=\"https:\/\/ilriformista.it\/mentana-scambia-project-x-per-gli-scontri-di-washington-la-gaffe-durante-la-maratona-su-la7-187161\/?refresh_ce\" target=\"_blank\" rel=\"noopener\">immagini tratte da una commedia di Hollywood alle violenze pro-Trump<\/a>, e forse nemmeno il commento dell\u2019\u201cesperto\u201d di turno, il giornalista Gerardo Greco (\u00abprobabilmente \u00e8 nei sobborghi\u00bb), bens\u00ec la scempiaggine precedente di cui non molti si sono avveduti: <a href=\"https:\/\/youtube.com\/watch?v=kQoHc8_GbUo\" target=\"_blank\" rel=\"noopener\">la statua di Cristoforo Colombo che stava sul Campidoglio di St. Paul, in Minnesota<\/a>, abbattuta in giugno dai \u201cdemocratici\u201d di sinistra, che l\u2019ineffabile \u201cesperto\u201d Greco commenta dicendo che sarebbe opera di fanatici pro-Trump in odio a un certo retaggio italiano degli Stati Uniti. Con i pomodori che marciscono nei campi.<\/p>\n\n\n\n<p>Si pu\u00f2 sbagliare, certo, ma bisogna ammetterlo. Mi sto perdendo dietro la pagliuzza nell\u2019occhio di La7 per non vedere la trave conficcata nel mondo trumpiano? Affatto. Stigmatizzo un meccanismo: si vede quel che si vuole vedere, e nessuno cambia canale.<\/p>\n\n\n\n<h3 class=\"wp-block-heading\" id=\"h-la-nuova-guerra-civile-americana\"><strong>La nuova guerra civile americana<\/strong><\/h3>\n\n\n\n<p>Gli Stati Uniti sono in guerra civile. Ma da ben prima del 6 gennaio. Rispetto alle guerre civili di sempre oggi a differire \u00e8 il fondale: il fondale, oggi, \u00e8 quello da \u201cguerra fredda\u201d e da \u201cguerra di quarta generazione\u201d, quella cio\u00e8 sorniona e sporca, decentralizzata e non convenzionale, dove i confini fra combattimento, politica e informazione, conflitto e pace, soldato e civile sfumano lungo una linea del fronte tanto spezzata da apparire spesso un nastro di M\u00f6bius.<\/p>\n\n\n\n<p>Non saprei bene dire quando la nuova guerra civile americana sia iniziata. Vedo che \u00e8 gi\u00e0 in atto davanti a certe vampate eclatanti. Una \u00e8 stata sicuramente l\u2019elezione di Trump nel 2016.<\/p>\n\n\n\n<p>Le guerre non sono mai belle, ma le guerre civili sono ancora pi\u00f9 odiose. Abbattono gli amici, uccidono i fratelli, dividono uno stesso popolo. \u00c8 l\u2019angoscia pi\u00f9 nera. Quel che gli \u201cesperti\u201d non comprendono \u00e8 che la democrazia americana ferita il 6 gennaio al Campidoglio non \u00e8 una formuletta illuministica buona per la prima serata, bens\u00ec l\u2019<em>ethos<\/em> che fa s\u00ec che un popolo sia un popolo: il popolo che la guerra civile lacera. Se fossi un Democratico americano adesso mi fregherei le mani.<\/p>\n\n\n\n<h3 class=\"wp-block-heading\" id=\"h-lotta-per-la-sopravvivenza\"><strong>Lotta per la<em> <\/em>sopravvivenza<\/strong><\/h3>\n\n\n\n<p>Di Donald Trump ne esistono due: ovvero anche con Trump vale \u2012 per analogia e <em>servata distantia<\/em> \u2012il discorso sui \u00abdue corpi del re\u00bb elaborato per la \u00abteologia politica\u00bb dallo storico tedesco Ernst Kantorowicz (1895-1963).<\/p>\n\n\n\n<p>Il mistero uomo \u2013 per riecheggiare una formula intrigante del neurofisiologo e filosofo australiano Sir John C. Eccles (1903-1997) \u2013 racconta di un personaggio improbabile che si mette al servizio del bene. Sono cose che a pensarci rompono il capo, suonando l\u2019allarme: \u00e8 l\u00ec che ci si rende palpabilmente conto che non tutto \u00e8 accessibile al ragionamento umano. Supplisce allora la suggestione. Oggi pi\u00f9 che mai Trump \u00e8 e resta il Mozart dell\u2019<em>Amadeus<\/em> di Milo\u0161 Forman (1932-2018). Insopportabile, insostenibile, ma quando si mette al pianoforte si commuove addirittura il Cielo.<\/p>\n\n\n\n<p>Quel che \u00e8 accaduto il 6 gennaio \u00e8 grave. Ma i massimalismi non fanno mai bene. Chi si \u00e8 macchiato di crimini va punito, ma non confuso con chi di crimini non ne ha compiuti. Troppi \u201cesperti\u201d, invece, e troppi colleghi dell\u2019informazione stanno invece facendo il contrario da ore.<\/p>\n\n\n\n<p>Soprattutto la gravit\u00e0 di quanto accaduto il 6 gennaio al Campidoglio aumenter\u00e0 se aiuteremo i cattivi a cancellare completamente il buono \u2012 tantissimo \u2012 che Trump ha fatto sui princ\u00ecpi non negoziabili cos\u00ec come su molti <em>dossier<\/em> pi\u00f9 negoziabili ma non per questo meno importanti. I cattivi hanno gi\u00e0 cominciato la <em>damnatio memoriae<\/em>. Cadere nella loro trappola sarebbe pugnalare quel secondo corpo di Trump che deve invece sopravvivere al primo.<\/p>\n","protected":false},"excerpt":{"rendered":"<p>Se fossi un abortista adesso mi fregherei le mani<\/p>\n","protected":false},"author":7,"featured_media":45373,"comment_status":"open","ping_status":"open","sticky":false,"template":"","format":"standard","meta":{"give_campaign_id":0,"om_disable_all_campaigns":false,"_monsterinsights_skip_tracking":false,"_monsterinsights_sitenote_active":false,"_monsterinsights_sitenote_note":"","_monsterinsights_sitenote_category":0,"mc4wp_mailchimp_campaign":[],"jnews-multi-image_gallery":[],"jnews_single_post":{"subtitle":"Se fossi un abortista adesso mi fregherei le mani","format":"standard","video":"","gallery":"","source_name":"","source_url":"","via_name":"","via_url":"","override":[{"single_blog_custom":"","sidebar":"","second_sidebar":"","share_position":"","share_float_style":"","post_date_format":"","post_date_format_custom":"","post_reading_time_wpm":"","zoom_button_out_step":"1","zoom_button_in_step":"1","number_popup_post":"1"}],"image_override":[{"single_post_thumbnail_size":"","single_post_gallery_size":""}],"trending_post_position":"","trending_post_label":"","sponsored_post_label":"","sponsored_post_name":"","sponsored_post_url":"","sponsored_post_logo":"","sponsored_post_desc":""},"jnews_primary_category":{"id":"780"},"jnews_social_meta":{"fb_title":"","fb_description":"","fb_image":"","twitter_title":"","twitter_description":"","twitter_image":""},"jnews_override_counter":{"view_counter_number":"0","share_counter_number":"0","like_counter_number":"0","dislike_counter_number":"0"},"footnotes":""},"categories":[778,780],"tags":[7993],"class_list":["post-45381","post","type-post","status-publish","format-standard","has-post-thumbnail","hentry","category-editoriali","category-politica-it","tag-vetrina"],"yoast_head":"<!-- This site is optimized with the Yoast SEO Premium plugin v25.9 (Yoast SEO v27.3) - https:\/\/yoast.com\/product\/yoast-seo-premium-wordpress\/ -->\n<title>I due corpi di Trump - &quot;iFamNews&quot;<\/title>\n<meta name=\"description\" content=\"Se fossi un abortista adesso mi fregherei le mani\" \/>\n<meta name=\"robots\" content=\"index, follow, max-snippet:-1, max-image-preview:large, max-video-preview:-1\" \/>\n<link rel=\"canonical\" href=\"https:\/\/ifamnews.com\/it\/i-due-corpi-di-trump\" \/>\n<meta property=\"og:locale\" content=\"it_IT\" \/>\n<meta property=\"og:type\" content=\"article\" \/>\n<meta property=\"og:title\" content=\"I due corpi di Trump\" \/>\n<meta property=\"og:description\" content=\"Se fossi un abortista adesso mi fregherei le mani\" \/>\n<meta property=\"og:url\" content=\"https:\/\/ifamnews.com\/it\/i-due-corpi-di-trump\" \/>\n<meta property=\"og:site_name\" content=\"IFN\" \/>\n<meta property=\"article:publisher\" content=\"https:\/\/www.facebook.com\/iFamNews\" \/>\n<meta property=\"article:author\" content=\"https:\/\/facebook.com\/MarcoRespinti\" \/>\n<meta property=\"article:published_time\" content=\"2021-01-08T05:00:00+00:00\" \/>\n<meta property=\"article:modified_time\" content=\"2021-01-28T18:05:49+00:00\" \/>\n<meta property=\"og:image\" content=\"https:\/\/ifamnews.com\/wp-content\/uploads\/2021\/01\/american-flag-790875_1280.jpg\" \/>\n\t<meta property=\"og:image:width\" content=\"1280\" \/>\n\t<meta property=\"og:image:height\" content=\"720\" \/>\n\t<meta property=\"og:image:type\" content=\"image\/jpeg\" \/>\n<meta name=\"author\" content=\"Marco Respinti\" \/>\n<meta name=\"twitter:card\" content=\"summary_large_image\" \/>\n<meta name=\"twitter:creator\" content=\"@https:\/\/twitter.com\/MarcoRespinti\" \/>\n<meta name=\"twitter:site\" content=\"@iFamNewsEN\" \/>\n<meta name=\"twitter:label1\" content=\"Scritto da\" \/>\n\t<meta name=\"twitter:data1\" content=\"Marco Respinti\" \/>\n\t<meta name=\"twitter:label2\" content=\"Tempo di lettura stimato\" \/>\n\t<meta name=\"twitter:data2\" content=\"4 minuti\" \/>\n<!-- \/ Yoast SEO Premium plugin. -->","yoast_head_json":{"title":"I due corpi di Trump - \"iFamNews\"","description":"Se fossi un abortista adesso mi fregherei le mani","robots":{"index":"index","follow":"follow","max-snippet":"max-snippet:-1","max-image-preview":"max-image-preview:large","max-video-preview":"max-video-preview:-1"},"canonical":"https:\/\/ifamnews.com\/it\/i-due-corpi-di-trump","og_locale":"it_IT","og_type":"article","og_title":"I due corpi di Trump","og_description":"Se fossi un abortista adesso mi fregherei le mani","og_url":"https:\/\/ifamnews.com\/it\/i-due-corpi-di-trump","og_site_name":"IFN","article_publisher":"https:\/\/www.facebook.com\/iFamNews","article_author":"https:\/\/facebook.com\/MarcoRespinti","article_published_time":"2021-01-08T05:00:00+00:00","article_modified_time":"2021-01-28T18:05:49+00:00","og_image":[{"width":1280,"height":720,"url":"https:\/\/ifamnews.com\/wp-content\/uploads\/2021\/01\/american-flag-790875_1280.jpg","type":"image\/jpeg"}],"author":"Marco Respinti","twitter_card":"summary_large_image","twitter_creator":"@https:\/\/twitter.com\/MarcoRespinti","twitter_site":"@iFamNewsEN","twitter_misc":{"Scritto da":"Marco Respinti","Tempo di lettura stimato":"4 minuti"},"schema":{"@context":"https:\/\/schema.org","@graph":[{"@type":"NewsArticle","@id":"https:\/\/ifamnews.com\/it\/i-due-corpi-di-trump#article","isPartOf":{"@id":"https:\/\/ifamnews.com\/it\/i-due-corpi-di-trump"},"author":{"name":"Marco Respinti","@id":"https:\/\/ifamnews.com\/en\/#\/schema\/person\/f0579ab02623e80d44006c1a5d949ea9"},"headline":"I due corpi di Trump","datePublished":"2021-01-08T05:00:00+00:00","dateModified":"2021-01-28T18:05:49+00:00","mainEntityOfPage":{"@id":"https:\/\/ifamnews.com\/it\/i-due-corpi-di-trump"},"wordCount":853,"commentCount":0,"publisher":{"@id":"https:\/\/ifamnews.com\/en\/#organization"},"image":{"@id":"https:\/\/ifamnews.com\/it\/i-due-corpi-di-trump#primaryimage"},"thumbnailUrl":"https:\/\/ifamnews.com\/wp-content\/uploads\/2021\/01\/american-flag-790875_1280.jpg","keywords":["Vetrina"],"articleSection":["Editoriali","Politica"],"inLanguage":"it-IT","potentialAction":[{"@type":"CommentAction","name":"Comment","target":["https:\/\/ifamnews.com\/it\/i-due-corpi-di-trump#respond"]}]},{"@type":"WebPage","@id":"https:\/\/ifamnews.com\/it\/i-due-corpi-di-trump","url":"https:\/\/ifamnews.com\/it\/i-due-corpi-di-trump","name":"I due corpi di Trump - \"iFamNews\"","isPartOf":{"@id":"https:\/\/ifamnews.com\/en\/#website"},"primaryImageOfPage":{"@id":"https:\/\/ifamnews.com\/it\/i-due-corpi-di-trump#primaryimage"},"image":{"@id":"https:\/\/ifamnews.com\/it\/i-due-corpi-di-trump#primaryimage"},"thumbnailUrl":"https:\/\/ifamnews.com\/wp-content\/uploads\/2021\/01\/american-flag-790875_1280.jpg","datePublished":"2021-01-08T05:00:00+00:00","dateModified":"2021-01-28T18:05:49+00:00","description":"Se fossi un abortista adesso mi fregherei le mani","breadcrumb":{"@id":"https:\/\/ifamnews.com\/it\/i-due-corpi-di-trump#breadcrumb"},"inLanguage":"it-IT","potentialAction":[{"@type":"ReadAction","target":["https:\/\/ifamnews.com\/it\/i-due-corpi-di-trump"]}]},{"@type":"ImageObject","inLanguage":"it-IT","@id":"https:\/\/ifamnews.com\/it\/i-due-corpi-di-trump#primaryimage","url":"https:\/\/ifamnews.com\/wp-content\/uploads\/2021\/01\/american-flag-790875_1280.jpg","contentUrl":"https:\/\/ifamnews.com\/wp-content\/uploads\/2021\/01\/american-flag-790875_1280.jpg","width":1280,"height":720,"caption":"Image from Pixabay"},{"@type":"BreadcrumbList","@id":"https:\/\/ifamnews.com\/it\/i-due-corpi-di-trump#breadcrumb","itemListElement":[{"@type":"ListItem","position":1,"name":"Home","item":"https:\/\/ifamnews.com\/de"},{"@type":"ListItem","position":2,"name":"Politics","item":"https:\/\/ifamnews.com\/en\/category\/politics"},{"@type":"ListItem","position":3,"name":"I due corpi di Trump"}]},{"@type":"WebSite","@id":"https:\/\/ifamnews.com\/en\/#website","url":"https:\/\/ifamnews.com\/en\/","name":"IFN","description":"International Family News Network","publisher":{"@id":"https:\/\/ifamnews.com\/en\/#organization"},"potentialAction":[{"@type":"SearchAction","target":{"@type":"EntryPoint","urlTemplate":"https:\/\/ifamnews.com\/en\/?s={search_term_string}"},"query-input":{"@type":"PropertyValueSpecification","valueRequired":true,"valueName":"search_term_string"}}],"inLanguage":"it-IT"},{"@type":"Organization","@id":"https:\/\/ifamnews.com\/en\/#organization","name":"iFamNews","url":"https:\/\/ifamnews.com\/en\/","logo":{"@type":"ImageObject","inLanguage":"it-IT","@id":"https:\/\/ifamnews.com\/en\/#\/schema\/logo\/image\/","url":"https:\/\/ifamnews.com\/wp-content\/uploads\/2020\/01\/Share-logo.png","contentUrl":"https:\/\/ifamnews.com\/wp-content\/uploads\/2020\/01\/Share-logo.png","width":200,"height":200,"caption":"iFamNews"},"image":{"@id":"https:\/\/ifamnews.com\/en\/#\/schema\/logo\/image\/"},"sameAs":["https:\/\/www.facebook.com\/iFamNews","https:\/\/x.com\/iFamNewsEN"]},{"@type":"Person","@id":"https:\/\/ifamnews.com\/en\/#\/schema\/person\/f0579ab02623e80d44006c1a5d949ea9","name":"Marco Respinti","image":{"@type":"ImageObject","inLanguage":"it-IT","@id":"https:\/\/secure.gravatar.com\/avatar\/4ab04a5127131015e13010f222e38621144dc33a5df5d977b35ceeab15ee958f?s=96&d=mm&r=g","url":"https:\/\/secure.gravatar.com\/avatar\/4ab04a5127131015e13010f222e38621144dc33a5df5d977b35ceeab15ee958f?s=96&d=mm&r=g","contentUrl":"https:\/\/secure.gravatar.com\/avatar\/4ab04a5127131015e13010f222e38621144dc33a5df5d977b35ceeab15ee958f?s=96&d=mm&r=g","caption":"Marco Respinti"},"description":"Marco Respinti was the Editor-in-Chief of International Family News until the end of 2022. He is an Italian professional journalist, member of the International Federation of Journalists (IFJ), essayist, translator, and lecturer. He has contributed and contributes to several journals and magazines both in print and online, both in Italy and abroad. Author of books, he has translated and\/or edited works by, among others, Edmund Burke, Charles Dickens, T.S. Eliot, Russell Kirk, J.R.R. Tolkien, R\u00e9gine Pernoud and Gustave Thibon. A Senior fellow at the\u00a0Russell Kirk Center for Cultural Renewal (Mecosta, Michigan) he is also a founding member as well as Board member of the Center for European Renewal (The Hague, The Netherlands). A member of the Editorial Board of The European Conservative magazine, as well as a member of the Advisory Council of the European Federation for Freedom of Belief, he serves as Director-in-Charge of the academic publication The Journal of CESNUR and the online Bitter Winter: A Magazine on Religious Liberty and Human Rights.","sameAs":["https:\/\/facebook.com\/MarcoRespinti","https:\/\/it.linkedin.com\/in\/marcorespinti","https:\/\/pinterest.it\/MarcoRespinti\/_created\/","https:\/\/x.com\/https:\/\/twitter.com\/MarcoRespinti","https:\/\/youtube.com\/channel\/UC1FbsvyQNTQ-snpsmRC12Og?view_as=subscriber"],"url":"https:\/\/ifamnews.com\/it\/author\/mrespinti"}]}},"amp_enabled":true,"_links":{"self":[{"href":"https:\/\/ifamnews.com\/it\/wp-json\/wp\/v2\/posts\/45381","targetHints":{"allow":["GET"]}}],"collection":[{"href":"https:\/\/ifamnews.com\/it\/wp-json\/wp\/v2\/posts"}],"about":[{"href":"https:\/\/ifamnews.com\/it\/wp-json\/wp\/v2\/types\/post"}],"author":[{"embeddable":true,"href":"https:\/\/ifamnews.com\/it\/wp-json\/wp\/v2\/users\/7"}],"replies":[{"embeddable":true,"href":"https:\/\/ifamnews.com\/it\/wp-json\/wp\/v2\/comments?post=45381"}],"version-history":[{"count":5,"href":"https:\/\/ifamnews.com\/it\/wp-json\/wp\/v2\/posts\/45381\/revisions"}],"predecessor-version":[{"id":45575,"href":"https:\/\/ifamnews.com\/it\/wp-json\/wp\/v2\/posts\/45381\/revisions\/45575"}],"wp:featuredmedia":[{"embeddable":true,"href":"https:\/\/ifamnews.com\/it\/wp-json\/wp\/v2\/media\/45373"}],"wp:attachment":[{"href":"https:\/\/ifamnews.com\/it\/wp-json\/wp\/v2\/media?parent=45381"}],"wp:term":[{"taxonomy":"category","embeddable":true,"href":"https:\/\/ifamnews.com\/it\/wp-json\/wp\/v2\/categories?post=45381"},{"taxonomy":"post_tag","embeddable":true,"href":"https:\/\/ifamnews.com\/it\/wp-json\/wp\/v2\/tags?post=45381"}],"curies":[{"name":"wp","href":"https:\/\/api.w.org\/{rel}","templated":true}]}}