{"id":43746,"date":"2020-12-31T00:00:00","date_gmt":"2020-12-31T05:00:00","guid":{"rendered":"https:\/\/ifamnews.com\/?p=43746"},"modified":"2021-01-28T13:06:20","modified_gmt":"2021-01-28T18:06:20","slug":"110-donne-illustri-appunti","status":"publish","type":"post","link":"https:\/\/ifamnews.com\/it\/110-donne-illustri-appunti","title":{"rendered":"110 donne illustri: appunti"},"content":{"rendered":"<p class=\"last-updated\">Last updated on Gennaio 28th, 2021 at 01:06 pm<\/p>\n<p>Chi scrive, come ovvio, non \u00e8 citata nell\u2019elenco, e pertanto potrebbe apparire gelosa o invidiosa (fra donne, spesso le accuse sono proprio queste). Ebbene, no: chi scrive \u00e8 talmente lontana dal poter essere citata in un elenco qualsiasi di donne famose, e ci si augura competenti, da essere immune ai sentimenti (brutti, e nemici delle donne) di cui appena qui sopra. Per la verit\u00e0 sono stata a lungo rappresentante di classe nella scuola dei miei figli, ma immagino non conti.<\/p>\n\n\n\n<p>Il riferimento, chiaramente, \u00e8 <a href=\"https:\/\/corriere.it\/speciale\/cronache\/2020\/donne-anno-2020\/\" target=\"_blank\" rel=\"noopener\">all\u2019elenco delle 110 donne del 2020 stilato dal <em>Corriere della Sera<\/em><\/a>, e gi\u00e0 l\u2019annata \u00e8 di per s\u00e9 problematica. <\/p>\n\n\n\n<p>Tra le figure femminili incluse nella lista, vi sono nomi illustri e illustri sconosciute, figure splendenti e altre meno brillanti, eroine e mezzecalzette. Qui se ne calcoleranno solo alcune: non per superficialit\u00e0, ma per necessit\u00e0 di spazio (premesso il rispetto umano a tutte, <em>il va sans dire<\/em>).<\/p>\n\n\n\n<p>La prima (ma in rigoroso ordine sparso): <a href=\"https:\/\/video.repubblica.it\/cosa-pensano-le-ragazze\/ragazze-ieri\/anna-claudia-stare-al-passo-di-una-figlia-disabile\/264736\/265107\" target=\"_blank\" rel=\"noopener\">Anna Claudia Cartoni<\/a>, 57 anni, italiana, mamma di Irene, \u00abuna bimba diventata grande grazie all&#8217;amore di sua madre\u00bb, una bimba nata con gravi problemi di salute e che oggi \u00abha sedici anni, non parla, sorride. Sua madre ha voluto regalarle un libro: &#8220;<a href=\"https:\/\/ibs.it\/irene-sta-carina-vita-a-libro-anna-claudia-cartoni\/e\/9788899857509\" target=\"_blank\" rel=\"noopener\">Irene sta carina<\/a>&#8220;. La storia di un amore che soltanto le madri sanno regalare\u00bb. E le donne in elenco allora diventano 111, contando anche e soprattutto Irene, alla faccia di chi affermasse che vi siano <a href=\"https:\/\/ifamnews.com\/it\/abolire-la-frase-vite-non-degne-di-essere-vissute\/\" target=\"_blank\" rel=\"noopener\">vite \u00abnon degne di essere vissute\u00bb<\/a>.<\/p>\n\n\n\n<p>La seconda (stesso ordine): <a href=\"\/Users\/Utente\/Downloads\/Armine%20Harutyunyan\" target=\"_blank\" rel=\"noopener\">Armine Harutyunyan<\/a>, 23 anni, armena, modella. Dopo aver sfilato per Gucci, questa \u201cbellezza non convenzionale\u201d ha catalizzato l\u2019attenzione dei <em>media<\/em> (specie in Italia, occorre notare tristemente) e scatenato una polemica placata a fatica. Non \u00e8 bello ci\u00f2 che \u00e8 bello, per carit\u00e0, e i canoni estetici variano fra epoche e fra Paesi. Personalmente la trovo elegante in modo straordinario, ma esistono punti fissi da cui credo sia difficile prescindere e qui il discorso \u00e8 un altro: una sorta di \u00abpoliticamente corretto\u00bb che investe tutti e tutto, persino una giovane donna fino a quel momento conosciuta solo agli addetti agli lavori, esposta invece al pubblico ludibrio e all\u2019insulto pubblico pur di passare da progressisti e da disinvolti. Lo stesso discorso si potrebbe fare per <a href=\"https:\/\/ansa.it\/canale_lifestyle\/notizie\/beauty_fitness\/2020\/06\/30\/gucci-beauty-sceglie-ellie-modella-con-sindrome-di-down_86e89316-574f-4d62-a7e9-48801d7f7f2c.html\" target=\"_blank\" rel=\"noopener\">Ellie Goldstein<\/a>, modella della medesima casa di moda, con sindrome di Down. Non \u00e8 in elenco, ma se lo fosse le donne sarebbero 112.<\/p>\n\n\n\n<p>Al terzo posto (ma solo del nostro interesse): <a href=\"https:\/\/it.wikipedia.org\/wiki\/Jacinda_Ardern\" target=\"_blank\" rel=\"noopener\">Jacinda Ardern<\/a>, 40 anni, neozelandese e presidente della Nuova Zelanda. Bella, giovane, pragmatica, molto amata in patria. Ha varato la \u00ab[\u2026] \u201cfinanziaria del benessere\u201d, cio\u00e8 la prima legge di bilancio al mondo a contenere indicatori sociali e psicologici tra gli obiettivi, accanto alla crescita\u00bb. Peccato che, per\u00f2, <a href=\"https:\/\/ifamnews.com\/it\/hanno-ragione-gli-abortisti\/\" target=\"_blank\" rel=\"noopener\">abbia \u00abin pochi mesi sdoganato la legge sull\u2019aborto pi\u00f9 estrema del mondo, e ora sta preparando la legalizzazione dell\u2019eutanasia e del suicidio assistito\u00bb<\/a>.<\/p>\n\n\n\n<p>Ah, naturalmente al quarto posto c\u2019\u00e8 <a href=\"https:\/\/it.wikipedia.org\/wiki\/Kamala_Harris\" target=\"_blank\" rel=\"noopener\">Kamala Harris<\/a>, 56 anni, statunitense, vicepresidente degli Stati Uniti d\u2019America. Chiss\u00e0 perch\u00e9 di lei si sottolineano sempre e soprattutto le origini (\u00e8 in parte indiana e in parte giamaicana, bench\u00e9 spesso sia \u201cclassificata\u201d come afro-americana), e il fatto che sia una donna, la prima vicepresidente donna nella storia degli Stati Uniti. Che sia <a href=\"https:\/\/ifamnews.com\/it\/biden-alla-casa-bianca\/\" target=\"_blank\" rel=\"noopener\">un\u2019abortista convinta e feroce<\/a> \u00e8 lasciato spesso sottotraccia, se non per parlare del suo impegno \u201cin favore\u201d delle donne. Quelle gi\u00e0 nate, per\u00f2.<\/p>\n\n\n\n<p>Quinta donna dell\u2019elenco, immancabile: <a href=\"https:\/\/agensir.it\/quotidiano\/2020\/12\/1\/regno-unito-cambiamento-di-sesso-alta-corte-britannica-da-ragione-a-keira-bell-troppo-giovane-per-decidere\/\" target=\"_blank\" rel=\"noopener\">Keira Bell<\/a>, 23 anni, britannica, informatica. Non \u00e8 nota per il suo mestiere, bens\u00ec perch\u00e9 \u00abha portato in tribunale il Tavistock &amp; Portman NHS Center per averla sottoposta con troppa facilit\u00e0 alla transizione di genere. Lei era un\u2019adolescente confusa, un maschiaccio come si dice, si sentiva rifiutata dai coetanei e, all\u2019et\u00e0 di 16 anni, dopo solo tre colloqui, ha ricevuto trattamenti bloccanti della pubert\u00e0, poi una doppia mastectomia all\u2019et\u00e0 di 20 e iniezioni di testosterone senza sapere bene a cosa andasse incontro. Oggi Keira si dichiara semplicemente lesbica ma il suo timbro di voce \u00e8 maschile, ha la barba e il suo corpo \u00e8 mutilato. Il primo novembre i giudici le hanno dato ragione e in Inghilterra ora sar\u00e0 proibito prescrivere tali farmaci ai minori di 16 anni senza l\u2019autorizzazione di un tribunale\u00bb. \u201ciFamNews\u201d ne ha raccontato <a href=\"https:\/\/ifamnews.com\/it\/uk-cambiano-sesso-si-pentono-aumentano-i-casi\/\" target=\"_blank\" rel=\"noopener\">la vicenda<\/a> e <a href=\"https:\/\/ifamnews.com\/it\/triptorelina-una-vittoria-clamorosa\/\" target=\"_blank\" rel=\"noopener\">le traversie giudiziarie<\/a>, con la speranza che nessun bambino e nessun adolescente patisca mai pi\u00f9 il calvario che ha subito Keira.<\/p>\n\n\n\n<p>Al sesto posto ci sono le <a href=\"https:\/\/corriere.it\/esteri\/20_novembre_01\/polonia-ancora-proteste-la-legge-sull-aborto-diritti-donne-musica-techno-cornamuse-7d7d6fd0-1c16-11eb-a718-cfe9e36fab58.shtml\" target=\"_blank\" rel=\"noopener\">Donne polacche per l\u2019aborto<\/a>, di et\u00e0 diverse, ovviamente polacche, dai ruoli e dai mestieri pi\u00f9 vari: si oppongono a una sentenza della Corte costituzionale che vieta l\u2019aborto anche in caso di malformazione del feto, contemporaneamente <a href=\"https:\/\/ifamnews.com\/it\/polonia-assalti-alle-chiese-dopo-la-sentenza-sull-aborto\/\" target=\"_blank\" rel=\"noopener\">assaltano le chiese in odio alla religione cattolica e le mettono a ferro e fuoco<\/a>. Impossibile giudicare il cuore di una madre, ma l\u2019aborto \u00e8 un omicidio, non \u00e8 possibile dire altrimenti, occorre essere sinceri.<\/p>\n\n\n\n<p>Vi sono poi registe e attrici e cantanti e ballerine, attiviste e imprenditrici, <em>influencer<\/em> di casa nostra, studentesse che hanno giocato a tennis sui tetti dei palazzi durante il <em>lockdown<\/em>, donne prestate alla politica e politiche di professione, medici e infermiere, atlete, maestre e ministre, la regina del Regno Unito Elisabetta II e una suora, bench\u00e9 non <a href=\"https:\/\/ifamnews.com\/it\/-la-scuola-italiana-rischia-di-chiudere-\/\" target=\"_blank\" rel=\"noopener\">quella che ci saremmo aspettati<\/a>.<\/p>\n\n\n\n<p>L\u2019universo femminile \u00e8 magnifico e molto ha da dare, a casa e nel mondo, in Italia e ovunque. Forse, bisognerebbe avere maggior coraggio e stilare elenchi meno \u201c<em>politically correct<\/em>\u201d. Non \u00e8 detto che qui non si decida di farlo, prima o poi.<\/p>\n\n\n\n<hr class=\"wp-block-separator\" \/>\n","protected":false},"excerpt":{"rendered":"<p>Anzi, almeno 112. Qualcuna secondo il mondo, qualcuna secondo noi<\/p>\n","protected":false},"author":14,"featured_media":43675,"comment_status":"open","ping_status":"open","sticky":false,"template":"","format":"standard","meta":{"give_campaign_id":0,"om_disable_all_campaigns":false,"_monsterinsights_skip_tracking":false,"_monsterinsights_sitenote_active":false,"_monsterinsights_sitenote_note":"","_monsterinsights_sitenote_category":0,"mc4wp_mailchimp_campaign":[],"jnews-multi-image_gallery":[],"jnews_single_post":{"subtitle":"Anzi, almeno 112. Qualcuna secondo il mondo, qualcuna secondo noi","format":"standard","video":"","gallery":"","source_name":"","source_url":"","via_name":"","via_url":"","override":[{"single_blog_custom":"","sidebar":"","second_sidebar":"","share_position":"","share_float_style":"","post_date_format":"","post_date_format_custom":"","post_reading_time_wpm":"","zoom_button_out_step":"1","zoom_button_in_step":"1","number_popup_post":"1"}],"image_override":[{"single_post_thumbnail_size":"","single_post_gallery_size":""}],"trending_post_position":"","trending_post_label":"","sponsored_post_label":"","sponsored_post_name":"","sponsored_post_url":"","sponsored_post_logo":"","sponsored_post_desc":""},"jnews_primary_category":{"id":"781"},"jnews_social_meta":{"fb_title":"","fb_description":"","fb_image":"","twitter_title":"","twitter_description":"","twitter_image":""},"jnews_override_counter":{"view_counter_number":"0","share_counter_number":"0","like_counter_number":"0","dislike_counter_number":"0"},"footnotes":""},"categories":[781],"tags":[1940,806,7993],"class_list":["post-43746","post","type-post","status-publish","format-standard","has-post-thumbnail","hentry","category-famiglia","tag-donne","tag-famiglia","tag-vetrina"],"yoast_head":"<!-- This site is optimized with the Yoast SEO Premium plugin v25.9 (Yoast SEO v27.3) - https:\/\/yoast.com\/product\/yoast-seo-premium-wordpress\/ -->\n<title>110 donne illustri: appunti - &quot;iFamNews&quot;<\/title>\n<meta name=\"description\" content=\"Le ha elencate il Corriere della Sera e ne ha contate 110. A nostro avviso sono almeno 112. Qualcuna secondo il mondo, qualcuna secondo noi\" \/>\n<meta name=\"robots\" content=\"index, follow, max-snippet:-1, max-image-preview:large, max-video-preview:-1\" \/>\n<link rel=\"canonical\" href=\"https:\/\/ifamnews.com\/it\/110-donne-illustri-appunti\" \/>\n<meta property=\"og:locale\" content=\"it_IT\" \/>\n<meta property=\"og:type\" content=\"article\" \/>\n<meta property=\"og:title\" content=\"110 donne illustri: appunti\" \/>\n<meta property=\"og:description\" content=\"Le ha elencate il Corriere della Sera e ne ha contate 110. A nostro avviso sono almeno 112. Qualcuna secondo il mondo, qualcuna secondo noi\" \/>\n<meta property=\"og:url\" content=\"https:\/\/ifamnews.com\/it\/110-donne-illustri-appunti\" \/>\n<meta property=\"og:site_name\" content=\"IFN\" \/>\n<meta property=\"article:publisher\" content=\"https:\/\/www.facebook.com\/iFamNews\" \/>\n<meta property=\"article:published_time\" content=\"2020-12-31T05:00:00+00:00\" \/>\n<meta property=\"article:modified_time\" content=\"2021-01-28T18:06:20+00:00\" \/>\n<meta property=\"og:image\" content=\"https:\/\/ifamnews.com\/wp-content\/uploads\/2020\/12\/photo-by-Gerd-Altmann-from-Pixabay.jpg\" \/>\n\t<meta property=\"og:image:width\" content=\"1280\" \/>\n\t<meta property=\"og:image:height\" content=\"827\" \/>\n\t<meta property=\"og:image:type\" content=\"image\/jpeg\" \/>\n<meta name=\"author\" content=\"Barbara Santambrogio\" \/>\n<meta name=\"twitter:card\" content=\"summary_large_image\" \/>\n<meta name=\"twitter:creator\" content=\"@iFamNewsEN\" \/>\n<meta name=\"twitter:site\" content=\"@iFamNewsEN\" \/>\n<meta name=\"twitter:label1\" content=\"Scritto da\" \/>\n\t<meta name=\"twitter:data1\" content=\"Barbara Santambrogio\" \/>\n\t<meta name=\"twitter:label2\" content=\"Tempo di lettura stimato\" \/>\n\t<meta name=\"twitter:data2\" content=\"4 minuti\" \/>\n<!-- \/ Yoast SEO Premium plugin. -->","yoast_head_json":{"title":"110 donne illustri: appunti - \"iFamNews\"","description":"Le ha elencate il Corriere della Sera e ne ha contate 110. A nostro avviso sono almeno 112. Qualcuna secondo il mondo, qualcuna secondo noi","robots":{"index":"index","follow":"follow","max-snippet":"max-snippet:-1","max-image-preview":"max-image-preview:large","max-video-preview":"max-video-preview:-1"},"canonical":"https:\/\/ifamnews.com\/it\/110-donne-illustri-appunti","og_locale":"it_IT","og_type":"article","og_title":"110 donne illustri: appunti","og_description":"Le ha elencate il Corriere della Sera e ne ha contate 110. A nostro avviso sono almeno 112. Qualcuna secondo il mondo, qualcuna secondo noi","og_url":"https:\/\/ifamnews.com\/it\/110-donne-illustri-appunti","og_site_name":"IFN","article_publisher":"https:\/\/www.facebook.com\/iFamNews","article_published_time":"2020-12-31T05:00:00+00:00","article_modified_time":"2021-01-28T18:06:20+00:00","og_image":[{"width":1280,"height":827,"url":"https:\/\/ifamnews.com\/wp-content\/uploads\/2020\/12\/photo-by-Gerd-Altmann-from-Pixabay.jpg","type":"image\/jpeg"}],"author":"Barbara Santambrogio","twitter_card":"summary_large_image","twitter_creator":"@iFamNewsEN","twitter_site":"@iFamNewsEN","twitter_misc":{"Scritto da":"Barbara Santambrogio","Tempo di lettura stimato":"4 minuti"},"schema":{"@context":"https:\/\/schema.org","@graph":[{"@type":"NewsArticle","@id":"https:\/\/ifamnews.com\/it\/110-donne-illustri-appunti#article","isPartOf":{"@id":"https:\/\/ifamnews.com\/it\/110-donne-illustri-appunti"},"author":{"name":"Barbara Santambrogio","@id":"https:\/\/ifamnews.com\/en\/#\/schema\/person\/17118599da2799311b3611609a244572"},"headline":"110 donne illustri: appunti","datePublished":"2020-12-31T05:00:00+00:00","dateModified":"2021-01-28T18:06:20+00:00","mainEntityOfPage":{"@id":"https:\/\/ifamnews.com\/it\/110-donne-illustri-appunti"},"wordCount":888,"commentCount":0,"publisher":{"@id":"https:\/\/ifamnews.com\/en\/#organization"},"image":{"@id":"https:\/\/ifamnews.com\/it\/110-donne-illustri-appunti#primaryimage"},"thumbnailUrl":"https:\/\/ifamnews.com\/wp-content\/uploads\/2020\/12\/photo-by-Gerd-Altmann-from-Pixabay.jpg","keywords":["Donne","Famiglia","Vetrina"],"articleSection":["Famiglia"],"inLanguage":"it-IT","potentialAction":[{"@type":"CommentAction","name":"Comment","target":["https:\/\/ifamnews.com\/it\/110-donne-illustri-appunti#respond"]}]},{"@type":"WebPage","@id":"https:\/\/ifamnews.com\/it\/110-donne-illustri-appunti","url":"https:\/\/ifamnews.com\/it\/110-donne-illustri-appunti","name":"110 donne illustri: appunti - \"iFamNews\"","isPartOf":{"@id":"https:\/\/ifamnews.com\/en\/#website"},"primaryImageOfPage":{"@id":"https:\/\/ifamnews.com\/it\/110-donne-illustri-appunti#primaryimage"},"image":{"@id":"https:\/\/ifamnews.com\/it\/110-donne-illustri-appunti#primaryimage"},"thumbnailUrl":"https:\/\/ifamnews.com\/wp-content\/uploads\/2020\/12\/photo-by-Gerd-Altmann-from-Pixabay.jpg","datePublished":"2020-12-31T05:00:00+00:00","dateModified":"2021-01-28T18:06:20+00:00","description":"Le ha elencate il Corriere della Sera e ne ha contate 110. A nostro avviso sono almeno 112. Qualcuna secondo il mondo, qualcuna secondo noi","breadcrumb":{"@id":"https:\/\/ifamnews.com\/it\/110-donne-illustri-appunti#breadcrumb"},"inLanguage":"it-IT","potentialAction":[{"@type":"ReadAction","target":["https:\/\/ifamnews.com\/it\/110-donne-illustri-appunti"]}]},{"@type":"ImageObject","inLanguage":"it-IT","@id":"https:\/\/ifamnews.com\/it\/110-donne-illustri-appunti#primaryimage","url":"https:\/\/ifamnews.com\/wp-content\/uploads\/2020\/12\/photo-by-Gerd-Altmann-from-Pixabay.jpg","contentUrl":"https:\/\/ifamnews.com\/wp-content\/uploads\/2020\/12\/photo-by-Gerd-Altmann-from-Pixabay.jpg","width":1280,"height":827,"caption":"Image by Gerd Altmann from Pixabay"},{"@type":"BreadcrumbList","@id":"https:\/\/ifamnews.com\/it\/110-donne-illustri-appunti#breadcrumb","itemListElement":[{"@type":"ListItem","position":1,"name":"Home","item":"https:\/\/ifamnews.com\/de"},{"@type":"ListItem","position":2,"name":"Famiglia","item":"https:\/\/ifamnews.com\/it\/categoria\/famiglia"},{"@type":"ListItem","position":3,"name":"110 donne illustri: appunti"}]},{"@type":"WebSite","@id":"https:\/\/ifamnews.com\/en\/#website","url":"https:\/\/ifamnews.com\/en\/","name":"IFN","description":"International Family News Network","publisher":{"@id":"https:\/\/ifamnews.com\/en\/#organization"},"potentialAction":[{"@type":"SearchAction","target":{"@type":"EntryPoint","urlTemplate":"https:\/\/ifamnews.com\/en\/?s={search_term_string}"},"query-input":{"@type":"PropertyValueSpecification","valueRequired":true,"valueName":"search_term_string"}}],"inLanguage":"it-IT"},{"@type":"Organization","@id":"https:\/\/ifamnews.com\/en\/#organization","name":"iFamNews","url":"https:\/\/ifamnews.com\/en\/","logo":{"@type":"ImageObject","inLanguage":"it-IT","@id":"https:\/\/ifamnews.com\/en\/#\/schema\/logo\/image\/","url":"https:\/\/ifamnews.com\/wp-content\/uploads\/2020\/01\/Share-logo.png","contentUrl":"https:\/\/ifamnews.com\/wp-content\/uploads\/2020\/01\/Share-logo.png","width":200,"height":200,"caption":"iFamNews"},"image":{"@id":"https:\/\/ifamnews.com\/en\/#\/schema\/logo\/image\/"},"sameAs":["https:\/\/www.facebook.com\/iFamNews","https:\/\/x.com\/iFamNewsEN"]},{"@type":"Person","@id":"https:\/\/ifamnews.com\/en\/#\/schema\/person\/17118599da2799311b3611609a244572","name":"Barbara Santambrogio","image":{"@type":"ImageObject","inLanguage":"it-IT","@id":"https:\/\/secure.gravatar.com\/avatar\/e82fde821e1707b5acb9fe7ab0a5d6e32d42db6117e73021c2fc05cc90dad32f?s=96&d=mm&r=g","url":"https:\/\/secure.gravatar.com\/avatar\/e82fde821e1707b5acb9fe7ab0a5d6e32d42db6117e73021c2fc05cc90dad32f?s=96&d=mm&r=g","contentUrl":"https:\/\/secure.gravatar.com\/avatar\/e82fde821e1707b5acb9fe7ab0a5d6e32d42db6117e73021c2fc05cc90dad32f?s=96&d=mm&r=g","caption":"Barbara Santambrogio"},"description":"After an original and varied working path, in the field of advertising and publishing, but also in the world of wine, she finally came to deal with what she is most passionate about. Today she writes (for the web, but not only), deals with translations and teaches in elementary school. Biological and adoptive mother, she loves reading and running.","url":"https:\/\/ifamnews.com\/it\/author\/bsantambrogio"}]}},"amp_enabled":true,"_links":{"self":[{"href":"https:\/\/ifamnews.com\/it\/wp-json\/wp\/v2\/posts\/43746","targetHints":{"allow":["GET"]}}],"collection":[{"href":"https:\/\/ifamnews.com\/it\/wp-json\/wp\/v2\/posts"}],"about":[{"href":"https:\/\/ifamnews.com\/it\/wp-json\/wp\/v2\/types\/post"}],"author":[{"embeddable":true,"href":"https:\/\/ifamnews.com\/it\/wp-json\/wp\/v2\/users\/14"}],"replies":[{"embeddable":true,"href":"https:\/\/ifamnews.com\/it\/wp-json\/wp\/v2\/comments?post=43746"}],"version-history":[{"count":4,"href":"https:\/\/ifamnews.com\/it\/wp-json\/wp\/v2\/posts\/43746\/revisions"}],"predecessor-version":[{"id":43845,"href":"https:\/\/ifamnews.com\/it\/wp-json\/wp\/v2\/posts\/43746\/revisions\/43845"}],"wp:featuredmedia":[{"embeddable":true,"href":"https:\/\/ifamnews.com\/it\/wp-json\/wp\/v2\/media\/43675"}],"wp:attachment":[{"href":"https:\/\/ifamnews.com\/it\/wp-json\/wp\/v2\/media?parent=43746"}],"wp:term":[{"taxonomy":"category","embeddable":true,"href":"https:\/\/ifamnews.com\/it\/wp-json\/wp\/v2\/categories?post=43746"},{"taxonomy":"post_tag","embeddable":true,"href":"https:\/\/ifamnews.com\/it\/wp-json\/wp\/v2\/tags?post=43746"}],"curies":[{"name":"wp","href":"https:\/\/api.w.org\/{rel}","templated":true}]}}