{"id":43058,"date":"2022-12-25T03:00:00","date_gmt":"2022-12-25T08:00:00","guid":{"rendered":"https:\/\/ifamnews.com\/?p=43058"},"modified":"2022-12-23T17:34:33","modified_gmt":"2022-12-23T22:34:33","slug":"buon-natale","status":"publish","type":"post","link":"https:\/\/ifamnews.com\/it\/buon-natale","title":{"rendered":"Buon Natale"},"content":{"rendered":"\n<p>No, non \u00e8 una frase di circostanza, un <em>mantra<\/em> che ripetono tutti e che quindi ripetiamo automaticamente, magari un po\u2019 untuosamente anche noi. Noi \u00abbuon Natale\u00bb lo diciamo, ve lo diciamo sinceramente. Ci fregiamo di chiamare le cose con il nome che hanno, poich\u00e9, dice il giornalista e storico vandeano Jacques Cr\u00e9tineau-Joly (1803-1875), la verit\u00e0 \u00e8 l\u2019unica carit\u00e0 che si pu\u00f2 concedere alla storia, e quindi diciamo, convintamente, \u00abbuon Natale\u00bb.<\/p>\n\n\n\n<p>\u00abNatale\u00bb \u00e8 una parola tanto precisa. Vuol dire \u00abnascita\u00bb. Lo sappiamo tutti e tutti lo dimentichiamo. La meccanicit\u00e0 con cui oggi si dice \u00abbuon Natale\u00bb (se ancora non siamo tra i caduti in battaglia vittime del \u00abbuone feste\u00bb o del \u00abSeason greetings\u00bb) ce lo fa dimenticare, facendoci scordare che \u00abNatale\u00bb significa qualcuno che nasce. Un giorno dinamico, performante, il Natale: mai statico o stagnante.<\/p>\n\n\n\n<p>La sua dinamicit\u00e0 e il suo essere performante sono un <em>pro memoria<\/em>. La pretesa del Natale \u00e8 che quel giorno nasca Ges\u00f9, Dio che si fa uomo. L\u2019unico in tutta la storia dell\u2019umanit\u00e0: l\u2019unica fede, quella cristiana, che pretende che Dio si sia fatto uomo, anzi che pretende che Dio, dinamicamente, in modo performante, si faccia di continuo uomo. Non \u00e8 infatti solo un anniversario, ma un presente continuo che sa di eternit\u00e0.<\/p>\n\n\n\n<p>Natale per\u00f2 non \u00e8 solo per i cristiani, per i credenti. Natale \u00e8 quel momento della storia in cui il tempo si ferma. Per tutti. Tutti debbono fare i conti con il Natale: ripetendo meccanicamente \u00abbuon Natale\u00bb, scansandolo attraverso il \u00abbuone feste\u00bb oppure sorprendendosi a interrogarsi su chi diamine sia colui di cui si celebra la nascita oggi, colui di cui il mondo tutto e tutta la storia celebrano la nascita. Anche chi non crede che oggi sia la nascita di Ges\u00f9, infatti, si ferma. Si ritrova o si sorprende, senza forse nemmeno pi\u00f9 rammentarne il motivo, a sostare: a sospendere il proprio tempo, la propria attivit\u00e0, il proprio lavoro. Sosta. Guarda. Attende. Forse in realt\u00e0 non attende pi\u00f9, e allora la confusione aumenta, ma una volta tanto \u00e8 confusione sana. Perch\u00e9, oggi, questa nascita?<\/p>\n\n\n\n<p>Il mondo intero lo fa, anche a prescindere dalla fede, e appunto \u00e8 un dubbio sano. Lo fa anche con sufficienza, o menefreghismo, ma lo fa. A volte basta anche questo, perch\u00e9 la serena serendipit\u00e0 della Provvidenza non butta via mai nulla. Ricevo auguri di \u00abbuon Natale\u00bb da non credenti, da credenti in vie spirituali molto diverse e distanti dal cristianesimo, e ogni volta mi colgo a riflettere su questo stesso fatto. Oggi il mondo intero si piega, persino si inginocchia. A volte la gente s\u2019inginocchia non capendo, solo perch\u00e9 lo fanno gli altri intorno. Ben venga. Questo giorno strano del calendario, di quel calendario che non si usa in ogni parte del mondo ma che se certi amici dissidenti cinesi vogliono interfacciarsi con il mio di mondo sono giocoforza tenuti a usare, quel calendario che per forza, in attesa che sia per amore, anche per loro spacca la storia in due in un prima e in un dopo il \u00abbuon Natale\u00bb.<\/p>\n\n\n\n<p>Natale \u00e8 la celebrazione della vita che nasce, e noi difendiamo il diritto alla vita umana nascente. Natale \u00e8 la famiglia che viene additata a modello, e noi difendiamo la famiglia. Natale \u00e8 la celebrazione di una mamma, di un pap\u00e0 e di un neonato secondo ordine e bellezza, senza n\u00e9 confusioni n\u00e9 sotterfugi, e noi questo difendiamo quotidianamente. Natale \u00e8 un popolo intero che riconosce un fatto \u2012 la nascita, una famiglia \u2012 e che per questo di mette in cammino, cio\u00e8 agisce, costruisce, quando necessario combatte (torna alla mente la Vandea di Cr\u00e9tineau-Joly), e noi questo facciamo. Natale \u00e8 la libert\u00e0 di esistere, di esserci, di essere persino Dio fatto uomo. Erode ci credette forse per primo, ed \u00e8 per questo che scaten\u00f2 l\u2019omicidio.<\/p>\n\n\n\n<p>Natale non \u00e8 il giorno, insomma, per essere indifferenti. Per tutto questo, dunque, \u00abbuon Natale\u00bb.<\/p>\n","protected":false},"excerpt":{"rendered":"<p>Il giorno di Dio che si fa uomo. E della vita, della famiglia, del popolo che combatte<\/p>\n","protected":false},"author":7,"featured_media":43060,"comment_status":"open","ping_status":"open","sticky":false,"template":"","format":"standard","meta":{"give_campaign_id":0,"om_disable_all_campaigns":false,"_monsterinsights_skip_tracking":false,"_monsterinsights_sitenote_active":false,"_monsterinsights_sitenote_note":"","_monsterinsights_sitenote_category":0,"mc4wp_mailchimp_campaign":[],"jnews-multi-image_gallery":[],"jnews_single_post":{"subtitle":"Il giorno di Dio che si fa uomo. E della vita, della famiglia, del popolo che combatte","format":"standard","video":"","gallery":"","source_name":"","source_url":"","via_name":"","via_url":"","override_template":"0","override":[{"template":"2","single_blog_custom":"","parallax":"1","fullscreen":"1","layout":"right-sidebar-narrow","sidebar":"","second_sidebar":"","sticky_sidebar":"1","share_position":"","share_float_style":"","show_share_counter":"1","show_view_counter":"1","show_featured":"1","show_post_meta":"1","show_post_author":"1","show_post_author_image":"1","show_post_date":"1","post_date_format":"","post_date_format_custom":"","show_post_category":"1","show_post_reading_time":"1","post_reading_time_wpm":"","show_zoom_button":"0","zoom_button_out_step":"1","zoom_button_in_step":"1","show_post_tag":"1","show_prev_next_post":"0","show_popup_post":"0","number_popup_post":"1","show_author_box":"1","show_post_related":"0","show_inline_post_related":"0"}],"override_image_size":"0","image_override":[{"single_post_thumbnail_size":"","single_post_gallery_size":""}],"trending_post":"0","trending_post_position":"","trending_post_label":"","sponsored_post":"0","sponsored_post_label":"","sponsored_post_name":"","sponsored_post_url":"","sponsored_post_logo_enable":"0","sponsored_post_logo":"","sponsored_post_desc":"","disable_ad":"0"},"jnews_primary_category":{"id":"764"},"jnews_social_meta":{"fb_title":"","fb_description":"","fb_image":"","twitter_title":"","twitter_description":"","twitter_image":""},"jnews_override_counter":{"override_view_counter":"0","view_counter_number":"0","override_share_counter":"0","share_counter_number":"0","override_like_counter":"0","like_counter_number":"0","override_dislike_counter":"0","dislike_counter_number":"0"},"footnotes":""},"categories":[764],"tags":[806,2102],"class_list":["post-43058","post","type-post","status-publish","format-standard","has-post-thumbnail","hentry","category-cultura","tag-famiglia","tag-vita"],"yoast_head":"<!-- This site is optimized with the Yoast SEO Premium plugin v25.9 (Yoast SEO v27.3) - https:\/\/yoast.com\/product\/yoast-seo-premium-wordpress\/ -->\n<title>Buon Natale - &quot;iFamNews&quot;<\/title>\n<meta name=\"description\" content=\"Il Natale \u00e8 un giorno chiaro, preciso e cristallino: il giorno di Dio che si fa uomo. E della vita, della famiglia, del popolo che combatte\" \/>\n<meta name=\"robots\" content=\"index, follow, max-snippet:-1, max-image-preview:large, max-video-preview:-1\" \/>\n<link rel=\"canonical\" href=\"https:\/\/ifamnews.com\/it\/buon-natale\" \/>\n<meta property=\"og:locale\" content=\"it_IT\" \/>\n<meta property=\"og:type\" content=\"article\" \/>\n<meta property=\"og:title\" content=\"Buon Natale\" \/>\n<meta property=\"og:description\" content=\"Il Natale \u00e8 un giorno chiaro, preciso e cristallino: il giorno di Dio che si fa uomo. E della vita, della famiglia, del popolo che combatte\" \/>\n<meta property=\"og:url\" content=\"https:\/\/ifamnews.com\/it\/buon-natale\" \/>\n<meta property=\"og:site_name\" content=\"IFN\" \/>\n<meta property=\"article:publisher\" content=\"https:\/\/www.facebook.com\/iFamNews\" \/>\n<meta property=\"article:author\" content=\"https:\/\/facebook.com\/MarcoRespinti\" \/>\n<meta property=\"article:published_time\" content=\"2022-12-25T08:00:00+00:00\" \/>\n<meta property=\"og:image\" content=\"https:\/\/ifamnews.com\/wp-content\/uploads\/2020\/12\/birth-of-jesus-1150128_1280.jpg\" \/>\n\t<meta property=\"og:image:width\" content=\"1200\" \/>\n\t<meta property=\"og:image:height\" content=\"675\" \/>\n\t<meta property=\"og:image:type\" content=\"image\/jpeg\" \/>\n<meta name=\"author\" content=\"Marco Respinti\" \/>\n<meta name=\"twitter:card\" content=\"summary_large_image\" \/>\n<meta name=\"twitter:creator\" content=\"@https:\/\/twitter.com\/MarcoRespinti\" \/>\n<meta name=\"twitter:site\" content=\"@iFamNewsEN\" \/>\n<meta name=\"twitter:label1\" content=\"Scritto da\" \/>\n\t<meta name=\"twitter:data1\" content=\"Marco Respinti\" \/>\n\t<meta name=\"twitter:label2\" content=\"Tempo di lettura stimato\" \/>\n\t<meta name=\"twitter:data2\" content=\"4 minuti\" \/>\n<!-- \/ Yoast SEO Premium plugin. -->","yoast_head_json":{"title":"Buon Natale - \"iFamNews\"","description":"Il Natale \u00e8 un giorno chiaro, preciso e cristallino: il giorno di Dio che si fa uomo. E della vita, della famiglia, del popolo che combatte","robots":{"index":"index","follow":"follow","max-snippet":"max-snippet:-1","max-image-preview":"max-image-preview:large","max-video-preview":"max-video-preview:-1"},"canonical":"https:\/\/ifamnews.com\/it\/buon-natale","og_locale":"it_IT","og_type":"article","og_title":"Buon Natale","og_description":"Il Natale \u00e8 un giorno chiaro, preciso e cristallino: il giorno di Dio che si fa uomo. E della vita, della famiglia, del popolo che combatte","og_url":"https:\/\/ifamnews.com\/it\/buon-natale","og_site_name":"IFN","article_publisher":"https:\/\/www.facebook.com\/iFamNews","article_author":"https:\/\/facebook.com\/MarcoRespinti","article_published_time":"2022-12-25T08:00:00+00:00","og_image":[{"width":1200,"height":675,"url":"https:\/\/ifamnews.com\/wp-content\/uploads\/2020\/12\/birth-of-jesus-1150128_1280.jpg","type":"image\/jpeg"}],"author":"Marco Respinti","twitter_card":"summary_large_image","twitter_creator":"@https:\/\/twitter.com\/MarcoRespinti","twitter_site":"@iFamNewsEN","twitter_misc":{"Scritto da":"Marco Respinti","Tempo di lettura stimato":"4 minuti"},"schema":{"@context":"https:\/\/schema.org","@graph":[{"@type":"NewsArticle","@id":"https:\/\/ifamnews.com\/it\/buon-natale#article","isPartOf":{"@id":"https:\/\/ifamnews.com\/it\/buon-natale"},"author":{"name":"Marco Respinti","@id":"https:\/\/ifamnews.com\/en\/#\/schema\/person\/f0579ab02623e80d44006c1a5d949ea9"},"headline":"Buon Natale","datePublished":"2022-12-25T08:00:00+00:00","mainEntityOfPage":{"@id":"https:\/\/ifamnews.com\/it\/buon-natale"},"wordCount":637,"commentCount":0,"publisher":{"@id":"https:\/\/ifamnews.com\/en\/#organization"},"image":{"@id":"https:\/\/ifamnews.com\/it\/buon-natale#primaryimage"},"thumbnailUrl":"https:\/\/ifamnews.com\/wp-content\/uploads\/2020\/12\/birth-of-jesus-1150128_1280.jpg","keywords":["Famiglia","Vita"],"articleSection":["Cultura"],"inLanguage":"it-IT","potentialAction":[{"@type":"CommentAction","name":"Comment","target":["https:\/\/ifamnews.com\/it\/buon-natale#respond"]}]},{"@type":"WebPage","@id":"https:\/\/ifamnews.com\/it\/buon-natale","url":"https:\/\/ifamnews.com\/it\/buon-natale","name":"Buon Natale - \"iFamNews\"","isPartOf":{"@id":"https:\/\/ifamnews.com\/en\/#website"},"primaryImageOfPage":{"@id":"https:\/\/ifamnews.com\/it\/buon-natale#primaryimage"},"image":{"@id":"https:\/\/ifamnews.com\/it\/buon-natale#primaryimage"},"thumbnailUrl":"https:\/\/ifamnews.com\/wp-content\/uploads\/2020\/12\/birth-of-jesus-1150128_1280.jpg","datePublished":"2022-12-25T08:00:00+00:00","description":"Il Natale \u00e8 un giorno chiaro, preciso e cristallino: il giorno di Dio che si fa uomo. E della vita, della famiglia, del popolo che combatte","breadcrumb":{"@id":"https:\/\/ifamnews.com\/it\/buon-natale#breadcrumb"},"inLanguage":"it-IT","potentialAction":[{"@type":"ReadAction","target":["https:\/\/ifamnews.com\/it\/buon-natale"]}]},{"@type":"ImageObject","inLanguage":"it-IT","@id":"https:\/\/ifamnews.com\/it\/buon-natale#primaryimage","url":"https:\/\/ifamnews.com\/wp-content\/uploads\/2020\/12\/birth-of-jesus-1150128_1280.jpg","contentUrl":"https:\/\/ifamnews.com\/wp-content\/uploads\/2020\/12\/birth-of-jesus-1150128_1280.jpg","width":1200,"height":675,"caption":"Image from Pixabay"},{"@type":"BreadcrumbList","@id":"https:\/\/ifamnews.com\/it\/buon-natale#breadcrumb","itemListElement":[{"@type":"ListItem","position":1,"name":"Home","item":"https:\/\/ifamnews.com\/de"},{"@type":"ListItem","position":2,"name":"Cultura","item":"https:\/\/ifamnews.com\/it\/categoria\/cultura"},{"@type":"ListItem","position":3,"name":"Buon Natale"}]},{"@type":"WebSite","@id":"https:\/\/ifamnews.com\/en\/#website","url":"https:\/\/ifamnews.com\/en\/","name":"IFN","description":"International Family News Network","publisher":{"@id":"https:\/\/ifamnews.com\/en\/#organization"},"potentialAction":[{"@type":"SearchAction","target":{"@type":"EntryPoint","urlTemplate":"https:\/\/ifamnews.com\/en\/?s={search_term_string}"},"query-input":{"@type":"PropertyValueSpecification","valueRequired":true,"valueName":"search_term_string"}}],"inLanguage":"it-IT"},{"@type":"Organization","@id":"https:\/\/ifamnews.com\/en\/#organization","name":"iFamNews","url":"https:\/\/ifamnews.com\/en\/","logo":{"@type":"ImageObject","inLanguage":"it-IT","@id":"https:\/\/ifamnews.com\/en\/#\/schema\/logo\/image\/","url":"https:\/\/ifamnews.com\/wp-content\/uploads\/2020\/01\/Share-logo.png","contentUrl":"https:\/\/ifamnews.com\/wp-content\/uploads\/2020\/01\/Share-logo.png","width":200,"height":200,"caption":"iFamNews"},"image":{"@id":"https:\/\/ifamnews.com\/en\/#\/schema\/logo\/image\/"},"sameAs":["https:\/\/www.facebook.com\/iFamNews","https:\/\/x.com\/iFamNewsEN"]},{"@type":"Person","@id":"https:\/\/ifamnews.com\/en\/#\/schema\/person\/f0579ab02623e80d44006c1a5d949ea9","name":"Marco Respinti","image":{"@type":"ImageObject","inLanguage":"it-IT","@id":"https:\/\/secure.gravatar.com\/avatar\/4ab04a5127131015e13010f222e38621144dc33a5df5d977b35ceeab15ee958f?s=96&d=mm&r=g","url":"https:\/\/secure.gravatar.com\/avatar\/4ab04a5127131015e13010f222e38621144dc33a5df5d977b35ceeab15ee958f?s=96&d=mm&r=g","contentUrl":"https:\/\/secure.gravatar.com\/avatar\/4ab04a5127131015e13010f222e38621144dc33a5df5d977b35ceeab15ee958f?s=96&d=mm&r=g","caption":"Marco Respinti"},"description":"Marco Respinti was the Editor-in-Chief of International Family News until the end of 2022. He is an Italian professional journalist, member of the International Federation of Journalists (IFJ), essayist, translator, and lecturer. He has contributed and contributes to several journals and magazines both in print and online, both in Italy and abroad. Author of books, he has translated and\/or edited works by, among others, Edmund Burke, Charles Dickens, T.S. Eliot, Russell Kirk, J.R.R. Tolkien, R\u00e9gine Pernoud and Gustave Thibon. A Senior fellow at the\u00a0Russell Kirk Center for Cultural Renewal (Mecosta, Michigan) he is also a founding member as well as Board member of the Center for European Renewal (The Hague, The Netherlands). A member of the Editorial Board of The European Conservative magazine, as well as a member of the Advisory Council of the European Federation for Freedom of Belief, he serves as Director-in-Charge of the academic publication The Journal of CESNUR and the online Bitter Winter: A Magazine on Religious Liberty and Human Rights.","sameAs":["https:\/\/facebook.com\/MarcoRespinti","https:\/\/it.linkedin.com\/in\/marcorespinti","https:\/\/pinterest.it\/MarcoRespinti\/_created\/","https:\/\/x.com\/https:\/\/twitter.com\/MarcoRespinti","https:\/\/youtube.com\/channel\/UC1FbsvyQNTQ-snpsmRC12Og?view_as=subscriber"],"url":"https:\/\/ifamnews.com\/it\/author\/mrespinti"}]}},"amp_enabled":true,"_links":{"self":[{"href":"https:\/\/ifamnews.com\/it\/wp-json\/wp\/v2\/posts\/43058","targetHints":{"allow":["GET"]}}],"collection":[{"href":"https:\/\/ifamnews.com\/it\/wp-json\/wp\/v2\/posts"}],"about":[{"href":"https:\/\/ifamnews.com\/it\/wp-json\/wp\/v2\/types\/post"}],"author":[{"embeddable":true,"href":"https:\/\/ifamnews.com\/it\/wp-json\/wp\/v2\/users\/7"}],"replies":[{"embeddable":true,"href":"https:\/\/ifamnews.com\/it\/wp-json\/wp\/v2\/comments?post=43058"}],"version-history":[{"count":5,"href":"https:\/\/ifamnews.com\/it\/wp-json\/wp\/v2\/posts\/43058\/revisions"}],"predecessor-version":[{"id":176288,"href":"https:\/\/ifamnews.com\/it\/wp-json\/wp\/v2\/posts\/43058\/revisions\/176288"}],"wp:featuredmedia":[{"embeddable":true,"href":"https:\/\/ifamnews.com\/it\/wp-json\/wp\/v2\/media\/43060"}],"wp:attachment":[{"href":"https:\/\/ifamnews.com\/it\/wp-json\/wp\/v2\/media?parent=43058"}],"wp:term":[{"taxonomy":"category","embeddable":true,"href":"https:\/\/ifamnews.com\/it\/wp-json\/wp\/v2\/categories?post=43058"},{"taxonomy":"post_tag","embeddable":true,"href":"https:\/\/ifamnews.com\/it\/wp-json\/wp\/v2\/tags?post=43058"}],"curies":[{"name":"wp","href":"https:\/\/api.w.org\/{rel}","templated":true}]}}