{"id":40142,"date":"2020-12-10T00:00:05","date_gmt":"2020-12-10T05:00:05","guid":{"rendered":"https:\/\/ifamnews.com\/?p=40142"},"modified":"2020-12-19T05:20:31","modified_gmt":"2020-12-19T10:20:31","slug":"l-insopportabile-giornata-mondiale-dei-diritti-umani","status":"publish","type":"post","link":"https:\/\/ifamnews.com\/it\/l-insopportabile-giornata-mondiale-dei-diritti-umani","title":{"rendered":"L\u2019insopportabile Giornata mondiale dei diritti umani"},"content":{"rendered":"<p class=\"last-updated\">Last updated on Dicembre 19th, 2020 at 05:20 am<\/p>\n<p>D\u00e0i, lo dico io anche se lo pensate tutti. La storia dei \u201cdiritti umani\u201d ha stufato.<\/p>\n\n\n\n<p>Oggi ricorre la Giornata mondiale dei diritti umani, cio\u00e8 il giorno in cui tutti piagnucolano per tutto quel che passa loro per la testa solo per continuare a farsi gli affari propri con la scorta amata di doppiezza di chi piace alla gente che piace. Questo \u00e8 un diritto, quello \u00e8 un diritto, nulla \u00e8 davvero diritto.<\/p>\n\n\n\n<p>E infatti tutto va storto. Forse non esiste epoca della storia umana pi\u00f9 ipocrita della nostra, un\u2019epoca in cui pi\u00f9 il numero dei diritti prolifera e meno il diritto viene rispettato. Ci si risciacqua un po\u2019 la bocca giusto per poter sorridere farisaicamente nel <em>jet-set<\/em>, riccastro o straccione che sia.<\/p>\n\n\n\n<p>Tutto accade per uno e un solo motivo. Nessuno mette la testa sul senso delle parole che stupra: \u00abdiritto\u00bb e \u00abumano\u00bb.<\/p>\n\n\n\n<p>Il diritto \u00e8 una prerogativa che nessuno, per alcun motivo, pu\u00f2 sottrarre a una persona perch\u00e9 spetta per norma inderogabile. Ma se nessuno sa quale sia la norma dell\u2019umano, ogni stupidaggine diventa diritto.<\/p>\n\n\n\n<p>Senza questo esercizio preventivo la Giornata mondiale dei diritti umani \u00e8 solo una occasione in pi\u00f9 per annodarsi svogliatamente al collo quel bavaglino pulito che permette, sotto, di continuare a sbrodolarsi allegramente. Tutti lo sanno e ognuno finge fingendo di non fingere nell\u2019atto di annodarsi il bavaglino proprio o aiutando a legare quello altrui. Dove c\u2019\u00e8 da sbrodolarsi per uno, infatti, c\u2019\u00e8 sempre da sbrodolarsi per due o pi\u00f9.<\/p>\n\n\n\n<p>\u00c8 la giornata, oggi, in cui si gareggia per il bavaglino pi\u00f9 ricamato, in cui si dicono cose a cui non si crede, in cui si ripete quel che tutti si aspettano uno dica sperando che la nottata passi in fretta per dar luogo a un nuovo d\u00ec ricco delle solite porcherie di sempre.<\/p>\n\n\n\n<p>\u00c8 il giorno, oggi, in cui si danno convegno i falsari, gli ipocriti, i bugiardi e i difensori dei diritti umani di professione. C\u2019\u00e8 il famoso medico che chiede sempre soldi, c\u2019\u00e8 il famoso testimone che per\u00f2 non vede nulla, c\u2019\u00e8 la <em>starlette<\/em> che d\u00e0 un concerto, c\u2019\u00e8 il prete degli ultimi con le pezze di marca al fondoschiena e c\u2019\u00e8 l\u2019uomo di Davos in abito neopauperistico grigio tutti uniti in una grandiosa Halloween della simulazione. Se soltanto un centesimo di ci\u00f2 che si dice ogni anno in questo giorno diventasse realt\u00e0, vivremmo da subito nel migliore dei mondi possibili.<\/p>\n\n\n\n<p>Perch\u00e9 in fin dei conti la verit\u00e0 vera \u00e8 solo una: chissenefrega dei diritti umani.<\/p>\n\n\n\n<p>Perch\u00e9 mai, infatti, l\u2019uomo dovrebbe avere prerogative intangibili? Perch\u00e9 non si pu\u00f2 fare quel che si vuole del prossimo, carne di porco compresa? Perch\u00e9 mai non si pu\u00f2 essere razzisti e maschilisti, cattivi con i bambini e omofobi? Chi lo vieta? Ognuna e tutte le belle statuine che oggi passeranno la giornata con la bocca piena di parolone belle da sputare prima che il Sole tramonti a occaso dovrebbero chiederselo, devono chiederselo.<\/p>\n\n\n\n<p>Che cosa rende l\u2019uomo un tempio dai confini intangibili? Io non lo so perch\u00e9 sono il re degli ignoranti, ma fortunatamente mi \u00e8 stato sussurrato. Vivo e campo, quindi, di questa sorpresa meravigliosa che mi trabocca, attendendo al varco i parolai che sono, soprattutto oggi, legione.<\/p>\n\n\n\n<p><br>Non c\u2019\u00e8 modo, infatti, di tutelare come intangibili le prerogative dell\u2019uomo se non si rispetta anzitutto e soprattutto quella natura umana che fa dell\u2019umano una realt\u00e0 intangibile. Quantomeno se non si comincia a mettere a fuoco l\u2019argomento.<\/p>\n\n\n\n<p>Tutti i diritti umani sono infatti uno solo: la natura che \u00e8 norma della persona. S\u00ec, l\u2019uomo ha diritto a una e una sola cosa: la propria natura normativa, quella regola che lo costituisce ci\u00f2 che \u00e8, precedendolo. La sua natura unica e irripetibile e inimitabile, e data, fa dell\u2019uomo un essere portatore di prerogative non calpestabili.<\/p>\n\n\n\n<p>Il punto zero \u00e8 quindi il diritto alla vita. Un morto, infatti, non ha diritti. Un uomo a cui si impedisca di nascere svelle qualsiasi considerazione ulteriore. Un ucciso pretende poco.<\/p>\n\n\n\n<p>La passerella di infingardi che oggi dar\u00e0 ignobile spettacolo di s\u00e9 far\u00e0 invece altrimenti. Parler\u00e0 di tutto tranne che del principio e fondamento. Discetter\u00e0 di tutele per l\u2019uomo ignorando che anzitutto l\u2019uomo ha diritto alla vita. Sosterr\u00e0 persino che difendere i diritti umani significa assicurare a una donna la libert\u00e0 di sopprimere la creatura, suo figlio o sua figlia, che porta in grembo, possibilmente mandando il conto al mio indirizzo. Bestemmier\u00e0 dicendo che alcune vite non sono degne di essere vissute. Bestemmier\u00e0 una seconda volta affermando che chi soffre va aiutato a morire. La terza volta bestemmier\u00e0 sostenendo che si deve volere un figlio a tutti i costi, se cos\u00ec si desidera, al prezzo di qualche centinaio di altri esseri, tanto umani quanto piccoli da sfuggire all\u2019occhio e alla coscienza, spediti alla fornace. E finir\u00e0 questo rosario blasfemo strillando che cos\u00ec \u00e8 perch\u00e9 non esiste natura e non esiste norma: io, tu, tutti siamo ci\u00f2 che oggi vogliamo, uomo, donna o X. Prendiamo carte e penna, allora, e annotiamoci nomi e cognomi.<\/p>\n","protected":false},"excerpt":{"rendered":"<p>O la vita viene prima o \u00e8 solo ipocrisia<\/p>\n","protected":false},"author":7,"featured_media":40145,"comment_status":"open","ping_status":"open","sticky":false,"template":"","format":"standard","meta":{"give_campaign_id":0,"om_disable_all_campaigns":false,"_monsterinsights_skip_tracking":false,"_monsterinsights_sitenote_active":false,"_monsterinsights_sitenote_note":"","_monsterinsights_sitenote_category":0,"mc4wp_mailchimp_campaign":[],"jnews-multi-image_gallery":[],"jnews_single_post":{"subtitle":"O la vita viene prima o \u00e8 solo ipocrisia","format":"standard","video":"","gallery":"","source_name":"","source_url":"","via_name":"","via_url":"","override":[{"single_blog_custom":"","sidebar":"","second_sidebar":"","share_position":"","share_float_style":"","post_date_format":"","post_date_format_custom":"","post_reading_time_wpm":"","zoom_button_out_step":"1","zoom_button_in_step":"1","number_popup_post":"1"}],"image_override":[{"single_post_thumbnail_size":"","single_post_gallery_size":""}],"trending_post_position":"","trending_post_label":"","sponsored_post_label":"","sponsored_post_name":"","sponsored_post_url":"","sponsored_post_logo":"","sponsored_post_desc":""},"jnews_primary_category":{"id":"817"},"jnews_social_meta":{"fb_title":"","fb_description":"","fb_image":"","twitter_title":"","twitter_description":"","twitter_image":""},"jnews_override_counter":{"view_counter_number":"0","share_counter_number":"0","like_counter_number":"0","dislike_counter_number":"0"},"footnotes":""},"categories":[778,817],"tags":[6803,806,2102],"class_list":["post-40142","post","type-post","status-publish","format-standard","has-post-thumbnail","hentry","category-editoriali","category-vita","tag-diritti-umani-it","tag-famiglia","tag-vita"],"yoast_head":"<!-- This site is optimized with the Yoast SEO Premium plugin v25.9 (Yoast SEO v27.3) - https:\/\/yoast.com\/product\/yoast-seo-premium-wordpress\/ -->\n<title>L\u2019insopportabile Giornata mondiale dei diritti umani - IFN<\/title>\n<meta name=\"description\" content=\"O la vita viene prima o \u00e8 solo ipocrisia\" \/>\n<meta name=\"robots\" content=\"index, follow, max-snippet:-1, max-image-preview:large, max-video-preview:-1\" \/>\n<link rel=\"canonical\" href=\"https:\/\/ifamnews.com\/it\/l-insopportabile-giornata-mondiale-dei-diritti-umani\" \/>\n<meta property=\"og:locale\" content=\"it_IT\" \/>\n<meta property=\"og:type\" content=\"article\" \/>\n<meta property=\"og:title\" content=\"L\u2019insopportabile Giornata mondiale dei diritti umani\" \/>\n<meta property=\"og:description\" content=\"O la vita viene prima o \u00e8 solo ipocrisia\" \/>\n<meta property=\"og:url\" content=\"https:\/\/ifamnews.com\/it\/l-insopportabile-giornata-mondiale-dei-diritti-umani\" \/>\n<meta property=\"og:site_name\" content=\"IFN\" \/>\n<meta property=\"article:publisher\" content=\"https:\/\/www.facebook.com\/iFamNews\" \/>\n<meta property=\"article:author\" content=\"https:\/\/facebook.com\/MarcoRespinti\" \/>\n<meta property=\"article:published_time\" content=\"2020-12-10T05:00:05+00:00\" \/>\n<meta property=\"article:modified_time\" content=\"2020-12-19T10:20:31+00:00\" \/>\n<meta property=\"og:image\" content=\"https:\/\/ifamnews.com\/wp-content\/uploads\/2020\/12\/baby_blonde_blur_close_up_female_focus_mother_motherhood-1480963.jpgd_.jpg\" \/>\n\t<meta property=\"og:image:width\" content=\"1200\" \/>\n\t<meta property=\"og:image:height\" content=\"800\" \/>\n\t<meta property=\"og:image:type\" content=\"image\/jpeg\" \/>\n<meta name=\"author\" content=\"Marco Respinti\" \/>\n<meta name=\"twitter:card\" content=\"summary_large_image\" \/>\n<meta name=\"twitter:creator\" content=\"@https:\/\/twitter.com\/MarcoRespinti\" \/>\n<meta name=\"twitter:site\" content=\"@iFamNewsEN\" \/>\n<meta name=\"twitter:label1\" content=\"Scritto da\" \/>\n\t<meta name=\"twitter:data1\" content=\"Marco Respinti\" \/>\n\t<meta name=\"twitter:label2\" content=\"Tempo di lettura stimato\" \/>\n\t<meta name=\"twitter:data2\" content=\"4 minuti\" \/>\n<!-- \/ Yoast SEO Premium plugin. -->","yoast_head_json":{"title":"L\u2019insopportabile Giornata mondiale dei diritti umani - IFN","description":"O la vita viene prima o \u00e8 solo ipocrisia","robots":{"index":"index","follow":"follow","max-snippet":"max-snippet:-1","max-image-preview":"max-image-preview:large","max-video-preview":"max-video-preview:-1"},"canonical":"https:\/\/ifamnews.com\/it\/l-insopportabile-giornata-mondiale-dei-diritti-umani","og_locale":"it_IT","og_type":"article","og_title":"L\u2019insopportabile Giornata mondiale dei diritti umani","og_description":"O la vita viene prima o \u00e8 solo ipocrisia","og_url":"https:\/\/ifamnews.com\/it\/l-insopportabile-giornata-mondiale-dei-diritti-umani","og_site_name":"IFN","article_publisher":"https:\/\/www.facebook.com\/iFamNews","article_author":"https:\/\/facebook.com\/MarcoRespinti","article_published_time":"2020-12-10T05:00:05+00:00","article_modified_time":"2020-12-19T10:20:31+00:00","og_image":[{"width":1200,"height":800,"url":"https:\/\/ifamnews.com\/wp-content\/uploads\/2020\/12\/baby_blonde_blur_close_up_female_focus_mother_motherhood-1480963.jpgd_.jpg","type":"image\/jpeg"}],"author":"Marco Respinti","twitter_card":"summary_large_image","twitter_creator":"@https:\/\/twitter.com\/MarcoRespinti","twitter_site":"@iFamNewsEN","twitter_misc":{"Scritto da":"Marco Respinti","Tempo di lettura stimato":"4 minuti"},"schema":{"@context":"https:\/\/schema.org","@graph":[{"@type":"NewsArticle","@id":"https:\/\/ifamnews.com\/it\/l-insopportabile-giornata-mondiale-dei-diritti-umani#article","isPartOf":{"@id":"https:\/\/ifamnews.com\/it\/l-insopportabile-giornata-mondiale-dei-diritti-umani"},"author":{"name":"Marco Respinti","@id":"https:\/\/ifamnews.com\/en\/#\/schema\/person\/f0579ab02623e80d44006c1a5d949ea9"},"headline":"L\u2019insopportabile Giornata mondiale dei diritti umani","datePublished":"2020-12-10T05:00:05+00:00","dateModified":"2020-12-19T10:20:31+00:00","mainEntityOfPage":{"@id":"https:\/\/ifamnews.com\/it\/l-insopportabile-giornata-mondiale-dei-diritti-umani"},"wordCount":839,"commentCount":0,"publisher":{"@id":"https:\/\/ifamnews.com\/en\/#organization"},"image":{"@id":"https:\/\/ifamnews.com\/it\/l-insopportabile-giornata-mondiale-dei-diritti-umani#primaryimage"},"thumbnailUrl":"https:\/\/ifamnews.com\/wp-content\/uploads\/2020\/12\/baby_blonde_blur_close_up_female_focus_mother_motherhood-1480963.jpgd_.jpg","keywords":["Diritti umani","Famiglia","Vita"],"articleSection":["Editoriali","Vita"],"inLanguage":"it-IT","potentialAction":[{"@type":"CommentAction","name":"Comment","target":["https:\/\/ifamnews.com\/it\/l-insopportabile-giornata-mondiale-dei-diritti-umani#respond"]}]},{"@type":"WebPage","@id":"https:\/\/ifamnews.com\/it\/l-insopportabile-giornata-mondiale-dei-diritti-umani","url":"https:\/\/ifamnews.com\/it\/l-insopportabile-giornata-mondiale-dei-diritti-umani","name":"L\u2019insopportabile Giornata mondiale dei diritti umani - IFN","isPartOf":{"@id":"https:\/\/ifamnews.com\/en\/#website"},"primaryImageOfPage":{"@id":"https:\/\/ifamnews.com\/it\/l-insopportabile-giornata-mondiale-dei-diritti-umani#primaryimage"},"image":{"@id":"https:\/\/ifamnews.com\/it\/l-insopportabile-giornata-mondiale-dei-diritti-umani#primaryimage"},"thumbnailUrl":"https:\/\/ifamnews.com\/wp-content\/uploads\/2020\/12\/baby_blonde_blur_close_up_female_focus_mother_motherhood-1480963.jpgd_.jpg","datePublished":"2020-12-10T05:00:05+00:00","dateModified":"2020-12-19T10:20:31+00:00","description":"O la vita viene prima o \u00e8 solo ipocrisia","breadcrumb":{"@id":"https:\/\/ifamnews.com\/it\/l-insopportabile-giornata-mondiale-dei-diritti-umani#breadcrumb"},"inLanguage":"it-IT","potentialAction":[{"@type":"ReadAction","target":["https:\/\/ifamnews.com\/it\/l-insopportabile-giornata-mondiale-dei-diritti-umani"]}]},{"@type":"ImageObject","inLanguage":"it-IT","@id":"https:\/\/ifamnews.com\/it\/l-insopportabile-giornata-mondiale-dei-diritti-umani#primaryimage","url":"https:\/\/ifamnews.com\/wp-content\/uploads\/2020\/12\/baby_blonde_blur_close_up_female_focus_mother_motherhood-1480963.jpgd_.jpg","contentUrl":"https:\/\/ifamnews.com\/wp-content\/uploads\/2020\/12\/baby_blonde_blur_close_up_female_focus_mother_motherhood-1480963.jpgd_.jpg","width":1200,"height":800,"caption":"Image from Pxhere"},{"@type":"BreadcrumbList","@id":"https:\/\/ifamnews.com\/it\/l-insopportabile-giornata-mondiale-dei-diritti-umani#breadcrumb","itemListElement":[{"@type":"ListItem","position":1,"name":"Home","item":"https:\/\/ifamnews.com\/de"},{"@type":"ListItem","position":2,"name":"Life","item":"https:\/\/ifamnews.com\/en\/category\/life"},{"@type":"ListItem","position":3,"name":"L\u2019insopportabile Giornata mondiale dei diritti umani"}]},{"@type":"WebSite","@id":"https:\/\/ifamnews.com\/en\/#website","url":"https:\/\/ifamnews.com\/en\/","name":"IFN","description":"International Family News Network","publisher":{"@id":"https:\/\/ifamnews.com\/en\/#organization"},"potentialAction":[{"@type":"SearchAction","target":{"@type":"EntryPoint","urlTemplate":"https:\/\/ifamnews.com\/en\/?s={search_term_string}"},"query-input":{"@type":"PropertyValueSpecification","valueRequired":true,"valueName":"search_term_string"}}],"inLanguage":"it-IT"},{"@type":"Organization","@id":"https:\/\/ifamnews.com\/en\/#organization","name":"iFamNews","url":"https:\/\/ifamnews.com\/en\/","logo":{"@type":"ImageObject","inLanguage":"it-IT","@id":"https:\/\/ifamnews.com\/en\/#\/schema\/logo\/image\/","url":"https:\/\/ifamnews.com\/wp-content\/uploads\/2020\/01\/Share-logo.png","contentUrl":"https:\/\/ifamnews.com\/wp-content\/uploads\/2020\/01\/Share-logo.png","width":200,"height":200,"caption":"iFamNews"},"image":{"@id":"https:\/\/ifamnews.com\/en\/#\/schema\/logo\/image\/"},"sameAs":["https:\/\/www.facebook.com\/iFamNews","https:\/\/x.com\/iFamNewsEN"]},{"@type":"Person","@id":"https:\/\/ifamnews.com\/en\/#\/schema\/person\/f0579ab02623e80d44006c1a5d949ea9","name":"Marco Respinti","image":{"@type":"ImageObject","inLanguage":"it-IT","@id":"https:\/\/secure.gravatar.com\/avatar\/4ab04a5127131015e13010f222e38621144dc33a5df5d977b35ceeab15ee958f?s=96&d=mm&r=g","url":"https:\/\/secure.gravatar.com\/avatar\/4ab04a5127131015e13010f222e38621144dc33a5df5d977b35ceeab15ee958f?s=96&d=mm&r=g","contentUrl":"https:\/\/secure.gravatar.com\/avatar\/4ab04a5127131015e13010f222e38621144dc33a5df5d977b35ceeab15ee958f?s=96&d=mm&r=g","caption":"Marco Respinti"},"description":"Marco Respinti was the Editor-in-Chief of International Family News until the end of 2022. He is an Italian professional journalist, member of the International Federation of Journalists (IFJ), essayist, translator, and lecturer. He has contributed and contributes to several journals and magazines both in print and online, both in Italy and abroad. Author of books, he has translated and\/or edited works by, among others, Edmund Burke, Charles Dickens, T.S. Eliot, Russell Kirk, J.R.R. Tolkien, R\u00e9gine Pernoud and Gustave Thibon. A Senior fellow at the\u00a0Russell Kirk Center for Cultural Renewal (Mecosta, Michigan) he is also a founding member as well as Board member of the Center for European Renewal (The Hague, The Netherlands). A member of the Editorial Board of The European Conservative magazine, as well as a member of the Advisory Council of the European Federation for Freedom of Belief, he serves as Director-in-Charge of the academic publication The Journal of CESNUR and the online Bitter Winter: A Magazine on Religious Liberty and Human Rights.","sameAs":["https:\/\/facebook.com\/MarcoRespinti","https:\/\/it.linkedin.com\/in\/marcorespinti","https:\/\/pinterest.it\/MarcoRespinti\/_created\/","https:\/\/x.com\/https:\/\/twitter.com\/MarcoRespinti","https:\/\/youtube.com\/channel\/UC1FbsvyQNTQ-snpsmRC12Og?view_as=subscriber"],"url":"https:\/\/ifamnews.com\/it\/author\/mrespinti"}]}},"amp_enabled":true,"_links":{"self":[{"href":"https:\/\/ifamnews.com\/it\/wp-json\/wp\/v2\/posts\/40142","targetHints":{"allow":["GET"]}}],"collection":[{"href":"https:\/\/ifamnews.com\/it\/wp-json\/wp\/v2\/posts"}],"about":[{"href":"https:\/\/ifamnews.com\/it\/wp-json\/wp\/v2\/types\/post"}],"author":[{"embeddable":true,"href":"https:\/\/ifamnews.com\/it\/wp-json\/wp\/v2\/users\/7"}],"replies":[{"embeddable":true,"href":"https:\/\/ifamnews.com\/it\/wp-json\/wp\/v2\/comments?post=40142"}],"version-history":[{"count":2,"href":"https:\/\/ifamnews.com\/it\/wp-json\/wp\/v2\/posts\/40142\/revisions"}],"predecessor-version":[{"id":40156,"href":"https:\/\/ifamnews.com\/it\/wp-json\/wp\/v2\/posts\/40142\/revisions\/40156"}],"wp:featuredmedia":[{"embeddable":true,"href":"https:\/\/ifamnews.com\/it\/wp-json\/wp\/v2\/media\/40145"}],"wp:attachment":[{"href":"https:\/\/ifamnews.com\/it\/wp-json\/wp\/v2\/media?parent=40142"}],"wp:term":[{"taxonomy":"category","embeddable":true,"href":"https:\/\/ifamnews.com\/it\/wp-json\/wp\/v2\/categories?post=40142"},{"taxonomy":"post_tag","embeddable":true,"href":"https:\/\/ifamnews.com\/it\/wp-json\/wp\/v2\/tags?post=40142"}],"curies":[{"name":"wp","href":"https:\/\/api.w.org\/{rel}","templated":true}]}}