{"id":37646,"date":"2020-11-26T00:00:59","date_gmt":"2020-11-26T05:00:59","guid":{"rendered":"https:\/\/ifamnews.com\/?p=37646"},"modified":"2021-01-28T13:14:41","modified_gmt":"2021-01-28T18:14:41","slug":"l-ungheria-difende-l-ovvio-bruxelles-gli-lgbt-","status":"publish","type":"post","link":"https:\/\/ifamnews.com\/it\/l-ungheria-difende-l-ovvio-bruxelles-gli-lgbt-","title":{"rendered":"L\u2019Ungheria difende l\u2019ovvio, Bruxelles gli LGBT+"},"content":{"rendered":"<p class=\"last-updated\">Last updated on Gennaio 28th, 2021 at 01:14 pm<\/p>\n<p>Sovranisti egoisti, nemici della solidariet\u00e0, disgregatori dell\u2019unit\u00e0 europea: negli ultimi giorni la retorica della Sinistra ha riempito la faretra di dardi avvelenati da scagliare all\u2019indirizzo di Polonia e Ungheria. La colpa dei due Paesi del Gruppo di Visegr<em>\u00e1<\/em>d sarebbe quella di aver posto il veto alla ratifica dell\u2019accordo sul Recovery Fund. E dunque indice puntato verso i due <em>premier<\/em>, l\u2019ungherese Viktor Orb\u00e1n<em> <\/em>e il polacco Mateusz Morawiecki, descritti come famelici nemici dell\u2019Italia, vieppi\u00f9 bisognosa di aiuti dall\u2019Europa. Ma come stanno davvero le cose?<\/p>\n\n\n\n<h3 class=\"wp-block-heading\"><strong>Il &#8220;no&#8221; magiaro-polacco<\/strong><\/h3>\n\n\n\n<p>Polonia e Ungheria hanno deciso di suonare una nota stonata in sede europea perch\u00e9 contrarie alle condizionalit\u00e0 per l\u2019erogazione dei fondi in questione legate al rispetto dello Stato di diritto. Se Orb\u00e1n <a href=\"https:\/\/informazione.it\/a\/BF51E2AD-A9C6-4B0D-9510-16B15CCCA955\/Accordo-tra-Parlamento-e-Consiglio-per-vincolare-i-fondi-Ue-allo-stato-di-diritto\" target=\"_blank\" rel=\"noopener noreferrer\">ha descritto<\/a> questo meccanismo come un \u00abricatto ideologico\u00bb simile a quelli praticati dall\u2019Unione Sovietica, Zbigniew Ziobro, ministro polacco della Giustizia, <a href=\"https:\/\/avvenire.it\/mondo\/pagine\/ungheria-e-polonia-mossa-anti-ue\" target=\"_blank\" rel=\"noopener noreferrer\">ha parlato<\/a> di \u00abun disegno per limitare la sovranit\u00e0 polacca\u00bb.<\/p>\n\n\n\n<h3 class=\"wp-block-heading\"><strong>L\u2019identit\u00e0 di genere<\/strong><\/h3>\n\n\n\n<p>E quando Paesi come Polonia e Ungheria parlano di sovranit\u00e0 il riferimento inevitabilmente \u00e8 anche a quella in materia di temi etici. Il 16 gennaio il Parlamento Europeo ha approvato <a href=\"https:\/\/europarl.europa.eu\/doceo\/document\/TA-9-2020-01-16_IT.html#sdocta4\" target=\"_blank\" rel=\"noopener noreferrer\">una risoluzione<\/a> sullo Stato di diritto dei due Paesi membri nella quale si stigmatizza la \u00abviolazione grave\u00bb di Varsavia e Budapest \u00abdei valori su cui si fonda l\u2019Unione\u00bb. In particolare, <a href=\"https:\/\/centrostudilivatino.it\/consiglio-ue-di-oggi-chi-ricatta-chi-sul-recovery-fund\/\" target=\"_blank\" rel=\"noopener noreferrer\">come sottolinea il Centro Studi Rosario Livatino<\/a>, la risoluzione contiene <a href=\"https:\/\/eur-lex.europa.eu\/legal-content\/IT\/TXT\/HTML\/?uri=CELEX:52018IP0340&amp;from=EN\" target=\"_blank\" rel=\"noopener noreferrer\">un allegato<\/a> relativo alla <em>Legge fondamentale dell\u2019Ungheria<\/em> nel quale si esprime \u00abpreoccupazione&nbsp;per il fatto&nbsp;che il divieto costituzionale di discriminazione non include&nbsp;esplicitamente&nbsp;l\u2019orientamento sessuale e l\u2019identit\u00e0 di genere tra i motivi di discriminazione e che la sua definizione restrittiva di famiglia pu\u00f2 dare adito a discriminazioni poich\u00e9 non contempla taluni tipi di famiglia, comprese le coppie dello stesso sesso\u00bb. Dunque \u00e8 Bruxelles che chiede a Budapest politiche pro-LGBT+ come condizione necessaria per far parte dell\u2019Unione.<\/p>\n\n\n\n<h3 class=\"wp-block-heading\"><strong>Il testo<\/strong><\/h3>\n\n\n\n<p>Ma l\u2019Ungheria non intende piegarsi a questo <em>diktat<\/em>. Anzi, rilancia. Il 10 novembre il governo <a href=\"https:\/\/parlament.hu\/irom41\/13647\/13647.pdf\">ha presentato una<\/a><a href=\"https:\/\/parlament.hu\/irom41\/13647\/13647.pdf\" target=\"_blank\" rel=\"noopener noreferrer\"> <\/a><a href=\"https:\/\/parlament.hu\/irom41\/13647\/13647.pdf\" target=\"_blank\" rel=\"noopener noreferrer\">bozza di emendamento<\/a> alla <em>Costituzione<\/em> ungherese che ribadisce la natura biologica dei genitori \u2013 \u00abla madre \u00e8 una donna, il padre un uomo\u00bb, si legge \u2013 e \u00abtutela il diritto dei bambini a identificarsi in base al proprio sesso\u00bb. Non solo. Il testo affronta anche il tema della scuola, dopo che nelle scorse settimane <a href=\"https:\/\/ifamnews.com\/it\/cenerentola-lesbica-e-un-drago-transgender-viktor-orb-n-insorge\/\" target=\"_blank\" rel=\"noopener noreferrer\">si sono accese polemiche<\/a> per l\u2019ipotesi che l\u2019ideologia <em>gender<\/em> approdasse anche nelle aule scolastiche magiare. Ecco allora che la proposta di modifica costituzionale \u00e8 quella di garantire \u00abun&#8217;istruzione secondo i valori basati sull&#8217;identit\u00e0 costituzionale e sulla cultura cristiana del nostro Paese\u00bb.<\/p>\n\n\n\n<h3 class=\"wp-block-heading\"><strong>Ideologia <\/strong><em><strong>gender <\/strong><\/em><strong>in Ungheria<\/strong><\/h3>\n\n\n\n<p>Che l\u2019ideologia <em>gender <\/em>non goda di buona fama a Budapest \u00e8 cosa nota. Nell\u2019ottobre 2018 il parlamento ungherese ha approvato <a href=\"https:\/\/ilgiornale.it\/news\/mondo\/orban-vieta-insegnamento-teoria-gender-nelle-universit-1589745.html\" target=\"_blank\" rel=\"noopener noreferrer\">un decreto<\/a> che dispone l\u2019interruzione dei corsi accademici incentrati sullo studio della \u00abteoria di genere\u00bb. Il governo aveva spiegato cos\u00ec la decisione: \u00abGli studi di genere sono un\u2019ideologia, non una scienza. Il governo ungherese \u00e8 dell\u2019opinione che le persone nascano uomini oppure donne. Non mettiamo in discussione il diritto di ognuno di vivere come meglio crede, ma lo Stato non pu\u00f2 assegnare risorse per l\u2019organizzazione di programmi educativi basati su teorie prive di rilevanza scientifica\u00bb.<\/p>\n\n\n\n<p>Si ricorda inoltre <a href=\"https:\/\/index.hu\/belfold\/2020\/04\/01\/szuletesi_nem_biologiai_nem_nemvaltoztatas\/\" target=\"_blank\" rel=\"noopener noreferrer\">la proposta di legge<\/a> la quale stabilisce che il genere di uomini e di donne deve essere definito come \u00absesso biologico basato sulle caratteristiche sessuali primarie e sui cromosomi\u00bb. Pertanto l\u2019Ungheria vuole poter continuare a dire che \u00able foglie in estate sono verdi\u00bb, come diceva lo scrittore inglese Gilbert K. Chesterton (1874-1936), e a qualcuno, in Europa, questa \u00abpretesa\u00bb sembra dare molto fastidio.<\/p>\n","protected":false},"excerpt":{"rendered":"<p>La polemica sul Recovery Fund ha radici antiche. Budapest contro l\u2019ideologia gender \u00e8 nel mirino dell\u2019Unione Europea<\/p>\n","protected":false},"author":15,"featured_media":37638,"comment_status":"open","ping_status":"open","sticky":false,"template":"","format":"standard","meta":{"give_campaign_id":0,"om_disable_all_campaigns":false,"_monsterinsights_skip_tracking":false,"_monsterinsights_sitenote_active":false,"_monsterinsights_sitenote_note":"","_monsterinsights_sitenote_category":0,"mc4wp_mailchimp_campaign":[],"jnews-multi-image_gallery":[],"jnews_single_post":{"subtitle":"La polemica sul Recovery Fund ha radici antiche. Budapest contro l\u2019ideologia gender \u00e8 nel mirino dell\u2019Unione Europea","format":"standard","video":"","gallery":"","source_name":"","source_url":"","via_name":"","via_url":"","override":[{"single_blog_custom":"","sidebar":"","second_sidebar":"","share_position":"","share_float_style":"","post_date_format":"","post_date_format_custom":"","post_reading_time_wpm":"","zoom_button_out_step":"1","zoom_button_in_step":"1","number_popup_post":"1"}],"image_override":[{"single_post_thumbnail_size":"","single_post_gallery_size":""}],"trending_post_position":"","trending_post_label":"","sponsored_post_label":"","sponsored_post_name":"","sponsored_post_url":"","sponsored_post_logo":"","sponsored_post_desc":""},"jnews_primary_category":{"id":"780"},"jnews_social_meta":{"fb_title":"","fb_description":"","fb_image":"","twitter_title":"","twitter_description":"","twitter_image":""},"jnews_override_counter":{"view_counter_number":"0","share_counter_number":"0","like_counter_number":"0","dislike_counter_number":"0"},"footnotes":""},"categories":[780],"tags":[1563,3067,7993],"class_list":["post-37646","post","type-post","status-publish","format-standard","has-post-thumbnail","hentry","category-politica-it","tag-ungheria","tag-unione-europea","tag-vetrina"],"yoast_head":"<!-- This site is optimized with the Yoast SEO Premium plugin v25.9 (Yoast SEO v27.3) - https:\/\/yoast.com\/product\/yoast-seo-premium-wordpress\/ -->\n<title>L\u2019Ungheria difende l\u2019ovvio, Bruxelles gli LGBT+ - IFN<\/title>\n<meta name=\"description\" content=\"La polemica sul Recovery Fund in sede europea ha radici antiche. L&#039;Ungheria contro l\u2019ideologia gender \u00e8 nel mirino dell\u2019Unione Europea\" \/>\n<meta name=\"robots\" content=\"index, follow, max-snippet:-1, max-image-preview:large, max-video-preview:-1\" \/>\n<link rel=\"canonical\" href=\"https:\/\/ifamnews.com\/it\/l-ungheria-difende-l-ovvio-bruxelles-gli-lgbt-\" \/>\n<meta property=\"og:locale\" content=\"it_IT\" \/>\n<meta property=\"og:type\" content=\"article\" \/>\n<meta property=\"og:title\" content=\"L\u2019Ungheria difende l\u2019ovvio, Bruxelles gli LGBT+\" \/>\n<meta property=\"og:description\" content=\"La polemica sul Recovery Fund in sede europea ha radici antiche. L&#039;Ungheria contro l\u2019ideologia gender \u00e8 nel mirino dell\u2019Unione Europea\" \/>\n<meta property=\"og:url\" content=\"https:\/\/ifamnews.com\/it\/l-ungheria-difende-l-ovvio-bruxelles-gli-lgbt-\" \/>\n<meta property=\"og:site_name\" content=\"IFN\" \/>\n<meta property=\"article:publisher\" content=\"https:\/\/www.facebook.com\/iFamNews\" \/>\n<meta property=\"article:published_time\" content=\"2020-11-26T05:00:59+00:00\" \/>\n<meta property=\"article:modified_time\" content=\"2021-01-28T18:14:41+00:00\" \/>\n<meta property=\"og:image\" content=\"https:\/\/ifamnews.com\/wp-content\/uploads\/2020\/11\/Image-from-Wikimedia-Commons.jpg\" \/>\n\t<meta property=\"og:image:width\" content=\"1200\" \/>\n\t<meta property=\"og:image:height\" content=\"675\" \/>\n\t<meta property=\"og:image:type\" content=\"image\/jpeg\" \/>\n<meta name=\"author\" content=\"Federico Cenci\" \/>\n<meta name=\"twitter:card\" content=\"summary_large_image\" \/>\n<meta name=\"twitter:creator\" content=\"@https:\/\/twitter.com\/fedecenci\" \/>\n<meta name=\"twitter:site\" content=\"@iFamNewsEN\" \/>\n<meta name=\"twitter:label1\" content=\"Scritto da\" \/>\n\t<meta name=\"twitter:data1\" content=\"Federico Cenci\" \/>\n\t<meta name=\"twitter:label2\" content=\"Tempo di lettura stimato\" \/>\n\t<meta name=\"twitter:data2\" content=\"3 minuti\" \/>\n<!-- \/ Yoast SEO Premium plugin. -->","yoast_head_json":{"title":"L\u2019Ungheria difende l\u2019ovvio, Bruxelles gli LGBT+ - IFN","description":"La polemica sul Recovery Fund in sede europea ha radici antiche. L'Ungheria contro l\u2019ideologia gender \u00e8 nel mirino dell\u2019Unione Europea","robots":{"index":"index","follow":"follow","max-snippet":"max-snippet:-1","max-image-preview":"max-image-preview:large","max-video-preview":"max-video-preview:-1"},"canonical":"https:\/\/ifamnews.com\/it\/l-ungheria-difende-l-ovvio-bruxelles-gli-lgbt-","og_locale":"it_IT","og_type":"article","og_title":"L\u2019Ungheria difende l\u2019ovvio, Bruxelles gli LGBT+","og_description":"La polemica sul Recovery Fund in sede europea ha radici antiche. L'Ungheria contro l\u2019ideologia gender \u00e8 nel mirino dell\u2019Unione Europea","og_url":"https:\/\/ifamnews.com\/it\/l-ungheria-difende-l-ovvio-bruxelles-gli-lgbt-","og_site_name":"IFN","article_publisher":"https:\/\/www.facebook.com\/iFamNews","article_published_time":"2020-11-26T05:00:59+00:00","article_modified_time":"2021-01-28T18:14:41+00:00","og_image":[{"width":1200,"height":675,"url":"https:\/\/ifamnews.com\/wp-content\/uploads\/2020\/11\/Image-from-Wikimedia-Commons.jpg","type":"image\/jpeg"}],"author":"Federico Cenci","twitter_card":"summary_large_image","twitter_creator":"@https:\/\/twitter.com\/fedecenci","twitter_site":"@iFamNewsEN","twitter_misc":{"Scritto da":"Federico Cenci","Tempo di lettura stimato":"3 minuti"},"schema":{"@context":"https:\/\/schema.org","@graph":[{"@type":"NewsArticle","@id":"https:\/\/ifamnews.com\/it\/l-ungheria-difende-l-ovvio-bruxelles-gli-lgbt-#article","isPartOf":{"@id":"https:\/\/ifamnews.com\/it\/l-ungheria-difende-l-ovvio-bruxelles-gli-lgbt-"},"author":{"name":"Federico Cenci","@id":"https:\/\/ifamnews.com\/en\/#\/schema\/person\/555378c4ec9e01d40ab9f2b5cee0c318"},"headline":"L\u2019Ungheria difende l\u2019ovvio, Bruxelles gli LGBT+","datePublished":"2020-11-26T05:00:59+00:00","dateModified":"2021-01-28T18:14:41+00:00","mainEntityOfPage":{"@id":"https:\/\/ifamnews.com\/it\/l-ungheria-difende-l-ovvio-bruxelles-gli-lgbt-"},"wordCount":608,"commentCount":0,"publisher":{"@id":"https:\/\/ifamnews.com\/en\/#organization"},"image":{"@id":"https:\/\/ifamnews.com\/it\/l-ungheria-difende-l-ovvio-bruxelles-gli-lgbt-#primaryimage"},"thumbnailUrl":"https:\/\/ifamnews.com\/wp-content\/uploads\/2020\/11\/Image-from-Wikimedia-Commons.jpg","keywords":["Ungheria","Unione Europea","Vetrina"],"articleSection":["Politica"],"inLanguage":"it-IT","potentialAction":[{"@type":"CommentAction","name":"Comment","target":["https:\/\/ifamnews.com\/it\/l-ungheria-difende-l-ovvio-bruxelles-gli-lgbt-#respond"]}]},{"@type":"WebPage","@id":"https:\/\/ifamnews.com\/it\/l-ungheria-difende-l-ovvio-bruxelles-gli-lgbt-","url":"https:\/\/ifamnews.com\/it\/l-ungheria-difende-l-ovvio-bruxelles-gli-lgbt-","name":"L\u2019Ungheria difende l\u2019ovvio, Bruxelles gli LGBT+ - IFN","isPartOf":{"@id":"https:\/\/ifamnews.com\/en\/#website"},"primaryImageOfPage":{"@id":"https:\/\/ifamnews.com\/it\/l-ungheria-difende-l-ovvio-bruxelles-gli-lgbt-#primaryimage"},"image":{"@id":"https:\/\/ifamnews.com\/it\/l-ungheria-difende-l-ovvio-bruxelles-gli-lgbt-#primaryimage"},"thumbnailUrl":"https:\/\/ifamnews.com\/wp-content\/uploads\/2020\/11\/Image-from-Wikimedia-Commons.jpg","datePublished":"2020-11-26T05:00:59+00:00","dateModified":"2021-01-28T18:14:41+00:00","description":"La polemica sul Recovery Fund in sede europea ha radici antiche. L'Ungheria contro l\u2019ideologia gender \u00e8 nel mirino dell\u2019Unione Europea","breadcrumb":{"@id":"https:\/\/ifamnews.com\/it\/l-ungheria-difende-l-ovvio-bruxelles-gli-lgbt-#breadcrumb"},"inLanguage":"it-IT","potentialAction":[{"@type":"ReadAction","target":["https:\/\/ifamnews.com\/it\/l-ungheria-difende-l-ovvio-bruxelles-gli-lgbt-"]}]},{"@type":"ImageObject","inLanguage":"it-IT","@id":"https:\/\/ifamnews.com\/it\/l-ungheria-difende-l-ovvio-bruxelles-gli-lgbt-#primaryimage","url":"https:\/\/ifamnews.com\/wp-content\/uploads\/2020\/11\/Image-from-Wikimedia-Commons.jpg","contentUrl":"https:\/\/ifamnews.com\/wp-content\/uploads\/2020\/11\/Image-from-Wikimedia-Commons.jpg","width":1200,"height":675,"caption":"Image from Wikimedia Commons"},{"@type":"BreadcrumbList","@id":"https:\/\/ifamnews.com\/it\/l-ungheria-difende-l-ovvio-bruxelles-gli-lgbt-#breadcrumb","itemListElement":[{"@type":"ListItem","position":1,"name":"Home","item":"https:\/\/ifamnews.com\/de"},{"@type":"ListItem","position":2,"name":"Politics","item":"https:\/\/ifamnews.com\/en\/category\/politics"},{"@type":"ListItem","position":3,"name":"L\u2019Ungheria difende l\u2019ovvio, Bruxelles gli LGBT+"}]},{"@type":"WebSite","@id":"https:\/\/ifamnews.com\/en\/#website","url":"https:\/\/ifamnews.com\/en\/","name":"IFN","description":"International Family News Network","publisher":{"@id":"https:\/\/ifamnews.com\/en\/#organization"},"potentialAction":[{"@type":"SearchAction","target":{"@type":"EntryPoint","urlTemplate":"https:\/\/ifamnews.com\/en\/?s={search_term_string}"},"query-input":{"@type":"PropertyValueSpecification","valueRequired":true,"valueName":"search_term_string"}}],"inLanguage":"it-IT"},{"@type":"Organization","@id":"https:\/\/ifamnews.com\/en\/#organization","name":"iFamNews","url":"https:\/\/ifamnews.com\/en\/","logo":{"@type":"ImageObject","inLanguage":"it-IT","@id":"https:\/\/ifamnews.com\/en\/#\/schema\/logo\/image\/","url":"https:\/\/ifamnews.com\/wp-content\/uploads\/2020\/01\/Share-logo.png","contentUrl":"https:\/\/ifamnews.com\/wp-content\/uploads\/2020\/01\/Share-logo.png","width":200,"height":200,"caption":"iFamNews"},"image":{"@id":"https:\/\/ifamnews.com\/en\/#\/schema\/logo\/image\/"},"sameAs":["https:\/\/www.facebook.com\/iFamNews","https:\/\/x.com\/iFamNewsEN"]},{"@type":"Person","@id":"https:\/\/ifamnews.com\/en\/#\/schema\/person\/555378c4ec9e01d40ab9f2b5cee0c318","name":"Federico Cenci","image":{"@type":"ImageObject","inLanguage":"it-IT","@id":"https:\/\/secure.gravatar.com\/avatar\/535f77b8447d05f39d4ca941654f7a7b7d712f3d72f0b4b185747785f5a8e745?s=96&d=mm&r=g","url":"https:\/\/secure.gravatar.com\/avatar\/535f77b8447d05f39d4ca941654f7a7b7d712f3d72f0b4b185747785f5a8e745?s=96&d=mm&r=g","contentUrl":"https:\/\/secure.gravatar.com\/avatar\/535f77b8447d05f39d4ca941654f7a7b7d712f3d72f0b4b185747785f5a8e745?s=96&d=mm&r=g","caption":"Federico Cenci"},"description":"Federico Cenci worked from 2013 to 2017 at the Catholic Zenit press agency dealing with social and religious issues, bioethics, family policies, as well as domestic and international politics. He then continued his business with In Terris, and currently with various newspapers and periodicals. In 2020 he wrote the novel \"East Berlin 2.0 - Notes between dystopia and reality\"","sameAs":["https:\/\/x.com\/https:\/\/twitter.com\/fedecenci"],"url":"https:\/\/ifamnews.com\/it\/author\/fcenci"}]}},"amp_enabled":true,"_links":{"self":[{"href":"https:\/\/ifamnews.com\/it\/wp-json\/wp\/v2\/posts\/37646","targetHints":{"allow":["GET"]}}],"collection":[{"href":"https:\/\/ifamnews.com\/it\/wp-json\/wp\/v2\/posts"}],"about":[{"href":"https:\/\/ifamnews.com\/it\/wp-json\/wp\/v2\/types\/post"}],"author":[{"embeddable":true,"href":"https:\/\/ifamnews.com\/it\/wp-json\/wp\/v2\/users\/15"}],"replies":[{"embeddable":true,"href":"https:\/\/ifamnews.com\/it\/wp-json\/wp\/v2\/comments?post=37646"}],"version-history":[{"count":4,"href":"https:\/\/ifamnews.com\/it\/wp-json\/wp\/v2\/posts\/37646\/revisions"}],"predecessor-version":[{"id":38318,"href":"https:\/\/ifamnews.com\/it\/wp-json\/wp\/v2\/posts\/37646\/revisions\/38318"}],"wp:featuredmedia":[{"embeddable":true,"href":"https:\/\/ifamnews.com\/it\/wp-json\/wp\/v2\/media\/37638"}],"wp:attachment":[{"href":"https:\/\/ifamnews.com\/it\/wp-json\/wp\/v2\/media?parent=37646"}],"wp:term":[{"taxonomy":"category","embeddable":true,"href":"https:\/\/ifamnews.com\/it\/wp-json\/wp\/v2\/categories?post=37646"},{"taxonomy":"post_tag","embeddable":true,"href":"https:\/\/ifamnews.com\/it\/wp-json\/wp\/v2\/tags?post=37646"}],"curies":[{"name":"wp","href":"https:\/\/api.w.org\/{rel}","templated":true}]}}