{"id":37619,"date":"2020-11-25T00:00:08","date_gmt":"2020-11-25T05:00:08","guid":{"rendered":"https:\/\/ifamnews.com\/?p=37619"},"modified":"2021-01-28T13:14:41","modified_gmt":"2021-01-28T18:14:41","slug":"allarme-cristianofobia-osce-600-attacchi-nel-2019","status":"publish","type":"post","link":"https:\/\/ifamnews.com\/it\/allarme-cristianofobia-osce-600-attacchi-nel-2019","title":{"rendered":"Allarme cristianofobia OSCE, 600 attacchi nel 2019"},"content":{"rendered":"<p class=\"last-updated\">Last updated on Gennaio 28th, 2021 at 01:14 pm<\/p>\n<p>Ancora cristianofobia. Questa volta \u00e8 l\u2019OSCE, L&#8217;Organizzazione per la sicurezza e la cooperazione in Europa, a lanciare l\u2019allarme, e lo fa pubblicando <a href=\"https:\/\/hatecrime.osce.org\/taxonomy\/term\/732\" target=\"_blank\" rel=\"noopener noreferrer\">un rapporto con cui documenta ben 595 attacchi contro i cristiani<\/a>. Sono dati, questi, che confermano la recente ricerca dell\u2019Istituto Gatestone, che parlava di 3mila attacchi contro i cristiani nel 2019, a cui <a href=\"https:\/\/ifamnews.com\/it\/cristianofobia-nel-2019-oltre-3000-attacchi\/\" target=\"_blank\" rel=\"noopener noreferrer\">\u201ciFamNews\u201d ha dedicato un\u2019inchiesta speciale<\/a>. Il Paese pi\u00f9 colpito, secondo i dati OSCE, \u00e8 la Francia, con 144 casi. Segue la Germania, 81 casi, la Spagna, 75 casi, e l\u2019Italia, 70 casi. <a href=\"https:\/\/catholicnewsagency.com\/news\/more-than-500-hate-crimes-against-europes-christians-recorded-in-2019-59093\" target=\"_blank\" rel=\"noopener noreferrer\">Courtney Mares, giornalista di Catholic News Agency, suddivide gli attacchi secondo alcune tipologie<\/a>.<\/p>\n\n\n\n<h3 class=\"wp-block-heading\"><strong>Ostie consacrate rubate<\/strong><\/h3>\n\n\n\n<p>In Francia, nel febbraio 2019, quasi 300 ostie consacrate sono state rubate da una chiesa. La notizia \u00e8 stata fornita all\u2019OSCE direttamente dalla Santa Sede, eppure non \u00e8 riuscita a conquistare spazio sulle pagine dei <em>media<\/em> francesi. Oltre a questo episodio, in Francia sono stati registrati almeno altri 14 casi nei quali il tabernacolo \u00e8 stato forzato e le ostie sono state o trafugate o gettate a terra e calpestate. Nel giugno 2019 un tabernacolo pieno di ostie consacrate \u00e8 stato dato alle fiamme. Episodi simili si sono registrati anche in Spagna, dove in alcune chiese ci sono stati furti a ripetizione, come se un vero e proprio commando agisse ordinatamente per rubare quante pi\u00f9 ostie consacrate possibile.<\/p>\n\n\n\n<h3 class=\"wp-block-heading\"><strong>Attacchi e minacce contro i sacerdoti<\/strong><\/h3>\n\n\n\n<p>Sempre nel giugno 2019 un sacerdote polacco ha subito il pestaggio da parte di un gruppo di uomini che stava tentando di profanare la sua chiesa. Il prete ha cercato di fermarli, si \u00e8 messo fra loro e gli arredi sacri, ed \u00e8 stato picchiato selvaggiamente. Anche in questo caso la notizia \u00e8 confermata e rilanciata oggi dall\u2019<a href=\"https:\/\/osce.org\/it\" target=\"_blank\" rel=\"noopener noreferrer\">OSCE<\/a>, una realt\u00e0 non certo cattolica, ma anche stavolta non ha trovato eco sui principali giornali europei.<\/p>\n\n\n\n<p>Nell\u2019aprile dello stesso anno un altro sacerdote \u00e8 stato aggredito in Spagna mentre celebrava la Messa, e davanti ai suoi fedeli.<\/p>\n\n\n\n<p>Un altro obiettivo sensibile sono le statue, in modo particolare quelle della Madonna, che sembrano suscitare odio speciale. Sempre in Francia, una statua della Madonna posizionata all\u2019interno di una replica della Grotta di Lourdes \u00e8 stata decapitata nell\u2019ottobre 2019, mentre in Polonia, quasi contemporaneamente, alcune cappelle del rosario venivano profanate con graffiti blasfemi. Sempre in Polonia, <a href=\"https:\/\/ifamnews.com\/it\/polonia-assalti-alle-chiese-dopo-la-sentenza-sull-aborto\/\" target=\"_blank\" rel=\"noopener noreferrer\">dove negli ultimi mesi \u00e8 in corso una vera e propria marcia contro la fede<\/a>, diverse statue di Papa san Giovanni Paolo II (1920-2005) sono state vandalizzate.<\/p>\n\n\n\n<h3 class=\"wp-block-heading\"><strong>Attacchi incendiari alle chiese<\/strong><\/h3>\n\n\n\n<p>Secondo l\u2019OSCE, nel 2019 si sono verificati almeno 20 attacchi incendiari contro chiese cattoliche: l\u2019Istituto Gatestone parla invece di oltre un centinaio di incendi dolosi. In Spagna \u00e8 stato dato fuoco a un convento e fiamme sono state appiccate anche a una statua di Ges\u00f9 posta all\u2019esterno nonch\u00e9 all\u2019altare di una chiesa vicina. Sempre secondo il rapporto OSCE, diversi membri della Conferenza episcopale spagnola avrebbero ricevuto minacce di incendi dolosi alle proprie parrocchie.<\/p>\n\n\n\n<p>Intanto, proprio mentre questi dati vengono diffusi, la lista si allunga ancora: <a href=\"https:\/\/catholicnewsagency.com\/news\/pastor-at-vandalized-swedish-catholic-church-perpetrators-wanted-to-create-an-eternal-good-friday-51348\" target=\"_blank\" rel=\"noopener noreferrer\">venerd\u00ec 13 novembre l\u2019altare della chiesa di Cristo Re a G\u00f6teborg<\/a>, in Svezia, \u00e8 stato vandalizzato. Un gesto violento del quale il parroco, don Tobias Unnerst\u00e5l, ha voluto sottolineare la simbolicit\u00e0: \u00abMi chiedo se il colpevole conosca il simbolismo cristiano. Quello che \u00e8 stato fatto \u00e8 infatti molto specifico. Noi stessi togliamo tutto dall&#8217;altare una volta all&#8217;anno, ed \u00e8 prima del Venerd\u00ec Santo. \u00c8 come se il profanatore avesse voluto creare un Venerd\u00ec Santo eterno, la cosa peggiore che un credente possa immaginare\u00bb. Nell\u2019attacco, infatti, l\u2019altare \u00e8 stato completamente privato di ogni arredo: via gli inni sacri, via le candele, via la tovaglia. <\/p>\n\n\n\n<p>Forte per\u00f2 il sostegno ricevuto dalla comunit\u00e0 locale, che ha inondato il parroco di telefonate e di <em>e-mail<\/em> di sostegno. Per reazione, poi, il sacerdote ha deciso di prolungare i tempi di apertura della chiesa, invitando i fedeli a entrare e a fermarsi pi\u00f9 spesso per la preghiera. Quando la chiesa \u00e8 aperta e frequentata, infatti, diminuisce molto il rischio di attacchi, e diversi parrocchiani si stanno organizzando in turni affinch\u00e9, soprattutto durante la settimana, ci sia sempre qualcuno in chiesa a pregare. Anche per chi ha profanato la chiesa.<\/p>\n","protected":false},"excerpt":{"rendered":"<p>La reazione di una \u201cpiccola Vandea\u201d svedese: chiese spalancate e presidio quotidiano di preghiera <\/p>\n","protected":false},"author":13,"featured_media":37620,"comment_status":"open","ping_status":"open","sticky":false,"template":"","format":"standard","meta":{"give_campaign_id":0,"om_disable_all_campaigns":false,"_monsterinsights_skip_tracking":false,"_monsterinsights_sitenote_active":false,"_monsterinsights_sitenote_note":"","_monsterinsights_sitenote_category":0,"mc4wp_mailchimp_campaign":[],"jnews-multi-image_gallery":[],"jnews_single_post":{"subtitle":"La reazione di una \u201cpiccola Vandea\u201d svedese: chiese spalancate e presidio quotidiano di preghiera ","format":"standard","video":"","gallery":"","source_name":"","source_url":"","via_name":"","via_url":"","override":[{"single_blog_custom":"","sidebar":"","second_sidebar":"","share_position":"","share_float_style":"","post_date_format":"","post_date_format_custom":"","post_reading_time_wpm":"","zoom_button_out_step":"1","zoom_button_in_step":"1","number_popup_post":"1"}],"image_override":[{"single_post_thumbnail_size":"","single_post_gallery_size":""}],"trending_post_position":"","trending_post_label":"","sponsored_post_label":"","sponsored_post_name":"","sponsored_post_url":"","sponsored_post_logo":"","sponsored_post_desc":""},"jnews_primary_category":{"id":"780"},"jnews_social_meta":{"fb_title":"","fb_description":"","fb_image":"","twitter_title":"","twitter_description":"","twitter_image":""},"jnews_override_counter":{"view_counter_number":"0","share_counter_number":"0","like_counter_number":"0","dislike_counter_number":"0"},"footnotes":""},"categories":[780],"tags":[1957,6584,7993],"class_list":["post-37619","post","type-post","status-publish","format-standard","has-post-thumbnail","hentry","category-politica-it","tag-cristianofobia","tag-osce","tag-vetrina"],"yoast_head":"<!-- This site is optimized with the Yoast SEO Premium plugin v25.9 (Yoast SEO v27.3) - https:\/\/yoast.com\/product\/yoast-seo-premium-wordpress\/ -->\n<title>Allarme cristianofobia OSCE, 600 attacchi nel 2019 - IFN<\/title>\n<meta name=\"description\" content=\"La reazione di una \u201cpiccola Vandea\u201d svedese: chiese spalancate e presidio quotidiano di preghiera, anche per i vandali\" \/>\n<meta name=\"robots\" content=\"index, follow, max-snippet:-1, max-image-preview:large, max-video-preview:-1\" \/>\n<link rel=\"canonical\" href=\"https:\/\/ifamnews.com\/it\/allarme-cristianofobia-osce-600-attacchi-nel-2019\" \/>\n<meta property=\"og:locale\" content=\"it_IT\" \/>\n<meta property=\"og:type\" content=\"article\" \/>\n<meta property=\"og:title\" content=\"Allarme cristianofobia OSCE, 600 attacchi nel 2019\" \/>\n<meta property=\"og:description\" content=\"La reazione di una \u201cpiccola Vandea\u201d svedese: chiese spalancate e presidio quotidiano di preghiera, anche per i vandali\" \/>\n<meta property=\"og:url\" content=\"https:\/\/ifamnews.com\/it\/allarme-cristianofobia-osce-600-attacchi-nel-2019\" \/>\n<meta property=\"og:site_name\" content=\"IFN\" \/>\n<meta property=\"article:publisher\" content=\"https:\/\/www.facebook.com\/iFamNews\" \/>\n<meta property=\"article:author\" content=\"https:\/\/it-it.facebook.com\/IlparcodiGiacomo\/\" \/>\n<meta property=\"article:published_time\" content=\"2020-11-25T05:00:08+00:00\" \/>\n<meta property=\"article:modified_time\" content=\"2021-01-28T18:14:41+00:00\" \/>\n<meta property=\"og:image\" content=\"https:\/\/ifamnews.com\/wp-content\/uploads\/2020\/11\/Chiesa-distrutta-cristianofobia.-Image-by-Viktoria-Schubert-from-Pixabay.jpg\" \/>\n\t<meta property=\"og:image:width\" content=\"1920\" \/>\n\t<meta property=\"og:image:height\" content=\"1280\" \/>\n\t<meta property=\"og:image:type\" content=\"image\/jpeg\" \/>\n<meta name=\"author\" content=\"Giacomo Bertoni\" \/>\n<meta name=\"twitter:card\" content=\"summary_large_image\" \/>\n<meta name=\"twitter:creator\" content=\"@https:\/\/twitter.com\/ParcodiGiacomo\" \/>\n<meta name=\"twitter:site\" content=\"@iFamNewsEN\" \/>\n<meta name=\"twitter:label1\" content=\"Scritto da\" \/>\n\t<meta name=\"twitter:data1\" content=\"Giacomo Bertoni\" \/>\n\t<meta name=\"twitter:label2\" content=\"Tempo di lettura stimato\" \/>\n\t<meta name=\"twitter:data2\" content=\"3 minuti\" \/>\n<!-- \/ Yoast SEO Premium plugin. -->","yoast_head_json":{"title":"Allarme cristianofobia OSCE, 600 attacchi nel 2019 - IFN","description":"La reazione di una \u201cpiccola Vandea\u201d svedese: chiese spalancate e presidio quotidiano di preghiera, anche per i vandali","robots":{"index":"index","follow":"follow","max-snippet":"max-snippet:-1","max-image-preview":"max-image-preview:large","max-video-preview":"max-video-preview:-1"},"canonical":"https:\/\/ifamnews.com\/it\/allarme-cristianofobia-osce-600-attacchi-nel-2019","og_locale":"it_IT","og_type":"article","og_title":"Allarme cristianofobia OSCE, 600 attacchi nel 2019","og_description":"La reazione di una \u201cpiccola Vandea\u201d svedese: chiese spalancate e presidio quotidiano di preghiera, anche per i vandali","og_url":"https:\/\/ifamnews.com\/it\/allarme-cristianofobia-osce-600-attacchi-nel-2019","og_site_name":"IFN","article_publisher":"https:\/\/www.facebook.com\/iFamNews","article_author":"https:\/\/it-it.facebook.com\/IlparcodiGiacomo\/","article_published_time":"2020-11-25T05:00:08+00:00","article_modified_time":"2021-01-28T18:14:41+00:00","og_image":[{"width":1920,"height":1280,"url":"https:\/\/ifamnews.com\/wp-content\/uploads\/2020\/11\/Chiesa-distrutta-cristianofobia.-Image-by-Viktoria-Schubert-from-Pixabay.jpg","type":"image\/jpeg"}],"author":"Giacomo Bertoni","twitter_card":"summary_large_image","twitter_creator":"@https:\/\/twitter.com\/ParcodiGiacomo","twitter_site":"@iFamNewsEN","twitter_misc":{"Scritto da":"Giacomo Bertoni","Tempo di lettura stimato":"3 minuti"},"schema":{"@context":"https:\/\/schema.org","@graph":[{"@type":"NewsArticle","@id":"https:\/\/ifamnews.com\/it\/allarme-cristianofobia-osce-600-attacchi-nel-2019#article","isPartOf":{"@id":"https:\/\/ifamnews.com\/it\/allarme-cristianofobia-osce-600-attacchi-nel-2019"},"author":{"name":"Giacomo Bertoni","@id":"https:\/\/ifamnews.com\/en\/#\/schema\/person\/5a21aea3de40946073f9cdf6051e2f6e"},"headline":"Allarme cristianofobia OSCE, 600 attacchi nel 2019","datePublished":"2020-11-25T05:00:08+00:00","dateModified":"2021-01-28T18:14:41+00:00","mainEntityOfPage":{"@id":"https:\/\/ifamnews.com\/it\/allarme-cristianofobia-osce-600-attacchi-nel-2019"},"wordCount":679,"commentCount":0,"publisher":{"@id":"https:\/\/ifamnews.com\/en\/#organization"},"image":{"@id":"https:\/\/ifamnews.com\/it\/allarme-cristianofobia-osce-600-attacchi-nel-2019#primaryimage"},"thumbnailUrl":"https:\/\/ifamnews.com\/wp-content\/uploads\/2020\/11\/Chiesa-distrutta-cristianofobia.-Image-by-Viktoria-Schubert-from-Pixabay.jpg","keywords":["Cristianofobia","OSCE","Vetrina"],"articleSection":["Politica"],"inLanguage":"it-IT","potentialAction":[{"@type":"CommentAction","name":"Comment","target":["https:\/\/ifamnews.com\/it\/allarme-cristianofobia-osce-600-attacchi-nel-2019#respond"]}]},{"@type":"WebPage","@id":"https:\/\/ifamnews.com\/it\/allarme-cristianofobia-osce-600-attacchi-nel-2019","url":"https:\/\/ifamnews.com\/it\/allarme-cristianofobia-osce-600-attacchi-nel-2019","name":"Allarme cristianofobia OSCE, 600 attacchi nel 2019 - IFN","isPartOf":{"@id":"https:\/\/ifamnews.com\/en\/#website"},"primaryImageOfPage":{"@id":"https:\/\/ifamnews.com\/it\/allarme-cristianofobia-osce-600-attacchi-nel-2019#primaryimage"},"image":{"@id":"https:\/\/ifamnews.com\/it\/allarme-cristianofobia-osce-600-attacchi-nel-2019#primaryimage"},"thumbnailUrl":"https:\/\/ifamnews.com\/wp-content\/uploads\/2020\/11\/Chiesa-distrutta-cristianofobia.-Image-by-Viktoria-Schubert-from-Pixabay.jpg","datePublished":"2020-11-25T05:00:08+00:00","dateModified":"2021-01-28T18:14:41+00:00","description":"La reazione di una \u201cpiccola Vandea\u201d svedese: chiese spalancate e presidio quotidiano di preghiera, anche per i vandali","breadcrumb":{"@id":"https:\/\/ifamnews.com\/it\/allarme-cristianofobia-osce-600-attacchi-nel-2019#breadcrumb"},"inLanguage":"it-IT","potentialAction":[{"@type":"ReadAction","target":["https:\/\/ifamnews.com\/it\/allarme-cristianofobia-osce-600-attacchi-nel-2019"]}]},{"@type":"ImageObject","inLanguage":"it-IT","@id":"https:\/\/ifamnews.com\/it\/allarme-cristianofobia-osce-600-attacchi-nel-2019#primaryimage","url":"https:\/\/ifamnews.com\/wp-content\/uploads\/2020\/11\/Chiesa-distrutta-cristianofobia.-Image-by-Viktoria-Schubert-from-Pixabay.jpg","contentUrl":"https:\/\/ifamnews.com\/wp-content\/uploads\/2020\/11\/Chiesa-distrutta-cristianofobia.-Image-by-Viktoria-Schubert-from-Pixabay.jpg","width":1920,"height":1280,"caption":"Image by Viktoria Schubert from Pixabay"},{"@type":"BreadcrumbList","@id":"https:\/\/ifamnews.com\/it\/allarme-cristianofobia-osce-600-attacchi-nel-2019#breadcrumb","itemListElement":[{"@type":"ListItem","position":1,"name":"Home","item":"https:\/\/ifamnews.com\/de"},{"@type":"ListItem","position":2,"name":"Politics","item":"https:\/\/ifamnews.com\/en\/category\/politics"},{"@type":"ListItem","position":3,"name":"Allarme cristianofobia OSCE, 600 attacchi nel 2019"}]},{"@type":"WebSite","@id":"https:\/\/ifamnews.com\/en\/#website","url":"https:\/\/ifamnews.com\/en\/","name":"IFN","description":"International Family News Network","publisher":{"@id":"https:\/\/ifamnews.com\/en\/#organization"},"potentialAction":[{"@type":"SearchAction","target":{"@type":"EntryPoint","urlTemplate":"https:\/\/ifamnews.com\/en\/?s={search_term_string}"},"query-input":{"@type":"PropertyValueSpecification","valueRequired":true,"valueName":"search_term_string"}}],"inLanguage":"it-IT"},{"@type":"Organization","@id":"https:\/\/ifamnews.com\/en\/#organization","name":"iFamNews","url":"https:\/\/ifamnews.com\/en\/","logo":{"@type":"ImageObject","inLanguage":"it-IT","@id":"https:\/\/ifamnews.com\/en\/#\/schema\/logo\/image\/","url":"https:\/\/ifamnews.com\/wp-content\/uploads\/2020\/01\/Share-logo.png","contentUrl":"https:\/\/ifamnews.com\/wp-content\/uploads\/2020\/01\/Share-logo.png","width":200,"height":200,"caption":"iFamNews"},"image":{"@id":"https:\/\/ifamnews.com\/en\/#\/schema\/logo\/image\/"},"sameAs":["https:\/\/www.facebook.com\/iFamNews","https:\/\/x.com\/iFamNewsEN"]},{"@type":"Person","@id":"https:\/\/ifamnews.com\/en\/#\/schema\/person\/5a21aea3de40946073f9cdf6051e2f6e","name":"Giacomo Bertoni","image":{"@type":"ImageObject","inLanguage":"it-IT","@id":"https:\/\/secure.gravatar.com\/avatar\/8249f6c99b4757c6a2e9c32b70074900a0e16f1b8f4086921238d140a909149b?s=96&d=mm&r=g","url":"https:\/\/secure.gravatar.com\/avatar\/8249f6c99b4757c6a2e9c32b70074900a0e16f1b8f4086921238d140a909149b?s=96&d=mm&r=g","contentUrl":"https:\/\/secure.gravatar.com\/avatar\/8249f6c99b4757c6a2e9c32b70074900a0e16f1b8f4086921238d140a909149b?s=96&d=mm&r=g","caption":"Giacomo Bertoni"},"description":"Giacomo Bertoni, journalist and writer. Formerly at the daily newspaper la Provincia Pavese, he has worked with Ossigeno per l'informazione, il Ticino, and since 2016 has collaborated with Radio Mater. In 2009 he published his first children's book, Toppy, a gnat with a big heart (EdiGio'), which was followed by Gino e la Vecchia Consigliera (2011) and Un ponte tra le Valli (2014). In 2014 he graduated in Philosophy from the University of Pavia. Since 2011 he has edited his personal blog Il parco di Giacomo.","sameAs":["https:\/\/parcodigiacomo.blogspot.com\/","https:\/\/it-it.facebook.com\/IlparcodiGiacomo\/","https:\/\/x.com\/https:\/\/twitter.com\/ParcodiGiacomo"],"url":"https:\/\/ifamnews.com\/it\/author\/gbertoni"}]}},"amp_enabled":true,"_links":{"self":[{"href":"https:\/\/ifamnews.com\/it\/wp-json\/wp\/v2\/posts\/37619","targetHints":{"allow":["GET"]}}],"collection":[{"href":"https:\/\/ifamnews.com\/it\/wp-json\/wp\/v2\/posts"}],"about":[{"href":"https:\/\/ifamnews.com\/it\/wp-json\/wp\/v2\/types\/post"}],"author":[{"embeddable":true,"href":"https:\/\/ifamnews.com\/it\/wp-json\/wp\/v2\/users\/13"}],"replies":[{"embeddable":true,"href":"https:\/\/ifamnews.com\/it\/wp-json\/wp\/v2\/comments?post=37619"}],"version-history":[{"count":3,"href":"https:\/\/ifamnews.com\/it\/wp-json\/wp\/v2\/posts\/37619\/revisions"}],"predecessor-version":[{"id":38824,"href":"https:\/\/ifamnews.com\/it\/wp-json\/wp\/v2\/posts\/37619\/revisions\/38824"}],"wp:featuredmedia":[{"embeddable":true,"href":"https:\/\/ifamnews.com\/it\/wp-json\/wp\/v2\/media\/37620"}],"wp:attachment":[{"href":"https:\/\/ifamnews.com\/it\/wp-json\/wp\/v2\/media?parent=37619"}],"wp:term":[{"taxonomy":"category","embeddable":true,"href":"https:\/\/ifamnews.com\/it\/wp-json\/wp\/v2\/categories?post=37619"},{"taxonomy":"post_tag","embeddable":true,"href":"https:\/\/ifamnews.com\/it\/wp-json\/wp\/v2\/tags?post=37619"}],"curies":[{"name":"wp","href":"https:\/\/api.w.org\/{rel}","templated":true}]}}