{"id":34460,"date":"2020-10-30T00:00:22","date_gmt":"2020-10-30T05:00:22","guid":{"rendered":"https:\/\/ifamnews.com\/?p=34460"},"modified":"2020-11-03T14:02:40","modified_gmt":"2020-11-03T19:02:40","slug":"elezioni-in-romania-il-6-dicembre-la-sfida-pro-life","status":"publish","type":"post","link":"https:\/\/ifamnews.com\/it\/elezioni-in-romania-il-6-dicembre-la-sfida-pro-life","title":{"rendered":"Elezioni in Romania il 6 dicembre, la sfida pro-life"},"content":{"rendered":"<p class=\"last-updated\">Last updated on Novembre 3rd, 2020 at 02:02 pm<\/p>\n<p>Su vita e famiglia un Paese ex comunista dove c\u2019\u00e8 molto da lavorare \u00e8 sicuramente <a href=\"https:\/\/ifamnews.com\/it\/incubo-romania-un-paese-senza-vita\/\" target=\"_blank\" rel=\"noopener noreferrer\">la Romania, un Paese da incubo letteralmente senza vita<\/a>. Il 6 dicembre i romeni sono chiamati alle urne per rinnovare il parlamento: tra le nuove formazioni politiche in lista, c\u2019\u00e8 Alianta Renasterea Nationala, \u00abAlleanza per il Rinnovamento Nazionale\u00bb, il primo vero partito integralmente ispirato a valori cristiani. Peter Costea, iniziatore del movimento romeno per la vita, ne \u00e8 uno dei fondatori.<\/p>\n\n\n\n<h3 class=\"wp-block-heading\"><strong>Partiamo dalla legislazione sull\u2019aborto. In che anno la Romania lo ha depenalizzato? E come si \u00e8 evoluta la situazione dai tempi del regime comunista a oggi?<\/strong><\/h3>\n\n\n\n<p>La Romania ha seguito le orme dell\u2019Unione Sovietica, legalizzando l\u2019aborto a richiesta nel 1957. Tuttavia, quando sal\u00ec al potere a met\u00e0 degli anni 1960, Nicolae Ceausescu (1918-1989) impose una serie di restrizioni che, di anno in anno, sono diventate sempre pi\u00f9 severe. Non significa ovviamente che Ceausescu fosse <em>pro-life<\/em>: limit\u00f2 infatti gli aborti solo per trasformare la Romania in una potenza demografica europea. Ceausescu penalizz\u00f2 dunque le donne che abortivano, permettendo persino che alcune morissero dissanguate. Anche i contraccettivi erano illegali. Poi, il 26 dicembre 1989, al momento della sua caduta, le restrizioni furono abolite e l\u2019aborto divenne completamente legale, dilagando. Si stima che, soltanto tra il 1990 e il 1992, siano stati abortiti due milioni e mezzo di bambini. In mezzo secolo, tra il 1957 e il 2007, gli aborti sono stati circa 20 milioni: un numero sbalorditivo e una vergogna nazionale. Nuovi limiti, tuttavia, sono stati imposti a partire dal 1996, cosicch\u00e9 l\u2019aborto \u00e8 ora consentito fino alla quattordicesima settimana di gravidanza.<\/p>\n\n\n\n<h3 class=\"wp-block-heading\"><strong>A differenza di Polonia e Ungheria, in Romania i movimenti <em>pro-life<\/em> non sono particolarmente forti: perch\u00e9?<\/strong><\/h3>\n\n\n\n<p>Il movimento per la vita \u00e8 sorto nel primo decennio post-comunista. Diversi deputati eletti in parlamento si sono rivolti alla coscienza del Paese additando gli orrori dell\u2019aborto e sottolineando l\u2019insostenibilit\u00e0 della soppressione della vita dei nascituri. Ne \u00e8 sorto l\u2019impegno di <em>blogger<\/em> e attivisti che, ispirandosi ai movimenti occidentali, ha organizzato marce per la vita e veglie davanti alle cliniche abortiste.<\/p>\n\n\n\n<p>Ma il movimento romeno \u00e8 debole. Non c\u2019\u00e8 infatti una vera volont\u00e0 politica di sollevare la questione dell\u2019aborto in pubblico. Tacciono persino i pochi deputati cristiani che seggono in parlamento. Il tema pare insomma essere tab\u00f9. Poi ci sono le pressioni esercitate dall\u2019Unione Europea, dal Parlamento Europeo e dalla Corte Europea dei Diritti dell\u2019Uomo. Sfortunatamente gli europarlamentari romeni, a differenza dei colleghi polacchi, ungheresi e, recentemente, anche bulgari, votano costantemente a favore dell\u2019aborto e dei presunti diritti LGBT+.<\/p>\n\n\n\n<p>Infine c\u2019\u00e8 la zavorra del nostro passato. Sotto il comunismo la vita era estremamente dura e spesso le donne abortivano illegalmente per prevenire ulteriori disagi alla famiglia. Pensavano cio\u00e8 che fosse meglio per tutti evitare di mettere al mondo un altro essere umano che avrebbe dovuto essere curato, nutrito, vestito e allevato. Il regime comunista aveva praticamente reso l\u2019aborto illegale e il governo aveva imposto misure drastiche per costringere le donne ad avere figli. Ma quelle politiche hanno fallito e, assieme alla miseria economica, hanno avuto un impatto psicologico grave sulle donne. Le figlie delle donne che hanno abortito in quegli anni sono consapevoli di questo triste capitolo della storia romena e si sono abituate ad abortire a propria volta senza troppi rimpianti. Naturalmente le circostanze sono cambiate. Nell\u2019era dell\u2019abbondanza le ragioni economiche o psicologiche non possono, in alcuna circostanza, essere invocate per giustificare la lenta uccisione di un\u2019intera nazione attraverso l\u2019aborto.<\/p>\n\n\n\n<h3 class=\"wp-block-heading\"><strong>Come \u00e8 nato Alianta Renasterea Nationala (ARN) e quali sono i suoi obiettivi?<\/strong><\/h3>\n\n\n\n<p>ARN \u00e8 un\u2019estensione della piattaforma politica che promossi quando mi candidai al Parlamento Europeo nelle elezioni del 2019 da indipendente. Mi occupo di vita e famiglia dal 2005 e nel 2007 ho fondato l\u2019Alleanza delle Famiglie di Romania. In quella veste ho fatto il possibile per premere, nelle istituzioni e nei consessi europei, cos\u00ec come nel parlamento del mio Paese, affinch\u00e9 fossero garantiti il diritto a nascere, la famiglia naturale, i diritti dei genitori, la libert\u00e0 religiosa e gli interessi della comunit\u00e0 cristiana. Sebbene numerosi e sostenuti, il pi\u00f9 delle volte i miei sforzi non hanno sortito effetto. Mi sono per\u00f2 reso conto che un partito politico basato sui princ\u00ecpi cristiani avrebbe potuto riscuotere pi\u00f9 successo.<\/p>\n\n\n\n<p>Nel 2019 ottenni ufficialmente oltre 130mila voti, ma la base che riuscimmo a creare era di almeno 150mila elettori. Valeva la pena non fermarsi l\u00ec, ma proseguire l\u2019impegno. Gli obiettivi dell\u2019ARN sono gli stessi che perseguivo allora. Ci opponiamo alla cultura della morte, cercando di rafforzare la giovane democrazia rumena, lo Stato di diritto, i diritti fondamentali, l\u2019educazione parentale. L\u2019obiettivo cruciale \u00e8 ora cercare di invertire il declino demografico in cui versiamo.<\/p>\n\n\n\n<h3 class=\"wp-block-heading\"><strong>La <a href=\"https:\/\/romania.europalibera.org\/a\/30856559.html\" target=\"_blank\" rel=\"noopener noreferrer\">Corte costituzionale rumena si \u00e8 recentemente pronunciata a favore della libert\u00e0 educativa dei genitori<\/a>. Quanto \u00e8 forte l\u2019ideologia <em>gender<\/em> nel suo Paese?<\/strong><\/h3>\n\n\n\n<p>S\u00ec, la Corte costituzionale ha decretato il consenso informato dei genitori all\u2019\u00abeducazione sanitaria\u00bb dei ragazzi, \u00abatta a prevenire gravidanze indesiderate e malattie trasmissibili\u00bb. \u00c8 stata una grande vittoria delle famiglie. L\u2019ideologia <em>gender<\/em> \u00e8 invece un avversario pi\u00f9 difficile. La Romania ha firmato la Convenzione di Istanbul, che impone indirettamente l\u2019ideologia <em>gender<\/em> ai Paesi firmatari, e il parlamento rumeno l\u2019ha ratificata, trasformandone i contenuti in legge dello Stato. Non significa, ovviamente, che la Romania sia obbligata a imporre l\u2019insegnamento del <em>gender<\/em> nelle scuole, ma la pressione in questo senso c\u2019\u00e8, e proviene dall\u2019Unione Europea (UE) e dalle organizzazioni internazionali, comprese le Nazioni Unite. Per combatterla, l\u2019ARN si opporr\u00e0 all\u2019<a href=\"https:\/\/ilo.org\/wcmsp5\/groups\/public\/---dgreports\/---gender\/documents\/publication\/wcms_744782.pdf\" target=\"_blank\" rel=\"noopener noreferrer\">ILO-190, la nuova direttiva che la UE sta impiegando per costringere gli Stati membri proprio ad adottare il <em>gender<\/em> nei propri ordinamenti giuridici<\/a>. Slovacchia, Ungheria e Polonia gi\u00e0 si oppongono a questa strategia. La nostra speranza \u00e8 che ARN entri in Parlamento e impedisca all\u2019ILO-190 di entrare nella legislazione rumena.<\/p>\n","protected":false},"excerpt":{"rendered":"<p>Alleanza per il Rinnovamento Nazionale si batte contro ingerenze e cultura di morte. Lo spiega Peter Costea<\/p>\n","protected":false},"author":545,"featured_media":34463,"comment_status":"open","ping_status":"open","sticky":false,"template":"","format":"standard","meta":{"give_campaign_id":0,"om_disable_all_campaigns":false,"_monsterinsights_skip_tracking":false,"_monsterinsights_sitenote_active":false,"_monsterinsights_sitenote_note":"","_monsterinsights_sitenote_category":0,"mc4wp_mailchimp_campaign":[],"jnews-multi-image_gallery":[],"jnews_single_post":{"subtitle":"Alleanza per il Rinnovamento Nazionale si batte contro ingerenze e cultura di morte. Lo spiega Peter Costea","format":"standard","video":"","gallery":"","source_name":"","source_url":"","via_name":"","via_url":"","override":[{"single_blog_custom":"","sidebar":"","second_sidebar":"","share_position":"","share_float_style":"","post_date_format":"","post_date_format_custom":"","post_reading_time_wpm":"","zoom_button_out_step":"1","zoom_button_in_step":"1","number_popup_post":"1"}],"image_override":[{"single_post_thumbnail_size":"","single_post_gallery_size":""}],"trending_post_position":"","trending_post_label":"","sponsored_post_label":"","sponsored_post_name":"","sponsored_post_url":"","sponsored_post_logo":"","sponsored_post_desc":""},"jnews_primary_category":{"id":"780"},"jnews_social_meta":{"fb_title":"","fb_description":"","fb_image":"","twitter_title":"","twitter_description":"","twitter_image":""},"jnews_override_counter":{"view_counter_number":"0","share_counter_number":"0","like_counter_number":"0","dislike_counter_number":"0"},"footnotes":""},"categories":[780],"tags":[698,806,6305,1032],"class_list":["post-34460","post","type-post","status-publish","format-standard","has-post-thumbnail","hentry","category-politica-it","tag-aborto","tag-famiglia","tag-peter-costea","tag-romania"],"yoast_head":"<!-- This site is optimized with the Yoast SEO Premium plugin v25.9 (Yoast SEO v27.3) - https:\/\/yoast.com\/product\/yoast-seo-premium-wordpress\/ -->\n<title>Elezioni in Romania il 6 dicembre, la sfida pro-life - IFN<\/title>\n<meta name=\"description\" content=\"Alleanza per il Rinnovamento Nazionale si batte contro ingerenze e cultura di morte. Lo spiega Peter Costea\" \/>\n<meta name=\"robots\" content=\"index, follow, max-snippet:-1, max-image-preview:large, max-video-preview:-1\" \/>\n<link rel=\"canonical\" href=\"https:\/\/ifamnews.com\/it\/elezioni-in-romania-il-6-dicembre-la-sfida-pro-life\" \/>\n<meta property=\"og:locale\" content=\"it_IT\" \/>\n<meta property=\"og:type\" content=\"article\" \/>\n<meta property=\"og:title\" content=\"Elezioni in Romania il 6 dicembre, la sfida pro-life\" \/>\n<meta property=\"og:description\" content=\"Alleanza per il Rinnovamento Nazionale si batte contro ingerenze e cultura di morte. Lo spiega Peter Costea\" \/>\n<meta property=\"og:url\" content=\"https:\/\/ifamnews.com\/it\/elezioni-in-romania-il-6-dicembre-la-sfida-pro-life\" \/>\n<meta property=\"og:site_name\" content=\"IFN\" \/>\n<meta property=\"article:publisher\" content=\"https:\/\/www.facebook.com\/iFamNews\" \/>\n<meta property=\"article:published_time\" content=\"2020-10-30T05:00:22+00:00\" \/>\n<meta property=\"article:modified_time\" content=\"2020-11-03T19:02:40+00:00\" \/>\n<meta property=\"og:image\" content=\"https:\/\/ifamnews.com\/wp-content\/uploads\/2020\/10\/12063615_1149667378390750_4934104985009635704_n.jpg\" \/>\n\t<meta property=\"og:image:width\" content=\"1200\" \/>\n\t<meta property=\"og:image:height\" content=\"675\" \/>\n\t<meta property=\"og:image:type\" content=\"image\/jpeg\" \/>\n<meta name=\"author\" content=\"Luca Marcolivio\" \/>\n<meta name=\"twitter:card\" content=\"summary_large_image\" \/>\n<meta name=\"twitter:creator\" content=\"@https:\/\/twitter.com\/luketto2\" \/>\n<meta name=\"twitter:site\" content=\"@iFamNewsEN\" \/>\n<meta name=\"twitter:label1\" content=\"Scritto da\" \/>\n\t<meta name=\"twitter:data1\" content=\"Luca Marcolivio\" \/>\n\t<meta name=\"twitter:label2\" content=\"Tempo di lettura stimato\" \/>\n\t<meta name=\"twitter:data2\" content=\"5 minuti\" \/>\n<!-- \/ Yoast SEO Premium plugin. -->","yoast_head_json":{"title":"Elezioni in Romania il 6 dicembre, la sfida pro-life - IFN","description":"Alleanza per il Rinnovamento Nazionale si batte contro ingerenze e cultura di morte. Lo spiega Peter Costea","robots":{"index":"index","follow":"follow","max-snippet":"max-snippet:-1","max-image-preview":"max-image-preview:large","max-video-preview":"max-video-preview:-1"},"canonical":"https:\/\/ifamnews.com\/it\/elezioni-in-romania-il-6-dicembre-la-sfida-pro-life","og_locale":"it_IT","og_type":"article","og_title":"Elezioni in Romania il 6 dicembre, la sfida pro-life","og_description":"Alleanza per il Rinnovamento Nazionale si batte contro ingerenze e cultura di morte. Lo spiega Peter Costea","og_url":"https:\/\/ifamnews.com\/it\/elezioni-in-romania-il-6-dicembre-la-sfida-pro-life","og_site_name":"IFN","article_publisher":"https:\/\/www.facebook.com\/iFamNews","article_published_time":"2020-10-30T05:00:22+00:00","article_modified_time":"2020-11-03T19:02:40+00:00","og_image":[{"width":1200,"height":675,"url":"https:\/\/ifamnews.com\/wp-content\/uploads\/2020\/10\/12063615_1149667378390750_4934104985009635704_n.jpg","type":"image\/jpeg"}],"author":"Luca Marcolivio","twitter_card":"summary_large_image","twitter_creator":"@https:\/\/twitter.com\/luketto2","twitter_site":"@iFamNewsEN","twitter_misc":{"Scritto da":"Luca Marcolivio","Tempo di lettura stimato":"5 minuti"},"schema":{"@context":"https:\/\/schema.org","@graph":[{"@type":"NewsArticle","@id":"https:\/\/ifamnews.com\/it\/elezioni-in-romania-il-6-dicembre-la-sfida-pro-life#article","isPartOf":{"@id":"https:\/\/ifamnews.com\/it\/elezioni-in-romania-il-6-dicembre-la-sfida-pro-life"},"author":{"name":"Luca Marcolivio","@id":"https:\/\/ifamnews.com\/en\/#\/schema\/person\/ce4f7fd8e66bf7ecb51fc4e1d97dbcfd"},"headline":"Elezioni in Romania il 6 dicembre, la sfida pro-life","datePublished":"2020-10-30T05:00:22+00:00","dateModified":"2020-11-03T19:02:40+00:00","mainEntityOfPage":{"@id":"https:\/\/ifamnews.com\/it\/elezioni-in-romania-il-6-dicembre-la-sfida-pro-life"},"wordCount":966,"commentCount":0,"publisher":{"@id":"https:\/\/ifamnews.com\/en\/#organization"},"image":{"@id":"https:\/\/ifamnews.com\/it\/elezioni-in-romania-il-6-dicembre-la-sfida-pro-life#primaryimage"},"thumbnailUrl":"https:\/\/ifamnews.com\/wp-content\/uploads\/2020\/10\/12063615_1149667378390750_4934104985009635704_n.jpg","keywords":["Aborto","Famiglia","Peter Costea","Romania"],"articleSection":["Politica"],"inLanguage":"it-IT","potentialAction":[{"@type":"CommentAction","name":"Comment","target":["https:\/\/ifamnews.com\/it\/elezioni-in-romania-il-6-dicembre-la-sfida-pro-life#respond"]}]},{"@type":"WebPage","@id":"https:\/\/ifamnews.com\/it\/elezioni-in-romania-il-6-dicembre-la-sfida-pro-life","url":"https:\/\/ifamnews.com\/it\/elezioni-in-romania-il-6-dicembre-la-sfida-pro-life","name":"Elezioni in Romania il 6 dicembre, la sfida pro-life - IFN","isPartOf":{"@id":"https:\/\/ifamnews.com\/en\/#website"},"primaryImageOfPage":{"@id":"https:\/\/ifamnews.com\/it\/elezioni-in-romania-il-6-dicembre-la-sfida-pro-life#primaryimage"},"image":{"@id":"https:\/\/ifamnews.com\/it\/elezioni-in-romania-il-6-dicembre-la-sfida-pro-life#primaryimage"},"thumbnailUrl":"https:\/\/ifamnews.com\/wp-content\/uploads\/2020\/10\/12063615_1149667378390750_4934104985009635704_n.jpg","datePublished":"2020-10-30T05:00:22+00:00","dateModified":"2020-11-03T19:02:40+00:00","description":"Alleanza per il Rinnovamento Nazionale si batte contro ingerenze e cultura di morte. Lo spiega Peter Costea","breadcrumb":{"@id":"https:\/\/ifamnews.com\/it\/elezioni-in-romania-il-6-dicembre-la-sfida-pro-life#breadcrumb"},"inLanguage":"it-IT","potentialAction":[{"@type":"ReadAction","target":["https:\/\/ifamnews.com\/it\/elezioni-in-romania-il-6-dicembre-la-sfida-pro-life"]}]},{"@type":"ImageObject","inLanguage":"it-IT","@id":"https:\/\/ifamnews.com\/it\/elezioni-in-romania-il-6-dicembre-la-sfida-pro-life#primaryimage","url":"https:\/\/ifamnews.com\/wp-content\/uploads\/2020\/10\/12063615_1149667378390750_4934104985009635704_n.jpg","contentUrl":"https:\/\/ifamnews.com\/wp-content\/uploads\/2020\/10\/12063615_1149667378390750_4934104985009635704_n.jpg","width":1200,"height":675,"caption":"La Marcia per la vita in Romania"},{"@type":"BreadcrumbList","@id":"https:\/\/ifamnews.com\/it\/elezioni-in-romania-il-6-dicembre-la-sfida-pro-life#breadcrumb","itemListElement":[{"@type":"ListItem","position":1,"name":"Home","item":"https:\/\/ifamnews.com\/de"},{"@type":"ListItem","position":2,"name":"Politics","item":"https:\/\/ifamnews.com\/en\/category\/politics"},{"@type":"ListItem","position":3,"name":"Elezioni in Romania il 6 dicembre, la sfida pro-life"}]},{"@type":"WebSite","@id":"https:\/\/ifamnews.com\/en\/#website","url":"https:\/\/ifamnews.com\/en\/","name":"IFN","description":"International Family News Network","publisher":{"@id":"https:\/\/ifamnews.com\/en\/#organization"},"potentialAction":[{"@type":"SearchAction","target":{"@type":"EntryPoint","urlTemplate":"https:\/\/ifamnews.com\/en\/?s={search_term_string}"},"query-input":{"@type":"PropertyValueSpecification","valueRequired":true,"valueName":"search_term_string"}}],"inLanguage":"it-IT"},{"@type":"Organization","@id":"https:\/\/ifamnews.com\/en\/#organization","name":"iFamNews","url":"https:\/\/ifamnews.com\/en\/","logo":{"@type":"ImageObject","inLanguage":"it-IT","@id":"https:\/\/ifamnews.com\/en\/#\/schema\/logo\/image\/","url":"https:\/\/ifamnews.com\/wp-content\/uploads\/2020\/01\/Share-logo.png","contentUrl":"https:\/\/ifamnews.com\/wp-content\/uploads\/2020\/01\/Share-logo.png","width":200,"height":200,"caption":"iFamNews"},"image":{"@id":"https:\/\/ifamnews.com\/en\/#\/schema\/logo\/image\/"},"sameAs":["https:\/\/www.facebook.com\/iFamNews","https:\/\/x.com\/iFamNewsEN"]},{"@type":"Person","@id":"https:\/\/ifamnews.com\/en\/#\/schema\/person\/ce4f7fd8e66bf7ecb51fc4e1d97dbcfd","name":"Luca Marcolivio","image":{"@type":"ImageObject","inLanguage":"it-IT","@id":"https:\/\/secure.gravatar.com\/avatar\/4aa297a11beb7510b2301ae9c8bbe9e7eb035156e7c8f0d92c718bc695d102d7?s=96&d=mm&r=g","url":"https:\/\/secure.gravatar.com\/avatar\/4aa297a11beb7510b2301ae9c8bbe9e7eb035156e7c8f0d92c718bc695d102d7?s=96&d=mm&r=g","contentUrl":"https:\/\/secure.gravatar.com\/avatar\/4aa297a11beb7510b2301ae9c8bbe9e7eb035156e7c8f0d92c718bc695d102d7?s=96&d=mm&r=g","caption":"Luca Marcolivio"},"description":"A professional journalist, Luca Marcolivio has been accredited to the Holy See Press Office since 2011. Director of the webmagazine of religious information Cristiani Today, e collaborates with La nuova Bussola Quotidiana, Pro Vita &amp; Famiglia and the blog of the Centro Machiavelli. From 2011 to 2017 he was Editor-in-Chief of the Italian edition of Zenit. He is the author of Contro Garibaldi. Quello che a scuola non vi hanno raccontato and the editor of La societ\u00e0 dell\u2019allegria. Don Bosco raccontato dai salesiani del XXI Secolo","sameAs":["https:\/\/x.com\/https:\/\/twitter.com\/luketto2"],"url":"https:\/\/ifamnews.com\/it\/author\/luca-marcolivio"}]}},"amp_enabled":true,"_links":{"self":[{"href":"https:\/\/ifamnews.com\/it\/wp-json\/wp\/v2\/posts\/34460","targetHints":{"allow":["GET"]}}],"collection":[{"href":"https:\/\/ifamnews.com\/it\/wp-json\/wp\/v2\/posts"}],"about":[{"href":"https:\/\/ifamnews.com\/it\/wp-json\/wp\/v2\/types\/post"}],"author":[{"embeddable":true,"href":"https:\/\/ifamnews.com\/it\/wp-json\/wp\/v2\/users\/545"}],"replies":[{"embeddable":true,"href":"https:\/\/ifamnews.com\/it\/wp-json\/wp\/v2\/comments?post=34460"}],"version-history":[{"count":4,"href":"https:\/\/ifamnews.com\/it\/wp-json\/wp\/v2\/posts\/34460\/revisions"}],"predecessor-version":[{"id":34490,"href":"https:\/\/ifamnews.com\/it\/wp-json\/wp\/v2\/posts\/34460\/revisions\/34490"}],"wp:featuredmedia":[{"embeddable":true,"href":"https:\/\/ifamnews.com\/it\/wp-json\/wp\/v2\/media\/34463"}],"wp:attachment":[{"href":"https:\/\/ifamnews.com\/it\/wp-json\/wp\/v2\/media?parent=34460"}],"wp:term":[{"taxonomy":"category","embeddable":true,"href":"https:\/\/ifamnews.com\/it\/wp-json\/wp\/v2\/categories?post=34460"},{"taxonomy":"post_tag","embeddable":true,"href":"https:\/\/ifamnews.com\/it\/wp-json\/wp\/v2\/tags?post=34460"}],"curies":[{"name":"wp","href":"https:\/\/api.w.org\/{rel}","templated":true}]}}