{"id":34263,"date":"2020-10-28T00:00:53","date_gmt":"2020-10-28T05:00:53","guid":{"rendered":"https:\/\/ifamnews.com\/?p=34263"},"modified":"2020-11-03T14:04:04","modified_gmt":"2020-11-03T19:04:04","slug":"torna-il-t-u-zan-torna-per-discriminare-gli-italiani","status":"publish","type":"post","link":"https:\/\/ifamnews.com\/it\/torna-il-t-u-zan-torna-per-discriminare-gli-italiani","title":{"rendered":"Torna il \u00abt.u. Zan\u00bb, torna per discriminare gli italiani"},"content":{"rendered":"<p class=\"last-updated\">Last updated on Novembre 3rd, 2020 at 02:04 pm<\/p>\n<p>La modella e attrice statunitense Emily Ratajkowski annuncia sul <a href=\"https:\/\/vogue.com\/article\/emily-ratajkowski-pregnant-announcement-digital-cover\" target=\"_blank\" rel=\"noopener noreferrer\">patinato Vogue<\/a> (una volta si diceva un \u201cfemminile\u201d) di essere in attesa di un figlio. O di una figlia. Non si sa. Soprattutto Emily non lo sa perch\u00e9 non lo vuole sapere. Meglio, non lo deve sapere. La Ratajkowski ha infatti le idee confusamente chiarissime. Per sapere se \u00e8 maschietto o femminuccia vuole aspettare fino a quando la creatura avr\u00e0 18 anni.<\/p>\n\n\n\n<p>Perch\u00e9, dice, vuole costringere il bambino o la bambina a quanti meno \u00abstereotipi di genere sia possibile\u00bb. Per la <em>influencer<\/em> che si strapp\u00f2 le vesti per l\u2019infondata accusa di stupro contro il giudice della Corte Suprema degli Stati Unti d\u2019America Brett Kavanaugh, e che su <em>Harper\u2019s Bazaar<\/em> se le lev\u00f2 per insegnare al mondo che la nuova femminilit\u00e0 sono le ascelle non rasate (ma persino il re di tutti pelosi, il King Kong da Oscar di Carlo Rambaldi nell\u2019omonimo <em>film<\/em> di John Guillermin nel 1976, <a href=\"https:\/\/youtube.com\/watch?v=5yaDJFLCR0s&amp;t=59s\" target=\"_blank\" rel=\"noopener noreferrer\">pensava l\u2019opposto davanti alla conturbante Jessica Lange<\/a>), la logica \u00e8 solo un\u2019astrazione borghese. Ora, Emily guarder\u00e0 altrove cambiando i pannolini per un po\u2019, ma, quando la natura far\u00e0 il proprio corso, che far\u00e0, mescoler\u00e0 rasoi per la barba o assorbenti igienici in una scatola lasciando che il\/la figli* peschi bendato nel mucchio (improvvisandosi ora Jessica Lange, ora King Kong)? Sempre sperando per\u00f2 che egli o ella non si sbagli, perch\u00e9 un conto sono le scemenze da rotocalco, un altro la realt\u00e0 delle cose.<\/p>\n\n\n\n<p>Di <em>trompe-l\u2019\u0153il<\/em> cos\u00ec ce n\u2019\u00e8 oramai in abbondanza ed \u00e8 proprio in questo cambiamento climatico che ieri \u00e8 andato in scena il ritorno del \u00abtesto unico Zan\u00bb ricucinato per meglio scendere, sperano i suoi partigiani, in gola agli italiani. La nuova formulazione in discussione da ieri alla Camera dei deputati contiene infatti una novit\u00e0: l\u2019estensione delle pene che si vorrebbero infliggere ai fantomatici \u00abomo\/transfobi\u00bb d\u2019Italia anche a chi si macchiasse di reati legati contro i disabili (predetto comunque che lavoro su indiscrezioni di stampa).<\/p>\n\n\n\n<p>La tecnica \u00e8 sottile. Il \u00abt.u. Zan\u00bb \u00e8 l\u2019estensione della Legge Mancino del 1993, che colpisce chi si renda colpevole di violenza e\/o di discriminazione per motivi razziali, etnici, religiosi o nazionali, onde includere la fattispecie di tali reati spinti anche da motivazioni di natura sessuale. Suo scopo unico non \u00e8 difendere vittime presunte, o reali, bens\u00ec mandare a processo chiunque dissentisse con l\u2019ideologia <em>gender<\/em> e con quel che ne consegue per esempio in tema di adozioni, \u00abutero in affitto\u00bb e via discorrendo. Per dissimularsi, e conquistare cos\u00ec le menti e i cuori degli italiani alla causa di una minoranza ideologica che pretende di imporre al Paese un pensiero unico liberticida, qualche mese fa la proposta di legge ha gi\u00e0 infatti incluso le donne: vanno incluse le vittime colpite in ragione del loro <em>gender<\/em>, dicono i partigiani Zan, quindi anche le donne e non solo gli omosessuali. Oggi, cio\u00e8 ieri, a maggior ragione anche gli handicappati. Come si fa adesso, dicono infatti quei partigiani, a non volere una legge tanto buona e tanto inclusiva? Si fa, invece, e si pu\u00f2 perch\u00e9 questa proposta \u00e8 in realt\u00e0 discriminante.<\/p>\n\n\n\n<p>Perch\u00e9, infatti, non includere nel disegno di legge, provoca intelligentemente <a href=\"https:\/\/difendiamoinostrifigli.it\/gandolfini-family-day-questione-disabili-nel-ddl-zan-mossa-per-far-digerire-testo-liberticida-alla-maggioranza\/\" target=\"_blank\" rel=\"noopener noreferrer\">Massimo Gandolfini, portavoce del Family Day<\/a>, anche \u00able discriminazioni subite dagli obesi e dai bambini in sovrappeso che, secondo le denunce, sono i soggetti pi\u00f9 colpiti da atti di bullismo\u00bb?<\/p>\n\n\n\n<p>Il punto di non ritorno \u00e8 che ogni elenco sarebbe inevitabilmente incompleto e che qualcuno resterebbe sempre escluso. Quindi qualcuno, cio\u00e8 molti, moltissimi italiani verrebbero discriminati positivamente da una legge scritta apposta per tagliarli fuori, abbandonandoli a soprusi e a violenze.<\/p>\n\n\n\n<p>Il \u00abt.u. Zan\u00bb, cio\u00e8, stabilisce che alcuni italiani siano cittadini di serie A e altri di serie B. \u00c8 profondamente ingiusto, sbagliato, immorale e selettivo. Non esiste infatti un elenco completo di tutte le categorie di italiani da tutelare, perch\u00e9 stilarlo \u00e8 impossibile. Soprattutto perch\u00e9 gli italiani sono persone, non categorie. L\u2019unico elenco possibile \u00e8 quello che contiene una e una sola fattispecie, l\u2019unica meritevole di tutela, garanzia e difesa: la persona. La legge deve tutelare le persone dalla violenza e dalle discriminazioni. Ora, questo elenco per\u00f2 esiste: esiste gi\u00e0. \u00c8 la <em>Costituzione<\/em> italiana, che per esempio all\u2019Articolo 3 sancisce la pari dignit\u00e0 di tutti i cittadini, <em>ergo<\/em> le leggi della repubblica italiana coerenti con l\u2019impianto costituzionale difendono le persone da violenze e da discriminazioni. Le difendono tutte, non come fanno l\u2019on. Alessandro Zan e i suoi partigiani che invece discriminano moltissimi italiani giudicati non meritevoli di tutela, mentre ne strumentalizzano altri per gettare fumo negli occhi ai pi\u00f9.<\/p>\n\n\n\n<p>Chi davvero vuole difendere gli omosessuali da violenze e discriminazioni deve quindi rigettare il <a>\u00abt.u. Zan\u00bb<\/a>. Tra l\u2019altro, come insiste sempre Gandolfini, \u00abse veramente il governo ha a cuore i disabili, modifichi le leggi che permettono di selezionare gli embrioni, di abortire i bimbi affetti da sindrome di Down fino al sesto mese e ritiri le proposte di legge volte a concedere il suicidio assistito anche a malati non terminali e depressi\u00bb.<\/p>\n\n\n\n<p>Ma in realt\u00e0 l\u2019unica mira del \u00abt.u. Zan\u00bb non \u00e8 affatto difendere vittime vere, bens\u00ec promuovere la falsit\u00e0 dell\u2019ideologia <em>gender<\/em>, quella per cui una \u201cEmily Ratajkowski\u201d italiana qualsiasi verrebbe vezzeggiata se trascurasse il proprio figlio o la propria figlia in nome di quelli che lei chiama \u00abstereotipi di genere\u00bb e che per\u00f2 sono invece , le caratteristiche imprescindibili con cui ogni persona, diversa e uguale alle altre, viene al mondo da sempre e sempre verr\u00e0 al mondo. Auguriamoci allora che la motosilurante del \u00abt.u. Zan\u00bb si infranga sulle rocce di quel parlamento italiano che esiste per tutelare le persone, non per promuovere ideologie discriminanti.<\/p>\n","protected":false},"excerpt":{"rendered":"<p>In discussione alla Camera da ieri, strumentalizza gli handicappati come gi\u00e0 ha fatto con le donne<\/p>\n","protected":false},"author":106,"featured_media":34265,"comment_status":"open","ping_status":"open","sticky":false,"template":"","format":"standard","meta":{"give_campaign_id":0,"om_disable_all_campaigns":false,"_monsterinsights_skip_tracking":false,"_monsterinsights_sitenote_active":false,"_monsterinsights_sitenote_note":"","_monsterinsights_sitenote_category":0,"mc4wp_mailchimp_campaign":[],"jnews-multi-image_gallery":[],"jnews_single_post":{"subtitle":"In discussione alla Camera da ieri, strumentalizza gli handicappati come gi\u00e0 ha fatto con le donne","format":"standard","video":"","gallery":"","source_name":"","source_url":"","via_name":"","via_url":"","override":[{"single_blog_custom":"","sidebar":"","second_sidebar":"","share_position":"","share_float_style":"","post_date_format":"","post_date_format_custom":"","post_reading_time_wpm":"","zoom_button_out_step":"1","zoom_button_in_step":"1","number_popup_post":"1"}],"image_override":[{"single_post_thumbnail_size":"","single_post_gallery_size":""}],"trending_post_position":"","trending_post_label":"","sponsored_post_label":"","sponsored_post_name":"","sponsored_post_url":"","sponsored_post_logo":"","sponsored_post_desc":""},"jnews_primary_category":{"id":"780"},"jnews_social_meta":{"fb_title":"","fb_description":"","fb_image":"","twitter_title":"","twitter_description":"","twitter_image":""},"jnews_override_counter":{"view_counter_number":"0","share_counter_number":"0","like_counter_number":"0","dislike_counter_number":"0"},"footnotes":""},"categories":[780],"tags":[],"class_list":["post-34263","post","type-post","status-publish","format-standard","has-post-thumbnail","hentry","category-politica-it"],"yoast_head":"<!-- This site is optimized with the Yoast SEO Premium plugin v25.9 (Yoast SEO v27.3) - https:\/\/yoast.com\/product\/yoast-seo-premium-wordpress\/ -->\n<title>Torna il \u00abt.u. Zan\u00bb, torna per discriminare gli italiani - IFN<\/title>\n<meta name=\"description\" content=\"Torna il \u00abt.u. Zan\u00bb, per discriminare gli italiani. In discussione alla Camera, strumentalizza gli handicappati come gi\u00e0 fatto con le donne\" \/>\n<meta name=\"robots\" content=\"index, follow, max-snippet:-1, max-image-preview:large, max-video-preview:-1\" \/>\n<link rel=\"canonical\" href=\"https:\/\/ifamnews.com\/it\/torna-il-t-u-zan-torna-per-discriminare-gli-italiani\" \/>\n<meta property=\"og:locale\" content=\"it_IT\" \/>\n<meta property=\"og:type\" content=\"article\" \/>\n<meta property=\"og:title\" content=\"Torna il \u00abt.u. Zan\u00bb, torna per discriminare gli italiani\" \/>\n<meta property=\"og:description\" content=\"Torna il \u00abt.u. Zan\u00bb, per discriminare gli italiani. In discussione alla Camera, strumentalizza gli handicappati come gi\u00e0 fatto con le donne\" \/>\n<meta property=\"og:url\" content=\"https:\/\/ifamnews.com\/it\/torna-il-t-u-zan-torna-per-discriminare-gli-italiani\" \/>\n<meta property=\"og:site_name\" content=\"IFN\" \/>\n<meta property=\"article:publisher\" content=\"https:\/\/www.facebook.com\/iFamNews\" \/>\n<meta property=\"article:published_time\" content=\"2020-10-28T05:00:53+00:00\" \/>\n<meta property=\"article:modified_time\" content=\"2020-11-03T19:04:04+00:00\" \/>\n<meta property=\"og:image\" content=\"https:\/\/ifamnews.com\/wp-content\/uploads\/2020\/10\/discrimination-at-work.jpg\" \/>\n\t<meta property=\"og:image:width\" content=\"1200\" \/>\n\t<meta property=\"og:image:height\" content=\"675\" \/>\n\t<meta property=\"og:image:type\" content=\"image\/jpeg\" \/>\n<meta name=\"author\" content=\"Rossello Gesa\" \/>\n<meta name=\"twitter:card\" content=\"summary_large_image\" \/>\n<meta name=\"twitter:creator\" content=\"@iFamNewsEN\" \/>\n<meta name=\"twitter:site\" content=\"@iFamNewsEN\" \/>\n<meta name=\"twitter:label1\" content=\"Scritto da\" \/>\n\t<meta name=\"twitter:data1\" content=\"Rossello Gesa\" \/>\n\t<meta name=\"twitter:label2\" content=\"Tempo di lettura stimato\" \/>\n\t<meta name=\"twitter:data2\" content=\"5 minuti\" \/>\n<!-- \/ Yoast SEO Premium plugin. -->","yoast_head_json":{"title":"Torna il \u00abt.u. Zan\u00bb, torna per discriminare gli italiani - IFN","description":"Torna il \u00abt.u. Zan\u00bb, per discriminare gli italiani. In discussione alla Camera, strumentalizza gli handicappati come gi\u00e0 fatto con le donne","robots":{"index":"index","follow":"follow","max-snippet":"max-snippet:-1","max-image-preview":"max-image-preview:large","max-video-preview":"max-video-preview:-1"},"canonical":"https:\/\/ifamnews.com\/it\/torna-il-t-u-zan-torna-per-discriminare-gli-italiani","og_locale":"it_IT","og_type":"article","og_title":"Torna il \u00abt.u. Zan\u00bb, torna per discriminare gli italiani","og_description":"Torna il \u00abt.u. Zan\u00bb, per discriminare gli italiani. In discussione alla Camera, strumentalizza gli handicappati come gi\u00e0 fatto con le donne","og_url":"https:\/\/ifamnews.com\/it\/torna-il-t-u-zan-torna-per-discriminare-gli-italiani","og_site_name":"IFN","article_publisher":"https:\/\/www.facebook.com\/iFamNews","article_published_time":"2020-10-28T05:00:53+00:00","article_modified_time":"2020-11-03T19:04:04+00:00","og_image":[{"width":1200,"height":675,"url":"https:\/\/ifamnews.com\/wp-content\/uploads\/2020\/10\/discrimination-at-work.jpg","type":"image\/jpeg"}],"author":"Rossello Gesa","twitter_card":"summary_large_image","twitter_creator":"@iFamNewsEN","twitter_site":"@iFamNewsEN","twitter_misc":{"Scritto da":"Rossello Gesa","Tempo di lettura stimato":"5 minuti"},"schema":{"@context":"https:\/\/schema.org","@graph":[{"@type":"NewsArticle","@id":"https:\/\/ifamnews.com\/it\/torna-il-t-u-zan-torna-per-discriminare-gli-italiani#article","isPartOf":{"@id":"https:\/\/ifamnews.com\/it\/torna-il-t-u-zan-torna-per-discriminare-gli-italiani"},"author":{"name":"Rossello Gesa","@id":"https:\/\/ifamnews.com\/en\/#\/schema\/person\/b55db75ed10fca3d43da423be136c836"},"headline":"Torna il \u00abt.u. Zan\u00bb, torna per discriminare gli italiani","datePublished":"2020-10-28T05:00:53+00:00","dateModified":"2020-11-03T19:04:04+00:00","mainEntityOfPage":{"@id":"https:\/\/ifamnews.com\/it\/torna-il-t-u-zan-torna-per-discriminare-gli-italiani"},"wordCount":944,"commentCount":0,"publisher":{"@id":"https:\/\/ifamnews.com\/en\/#organization"},"image":{"@id":"https:\/\/ifamnews.com\/it\/torna-il-t-u-zan-torna-per-discriminare-gli-italiani#primaryimage"},"thumbnailUrl":"https:\/\/ifamnews.com\/wp-content\/uploads\/2020\/10\/discrimination-at-work.jpg","articleSection":["Politica"],"inLanguage":"it-IT","potentialAction":[{"@type":"CommentAction","name":"Comment","target":["https:\/\/ifamnews.com\/it\/torna-il-t-u-zan-torna-per-discriminare-gli-italiani#respond"]}]},{"@type":"WebPage","@id":"https:\/\/ifamnews.com\/it\/torna-il-t-u-zan-torna-per-discriminare-gli-italiani","url":"https:\/\/ifamnews.com\/it\/torna-il-t-u-zan-torna-per-discriminare-gli-italiani","name":"Torna il \u00abt.u. Zan\u00bb, torna per discriminare gli italiani - IFN","isPartOf":{"@id":"https:\/\/ifamnews.com\/en\/#website"},"primaryImageOfPage":{"@id":"https:\/\/ifamnews.com\/it\/torna-il-t-u-zan-torna-per-discriminare-gli-italiani#primaryimage"},"image":{"@id":"https:\/\/ifamnews.com\/it\/torna-il-t-u-zan-torna-per-discriminare-gli-italiani#primaryimage"},"thumbnailUrl":"https:\/\/ifamnews.com\/wp-content\/uploads\/2020\/10\/discrimination-at-work.jpg","datePublished":"2020-10-28T05:00:53+00:00","dateModified":"2020-11-03T19:04:04+00:00","description":"Torna il \u00abt.u. Zan\u00bb, per discriminare gli italiani. In discussione alla Camera, strumentalizza gli handicappati come gi\u00e0 fatto con le donne","breadcrumb":{"@id":"https:\/\/ifamnews.com\/it\/torna-il-t-u-zan-torna-per-discriminare-gli-italiani#breadcrumb"},"inLanguage":"it-IT","potentialAction":[{"@type":"ReadAction","target":["https:\/\/ifamnews.com\/it\/torna-il-t-u-zan-torna-per-discriminare-gli-italiani"]}]},{"@type":"ImageObject","inLanguage":"it-IT","@id":"https:\/\/ifamnews.com\/it\/torna-il-t-u-zan-torna-per-discriminare-gli-italiani#primaryimage","url":"https:\/\/ifamnews.com\/wp-content\/uploads\/2020\/10\/discrimination-at-work.jpg","contentUrl":"https:\/\/ifamnews.com\/wp-content\/uploads\/2020\/10\/discrimination-at-work.jpg","width":1200,"height":675,"caption":"Image by Nick Youngson CC BY-SA 3.0 Alpha Stock Images"},{"@type":"BreadcrumbList","@id":"https:\/\/ifamnews.com\/it\/torna-il-t-u-zan-torna-per-discriminare-gli-italiani#breadcrumb","itemListElement":[{"@type":"ListItem","position":1,"name":"Home","item":"https:\/\/ifamnews.com\/de"},{"@type":"ListItem","position":2,"name":"In evidenza","item":"https:\/\/ifamnews.com\/it\/categoria\/foreground-it"},{"@type":"ListItem","position":3,"name":"Torna il \u00abt.u. Zan\u00bb, torna per discriminare gli italiani"}]},{"@type":"WebSite","@id":"https:\/\/ifamnews.com\/en\/#website","url":"https:\/\/ifamnews.com\/en\/","name":"IFN","description":"International Family News Network","publisher":{"@id":"https:\/\/ifamnews.com\/en\/#organization"},"potentialAction":[{"@type":"SearchAction","target":{"@type":"EntryPoint","urlTemplate":"https:\/\/ifamnews.com\/en\/?s={search_term_string}"},"query-input":{"@type":"PropertyValueSpecification","valueRequired":true,"valueName":"search_term_string"}}],"inLanguage":"it-IT"},{"@type":"Organization","@id":"https:\/\/ifamnews.com\/en\/#organization","name":"iFamNews","url":"https:\/\/ifamnews.com\/en\/","logo":{"@type":"ImageObject","inLanguage":"it-IT","@id":"https:\/\/ifamnews.com\/en\/#\/schema\/logo\/image\/","url":"https:\/\/ifamnews.com\/wp-content\/uploads\/2020\/01\/Share-logo.png","contentUrl":"https:\/\/ifamnews.com\/wp-content\/uploads\/2020\/01\/Share-logo.png","width":200,"height":200,"caption":"iFamNews"},"image":{"@id":"https:\/\/ifamnews.com\/en\/#\/schema\/logo\/image\/"},"sameAs":["https:\/\/www.facebook.com\/iFamNews","https:\/\/x.com\/iFamNewsEN"]},{"@type":"Person","@id":"https:\/\/ifamnews.com\/en\/#\/schema\/person\/b55db75ed10fca3d43da423be136c836","name":"Rossello Gesa","image":{"@type":"ImageObject","inLanguage":"it-IT","@id":"https:\/\/secure.gravatar.com\/avatar\/852d41bcbe2250ac09e562a263d6d844239f76ef178e9aa304f01c1264627f7b?s=96&d=mm&r=g","url":"https:\/\/secure.gravatar.com\/avatar\/852d41bcbe2250ac09e562a263d6d844239f76ef178e9aa304f01c1264627f7b?s=96&d=mm&r=g","contentUrl":"https:\/\/secure.gravatar.com\/avatar\/852d41bcbe2250ac09e562a263d6d844239f76ef178e9aa304f01c1264627f7b?s=96&d=mm&r=g","caption":"Rossello Gesa"},"description":"With \"iFamNews\" he resumes writing after years of voluntary departure from journalism, years during which he accumulated professional experience in various fields, including abroad.","url":"https:\/\/ifamnews.com\/it\/author\/rgesa"}]}},"amp_enabled":true,"_links":{"self":[{"href":"https:\/\/ifamnews.com\/it\/wp-json\/wp\/v2\/posts\/34263","targetHints":{"allow":["GET"]}}],"collection":[{"href":"https:\/\/ifamnews.com\/it\/wp-json\/wp\/v2\/posts"}],"about":[{"href":"https:\/\/ifamnews.com\/it\/wp-json\/wp\/v2\/types\/post"}],"author":[{"embeddable":true,"href":"https:\/\/ifamnews.com\/it\/wp-json\/wp\/v2\/users\/106"}],"replies":[{"embeddable":true,"href":"https:\/\/ifamnews.com\/it\/wp-json\/wp\/v2\/comments?post=34263"}],"version-history":[{"count":3,"href":"https:\/\/ifamnews.com\/it\/wp-json\/wp\/v2\/posts\/34263\/revisions"}],"predecessor-version":[{"id":34355,"href":"https:\/\/ifamnews.com\/it\/wp-json\/wp\/v2\/posts\/34263\/revisions\/34355"}],"wp:featuredmedia":[{"embeddable":true,"href":"https:\/\/ifamnews.com\/it\/wp-json\/wp\/v2\/media\/34265"}],"wp:attachment":[{"href":"https:\/\/ifamnews.com\/it\/wp-json\/wp\/v2\/media?parent=34263"}],"wp:term":[{"taxonomy":"category","embeddable":true,"href":"https:\/\/ifamnews.com\/it\/wp-json\/wp\/v2\/categories?post=34263"},{"taxonomy":"post_tag","embeddable":true,"href":"https:\/\/ifamnews.com\/it\/wp-json\/wp\/v2\/tags?post=34263"}],"curies":[{"name":"wp","href":"https:\/\/api.w.org\/{rel}","templated":true}]}}