{"id":33898,"date":"2020-10-25T00:00:00","date_gmt":"2020-10-25T05:00:00","guid":{"rendered":"https:\/\/ifamnews.com\/?p=33898"},"modified":"2020-11-03T14:03:20","modified_gmt":"2020-11-03T19:03:20","slug":"vittoria-polacca-contro-l-eugenetica","status":"publish","type":"post","link":"https:\/\/ifamnews.com\/it\/vittoria-polacca-contro-l-eugenetica","title":{"rendered":"Vittoria polacca contro l&#8217;eugenetica"},"content":{"rendered":"<p class=\"last-updated\">Last updated on Novembre 3rd, 2020 at 02:03 pm<\/p>\n<p><a href=\"https:\/\/ifamnews.com\/it\/editoriale-grazie-polonia\" target=\"_blank\" rel=\"noopener noreferrer\">Avevamo trepidato, in aprile<\/a>, quando il parlamento polacco aveva calendarizzato la discussione di un disegno di legge che avrebbe reso l\u2019interruzione volontaria di gravidanza impraticabile in tutto il Paese. Avevamo visto giusto, nonostante la delusione per la mancata approvazione, mettendoci \u00ab<a href=\"https:\/\/ifamnews.com\/it\/in-attesa-della-polonia-vera\" target=\"_blank\" rel=\"noopener noreferrer\">in attesa della Polonia vera<\/a>\u00bb. Ecco infatti adesso il risveglio della Polonia, al suono della <a href=\"https:\/\/ifamnews.com\/it\/il-papa-benedice-la-voce-dei-non-nati-\/\" target=\"_blank\" rel=\"noopener noreferrer\">voce dei non nati<\/a>: la Corte costituzionale di Varsavia ha infatti <a href=\"https:\/\/bbc.com\/news\/world-europe-54642108\" target=\"_blank\" rel=\"noopener noreferrer\">vietato l\u2019interruzione di gravidanza anche in caso di malformazioni del feto<\/a>, dichiarando la norma incostituzionale perch\u00e9 contraria a tre articoli della legge fondamentale del Paese sulla protezione della vita umana (Art. 38), sul rispetto e la tutela della dignit\u00e0 umana (Art. 30) e sulla discriminazione (Art. 32). Il presidente della Corte costituzionale, Julia Przyl\u0119bska, <a href=\"https:\/\/reuters.com\/article\/poland-abortion\/update-6-polish-court-ruling-amounts-to-almost-total-ban-on-abortion-idUSL8N2HD680\" target=\"_blank\" rel=\"noopener noreferrer\">ha dichiarato<\/a> che una legge che \u00ablegalizzi le pratiche eugenetiche nel campo del diritto alla vita di un nascituro e renda il diritto alla vita del nascituro dipendente dalla sua salute [\u2026] \u00e8 incoerente [\u2026] con la Costituzione\u00bb polacca. Maria Kurowska, parlamentare di Polonia Unita, partito della coalizione di governo, esprime soddisfazione per la decisione presa, affermando che \u00abnon si pu\u00f2 uccidere un bambino perch\u00e9 malato\u00bb nonostante nella realt\u00e0 \u201cmoderna\u201d , in cui <a href=\"https:\/\/ifamnews.com\/it\/il-50-dei-medici-britannici-dice-s-all-eutanasia\" target=\"_blank\" rel=\"noopener noreferrer\">il \u00abfavor mortis\u00bb avanza deciso verso scenari di spartana memoria<\/a>, pochi condividano.<\/p>\n\n\n\n<h3 class=\"wp-block-heading\"><strong>Non esistono vite non degne di essere vissute<\/strong><\/h3>\n\n\n\n<p>In Polonia circa il 98% delle interruzioni volontarie di gravidanza era motivato proprio dalle condizioni di salute del feto e la legge vigente lascia ancora spazio per i casi di stupro, incesto o grave rischio di vita per la madre. Senza imporre il martirio, che non pu\u00f2 essere decretato per legge, la Polonia afferma dunque ora con forza che la vita \u00e8 il primo valore da difendere: ogni vita, indipendentemente dalle caratteristiche che porta, perch\u00e9 <a href=\"https:\/\/ifamnews.com\/it\/abolire-la-frase-vite-non-degne-di-essere-vissute\" target=\"_blank\" rel=\"noopener noreferrer\">non esistono vite non degne di essere vissute<\/a>. Cos\u00ec<a href=\"https:\/\/vaticannews.va\/it\/chiesa\/news\/2020-10\/aborto-polonia-vescovi-eugenetico-corte-costituzionale.html\" target=\"_blank\" rel=\"noopener noreferrer\"> ha affermato<\/a> anche monsignor Stanis\u0142aw G\u0105decki, presidente della Conferenza episcopale polacca, secondo il quale \u00abogni persona di coscienza retta si rende conto di quanto sia una barbarie inaudita negare il diritto alla vita ad una persona, soprattutto a causa delle sue malattie\u00bb aggiungendo che i bambini e le famiglie che si trovano in tali condizioni devono essere &nbsp;\u00abcircondati da una gentilezza speciale e da un\u2019attenzione reale da parte dello Stato, della societ\u00e0 e della Chiesa\u00bb.<\/p>\n\n\n\n<p>Il vero dramma delle famiglie che hanno figli con patologie e malformazioni \u00e8 infatti, come <a href=\"https:\/\/recnews.it\/2020\/10\/23\/aborto-polonia-corte-costituzionale-varsavia\/\" target=\"_blank\" rel=\"noopener noreferrer\">ha dichiarato<\/a> il presidente di Pro Vita e Famiglia, Toni Brandi, \u00abla mancanza di sostegno da parte dello Stato, la carenza di servizi che aiutino nella gestione della vita quotidiana e l\u2019esclusione sociale di tutto il nucleo familiare, sempre pi\u00f9 emarginato e relegato ai confini della societ\u00e0 [\u2026] ogni famiglia aiutata \u00e8 un bambino salvato\u00bb.<\/p>\n\n\n\n<h3 class=\"wp-block-heading\"><strong>La coerenza della Polonia, la coerenza degli abortisti (infanticidi)<\/strong><\/h3>\n\n\n\n<p>Non si contano, ovviamente, le reazioni \u201cscandalizzate\u201d, a partire dal <a href=\"https:\/\/europa.today.it\/attualita\/polonia-aborto-malformazione-feto.html\" target=\"_blank\" rel=\"noopener noreferrer\">Commissario per i diritti umani del Consiglio d\u2019Europa, la bosniaca Dunja Mijatovi\u0107<\/a>, secondo la quale questa \u00ab\u00e8 una giornata triste per i diritti delle donne\u00bb. Grzergorz Schetyna, ex <em>leader<\/em> del Partito popolare europeo, \u00e8 arrivato a preconizzare la Polonia come \u00abun inferno per le donne\u00bb. Non fanno mancare la propria voce Amnesty International, il Centro per i diritti riproduttivi e Human Rights Watch, che, attraverso <a href=\"https:\/\/amnesty.it\/polonia-la-corte-costituzionale-contro-i-diritti-riproduttivi\/\" target=\"_blank\" rel=\"noopener noreferrer\">una dichiarazione congiunta<\/a>, giudicano la sentenza come \u00abil risultato di un attacco sistematico e coordinato dei parlamentari polacchi ai diritti delle donne, il cui obiettivo \u00e8 di vietare del tutto l\u2019aborto nel paese. Al contrario, costringe le donne ad abortire clandestinamente o a viaggiare all\u2019estero per poter abortire\u00bb.<\/p>\n\n\n\n<p><a href=\"https:\/\/ifamnews.com\/it\/aborto-una-questione-di-tattica\" target=\"_blank\" rel=\"noopener noreferrer\">N\u00e9 cambiano tattica gli abortisti<\/a>, barricandosi dietro fantomatici numeri di aborti clandestini, in una cieca visione secondo cui l\u2019unico modo per affrontare la maternit\u00e0 fragile sia la massima facilitazione dell\u2019eliminazione del \u201cprodotto del concepimento\u201d. D\u2019altra parte si \u00e8 gi\u00e0 ampiamente dimostrato come abbiano ragione loro, gli abortisti, quando affermano \u2013 <a href=\"https:\/\/ifamnews.com\/it\/medici-fiamminghi-per-la-legalizzazione-dellinfanticidio\" target=\"_blank\" rel=\"noopener noreferrer\">teoricamente<\/a> o <a href=\"https:\/\/ifamnews.com\/it\/hanno-ragione-gli-abortisti\" target=\"_blank\" rel=\"noopener noreferrer\">nei fatti<\/a> \u2013 che tra aborto e infanticidio non c\u2019\u00e8 differenza: un feto e un neonato sono <a href=\"https:\/\/ifamnews.com\/it\/la-scienza-conferma-laborto-e-un-omicidio-la-manipolazione-dellembrione-un-delitto\" target=\"_blank\" rel=\"noopener noreferrer\">lo stesso medesimo individuo<\/a>, in momenti diversi del proprio sviluppo.<\/p>\n\n\n\n<p>Vi sono Paesi, come la Nuova Zelanda, che hanno <a href=\"https:\/\/ifamnews.com\/it\/nati-vivi-lasciati-morire-in-nuova-zelanda\" target=\"_blank\" rel=\"noopener noreferrer\">decretato la pena di morte<\/a> anche per i neonati sopravvissuti all\u2019interruzione volontaria di gravidanza, possibile fino al nono mese di gestazione, legalizzando cos\u00ec di fatto l\u2019infanticidio. \u00c8 coerente: non c\u2019\u00e8 motivo per cui una vita acquisti valore solo grazie al passaggio attraverso il canale del parto.<\/p>\n\n\n\n<p>Allo stesso modo \u00e8 coerente la repubblica di Polonia, che nella propria <a href=\"https:\/\/dircost.unito.it\/cs\/docs\/polonia%2017-3-21%20Giulietti.htm\" target=\"_blank\" rel=\"noopener noreferrer\"><em>Costituzione<\/em><\/a> \u00abgarantisce, sul suo territorio, la piena tutela della vita, della libert\u00e0 e dei beni a tutti, senza distinzione di nazionalit\u00e0, appartenenza, lingua, razza e religione\u00bb. Nel lontano 1921, a quanto pare, non era parso necessario aggiungere la dicitura \u201cet\u00e0 gestazionale\u201d.<\/p>\n","protected":false},"excerpt":{"rendered":"<p>Varsavia difende la verit\u00e0 dando piena tutela a ogni vita umana <\/p>\n","protected":false},"author":11,"featured_media":33899,"comment_status":"open","ping_status":"open","sticky":false,"template":"","format":"standard","meta":{"give_campaign_id":0,"om_disable_all_campaigns":false,"_monsterinsights_skip_tracking":false,"_monsterinsights_sitenote_active":false,"_monsterinsights_sitenote_note":"","_monsterinsights_sitenote_category":0,"mc4wp_mailchimp_campaign":[],"jnews-multi-image_gallery":[],"jnews_single_post":{"subtitle":"Varsavia difende la verit\u00e0 dando piena tutela a ogni vita umana ","format":"standard","video":"","gallery":"","source_name":"","source_url":"","via_name":"","via_url":"","override":[{"single_blog_custom":"","sidebar":"","second_sidebar":"","share_position":"","share_float_style":"","post_date_format":"","post_date_format_custom":"","post_reading_time_wpm":"","zoom_button_out_step":"1","zoom_button_in_step":"1","number_popup_post":"1"}],"image_override":[{"single_post_thumbnail_size":"","single_post_gallery_size":""}],"trending_post_position":"","trending_post_label":"","sponsored_post_label":"","sponsored_post_name":"","sponsored_post_url":"","sponsored_post_logo":"","sponsored_post_desc":""},"jnews_primary_category":{"id":"780"},"jnews_social_meta":{"fb_title":"","fb_description":"","fb_image":"","twitter_title":"","twitter_description":"","twitter_image":""},"jnews_override_counter":{"view_counter_number":"0","share_counter_number":"0","like_counter_number":"0","dislike_counter_number":"0"},"footnotes":""},"categories":[780,817],"tags":[698,4903,1631],"class_list":["post-33898","post","type-post","status-publish","format-standard","has-post-thumbnail","hentry","category-politica-it","category-vita","tag-aborto","tag-eugenetica","tag-polonia"],"yoast_head":"<!-- This site is optimized with the Yoast SEO Premium plugin v25.9 (Yoast SEO v27.3) - https:\/\/yoast.com\/product\/yoast-seo-premium-wordpress\/ -->\n<title>Vittoria polacca contro l&#039;eugenetica - IFN<\/title>\n<meta name=\"description\" content=\"Varsavia difende la verit\u00e0 dando piena tutela a ogni vita umana: la Polonia dice no all&#039;aborto eugenetico in caso di malformazione del feto.\" \/>\n<meta name=\"robots\" content=\"index, follow, max-snippet:-1, max-image-preview:large, max-video-preview:-1\" \/>\n<link rel=\"canonical\" href=\"https:\/\/ifamnews.com\/it\/vittoria-polacca-contro-l-eugenetica\" \/>\n<meta property=\"og:locale\" content=\"it_IT\" \/>\n<meta property=\"og:type\" content=\"article\" \/>\n<meta property=\"og:title\" content=\"Vittoria polacca contro l&#039;eugenetica\" \/>\n<meta property=\"og:description\" content=\"Varsavia difende la verit\u00e0 dando piena tutela a ogni vita umana: la Polonia dice no all&#039;aborto eugenetico in caso di malformazione del feto.\" \/>\n<meta property=\"og:url\" content=\"https:\/\/ifamnews.com\/it\/vittoria-polacca-contro-l-eugenetica\" \/>\n<meta property=\"og:site_name\" content=\"IFN\" \/>\n<meta property=\"article:publisher\" content=\"https:\/\/www.facebook.com\/iFamNews\" \/>\n<meta property=\"article:published_time\" content=\"2020-10-25T05:00:00+00:00\" \/>\n<meta property=\"article:modified_time\" content=\"2020-11-03T19:03:20+00:00\" \/>\n<meta property=\"og:image\" content=\"https:\/\/ifamnews.com\/wp-content\/uploads\/2020\/10\/images-1.jpg\" \/>\n\t<meta property=\"og:image:width\" content=\"1200\" \/>\n\t<meta property=\"og:image:height\" content=\"675\" \/>\n\t<meta property=\"og:image:type\" content=\"image\/jpeg\" \/>\n<meta name=\"author\" content=\"Cristina Tamburini\" \/>\n<meta name=\"twitter:card\" content=\"summary_large_image\" \/>\n<meta name=\"twitter:creator\" content=\"@iFamNewsEN\" \/>\n<meta name=\"twitter:site\" content=\"@iFamNewsEN\" \/>\n<meta name=\"twitter:label1\" content=\"Scritto da\" \/>\n\t<meta name=\"twitter:data1\" content=\"Cristina Tamburini\" \/>\n\t<meta name=\"twitter:label2\" content=\"Tempo di lettura stimato\" \/>\n\t<meta name=\"twitter:data2\" content=\"4 minuti\" \/>\n<!-- \/ Yoast SEO Premium plugin. -->","yoast_head_json":{"title":"Vittoria polacca contro l'eugenetica - IFN","description":"Varsavia difende la verit\u00e0 dando piena tutela a ogni vita umana: la Polonia dice no all'aborto eugenetico in caso di malformazione del feto.","robots":{"index":"index","follow":"follow","max-snippet":"max-snippet:-1","max-image-preview":"max-image-preview:large","max-video-preview":"max-video-preview:-1"},"canonical":"https:\/\/ifamnews.com\/it\/vittoria-polacca-contro-l-eugenetica","og_locale":"it_IT","og_type":"article","og_title":"Vittoria polacca contro l'eugenetica","og_description":"Varsavia difende la verit\u00e0 dando piena tutela a ogni vita umana: la Polonia dice no all'aborto eugenetico in caso di malformazione del feto.","og_url":"https:\/\/ifamnews.com\/it\/vittoria-polacca-contro-l-eugenetica","og_site_name":"IFN","article_publisher":"https:\/\/www.facebook.com\/iFamNews","article_published_time":"2020-10-25T05:00:00+00:00","article_modified_time":"2020-11-03T19:03:20+00:00","og_image":[{"width":1200,"height":675,"url":"https:\/\/ifamnews.com\/wp-content\/uploads\/2020\/10\/images-1.jpg","type":"image\/jpeg"}],"author":"Cristina Tamburini","twitter_card":"summary_large_image","twitter_creator":"@iFamNewsEN","twitter_site":"@iFamNewsEN","twitter_misc":{"Scritto da":"Cristina Tamburini","Tempo di lettura stimato":"4 minuti"},"schema":{"@context":"https:\/\/schema.org","@graph":[{"@type":"NewsArticle","@id":"https:\/\/ifamnews.com\/it\/vittoria-polacca-contro-l-eugenetica#article","isPartOf":{"@id":"https:\/\/ifamnews.com\/it\/vittoria-polacca-contro-l-eugenetica"},"author":{"name":"Cristina Tamburini","@id":"https:\/\/ifamnews.com\/en\/#\/schema\/person\/43e7f156898341a8d33d23cccefde53a"},"headline":"Vittoria polacca contro l&#8217;eugenetica","datePublished":"2020-10-25T05:00:00+00:00","dateModified":"2020-11-03T19:03:20+00:00","mainEntityOfPage":{"@id":"https:\/\/ifamnews.com\/it\/vittoria-polacca-contro-l-eugenetica"},"wordCount":761,"commentCount":0,"publisher":{"@id":"https:\/\/ifamnews.com\/en\/#organization"},"image":{"@id":"https:\/\/ifamnews.com\/it\/vittoria-polacca-contro-l-eugenetica#primaryimage"},"thumbnailUrl":"https:\/\/ifamnews.com\/wp-content\/uploads\/2020\/10\/images-1.jpg","keywords":["Aborto","Eugenetica","Polonia"],"articleSection":["Politica","Vita"],"inLanguage":"it-IT","potentialAction":[{"@type":"CommentAction","name":"Comment","target":["https:\/\/ifamnews.com\/it\/vittoria-polacca-contro-l-eugenetica#respond"]}]},{"@type":"WebPage","@id":"https:\/\/ifamnews.com\/it\/vittoria-polacca-contro-l-eugenetica","url":"https:\/\/ifamnews.com\/it\/vittoria-polacca-contro-l-eugenetica","name":"Vittoria polacca contro l'eugenetica - IFN","isPartOf":{"@id":"https:\/\/ifamnews.com\/en\/#website"},"primaryImageOfPage":{"@id":"https:\/\/ifamnews.com\/it\/vittoria-polacca-contro-l-eugenetica#primaryimage"},"image":{"@id":"https:\/\/ifamnews.com\/it\/vittoria-polacca-contro-l-eugenetica#primaryimage"},"thumbnailUrl":"https:\/\/ifamnews.com\/wp-content\/uploads\/2020\/10\/images-1.jpg","datePublished":"2020-10-25T05:00:00+00:00","dateModified":"2020-11-03T19:03:20+00:00","description":"Varsavia difende la verit\u00e0 dando piena tutela a ogni vita umana: la Polonia dice no all'aborto eugenetico in caso di malformazione del feto.","breadcrumb":{"@id":"https:\/\/ifamnews.com\/it\/vittoria-polacca-contro-l-eugenetica#breadcrumb"},"inLanguage":"it-IT","potentialAction":[{"@type":"ReadAction","target":["https:\/\/ifamnews.com\/it\/vittoria-polacca-contro-l-eugenetica"]}]},{"@type":"ImageObject","inLanguage":"it-IT","@id":"https:\/\/ifamnews.com\/it\/vittoria-polacca-contro-l-eugenetica#primaryimage","url":"https:\/\/ifamnews.com\/wp-content\/uploads\/2020\/10\/images-1.jpg","contentUrl":"https:\/\/ifamnews.com\/wp-content\/uploads\/2020\/10\/images-1.jpg","width":1200,"height":675,"caption":"Image from Google Images"},{"@type":"BreadcrumbList","@id":"https:\/\/ifamnews.com\/it\/vittoria-polacca-contro-l-eugenetica#breadcrumb","itemListElement":[{"@type":"ListItem","position":1,"name":"Home","item":"https:\/\/ifamnews.com\/de"},{"@type":"ListItem","position":2,"name":"Politics","item":"https:\/\/ifamnews.com\/en\/category\/politics"},{"@type":"ListItem","position":3,"name":"Vittoria polacca contro l&#8217;eugenetica"}]},{"@type":"WebSite","@id":"https:\/\/ifamnews.com\/en\/#website","url":"https:\/\/ifamnews.com\/en\/","name":"IFN","description":"International Family News Network","publisher":{"@id":"https:\/\/ifamnews.com\/en\/#organization"},"potentialAction":[{"@type":"SearchAction","target":{"@type":"EntryPoint","urlTemplate":"https:\/\/ifamnews.com\/en\/?s={search_term_string}"},"query-input":{"@type":"PropertyValueSpecification","valueRequired":true,"valueName":"search_term_string"}}],"inLanguage":"it-IT"},{"@type":"Organization","@id":"https:\/\/ifamnews.com\/en\/#organization","name":"iFamNews","url":"https:\/\/ifamnews.com\/en\/","logo":{"@type":"ImageObject","inLanguage":"it-IT","@id":"https:\/\/ifamnews.com\/en\/#\/schema\/logo\/image\/","url":"https:\/\/ifamnews.com\/wp-content\/uploads\/2020\/01\/Share-logo.png","contentUrl":"https:\/\/ifamnews.com\/wp-content\/uploads\/2020\/01\/Share-logo.png","width":200,"height":200,"caption":"iFamNews"},"image":{"@id":"https:\/\/ifamnews.com\/en\/#\/schema\/logo\/image\/"},"sameAs":["https:\/\/www.facebook.com\/iFamNews","https:\/\/x.com\/iFamNewsEN"]},{"@type":"Person","@id":"https:\/\/ifamnews.com\/en\/#\/schema\/person\/43e7f156898341a8d33d23cccefde53a","name":"Cristina Tamburini","image":{"@type":"ImageObject","inLanguage":"it-IT","@id":"https:\/\/secure.gravatar.com\/avatar\/4165d8e302e80b4826915d6dc5ff4095e2cdb523a870c0cb303347ba24f5e3c2?s=96&d=mm&r=g","url":"https:\/\/secure.gravatar.com\/avatar\/4165d8e302e80b4826915d6dc5ff4095e2cdb523a870c0cb303347ba24f5e3c2?s=96&d=mm&r=g","contentUrl":"https:\/\/secure.gravatar.com\/avatar\/4165d8e302e80b4826915d6dc5ff4095e2cdb523a870c0cb303347ba24f5e3c2?s=96&d=mm&r=g","caption":"Cristina Tamburini"},"description":"Cristina Tamburini, graduated in Philosophy with a thesis in Philosophical Anthropology on contemporary utilitarianism, wife and mother of seven children, has never abandoned the study and the passion for philosophical anthropology, ethics and bioethics. She has translated into Italian several texts, including Action and Conduct: Thomas Aquinas and the Theory of Action by Stephen L. Brock and Intention by G. Elizabeth M. Anscombe, extending her interests to theology (especially to eschatology and the Social Doctrine of the Church). He edited the blog Yes, they are all mine! to tell and explore the maternage and everyday life in a large family.","sameAs":["https:\/\/sonotuttimiei.blogspot.com\/","https:\/\/instagram.com\/cristambu\/"],"url":"https:\/\/ifamnews.com\/it\/author\/ctamburini"}]}},"amp_enabled":true,"_links":{"self":[{"href":"https:\/\/ifamnews.com\/it\/wp-json\/wp\/v2\/posts\/33898","targetHints":{"allow":["GET"]}}],"collection":[{"href":"https:\/\/ifamnews.com\/it\/wp-json\/wp\/v2\/posts"}],"about":[{"href":"https:\/\/ifamnews.com\/it\/wp-json\/wp\/v2\/types\/post"}],"author":[{"embeddable":true,"href":"https:\/\/ifamnews.com\/it\/wp-json\/wp\/v2\/users\/11"}],"replies":[{"embeddable":true,"href":"https:\/\/ifamnews.com\/it\/wp-json\/wp\/v2\/comments?post=33898"}],"version-history":[{"count":5,"href":"https:\/\/ifamnews.com\/it\/wp-json\/wp\/v2\/posts\/33898\/revisions"}],"predecessor-version":[{"id":34298,"href":"https:\/\/ifamnews.com\/it\/wp-json\/wp\/v2\/posts\/33898\/revisions\/34298"}],"wp:featuredmedia":[{"embeddable":true,"href":"https:\/\/ifamnews.com\/it\/wp-json\/wp\/v2\/media\/33899"}],"wp:attachment":[{"href":"https:\/\/ifamnews.com\/it\/wp-json\/wp\/v2\/media?parent=33898"}],"wp:term":[{"taxonomy":"category","embeddable":true,"href":"https:\/\/ifamnews.com\/it\/wp-json\/wp\/v2\/categories?post=33898"},{"taxonomy":"post_tag","embeddable":true,"href":"https:\/\/ifamnews.com\/it\/wp-json\/wp\/v2\/tags?post=33898"}],"curies":[{"name":"wp","href":"https:\/\/api.w.org\/{rel}","templated":true}]}}