{"id":31407,"date":"2020-10-09T00:00:00","date_gmt":"2020-10-09T05:00:00","guid":{"rendered":"https:\/\/ifamnews.com\/?p=31407"},"modified":"2020-10-13T15:24:50","modified_gmt":"2020-10-13T20:24:50","slug":"consacrata-la-prima-chiesa-a-cuba-dopo-60-anni-di-comunismo","status":"publish","type":"post","link":"https:\/\/ifamnews.com\/it\/consacrata-la-prima-chiesa-a-cuba-dopo-60-anni-di-comunismo","title":{"rendered":"Consacrata la prima chiesa a Cuba dopo 60 anni di comunismo"},"content":{"rendered":"<p class=\"last-updated\">Last updated on Ottobre 13th, 2020 at 03:24 pm<\/p>\n<p>Una nuova chiesa cattolica viene consacrata, la comunit\u00e0 \u00e8 in festa. Ma ogni singolo mattone ricorda le dure persecuzioni subite dai cristiani durante i troppi anni del dispotismo comunista. Succede a San Benito del Crucero, un piccolo paesino a circa 40 chilometri da Santiago de Cuba. Ed \u00e8 proprio la geografia a dare la notizia.<\/p>\n\n\n\n<p>Cuba, un Paese ferito da oltre 60 anni di comunismo, prima con il <em>L\u00edder Maximo<\/em>, Fidel Castro (1926-2016), poi con suo fratello Ra\u00fal. Don Juventino Rodr\u00edguez, parroco impegnato da anni nel progetto, <a href=\"https:\/\/catholicnewsagency.com\/news\/a-new-church-in-cuba-after-years-of-persecution-87208\" target=\"_blank\" rel=\"noopener noreferrer\">intervistato da Catholic News Agency<\/a>, definisce la nuova chiesa \u00abun piccolo miracolo\u00bb: un miracolo a lungo sperato, ma realmente inaspettato. Almeno dal 1959, quando, il 1\u00b0 gennaio, il dittatore Fulgencio Batista (1901-1973) fugg\u00ec dal Paese e il potere fin\u00ec nelle mani dei marxisti-leninisti.<\/p>\n\n\n\n<h3 class=\"wp-block-heading\"><strong>Perquisizioni e sequestri<\/strong><\/h3>\n\n\n\n<p>Fu l\u2019inizio di una stagione buia, fatta di persecuzioni capillari e spietate. I primi segnali si ebbero gi\u00e0 nel 1960, quando Castro dichiar\u00f2: \u00abChi \u00e8 anticomunista \u00e8 antirivoluzionario\u00bb. Una frase forte, quasi una velata minaccia al mondo cattolico, preoccupato dalle simpatie del despota nei confronti dell\u2019Unione Sovietica.<\/p>\n\n\n\n<div class=\"wp-block-image\"><figure class=\"aligncenter size-large\"><img decoding=\"async\" width=\"960\" height=\"720\" src=\"https:\/\/ifamnews.com\/wp-content\/uploads\/2020\/10\/La-nuova-chiesa-consacrata-a-Cuba.jpg\" alt=\"La prima chiesa a Cuba dopo 60 anni di comunismo\" class=\"wp-image-31419\" srcset=\"https:\/\/ifamnews.com\/wp-content\/uploads\/2020\/10\/La-nuova-chiesa-consacrata-a-Cuba.jpg 960w, https:\/\/ifamnews.com\/wp-content\/uploads\/2020\/10\/La-nuova-chiesa-consacrata-a-Cuba-768x576.jpg 768w, https:\/\/ifamnews.com\/wp-content\/uploads\/2020\/10\/La-nuova-chiesa-consacrata-a-Cuba-750x563.jpg 750w\" sizes=\"(max-width: 960px) 100vw, 960px\" \/><figcaption>Image from Misioneros Claretianos en Songo &#8211; La Maya&#8217;s official Facebook page<\/figcaption><\/figure><\/div>\n\n\n\n<p>I vescovi cattolici, dopo una prima fase di pazienza prudente, presero cos\u00ec ufficialmente posizione contro il comunismo e, dal 1961, fu scontro aperto. Ogni domenica la violenza ideologica del regime sembrava rafforzarsi e si sfogava con atti di vera e propria intimidazione: le chiese venivano perquisite, veniva impedito l\u2019ingresso ai cattolici, i fedeli venivano schedati e, una volta schedati come cattolici, incontravano una lunga serie di problemi, prima di tutto enormi difficolt\u00e0 nel trovare lavoro. <\/p>\n\n\n\n<p>I collegi religiosi furono chiusi, tutti, compreso il collegio gesuita in cui aveva studiato Fidel Castro. Gli edifici e i beni vennero confiscati, centinaia di sacerdoti diocesani furono espulsi dall\u2019isola. Il regime negava per\u00f2 tutto: a parole i cittadini erano liberi di professare qualsiasi religione. Certo, se un cattolico sperava di trovare lavoro per esempio nell\u2019amministrazione pubblica, scopriva che \u201ccasualmente\u201d la propria candidatura finiva nel tritadocumenti.<\/p>\n\n\n\n<h3 class=\"wp-block-heading\"><strong>Tre Papi a Cuba<\/strong><\/h3>\n\n\n\n<p>La prima svolta avvenne nel 1998, con la visita di Papa san Giovanni Paolo II (1920-2005) sull\u2019isola. In questa occasione il Pontefice pronunci\u00f2 la frase ormai storica: <a href=\"https:\/\/w2.vatican.va\/content\/john-paul-ii\/it\/speeches\/1998\/january\/documents\/hf_jp-ii_spe_19980121_lahavana-arrival.html\" target=\"_blank\" rel=\"noopener noreferrer\">\u00abPossa Cuba aprirsi [\u2026] al mondo e possa il mondo aprirsi a Cuba\u00bb<\/a>. Ottenne cos\u00ec da Castro il ripristino della festa del Natale, ma, dopo una piccola pausa, le retate contro i cattolici ripresero. E <a href=\"https:\/\/tempi.it\/cuba-aumentano-le-persecuzioni-contro-i-cristiani-soprattutto-cattolici\/\" target=\"_blank\" rel=\"noopener noreferrer\">le retate continuarono anche nel 2012<\/a>, nonostante la visita di Papa Benedetto XVI. Anzi, proprio durante la visita del nuovo Pontefice furono arrestati 200 manifestanti che chiedevano libert\u00e0 religiosa.<\/p>\n\n\n\n<p>Durante la Messa al Parco Expo Bicentenario, Benedetto XVI comment\u00f2 la statua di Cristo Re ricordando: \u00ab<a href=\"https:\/\/vatican.va\/content\/benedict-xvi\/it\/homilies\/2012\/documents\/hf_ben-xvi_hom_20120325_leon.html\" target=\"_blank\" rel=\"noopener noreferrer\">Le corone che lo accompagnano, una da sovrano e un\u2019altra di spine, indicano che la sua regalit\u00e0 non \u00e8 come molti intesero e intendono<\/a>. Il suo regno non consiste nel potere dei suoi eserciti per sottomettere gli altri con la forza o con la violenza\u00bb.<\/p>\n\n\n\n<p>Gli sforzi repressivi sono del resto continuati sotto il regno di Papa Francesco, che ha visitato un <em>L\u00edder Maximo<\/em> ormai in pensione, in tuta, senza pi\u00f9 potere. Trenta minuti di colloquio privato, che smossero ancora le acque, ma che non riuscirono a porre la parola \u00abfine\u00bb sulle persecuzioni.<\/p>\n\n\n\n<h3 class=\"wp-block-heading\"><strong>Il futuro libero<\/strong><\/h3>\n\n\n\n<p>Oggi a Cuba entrare in una chiesa non \u00e8 pi\u00f9 vietato, ma la paura rimane: la paura di controlli improvvisi, di arresti e di violenze. Per anni i cattolici si sono incontrati nelle case, di nascosto, ma la nuova chiesa del Sacro Cuore di Ges\u00f9 \u00e8 il primo segnale di una novit\u00e0 enorme. Una novit\u00e0 che nasce dal basso, mossa da una fede che non \u00e8 stata spenta dal regime e che anzi si \u00e8 mantenuta viva come una fiammella protetta dal vento, per tornare ora a illuminare. <\/p>\n\n\n\n<div class=\"wp-block-image\"><figure class=\"aligncenter size-large\"><img decoding=\"async\" width=\"960\" height=\"720\" src=\"https:\/\/ifamnews.com\/wp-content\/uploads\/2020\/10\/La-nuova-chiesa-consacrata-a-Cuba-esterno.jpg\" alt=\"Nuova chiesa cattolica inaugurata a Cuba\" class=\"wp-image-31427\" srcset=\"https:\/\/ifamnews.com\/wp-content\/uploads\/2020\/10\/La-nuova-chiesa-consacrata-a-Cuba-esterno.jpg 960w, https:\/\/ifamnews.com\/wp-content\/uploads\/2020\/10\/La-nuova-chiesa-consacrata-a-Cuba-esterno-768x576.jpg 768w, https:\/\/ifamnews.com\/wp-content\/uploads\/2020\/10\/La-nuova-chiesa-consacrata-a-Cuba-esterno-750x563.jpg 750w\" sizes=\"(max-width: 960px) 100vw, 960px\" \/><figcaption>Image from Misioneros Claretianos en Songo &#8211; La Maya&#8217;s official Facebook page<\/figcaption><\/figure><\/div>\n\n\n\n<p>La nuova chiesa pu\u00f2 ospitare fino a 200 persone, numeri ovviamente ora ridotti a causa della pandemia del <em>coronavirus<\/em>. La costruzione \u00e8 stata possibile anche grazie ai fondi arrivati dai cattolici statunitensi e da migliaia di esuli cubani, che hanno trovato fortuna in altri Paesi senza per\u00f2 mai dimenticare le proprie radici. La chiesa fa peraltro parte di un progetto che comprende tre nuovi edifici religiosi, con un\u2019altra chiesa a L\u2019Avana e una a Sandino. Tre edifici che romperanno lo <em>skyline<\/em> segnato dalla grigia architettura in stile sovietico: tre piccoli fuochi accesi dopo la lunga notte. <\/p>\n\n\n\n<p>Ora, come ricorda don Rodr\u00edguez, si pu\u00f2 solo ripartire: \u00abCon la nuova chiesa e con il Centro pastorale San Benito si apre una nuova tappa nella vita della comunit\u00e0 che fa presagire nuove speranze di evangelizzazione\u00bb.<\/p>\n","protected":false},"excerpt":{"rendered":"<p>La lunga storia di persecuzione dura ha per\u00f2 lasciato il segno, e la paura resta. Il regime ha finto troppe volte<\/p>\n","protected":false},"author":13,"featured_media":31408,"comment_status":"open","ping_status":"open","sticky":false,"template":"","format":"standard","meta":{"give_campaign_id":0,"om_disable_all_campaigns":false,"_monsterinsights_skip_tracking":false,"_monsterinsights_sitenote_active":false,"_monsterinsights_sitenote_note":"","_monsterinsights_sitenote_category":0,"mc4wp_mailchimp_campaign":[],"jnews-multi-image_gallery":[],"jnews_single_post":{"subtitle":"La lunga storia di persecuzione dura ha per\u00f2 lasciato il segno, e la paura resta. Il regime ha finto troppe volte","format":"standard","video":"","gallery":"","source_name":"","source_url":"","via_name":"","via_url":"","override":[{"single_blog_custom":"","sidebar":"","second_sidebar":"","share_position":"","share_float_style":"","post_date_format":"","post_date_format_custom":"","post_reading_time_wpm":"","zoom_button_out_step":"1","zoom_button_in_step":"1","number_popup_post":"1"}],"image_override":[{"single_post_thumbnail_size":"","single_post_gallery_size":""}],"trending_post_position":"","trending_post_label":"","sponsored_post_label":"","sponsored_post_name":"","sponsored_post_url":"","sponsored_post_logo":"","sponsored_post_desc":""},"jnews_primary_category":{"id":"780"},"jnews_social_meta":{"fb_title":"","fb_description":"","fb_image":"","twitter_title":"","twitter_description":"","twitter_image":""},"jnews_override_counter":{"view_counter_number":"0","share_counter_number":"0","like_counter_number":"0","dislike_counter_number":"0"},"footnotes":""},"categories":[780],"tags":[702,1289,5955],"class_list":["post-31407","post","type-post","status-publish","format-standard","has-post-thumbnail","hentry","category-politica-it","tag-chiesa-cattolica","tag-comunismo","tag-cuba"],"yoast_head":"<!-- This site is optimized with the Yoast SEO Premium plugin v25.9 (Yoast SEO v27.3) - https:\/\/yoast.com\/product\/yoast-seo-premium-wordpress\/ -->\n<title>Consacrata la prima chiesa a Cuba dopo 60 anni di comunismo - IFN<\/title>\n<meta name=\"description\" content=\"La lunga storia di persecuzione dura ha per\u00f2 lasciato il segno, e la paura resta. Il regime ha finto troppe volte\" \/>\n<meta name=\"robots\" content=\"index, follow, max-snippet:-1, max-image-preview:large, max-video-preview:-1\" \/>\n<link rel=\"canonical\" href=\"https:\/\/ifamnews.com\/it\/consacrata-la-prima-chiesa-a-cuba-dopo-60-anni-di-comunismo\" \/>\n<meta property=\"og:locale\" content=\"it_IT\" \/>\n<meta property=\"og:type\" content=\"article\" \/>\n<meta property=\"og:title\" content=\"Consacrata la prima chiesa a Cuba dopo 60 anni di comunismo\" \/>\n<meta property=\"og:description\" content=\"La lunga storia di persecuzione dura ha per\u00f2 lasciato il segno, e la paura resta. Il regime ha finto troppe volte\" \/>\n<meta property=\"og:url\" content=\"https:\/\/ifamnews.com\/it\/consacrata-la-prima-chiesa-a-cuba-dopo-60-anni-di-comunismo\" \/>\n<meta property=\"og:site_name\" content=\"IFN\" \/>\n<meta property=\"article:publisher\" content=\"https:\/\/www.facebook.com\/iFamNews\" \/>\n<meta property=\"article:author\" content=\"https:\/\/it-it.facebook.com\/IlparcodiGiacomo\/\" \/>\n<meta property=\"article:published_time\" content=\"2020-10-09T05:00:00+00:00\" \/>\n<meta property=\"article:modified_time\" content=\"2020-10-13T20:24:50+00:00\" \/>\n<meta property=\"og:image\" content=\"https:\/\/ifamnews.com\/wp-content\/uploads\/2020\/10\/Cuba-strada-auto-vintage.-Image-by-Falkenpost-from-Pixabay.jpg\" \/>\n\t<meta property=\"og:image:width\" content=\"1920\" \/>\n\t<meta property=\"og:image:height\" content=\"1280\" \/>\n\t<meta property=\"og:image:type\" content=\"image\/jpeg\" \/>\n<meta name=\"author\" content=\"Giacomo Bertoni\" \/>\n<meta name=\"twitter:card\" content=\"summary_large_image\" \/>\n<meta name=\"twitter:creator\" content=\"@https:\/\/twitter.com\/ParcodiGiacomo\" \/>\n<meta name=\"twitter:site\" content=\"@iFamNewsEN\" \/>\n<meta name=\"twitter:label1\" content=\"Scritto da\" \/>\n\t<meta name=\"twitter:data1\" content=\"Giacomo Bertoni\" \/>\n\t<meta name=\"twitter:label2\" content=\"Tempo di lettura stimato\" \/>\n\t<meta name=\"twitter:data2\" content=\"4 minuti\" \/>\n<!-- \/ Yoast SEO Premium plugin. -->","yoast_head_json":{"title":"Consacrata la prima chiesa a Cuba dopo 60 anni di comunismo - IFN","description":"La lunga storia di persecuzione dura ha per\u00f2 lasciato il segno, e la paura resta. Il regime ha finto troppe volte","robots":{"index":"index","follow":"follow","max-snippet":"max-snippet:-1","max-image-preview":"max-image-preview:large","max-video-preview":"max-video-preview:-1"},"canonical":"https:\/\/ifamnews.com\/it\/consacrata-la-prima-chiesa-a-cuba-dopo-60-anni-di-comunismo","og_locale":"it_IT","og_type":"article","og_title":"Consacrata la prima chiesa a Cuba dopo 60 anni di comunismo","og_description":"La lunga storia di persecuzione dura ha per\u00f2 lasciato il segno, e la paura resta. Il regime ha finto troppe volte","og_url":"https:\/\/ifamnews.com\/it\/consacrata-la-prima-chiesa-a-cuba-dopo-60-anni-di-comunismo","og_site_name":"IFN","article_publisher":"https:\/\/www.facebook.com\/iFamNews","article_author":"https:\/\/it-it.facebook.com\/IlparcodiGiacomo\/","article_published_time":"2020-10-09T05:00:00+00:00","article_modified_time":"2020-10-13T20:24:50+00:00","og_image":[{"width":1920,"height":1280,"url":"https:\/\/ifamnews.com\/wp-content\/uploads\/2020\/10\/Cuba-strada-auto-vintage.-Image-by-Falkenpost-from-Pixabay.jpg","type":"image\/jpeg"}],"author":"Giacomo Bertoni","twitter_card":"summary_large_image","twitter_creator":"@https:\/\/twitter.com\/ParcodiGiacomo","twitter_site":"@iFamNewsEN","twitter_misc":{"Scritto da":"Giacomo Bertoni","Tempo di lettura stimato":"4 minuti"},"schema":{"@context":"https:\/\/schema.org","@graph":[{"@type":"NewsArticle","@id":"https:\/\/ifamnews.com\/it\/consacrata-la-prima-chiesa-a-cuba-dopo-60-anni-di-comunismo#article","isPartOf":{"@id":"https:\/\/ifamnews.com\/it\/consacrata-la-prima-chiesa-a-cuba-dopo-60-anni-di-comunismo"},"author":{"name":"Giacomo Bertoni","@id":"https:\/\/ifamnews.com\/en\/#\/schema\/person\/5a21aea3de40946073f9cdf6051e2f6e"},"headline":"Consacrata la prima chiesa a Cuba dopo 60 anni di comunismo","datePublished":"2020-10-09T05:00:00+00:00","dateModified":"2020-10-13T20:24:50+00:00","mainEntityOfPage":{"@id":"https:\/\/ifamnews.com\/it\/consacrata-la-prima-chiesa-a-cuba-dopo-60-anni-di-comunismo"},"wordCount":777,"commentCount":0,"publisher":{"@id":"https:\/\/ifamnews.com\/en\/#organization"},"image":{"@id":"https:\/\/ifamnews.com\/it\/consacrata-la-prima-chiesa-a-cuba-dopo-60-anni-di-comunismo#primaryimage"},"thumbnailUrl":"https:\/\/ifamnews.com\/wp-content\/uploads\/2020\/10\/Cuba-strada-auto-vintage.-Image-by-Falkenpost-from-Pixabay.jpg","keywords":["Chiesa Cattolica","comunismo","Cuba"],"articleSection":["Politica"],"inLanguage":"it-IT","potentialAction":[{"@type":"CommentAction","name":"Comment","target":["https:\/\/ifamnews.com\/it\/consacrata-la-prima-chiesa-a-cuba-dopo-60-anni-di-comunismo#respond"]}]},{"@type":"WebPage","@id":"https:\/\/ifamnews.com\/it\/consacrata-la-prima-chiesa-a-cuba-dopo-60-anni-di-comunismo","url":"https:\/\/ifamnews.com\/it\/consacrata-la-prima-chiesa-a-cuba-dopo-60-anni-di-comunismo","name":"Consacrata la prima chiesa a Cuba dopo 60 anni di comunismo - IFN","isPartOf":{"@id":"https:\/\/ifamnews.com\/en\/#website"},"primaryImageOfPage":{"@id":"https:\/\/ifamnews.com\/it\/consacrata-la-prima-chiesa-a-cuba-dopo-60-anni-di-comunismo#primaryimage"},"image":{"@id":"https:\/\/ifamnews.com\/it\/consacrata-la-prima-chiesa-a-cuba-dopo-60-anni-di-comunismo#primaryimage"},"thumbnailUrl":"https:\/\/ifamnews.com\/wp-content\/uploads\/2020\/10\/Cuba-strada-auto-vintage.-Image-by-Falkenpost-from-Pixabay.jpg","datePublished":"2020-10-09T05:00:00+00:00","dateModified":"2020-10-13T20:24:50+00:00","description":"La lunga storia di persecuzione dura ha per\u00f2 lasciato il segno, e la paura resta. Il regime ha finto troppe volte","breadcrumb":{"@id":"https:\/\/ifamnews.com\/it\/consacrata-la-prima-chiesa-a-cuba-dopo-60-anni-di-comunismo#breadcrumb"},"inLanguage":"it-IT","potentialAction":[{"@type":"ReadAction","target":["https:\/\/ifamnews.com\/it\/consacrata-la-prima-chiesa-a-cuba-dopo-60-anni-di-comunismo"]}]},{"@type":"ImageObject","inLanguage":"it-IT","@id":"https:\/\/ifamnews.com\/it\/consacrata-la-prima-chiesa-a-cuba-dopo-60-anni-di-comunismo#primaryimage","url":"https:\/\/ifamnews.com\/wp-content\/uploads\/2020\/10\/Cuba-strada-auto-vintage.-Image-by-Falkenpost-from-Pixabay.jpg","contentUrl":"https:\/\/ifamnews.com\/wp-content\/uploads\/2020\/10\/Cuba-strada-auto-vintage.-Image-by-Falkenpost-from-Pixabay.jpg","width":1920,"height":1280,"caption":"Image by Falkenpost from Pixabay"},{"@type":"BreadcrumbList","@id":"https:\/\/ifamnews.com\/it\/consacrata-la-prima-chiesa-a-cuba-dopo-60-anni-di-comunismo#breadcrumb","itemListElement":[{"@type":"ListItem","position":1,"name":"Home","item":"https:\/\/ifamnews.com\/de"},{"@type":"ListItem","position":2,"name":"Politics","item":"https:\/\/ifamnews.com\/en\/category\/politics"},{"@type":"ListItem","position":3,"name":"Consacrata la prima chiesa a Cuba dopo 60 anni di comunismo"}]},{"@type":"WebSite","@id":"https:\/\/ifamnews.com\/en\/#website","url":"https:\/\/ifamnews.com\/en\/","name":"IFN","description":"International Family News Network","publisher":{"@id":"https:\/\/ifamnews.com\/en\/#organization"},"potentialAction":[{"@type":"SearchAction","target":{"@type":"EntryPoint","urlTemplate":"https:\/\/ifamnews.com\/en\/?s={search_term_string}"},"query-input":{"@type":"PropertyValueSpecification","valueRequired":true,"valueName":"search_term_string"}}],"inLanguage":"it-IT"},{"@type":"Organization","@id":"https:\/\/ifamnews.com\/en\/#organization","name":"iFamNews","url":"https:\/\/ifamnews.com\/en\/","logo":{"@type":"ImageObject","inLanguage":"it-IT","@id":"https:\/\/ifamnews.com\/en\/#\/schema\/logo\/image\/","url":"https:\/\/ifamnews.com\/wp-content\/uploads\/2020\/01\/Share-logo.png","contentUrl":"https:\/\/ifamnews.com\/wp-content\/uploads\/2020\/01\/Share-logo.png","width":200,"height":200,"caption":"iFamNews"},"image":{"@id":"https:\/\/ifamnews.com\/en\/#\/schema\/logo\/image\/"},"sameAs":["https:\/\/www.facebook.com\/iFamNews","https:\/\/x.com\/iFamNewsEN"]},{"@type":"Person","@id":"https:\/\/ifamnews.com\/en\/#\/schema\/person\/5a21aea3de40946073f9cdf6051e2f6e","name":"Giacomo Bertoni","image":{"@type":"ImageObject","inLanguage":"it-IT","@id":"https:\/\/secure.gravatar.com\/avatar\/8249f6c99b4757c6a2e9c32b70074900a0e16f1b8f4086921238d140a909149b?s=96&d=mm&r=g","url":"https:\/\/secure.gravatar.com\/avatar\/8249f6c99b4757c6a2e9c32b70074900a0e16f1b8f4086921238d140a909149b?s=96&d=mm&r=g","contentUrl":"https:\/\/secure.gravatar.com\/avatar\/8249f6c99b4757c6a2e9c32b70074900a0e16f1b8f4086921238d140a909149b?s=96&d=mm&r=g","caption":"Giacomo Bertoni"},"description":"Giacomo Bertoni, journalist and writer. Formerly at the daily newspaper la Provincia Pavese, he has worked with Ossigeno per l'informazione, il Ticino, and since 2016 has collaborated with Radio Mater. In 2009 he published his first children's book, Toppy, a gnat with a big heart (EdiGio'), which was followed by Gino e la Vecchia Consigliera (2011) and Un ponte tra le Valli (2014). In 2014 he graduated in Philosophy from the University of Pavia. Since 2011 he has edited his personal blog Il parco di Giacomo.","sameAs":["https:\/\/parcodigiacomo.blogspot.com\/","https:\/\/it-it.facebook.com\/IlparcodiGiacomo\/","https:\/\/x.com\/https:\/\/twitter.com\/ParcodiGiacomo"],"url":"https:\/\/ifamnews.com\/it\/author\/gbertoni"}]}},"amp_enabled":true,"_links":{"self":[{"href":"https:\/\/ifamnews.com\/it\/wp-json\/wp\/v2\/posts\/31407","targetHints":{"allow":["GET"]}}],"collection":[{"href":"https:\/\/ifamnews.com\/it\/wp-json\/wp\/v2\/posts"}],"about":[{"href":"https:\/\/ifamnews.com\/it\/wp-json\/wp\/v2\/types\/post"}],"author":[{"embeddable":true,"href":"https:\/\/ifamnews.com\/it\/wp-json\/wp\/v2\/users\/13"}],"replies":[{"embeddable":true,"href":"https:\/\/ifamnews.com\/it\/wp-json\/wp\/v2\/comments?post=31407"}],"version-history":[{"count":5,"href":"https:\/\/ifamnews.com\/it\/wp-json\/wp\/v2\/posts\/31407\/revisions"}],"predecessor-version":[{"id":32184,"href":"https:\/\/ifamnews.com\/it\/wp-json\/wp\/v2\/posts\/31407\/revisions\/32184"}],"wp:featuredmedia":[{"embeddable":true,"href":"https:\/\/ifamnews.com\/it\/wp-json\/wp\/v2\/media\/31408"}],"wp:attachment":[{"href":"https:\/\/ifamnews.com\/it\/wp-json\/wp\/v2\/media?parent=31407"}],"wp:term":[{"taxonomy":"category","embeddable":true,"href":"https:\/\/ifamnews.com\/it\/wp-json\/wp\/v2\/categories?post=31407"},{"taxonomy":"post_tag","embeddable":true,"href":"https:\/\/ifamnews.com\/it\/wp-json\/wp\/v2\/tags?post=31407"}],"curies":[{"name":"wp","href":"https:\/\/api.w.org\/{rel}","templated":true}]}}