{"id":30793,"date":"2020-10-05T00:00:22","date_gmt":"2020-10-05T05:00:22","guid":{"rendered":"https:\/\/ifamnews.com\/?p=30793"},"modified":"2020-10-03T08:13:45","modified_gmt":"2020-10-03T13:13:45","slug":"se-il-giudice-barrett-non-venisse-confermata-","status":"publish","type":"post","link":"https:\/\/ifamnews.com\/it\/se-il-giudice-barrett-non-venisse-confermata-","title":{"rendered":"Se il giudice Barrett non venisse confermata&#8230;"},"content":{"rendered":"\n<p>Secondo voi \u00e8 normale che in un Paese democratico un presidente democraticamente eletto venga considerato illegittimo sin dal giorno seguente la sua elezione, e questo ininterrottamente per quattro anni da avversari politici, <em>media<\/em> e piazza, con il rincalzo di aggressioni, violenze per le strade, intimidazioni, sfascismo?<\/p>\n\n\n\n<p>Evidentemente no, ma \u00e8 quello che accade negli Stati Uniti d\u2019America, a fronte di un presidente, Donald J. Trump, che potr\u00e0 pure stare antipatico a qualcuno, magari anche a molti, ma che \u00e8 e resta un presidente eletto secondo regole democratiche note a tutti e da tutti accettate, che possono pure, in certi casi, dare uno scarto fra voto popolare e voto elettorale, ma che cos\u00ec \u00e8 da sempre, e nessuno mai ci ha trovato nulla di non-democratico a meno di non essere in malafede. In un Paese dove non sono i cittadini, ma gli Stati dell\u2019Unione a eleggere il presidente e il vicepresidente federali accade cos\u00ec.<\/p>\n\n\n\n<p>Dietro per\u00f2 la buriana che da quattro anni accompagna ogni gesto di Trump c\u2019\u00e8 in realt\u00e0 molto, molto di pi\u00f9. Si \u00e8 cercato di delegittimare Trump in tutti i modi: scandali a luci rosse, connivenze con potenze straniere, <em>impeachment<\/em>. Ma le prove stanno a zero, come le chiacchiere.<\/p>\n\n\n\n<p>Ora, Trump pu\u00f2 continuare a stare antipatico ad alcuni, persino a molti. Il <em>web<\/em> reca ampia traccia di quanto il sottoscritto, per dirne una, abbia avversato Trump durante le elezioni primarie che nel 2016 avevano il compito di selezionare il candidato presidenziale che, nel novembre di quell\u2019anno, avrebbe sfidato Hillary Clinton. Poi \u00e8 successa una cosa, anzi due.<\/p>\n\n\n\n<p>La prima \u00e8 che le primarie sono finite, incoronando Trump. Scongiurare il fatto che alla Casa Bianca potesse dunque sedere la quintessenza dell\u2019abortismo, del <em>gender-friendly<\/em> e di tutta una serie di altre immoralit\u00e0, ovvero <em>madame<\/em> Clinton, era la priorit\u00e0.<\/p>\n\n\n\n<p>La seconda \u00e8 che Trump, l\u2019uomo che aveva scelto di rottamare soprattutto il conservatorismo e il Partito Repubblicano, divenuto nei decenni un buon partito conservatore come in origine non era, si \u00e8 in realt\u00e0 accorto che o stringeva un patto d\u2019acciaio con essi o sarebbe stato polverizzato dalla Clinton.<\/p>\n\n\n\n<p>Ho barato. C\u2019\u00e8 un terzo fatto. Trump \u00e8 cambiato anche sui princ\u00ecpi non negoziabili, pubblicamente. Era ondivago, \u00e8 diventato <em>pro life<\/em>. Lo ha scritto, ha scelto consiglieri e collaboratori al di sopra di ogni sospetto a partire dal vicepresidente Mike Pence. <em>Idem<\/em> su altre questioni, a volte un po\u2019 ambiguamente, ma meglio, molto meglio di prima e di tutti i suoi avversari Democratici.<\/p>\n\n\n\n<p>Una volta eletto, Trump ha dato il meglio di s\u00e9. Date retta al sottoscritto, non ai <em>media<\/em> e a quanti non sanno distinguere un <em>cactus<\/em> da un cuscino e si siedono lo stesso. <a href=\"https:\/\/ifamnews.com\/it\/trump-for-life-trump-for-president\/\" target=\"_blank\" rel=\"noopener noreferrer\">Basta guardare ci\u00f2 che ha fatto per il diritto alla vita<\/a>, per la libert\u00e0 religiosa, e cos\u00ec via. <a href=\"https:\/\/ifamnews.com\/it\/trump-salva-la-vita-dei-bimbi-che-scampano-all-aborto\/\" target=\"_blank\" rel=\"noopener noreferrer\">I princ\u00ecpi non negoziabili appunto non si negoziano<\/a>, e quindi non ci possono essere mezze misure: o di qua o di l\u00e0. Su questioni invece pi\u00f9 negoziabili, il sottoscritto continua a ritenere che in moltissimi casi (non in tutti) Trump abbia fatto bene. Altri dissentiranno: la cosa mi sconvolge un po\u2019, ma non tantissimo. Mi sconvolge invece immensamente il fatto che se Trump non fosse stato presidente del Paese pi\u00f9 importante del mondo molte leggi moralmente inique in pi\u00f9, molto, molto inique, sarebbero passate. E su questo non si pu\u00f2 accettare compromessi.<\/p>\n\n\n\n<p>Ora Trump si gioca la rielezione. Ne parleremo. Intanto le strade hanno ripreso fuoco, incendiate da quei \u201cdemocratici\u201d che non sanno accettare la democrazia.<\/p>\n\n\n\n<p>In questo quadro, <a href=\"https:\/\/ifamnews.com\/it\/grazie-trump-per-amy-coney-barrett\/\" target=\"_blank\" rel=\"noopener noreferrer\">Trump ha nominato il giudice Amy Coney Barrett per la Corte Suprema federale<\/a>. Al momento giusto dovr\u00e0 pronunciarsi il Senato. Ma cosa succederebbe se il Senato, non voglia il Cielo, bocciasse il giudice Amy Coney Barrett? Lo mostra questo video.<\/p>\n\n\n\n<figure class=\"wp-block-embed-youtube wp-block-embed is-type-video is-provider-youtube wp-embed-aspect-16-9 wp-has-aspect-ratio\"><div class=\"wp-block-embed__wrapper\">\n<div class=\"jeg_video_container jeg_video_content\"><iframe loading=\"lazy\" title=\"All our issues are at stake. Confirm Amy Coney Barrett!\" width=\"500\" height=\"281\" src=\"https:\/\/www.youtube.com\/embed\/Wu0JjpyhYDI?feature=oembed\" frameborder=\"0\" allow=\"accelerometer; autoplay; clipboard-write; encrypted-media; gyroscope; picture-in-picture; web-share\" referrerpolicy=\"strict-origin-when-cross-origin\" allowfullscreen><\/iframe><\/div>\n<\/div><\/figure>\n\n\n\n<p>Lo ha realizzato la <a href=\"https:\/\/nationformarriage.org\/\" target=\"_blank\" rel=\"noopener noreferrer\">National Organization for Marriage<\/a>, <em>partner<\/em> dell\u2019<a href=\"https:\/\/profam.org\/\" target=\"_blank\" rel=\"noopener noreferrer\">International Organization for the Family<\/a> (cio\u00e8 l\u2019editore di \u201ciFamNes\u201d); di entrambe \u00e8 presidente <a href=\"https:\/\/ifamnews.com\/it\/chi-siamo\/\" target=\"_blank\" rel=\"noopener noreferrer\">Brian S. Brown<\/a>. E cosa si vede in questo video? La reazione delle Sinistre americane alla <a href=\"https:\/\/ifamnews.com\/it\/i-dem-dichiarano-guerra-al-giudice-barrett\/\" target=\"_blank\" rel=\"noopener noreferrer\">scelta del giudice Barrett<\/a>.<\/p>\n\n\n\n<p>C\u2019\u00e8 chi esorta ad \u00abattaccare fisicamente i senatori\u00bb del Partito Repubblicano. C\u2019\u00e8 chi grida: \u00abQuesta \u00e8 guerra!\u00bb. C\u2019\u00e8 una folla minacciosa che circonda il senatore Repubblicano Rand Paul e sua moglie. C\u2019\u00e8 un <em>tweet<\/em> dell\u2019ex conduttore televisivo della CNN, Reza Aslan: \u00abSe anche solo PROVA a sostituire [Ruth Bader Ginsburg], bruceremo questa baracca del c**o\u00bb. C\u2019\u00e8 chi scrive che se il Partito Repubblicano dovesse cercare di confermare la Barrett \u00absigilleremo il Paese\u00bb. E c\u2019\u00e8 poi la senatrice Kamala Harris, candidata alla vicepresidenza accanto al <a href=\"https:\/\/ifamnews.com\/it\/netflix-lolite-e-joe-biden\/\" target=\"_blank\" rel=\"noopener noreferrer\">Democratico Joe Biden<\/a>, che celebra un \u201cmatrimonio\u201d <em>gay<\/em> in California (che l&#8217;episodio sia finito in un video assieme al resto <a href=\"https:\/\/lgbtqnation.com\/2020\/10\/new-political-ad-uses-video-kamala-harris-officiating-lesbian-wedding-motivate-republicans\/\" target=\"_blank\" rel=\"noopener noreferrer\">gli attivisti LGBT+ non lo hanno digerito)<\/a>.<\/p>\n\n\n\n<p>Be\u2019, con un solo voto in pi\u00f9 al Senato, quando sar\u00e0 il momento, tutto questo non scomparir\u00e0. Anzi, forse aumenter\u00e0. Ma chi sia certa gente \u00e8 evidente. Roba da americani? Non esattamente.<\/p>\n","protected":false},"excerpt":{"rendered":"<p>Un video pi\u00f9 che esplicito, realizzato dalla \u00abNational Organization for Marriage\u00bb, non lascia dubbi<\/p>\n","protected":false},"author":7,"featured_media":30796,"comment_status":"open","ping_status":"open","sticky":false,"template":"","format":"standard","meta":{"give_campaign_id":0,"om_disable_all_campaigns":false,"_monsterinsights_skip_tracking":false,"_monsterinsights_sitenote_active":false,"_monsterinsights_sitenote_note":"","_monsterinsights_sitenote_category":0,"mc4wp_mailchimp_campaign":[],"jnews-multi-image_gallery":[],"jnews_single_post":{"subtitle":"Un video pi\u00f9 che esplicito, realizzato dalla \u00abNational Organization for Marriage\u00bb, non lascia dubbi","format":"standard","video":"","gallery":"","source_name":"","source_url":"","via_name":"","via_url":"","override":[{"single_blog_custom":"","sidebar":"","second_sidebar":"","share_position":"","share_float_style":"","post_date_format":"","post_date_format_custom":"","post_reading_time_wpm":"","zoom_button_out_step":"1","zoom_button_in_step":"1","number_popup_post":"1"}],"image_override":[{"single_post_thumbnail_size":"","single_post_gallery_size":""}],"trending_post_position":"","trending_post_label":"","sponsored_post_label":"","sponsored_post_name":"","sponsored_post_url":"","sponsored_post_logo":"","sponsored_post_desc":""},"jnews_primary_category":{"id":"780"},"jnews_social_meta":{"fb_title":"","fb_description":"","fb_image":"","twitter_title":"","twitter_description":"","twitter_image":""},"jnews_override_counter":{"view_counter_number":"0","share_counter_number":"0","like_counter_number":"0","dislike_counter_number":"0"},"footnotes":""},"categories":[778,780],"tags":[698,5814,5903,1633,2188,5904,5905],"class_list":["post-30793","post","type-post","status-publish","format-standard","has-post-thumbnail","hentry","category-editoriali","category-politica-it","tag-aborto","tag-corte-suprema-2","tag-hillary-clinton","tag-international-organization-for-the-family","tag-joe-biden","tag-kemala-harris","tag-national-organization-for-marriage"],"yoast_head":"<!-- This site is optimized with the Yoast SEO Premium plugin v25.9 (Yoast SEO v27.3) - https:\/\/yoast.com\/product\/yoast-seo-premium-wordpress\/ -->\n<title>Se il giudice Barrett non venisse confermata... - IFN<\/title>\n<meta name=\"description\" content=\"A fronte della proposta del giudice Barrett alla Corte suprema un video realizzato dalla \u00abNational Organization for Marriage\u00bb non lascia dubbi\" \/>\n<meta name=\"robots\" content=\"index, follow, max-snippet:-1, max-image-preview:large, max-video-preview:-1\" \/>\n<link rel=\"canonical\" href=\"https:\/\/ifamnews.com\/it\/se-il-giudice-barrett-non-venisse-confermata-\" \/>\n<meta property=\"og:locale\" content=\"it_IT\" \/>\n<meta property=\"og:type\" content=\"article\" \/>\n<meta property=\"og:title\" content=\"Se il giudice Barrett non venisse confermata...\" \/>\n<meta property=\"og:description\" content=\"A fronte della proposta del giudice Barrett alla Corte suprema un video realizzato dalla \u00abNational Organization for Marriage\u00bb non lascia dubbi\" \/>\n<meta property=\"og:url\" content=\"https:\/\/ifamnews.com\/it\/se-il-giudice-barrett-non-venisse-confermata-\" \/>\n<meta property=\"og:site_name\" content=\"IFN\" \/>\n<meta property=\"article:publisher\" content=\"https:\/\/www.facebook.com\/iFamNews\" \/>\n<meta property=\"article:author\" content=\"https:\/\/facebook.com\/MarcoRespinti\" \/>\n<meta property=\"article:published_time\" content=\"2020-10-05T05:00:22+00:00\" \/>\n<meta property=\"og:image\" content=\"https:\/\/ifamnews.com\/wp-content\/uploads\/2020\/10\/NOM-Amy-Coney-Barrett.png\" \/>\n\t<meta property=\"og:image:width\" content=\"1200\" \/>\n\t<meta property=\"og:image:height\" content=\"675\" \/>\n\t<meta property=\"og:image:type\" content=\"image\/png\" \/>\n<meta name=\"author\" content=\"Marco Respinti\" \/>\n<meta name=\"twitter:card\" content=\"summary_large_image\" \/>\n<meta name=\"twitter:creator\" content=\"@https:\/\/twitter.com\/MarcoRespinti\" \/>\n<meta name=\"twitter:site\" content=\"@iFamNewsEN\" \/>\n<meta name=\"twitter:label1\" content=\"Scritto da\" \/>\n\t<meta name=\"twitter:data1\" content=\"Marco Respinti\" \/>\n\t<meta name=\"twitter:label2\" content=\"Tempo di lettura stimato\" \/>\n\t<meta name=\"twitter:data2\" content=\"4 minuti\" \/>\n<!-- \/ Yoast SEO Premium plugin. -->","yoast_head_json":{"title":"Se il giudice Barrett non venisse confermata... - IFN","description":"A fronte della proposta del giudice Barrett alla Corte suprema un video realizzato dalla \u00abNational Organization for Marriage\u00bb non lascia dubbi","robots":{"index":"index","follow":"follow","max-snippet":"max-snippet:-1","max-image-preview":"max-image-preview:large","max-video-preview":"max-video-preview:-1"},"canonical":"https:\/\/ifamnews.com\/it\/se-il-giudice-barrett-non-venisse-confermata-","og_locale":"it_IT","og_type":"article","og_title":"Se il giudice Barrett non venisse confermata...","og_description":"A fronte della proposta del giudice Barrett alla Corte suprema un video realizzato dalla \u00abNational Organization for Marriage\u00bb non lascia dubbi","og_url":"https:\/\/ifamnews.com\/it\/se-il-giudice-barrett-non-venisse-confermata-","og_site_name":"IFN","article_publisher":"https:\/\/www.facebook.com\/iFamNews","article_author":"https:\/\/facebook.com\/MarcoRespinti","article_published_time":"2020-10-05T05:00:22+00:00","og_image":[{"width":1200,"height":675,"url":"https:\/\/ifamnews.com\/wp-content\/uploads\/2020\/10\/NOM-Amy-Coney-Barrett.png","type":"image\/png"}],"author":"Marco Respinti","twitter_card":"summary_large_image","twitter_creator":"@https:\/\/twitter.com\/MarcoRespinti","twitter_site":"@iFamNewsEN","twitter_misc":{"Scritto da":"Marco Respinti","Tempo di lettura stimato":"4 minuti"},"schema":{"@context":"https:\/\/schema.org","@graph":[{"@type":"NewsArticle","@id":"https:\/\/ifamnews.com\/it\/se-il-giudice-barrett-non-venisse-confermata-#article","isPartOf":{"@id":"https:\/\/ifamnews.com\/it\/se-il-giudice-barrett-non-venisse-confermata-"},"author":{"name":"Marco Respinti","@id":"https:\/\/ifamnews.com\/en\/#\/schema\/person\/f0579ab02623e80d44006c1a5d949ea9"},"headline":"Se il giudice Barrett non venisse confermata&#8230;","datePublished":"2020-10-05T05:00:22+00:00","mainEntityOfPage":{"@id":"https:\/\/ifamnews.com\/it\/se-il-giudice-barrett-non-venisse-confermata-"},"wordCount":821,"commentCount":0,"publisher":{"@id":"https:\/\/ifamnews.com\/en\/#organization"},"image":{"@id":"https:\/\/ifamnews.com\/it\/se-il-giudice-barrett-non-venisse-confermata-#primaryimage"},"thumbnailUrl":"https:\/\/ifamnews.com\/wp-content\/uploads\/2020\/10\/NOM-Amy-Coney-Barrett.png","keywords":["Aborto","Corte Suprema","Hillary Clinton","International Organization for the Family","Joe Biden","Kemala Harris","National Organization for Marriage"],"articleSection":["Editoriali","Politica"],"inLanguage":"it-IT","potentialAction":[{"@type":"CommentAction","name":"Comment","target":["https:\/\/ifamnews.com\/it\/se-il-giudice-barrett-non-venisse-confermata-#respond"]}]},{"@type":"WebPage","@id":"https:\/\/ifamnews.com\/it\/se-il-giudice-barrett-non-venisse-confermata-","url":"https:\/\/ifamnews.com\/it\/se-il-giudice-barrett-non-venisse-confermata-","name":"Se il giudice Barrett non venisse confermata... - IFN","isPartOf":{"@id":"https:\/\/ifamnews.com\/en\/#website"},"primaryImageOfPage":{"@id":"https:\/\/ifamnews.com\/it\/se-il-giudice-barrett-non-venisse-confermata-#primaryimage"},"image":{"@id":"https:\/\/ifamnews.com\/it\/se-il-giudice-barrett-non-venisse-confermata-#primaryimage"},"thumbnailUrl":"https:\/\/ifamnews.com\/wp-content\/uploads\/2020\/10\/NOM-Amy-Coney-Barrett.png","datePublished":"2020-10-05T05:00:22+00:00","description":"A fronte della proposta del giudice Barrett alla Corte suprema un video realizzato dalla \u00abNational Organization for Marriage\u00bb non lascia dubbi","breadcrumb":{"@id":"https:\/\/ifamnews.com\/it\/se-il-giudice-barrett-non-venisse-confermata-#breadcrumb"},"inLanguage":"it-IT","potentialAction":[{"@type":"ReadAction","target":["https:\/\/ifamnews.com\/it\/se-il-giudice-barrett-non-venisse-confermata-"]}]},{"@type":"ImageObject","inLanguage":"it-IT","@id":"https:\/\/ifamnews.com\/it\/se-il-giudice-barrett-non-venisse-confermata-#primaryimage","url":"https:\/\/ifamnews.com\/wp-content\/uploads\/2020\/10\/NOM-Amy-Coney-Barrett.png","contentUrl":"https:\/\/ifamnews.com\/wp-content\/uploads\/2020\/10\/NOM-Amy-Coney-Barrett.png","width":1200,"height":675},{"@type":"BreadcrumbList","@id":"https:\/\/ifamnews.com\/it\/se-il-giudice-barrett-non-venisse-confermata-#breadcrumb","itemListElement":[{"@type":"ListItem","position":1,"name":"Home","item":"https:\/\/ifamnews.com\/de"},{"@type":"ListItem","position":2,"name":"Politics","item":"https:\/\/ifamnews.com\/en\/category\/politics"},{"@type":"ListItem","position":3,"name":"Se il giudice Barrett non venisse confermata&#8230;"}]},{"@type":"WebSite","@id":"https:\/\/ifamnews.com\/en\/#website","url":"https:\/\/ifamnews.com\/en\/","name":"IFN","description":"International Family News Network","publisher":{"@id":"https:\/\/ifamnews.com\/en\/#organization"},"potentialAction":[{"@type":"SearchAction","target":{"@type":"EntryPoint","urlTemplate":"https:\/\/ifamnews.com\/en\/?s={search_term_string}"},"query-input":{"@type":"PropertyValueSpecification","valueRequired":true,"valueName":"search_term_string"}}],"inLanguage":"it-IT"},{"@type":"Organization","@id":"https:\/\/ifamnews.com\/en\/#organization","name":"iFamNews","url":"https:\/\/ifamnews.com\/en\/","logo":{"@type":"ImageObject","inLanguage":"it-IT","@id":"https:\/\/ifamnews.com\/en\/#\/schema\/logo\/image\/","url":"https:\/\/ifamnews.com\/wp-content\/uploads\/2020\/01\/Share-logo.png","contentUrl":"https:\/\/ifamnews.com\/wp-content\/uploads\/2020\/01\/Share-logo.png","width":200,"height":200,"caption":"iFamNews"},"image":{"@id":"https:\/\/ifamnews.com\/en\/#\/schema\/logo\/image\/"},"sameAs":["https:\/\/www.facebook.com\/iFamNews","https:\/\/x.com\/iFamNewsEN"]},{"@type":"Person","@id":"https:\/\/ifamnews.com\/en\/#\/schema\/person\/f0579ab02623e80d44006c1a5d949ea9","name":"Marco Respinti","image":{"@type":"ImageObject","inLanguage":"it-IT","@id":"https:\/\/secure.gravatar.com\/avatar\/4ab04a5127131015e13010f222e38621144dc33a5df5d977b35ceeab15ee958f?s=96&d=mm&r=g","url":"https:\/\/secure.gravatar.com\/avatar\/4ab04a5127131015e13010f222e38621144dc33a5df5d977b35ceeab15ee958f?s=96&d=mm&r=g","contentUrl":"https:\/\/secure.gravatar.com\/avatar\/4ab04a5127131015e13010f222e38621144dc33a5df5d977b35ceeab15ee958f?s=96&d=mm&r=g","caption":"Marco Respinti"},"description":"Marco Respinti was the Editor-in-Chief of International Family News until the end of 2022. He is an Italian professional journalist, member of the International Federation of Journalists (IFJ), essayist, translator, and lecturer. He has contributed and contributes to several journals and magazines both in print and online, both in Italy and abroad. Author of books, he has translated and\/or edited works by, among others, Edmund Burke, Charles Dickens, T.S. Eliot, Russell Kirk, J.R.R. Tolkien, R\u00e9gine Pernoud and Gustave Thibon. A Senior fellow at the\u00a0Russell Kirk Center for Cultural Renewal (Mecosta, Michigan) he is also a founding member as well as Board member of the Center for European Renewal (The Hague, The Netherlands). A member of the Editorial Board of The European Conservative magazine, as well as a member of the Advisory Council of the European Federation for Freedom of Belief, he serves as Director-in-Charge of the academic publication The Journal of CESNUR and the online Bitter Winter: A Magazine on Religious Liberty and Human Rights.","sameAs":["https:\/\/facebook.com\/MarcoRespinti","https:\/\/it.linkedin.com\/in\/marcorespinti","https:\/\/pinterest.it\/MarcoRespinti\/_created\/","https:\/\/x.com\/https:\/\/twitter.com\/MarcoRespinti","https:\/\/youtube.com\/channel\/UC1FbsvyQNTQ-snpsmRC12Og?view_as=subscriber"],"url":"https:\/\/ifamnews.com\/it\/author\/mrespinti"}]}},"amp_enabled":true,"_links":{"self":[{"href":"https:\/\/ifamnews.com\/it\/wp-json\/wp\/v2\/posts\/30793","targetHints":{"allow":["GET"]}}],"collection":[{"href":"https:\/\/ifamnews.com\/it\/wp-json\/wp\/v2\/posts"}],"about":[{"href":"https:\/\/ifamnews.com\/it\/wp-json\/wp\/v2\/types\/post"}],"author":[{"embeddable":true,"href":"https:\/\/ifamnews.com\/it\/wp-json\/wp\/v2\/users\/7"}],"replies":[{"embeddable":true,"href":"https:\/\/ifamnews.com\/it\/wp-json\/wp\/v2\/comments?post=30793"}],"version-history":[{"count":5,"href":"https:\/\/ifamnews.com\/it\/wp-json\/wp\/v2\/posts\/30793\/revisions"}],"predecessor-version":[{"id":30826,"href":"https:\/\/ifamnews.com\/it\/wp-json\/wp\/v2\/posts\/30793\/revisions\/30826"}],"wp:featuredmedia":[{"embeddable":true,"href":"https:\/\/ifamnews.com\/it\/wp-json\/wp\/v2\/media\/30796"}],"wp:attachment":[{"href":"https:\/\/ifamnews.com\/it\/wp-json\/wp\/v2\/media?parent=30793"}],"wp:term":[{"taxonomy":"category","embeddable":true,"href":"https:\/\/ifamnews.com\/it\/wp-json\/wp\/v2\/categories?post=30793"},{"taxonomy":"post_tag","embeddable":true,"href":"https:\/\/ifamnews.com\/it\/wp-json\/wp\/v2\/tags?post=30793"}],"curies":[{"name":"wp","href":"https:\/\/api.w.org\/{rel}","templated":true}]}}