{"id":30349,"date":"2020-10-01T00:00:50","date_gmt":"2020-10-01T05:00:50","guid":{"rendered":"https:\/\/ifamnews.com\/?p=30349"},"modified":"2020-10-06T02:11:31","modified_gmt":"2020-10-06T07:11:31","slug":"i-dem-dichiarano-guerra-al-giudice-barrett","status":"publish","type":"post","link":"https:\/\/ifamnews.com\/it\/i-dem-dichiarano-guerra-al-giudice-barrett","title":{"rendered":"Alzo zero contro il giudice Barrett"},"content":{"rendered":"<p class=\"last-updated\">Last updated on Ottobre 6th, 2020 at 02:11 am<\/p>\n<p>\u00abAbbiamo vinto le elezioni e avevamo il diritto\u00bb di nominare il giudice <a href=\"https:\/\/ifamnews.com\/it\/grazie-trump-per-amy-coney-barrett\/\" target=\"_blank\" rel=\"noopener noreferrer\">Amy Coney Barrett<\/a> alla Corte Suprema federale. Nel corso del <a href=\"https:\/\/youtube.com\/watch?v=ofkPfm3tFxo\" target=\"_blank\" rel=\"noopener noreferrer\">primo faccia a faccia elettorale in diretta televisiva<\/a> tra Donald J. Trump e lo sfidante del Partito Democratico, Joe Biden, svoltosi a Cleveland, in Ohio, marted\u00ec 29 settembre, il presidente degli Stati Uniti d\u2019America ha rivendicato la nomina del giudice cattolico nel tribunale supremo del Paese. \u00abSar\u00e0 un giudice incredibile\u00bb, ha rimarcato Trump.<\/p>\n\n\n\n<h3 class=\"wp-block-heading\"><strong>Gli insulti<\/strong><\/h3>\n\n\n\n<p>Di incredibile, per ora, c\u2019\u00e8 per\u00f2 stata solo la baruffa alzata dai \u201cDem\u201d e dalla stampa progressista di mezzo mondo per screditare la Barrett. Ci\u00f2 che la rende infatti indigesta alla Sinistra non \u00e8 tanto la forma (la nomina \u00e8 avvenuta poco prima dell\u2019Election Day) quanto la sostanza, ossia il fatto che la Barrett sia cattolica, madre di sette figli e un baluardo a difesa dei princ\u00ecpi non negoziabili.<\/p>\n\n\n\n<p>Sulla stampa internazionale, infatti, nei giorni scorsi \u00e8 stato un florilegio di epiteti tesi a darne un\u2019immagine negativa: <a href=\"https:\/\/corriere.it\/esteri\/20_settembre_20\/stati-uniti-anti-abortista-fondamentalista-chi-candidata-corte-suprema-ruth-bader-ginsburg-afd73cc6-fb33-11ea-a2be-cc6f2f2b148b_preview.shtml?reason=unauthenticated&amp;cat=1&amp;cid=hzLTw-YW&amp;pids=FR&amp;credits=1&amp;origin=https%3A%2F%2Fwww.corriere.it%2Festeri%2F20_settembre_20%2Fstati-uniti-anti-abortista-fondamentalista-chi-candidata-corte-suprema-ruth-bader-ginsburg-afd73cc6-fb33-11ea-a2be-cc6f2f2b148b.shtml\" target=\"_blank\" rel=\"noopener noreferrer\">\u00abcattolica fondamentalista\u00bb<\/a>, <a href=\"https:\/\/ilmanifesto.it\/una-fanatica-anti-abortista-alla-corte-suprema-di-trump\/\" target=\"_blank\" rel=\"noopener noreferrer\">\u00abfanatica anti-abortista\u00bb<\/a>, \u00abmadre di sette figli\u00bb come a voler sottolineare che l\u2019apertura alla vita rappresenti una condizione da stigmatizzare, praticamente di subalternit\u00e0 della donna rispetto all\u2019uomo. Il fuoco di fila ha raggiunto anche vette paradossali. Il direttore del <a href=\"https:\/\/bu.edu\/antiracism-center\/\" target=\"_blank\" rel=\"noopener noreferrer\">Center for Antiracist Research<\/a> (CAR) della Boston University, Ibram X. Kendi, definito dal periodico <a href=\"https:\/\/time.com\/collection\/100-most-influential-people-2020\/5888207\/ibram-x-kendi\/\" target=\"_blank\" rel=\"noopener noreferrer\"><u><em>Time<\/em> una delle persone pi\u00f9 influenti del 2020<\/u><\/a>, ha insinuato, <a href=\"https:\/\/dailymail.co.uk\/news\/article-8779469\/Amy-Coney-Barrett-white-colonizer-adopting-two-black-children-Haiti-professor-says.html\" target=\"_blank\" rel=\"noopener noreferrer\">sotto un <em>tweet<\/em> che mostra la sorella della Barrett con in braccio due bambini neri<\/a>, che \u00abalcuni colonialisti bianchi\u00bb adotterebbero bambini neri con l\u2019intento di \u00abcivilizzarli\u00bb, dal momento che li considerano \u00abselvaggi\u00bb, e di usarli \u00abcome oggetti di scena\u00bb con cui farsi fotografare. Kendi ha poi precisato che \u00abil punto non \u00e8 se la Barrett\u00bb faccia parte di questa categoria di \u00abcolonialisti bianchi\u00bb. Ma, nonostante la specifica, \u00e8 montata l&#8217;indignazione di tanti utenti che hanno invocato il licenziamento del direttore del CAR. Per inciso: due figli della Barrett sono adottivi e neri, originari di Haiti.<\/p>\n\n\n\n<figure class=\"wp-block-embed-twitter wp-block-embed is-type-rich is-provider-twitter\"><div class=\"wp-block-embed__wrapper\">\n<blockquote class=\"twitter-tweet\" data-width=\"500\" data-dnt=\"true\"><p lang=\"en\" dir=\"ltr\">Some White colonizers &quot;adopted&quot; Black children. They &quot;civilized&quot; these &quot;savage&quot; children in the &quot;superior&quot; ways of White people, while using them as props in their lifelong pictures of denial, while cutting the biological parents of these children out of the picture of humanity. <a href=\"https:\/\/t.co\/XBE9rRnoqq\">https:\/\/t.co\/XBE9rRnoqq<\/a><\/p>&mdash; Ibram X. Kendi (@ibramxk) <a href=\"https:\/\/twitter.com\/ibramxk\/status\/1309916696296198146?ref_src=twsrc%5Etfw\">September 26, 2020<\/a><\/blockquote><script async src=\"https:\/\/platform.twitter.com\/widgets.js\" charset=\"utf-8\"><\/script>\n<\/div><\/figure>\n\n\n\n<h3 class=\"wp-block-heading\"><strong>L\u2019affondo del senatore Dem<\/strong><\/h3>\n\n\n\n<p>La campagna contro la Barrett, si diceva, non si limita per\u00f2 soltanto alla lapidazione mediatica. I \u201cDem\u201d stanno provando a delegittimare il nuovo giudice, che sposta ulteriormente <a href=\"https:\/\/lanuovabq.it\/it\/la-guerra-di-successione-dopo-ruth-bader-ginsburg\" target=\"_blank\" rel=\"noopener noreferrer\">l\u2019ago della bilancia della Corte Suprema in favore del fronte conservatore<\/a>, portando il rapporto con i giudici progressisti a 6 a 3.<\/p>\n\n\n\n<p>Eloquenti le dichiarazioni del senatore Richard Blumenthal, il quale <a href=\"https:\/\/wshu.org\/post\/blumenthal-will-not-meet-court-pick-barrett#stream\/0\" target=\"_blank\" rel=\"noopener noreferrer\">ha affermato<\/a> che non considerer\u00e0 legittima la candidata indicata da Trump: \u00abSe il giudice Barrett fosse confermato il baricentro verrebbe spostato all\u2019estrema destra e sarebbe cos\u00ec per decenni; anzi, per le generazioni a venire\u00bb. In una serie di accuse su Twitter, Blumenthal ha peraltro detto di combattere per quelle donne che \u00abvogliono solo essere in grado di decidere quando e come avere una famiglia\u00bb. Critica molto curiosa: un giudice della Corte Suprema statunitense ha forse l\u2019autorit\u00e0 per poter stabilire quando e come le donne devono formare una famiglia?<\/p>\n\n\n\n<figure class=\"wp-block-embed-twitter wp-block-embed is-type-rich is-provider-twitter\"><div class=\"wp-block-embed__wrapper\">\n<blockquote class=\"twitter-tweet\" data-width=\"500\" data-dnt=\"true\"><p lang=\"en\" dir=\"ltr\">Judge Barrett\u2019s views would harm real lives\u2014real people\u2014in real ways, from children with pre-existing conditions to women who just want to be able to decide when &amp; how to have a family. I\u2019m fighting for them.<\/p>&mdash; Richard Blumenthal (@SenBlumenthal) <a href=\"https:\/\/twitter.com\/SenBlumenthal\/status\/1309969995502432256?ref_src=twsrc%5Etfw\">September 26, 2020<\/a><\/blockquote><script async src=\"https:\/\/platform.twitter.com\/widgets.js\" charset=\"utf-8\"><\/script>\n<\/div><\/figure>\n\n\n\n<h3 class=\"wp-block-heading\"><strong>La minaccia di Biden<\/strong><\/h3>\n\n\n\n<p>Il coro che si alza dalle file dei Democratici \u00e8 unanime: la nomina della Barrett metterebbe a repentaglio il diritto all\u2019assistenza sanitaria per milioni di cittadini statunitensi. Ne \u00e8 dell\u2019avviso Nancy Pelosi, presidente della Camera dei deputati, la quale <a href=\"https:\/\/edition.cnn.com\/2020\/09\/27\/politics\/nancy-pelosi-amy-coney-barrett-obamacare-cnntv\/index.html\" target=\"_blank\" rel=\"noopener noreferrer\">ha affermato<\/a> che la \u00abfretta\u00bb con cui Trump sta operando questa scelta va interpretata come il tentativo di \u00abinvalidare\u00bb l\u2019\u00abObamacare\u00bb, ovvero la riforma dell\u2019assistenza sanitaria varata dal presidente Barack Obama nel 2010.<\/p>\n\n\n\n<p>Sulla stessa lunghezza d\u2019onda \u00e8 il candidato Democratico alla Casa Bianca, Joe Biden, che ha fatto appello ai senatori Repubblicani per chiedere loro di non ratificare la nomina: \u00abSo di avere un grande rispetto per un certo numero di miei colleghi Repubblicani, i miei ex colleghi Repubblicani, e spero che faranno la cosa giusta\u00bb, <a href=\"https:\/\/npr.org\/sections\/supreme-court-nomination\/2020\/09\/27\/917490678\/summon-your-conscience-biden-implores-gop-senators-to-wait-on-scotus-nomination?t=1601482204658\" target=\"_blank\" rel=\"noopener noreferrer\">le parole di Biden<\/a>. Del resto Biden ha assicurato che, qualora venisse eletto presidente, revocher\u00e0 la candidatura della Barrett. Intanto il Repubblicano Lindsey Graham, presidente del Senate Committee on the Judiciary, normalmente indicato come \u00abSenate Judiciary Committee\u00bb, ovvero l\u2019organismo <em>bipartisan<\/em> incaricato di vagliare la candidatura della Barrett per poi rimetterla con parere favorevole, contrario o neutro al voto finale del Senato che si esprimer\u00e0 a maggioranza, ha fissato l\u2019inizio delle <a href=\"https:\/\/nbcnews.com\/politics\/supreme-court\/sen-graham-says-amy-coney-barrett-confirmation-hearing-set-start-n1241203\" target=\"_blank\" rel=\"noopener noreferrer\">udienze al 12 ottobre<\/a>. Quel giorno si vedr\u00e0 qual \u00e8 \u00abla cosa giusta\u00bb per la maggioranza dei senatori americani.<\/p>\n","protected":false},"excerpt":{"rendered":"<p>I Democratici, fra cui Joe Biden, si scatenano contro la candidata pro life e pro family alla Corte Suprema<\/p>\n","protected":false},"author":15,"featured_media":30342,"comment_status":"open","ping_status":"open","sticky":false,"template":"","format":"standard","meta":{"give_campaign_id":0,"om_disable_all_campaigns":false,"_monsterinsights_skip_tracking":false,"_monsterinsights_sitenote_active":false,"_monsterinsights_sitenote_note":"","_monsterinsights_sitenote_category":0,"mc4wp_mailchimp_campaign":[],"jnews-multi-image_gallery":[],"jnews_single_post":{"subtitle":"I Democratici, fra cui Joe Biden, si scatenano contro la candidata pro life e pro family alla Corte Suprema","format":"standard","video":"","gallery":"","source_name":"","source_url":"","via_name":"","via_url":"","override":[{"single_blog_custom":"","sidebar":"","second_sidebar":"","share_position":"","share_float_style":"","post_date_format":"","post_date_format_custom":"","post_reading_time_wpm":"","zoom_button_out_step":"1","zoom_button_in_step":"1","number_popup_post":"1"}],"image_override":[{"single_post_thumbnail_size":"","single_post_gallery_size":""}],"trending_post_position":"","trending_post_label":"","sponsored_post_label":"","sponsored_post_name":"","sponsored_post_url":"","sponsored_post_logo":"","sponsored_post_desc":""},"jnews_primary_category":{"id":"780"},"jnews_social_meta":{"fb_title":"","fb_description":"","fb_image":"","twitter_title":"","twitter_description":"","twitter_image":""},"jnews_override_counter":{"view_counter_number":"0","share_counter_number":"0","like_counter_number":"0","dislike_counter_number":"0"},"footnotes":""},"categories":[780],"tags":[1305,2188],"class_list":["post-30349","post","type-post","status-publish","format-standard","has-post-thumbnail","hentry","category-politica-it","tag-donald-j-trump","tag-joe-biden"],"yoast_head":"<!-- This site is optimized with the Yoast SEO Premium plugin v25.9 (Yoast SEO v27.3) - https:\/\/yoast.com\/product\/yoast-seo-premium-wordpress\/ -->\n<title>Alzo zero contro il giudice Barrett - IFN<\/title>\n<meta name=\"description\" content=\"I Democratici, fra cui Joe Biden, si scatenano contro la candidata pro life e pro family alla Corte Suprema\" \/>\n<meta name=\"robots\" content=\"index, follow, max-snippet:-1, max-image-preview:large, max-video-preview:-1\" \/>\n<link rel=\"canonical\" href=\"https:\/\/ifamnews.com\/it\/i-dem-dichiarano-guerra-al-giudice-barrett\" \/>\n<meta property=\"og:locale\" content=\"it_IT\" \/>\n<meta property=\"og:type\" content=\"article\" \/>\n<meta property=\"og:title\" content=\"Alzo zero contro il giudice Barrett\" \/>\n<meta property=\"og:description\" content=\"I Democratici, fra cui Joe Biden, si scatenano contro la candidata pro life e pro family alla Corte Suprema\" \/>\n<meta property=\"og:url\" content=\"https:\/\/ifamnews.com\/it\/i-dem-dichiarano-guerra-al-giudice-barrett\" \/>\n<meta property=\"og:site_name\" content=\"IFN\" \/>\n<meta property=\"article:publisher\" content=\"https:\/\/www.facebook.com\/iFamNews\" \/>\n<meta property=\"article:published_time\" content=\"2020-10-01T05:00:50+00:00\" \/>\n<meta property=\"article:modified_time\" content=\"2020-10-06T07:11:31+00:00\" \/>\n<meta property=\"og:image\" content=\"https:\/\/ifamnews.com\/wp-content\/uploads\/2020\/09\/Amy-Coney-Barrett-Image-from-Flickr.jpg\" \/>\n\t<meta property=\"og:image:width\" content=\"1024\" \/>\n\t<meta property=\"og:image:height\" content=\"683\" \/>\n\t<meta property=\"og:image:type\" content=\"image\/jpeg\" \/>\n<meta name=\"author\" content=\"Federico Cenci\" \/>\n<meta name=\"twitter:card\" content=\"summary_large_image\" \/>\n<meta name=\"twitter:creator\" content=\"@https:\/\/twitter.com\/fedecenci\" \/>\n<meta name=\"twitter:site\" content=\"@iFamNewsEN\" \/>\n<meta name=\"twitter:label1\" content=\"Scritto da\" \/>\n\t<meta name=\"twitter:data1\" content=\"Federico Cenci\" \/>\n\t<meta name=\"twitter:label2\" content=\"Tempo di lettura stimato\" \/>\n\t<meta name=\"twitter:data2\" content=\"4 minuti\" \/>\n<!-- \/ Yoast SEO Premium plugin. -->","yoast_head_json":{"title":"Alzo zero contro il giudice Barrett - IFN","description":"I Democratici, fra cui Joe Biden, si scatenano contro la candidata pro life e pro family alla Corte Suprema","robots":{"index":"index","follow":"follow","max-snippet":"max-snippet:-1","max-image-preview":"max-image-preview:large","max-video-preview":"max-video-preview:-1"},"canonical":"https:\/\/ifamnews.com\/it\/i-dem-dichiarano-guerra-al-giudice-barrett","og_locale":"it_IT","og_type":"article","og_title":"Alzo zero contro il giudice Barrett","og_description":"I Democratici, fra cui Joe Biden, si scatenano contro la candidata pro life e pro family alla Corte Suprema","og_url":"https:\/\/ifamnews.com\/it\/i-dem-dichiarano-guerra-al-giudice-barrett","og_site_name":"IFN","article_publisher":"https:\/\/www.facebook.com\/iFamNews","article_published_time":"2020-10-01T05:00:50+00:00","article_modified_time":"2020-10-06T07:11:31+00:00","og_image":[{"width":1024,"height":683,"url":"https:\/\/ifamnews.com\/wp-content\/uploads\/2020\/09\/Amy-Coney-Barrett-Image-from-Flickr.jpg","type":"image\/jpeg"}],"author":"Federico Cenci","twitter_card":"summary_large_image","twitter_creator":"@https:\/\/twitter.com\/fedecenci","twitter_site":"@iFamNewsEN","twitter_misc":{"Scritto da":"Federico Cenci","Tempo di lettura stimato":"4 minuti"},"schema":{"@context":"https:\/\/schema.org","@graph":[{"@type":"NewsArticle","@id":"https:\/\/ifamnews.com\/it\/i-dem-dichiarano-guerra-al-giudice-barrett#article","isPartOf":{"@id":"https:\/\/ifamnews.com\/it\/i-dem-dichiarano-guerra-al-giudice-barrett"},"author":{"name":"Federico Cenci","@id":"https:\/\/ifamnews.com\/en\/#\/schema\/person\/555378c4ec9e01d40ab9f2b5cee0c318"},"headline":"Alzo zero contro il giudice Barrett","datePublished":"2020-10-01T05:00:50+00:00","dateModified":"2020-10-06T07:11:31+00:00","mainEntityOfPage":{"@id":"https:\/\/ifamnews.com\/it\/i-dem-dichiarano-guerra-al-giudice-barrett"},"wordCount":711,"commentCount":0,"publisher":{"@id":"https:\/\/ifamnews.com\/en\/#organization"},"image":{"@id":"https:\/\/ifamnews.com\/it\/i-dem-dichiarano-guerra-al-giudice-barrett#primaryimage"},"thumbnailUrl":"https:\/\/ifamnews.com\/wp-content\/uploads\/2020\/09\/Amy-Coney-Barrett-Image-from-Flickr.jpg","keywords":["Donald J. Trump","Joe Biden"],"articleSection":["Politica"],"inLanguage":"it-IT","potentialAction":[{"@type":"CommentAction","name":"Comment","target":["https:\/\/ifamnews.com\/it\/i-dem-dichiarano-guerra-al-giudice-barrett#respond"]}]},{"@type":"WebPage","@id":"https:\/\/ifamnews.com\/it\/i-dem-dichiarano-guerra-al-giudice-barrett","url":"https:\/\/ifamnews.com\/it\/i-dem-dichiarano-guerra-al-giudice-barrett","name":"Alzo zero contro il giudice Barrett - IFN","isPartOf":{"@id":"https:\/\/ifamnews.com\/en\/#website"},"primaryImageOfPage":{"@id":"https:\/\/ifamnews.com\/it\/i-dem-dichiarano-guerra-al-giudice-barrett#primaryimage"},"image":{"@id":"https:\/\/ifamnews.com\/it\/i-dem-dichiarano-guerra-al-giudice-barrett#primaryimage"},"thumbnailUrl":"https:\/\/ifamnews.com\/wp-content\/uploads\/2020\/09\/Amy-Coney-Barrett-Image-from-Flickr.jpg","datePublished":"2020-10-01T05:00:50+00:00","dateModified":"2020-10-06T07:11:31+00:00","description":"I Democratici, fra cui Joe Biden, si scatenano contro la candidata pro life e pro family alla Corte Suprema","breadcrumb":{"@id":"https:\/\/ifamnews.com\/it\/i-dem-dichiarano-guerra-al-giudice-barrett#breadcrumb"},"inLanguage":"it-IT","potentialAction":[{"@type":"ReadAction","target":["https:\/\/ifamnews.com\/it\/i-dem-dichiarano-guerra-al-giudice-barrett"]}]},{"@type":"ImageObject","inLanguage":"it-IT","@id":"https:\/\/ifamnews.com\/it\/i-dem-dichiarano-guerra-al-giudice-barrett#primaryimage","url":"https:\/\/ifamnews.com\/wp-content\/uploads\/2020\/09\/Amy-Coney-Barrett-Image-from-Flickr.jpg","contentUrl":"https:\/\/ifamnews.com\/wp-content\/uploads\/2020\/09\/Amy-Coney-Barrett-Image-from-Flickr.jpg","width":1024,"height":683,"caption":"Amy Coney Barrett - Image from Flickr"},{"@type":"BreadcrumbList","@id":"https:\/\/ifamnews.com\/it\/i-dem-dichiarano-guerra-al-giudice-barrett#breadcrumb","itemListElement":[{"@type":"ListItem","position":1,"name":"Home","item":"https:\/\/ifamnews.com\/de"},{"@type":"ListItem","position":2,"name":"Politics","item":"https:\/\/ifamnews.com\/en\/category\/politics"},{"@type":"ListItem","position":3,"name":"Alzo zero contro il giudice Barrett"}]},{"@type":"WebSite","@id":"https:\/\/ifamnews.com\/en\/#website","url":"https:\/\/ifamnews.com\/en\/","name":"IFN","description":"International Family News Network","publisher":{"@id":"https:\/\/ifamnews.com\/en\/#organization"},"potentialAction":[{"@type":"SearchAction","target":{"@type":"EntryPoint","urlTemplate":"https:\/\/ifamnews.com\/en\/?s={search_term_string}"},"query-input":{"@type":"PropertyValueSpecification","valueRequired":true,"valueName":"search_term_string"}}],"inLanguage":"it-IT"},{"@type":"Organization","@id":"https:\/\/ifamnews.com\/en\/#organization","name":"iFamNews","url":"https:\/\/ifamnews.com\/en\/","logo":{"@type":"ImageObject","inLanguage":"it-IT","@id":"https:\/\/ifamnews.com\/en\/#\/schema\/logo\/image\/","url":"https:\/\/ifamnews.com\/wp-content\/uploads\/2020\/01\/Share-logo.png","contentUrl":"https:\/\/ifamnews.com\/wp-content\/uploads\/2020\/01\/Share-logo.png","width":200,"height":200,"caption":"iFamNews"},"image":{"@id":"https:\/\/ifamnews.com\/en\/#\/schema\/logo\/image\/"},"sameAs":["https:\/\/www.facebook.com\/iFamNews","https:\/\/x.com\/iFamNewsEN"]},{"@type":"Person","@id":"https:\/\/ifamnews.com\/en\/#\/schema\/person\/555378c4ec9e01d40ab9f2b5cee0c318","name":"Federico Cenci","image":{"@type":"ImageObject","inLanguage":"it-IT","@id":"https:\/\/secure.gravatar.com\/avatar\/535f77b8447d05f39d4ca941654f7a7b7d712f3d72f0b4b185747785f5a8e745?s=96&d=mm&r=g","url":"https:\/\/secure.gravatar.com\/avatar\/535f77b8447d05f39d4ca941654f7a7b7d712f3d72f0b4b185747785f5a8e745?s=96&d=mm&r=g","contentUrl":"https:\/\/secure.gravatar.com\/avatar\/535f77b8447d05f39d4ca941654f7a7b7d712f3d72f0b4b185747785f5a8e745?s=96&d=mm&r=g","caption":"Federico Cenci"},"description":"Federico Cenci worked from 2013 to 2017 at the Catholic Zenit press agency dealing with social and religious issues, bioethics, family policies, as well as domestic and international politics. He then continued his business with In Terris, and currently with various newspapers and periodicals. In 2020 he wrote the novel \"East Berlin 2.0 - Notes between dystopia and reality\"","sameAs":["https:\/\/x.com\/https:\/\/twitter.com\/fedecenci"],"url":"https:\/\/ifamnews.com\/it\/author\/fcenci"}]}},"amp_enabled":true,"_links":{"self":[{"href":"https:\/\/ifamnews.com\/it\/wp-json\/wp\/v2\/posts\/30349","targetHints":{"allow":["GET"]}}],"collection":[{"href":"https:\/\/ifamnews.com\/it\/wp-json\/wp\/v2\/posts"}],"about":[{"href":"https:\/\/ifamnews.com\/it\/wp-json\/wp\/v2\/types\/post"}],"author":[{"embeddable":true,"href":"https:\/\/ifamnews.com\/it\/wp-json\/wp\/v2\/users\/15"}],"replies":[{"embeddable":true,"href":"https:\/\/ifamnews.com\/it\/wp-json\/wp\/v2\/comments?post=30349"}],"version-history":[{"count":5,"href":"https:\/\/ifamnews.com\/it\/wp-json\/wp\/v2\/posts\/30349\/revisions"}],"predecessor-version":[{"id":30600,"href":"https:\/\/ifamnews.com\/it\/wp-json\/wp\/v2\/posts\/30349\/revisions\/30600"}],"wp:featuredmedia":[{"embeddable":true,"href":"https:\/\/ifamnews.com\/it\/wp-json\/wp\/v2\/media\/30342"}],"wp:attachment":[{"href":"https:\/\/ifamnews.com\/it\/wp-json\/wp\/v2\/media?parent=30349"}],"wp:term":[{"taxonomy":"category","embeddable":true,"href":"https:\/\/ifamnews.com\/it\/wp-json\/wp\/v2\/categories?post=30349"},{"taxonomy":"post_tag","embeddable":true,"href":"https:\/\/ifamnews.com\/it\/wp-json\/wp\/v2\/tags?post=30349"}],"curies":[{"name":"wp","href":"https:\/\/api.w.org\/{rel}","templated":true}]}}