{"id":27323,"date":"2020-09-10T00:00:00","date_gmt":"2020-09-10T05:00:00","guid":{"rendered":"https:\/\/ifamnews.com\/?p=27323"},"modified":"2020-09-25T01:42:53","modified_gmt":"2020-09-25T06:42:53","slug":"medici-fiamminghi-per-la-legalizzazione-dellinfanticidio","status":"publish","type":"post","link":"https:\/\/ifamnews.com\/it\/medici-fiamminghi-per-la-legalizzazione-dellinfanticidio","title":{"rendered":"Medici fiamminghi per la legalizzazione dell\u2019infanticidio"},"content":{"rendered":"<p class=\"last-updated\">Last updated on Settembre 25th, 2020 at 01:42 am<\/p>\n<p>Che <a href=\"https:\/\/ifamnews.com\/it\/hanno-ragione-gli-abortisti\/\" target=\"_blank\" rel=\"noopener noreferrer\">gli abortisti abbiano pienamente ragione<\/a> si \u00e8 gi\u00e0 dimostrato: laddove l\u2019aborto sia ammesso dalla legge, anche la cosiddetta \u00abeutanasia neonatale\u00bb \u2013 pi\u00f9 onestamente un infanticidio \u2013&nbsp; non dovrebbe essere negata, perch\u00e9 tra feto e neonato non c\u2019\u00e8 differenza. <\/p>\n\n\n\n<p>Se tale affermazione un tempo poteva far leva su un senso comune ancora propenso a dar valore alla vita del neonato, oggi ci si trova drammaticamente a fare i conti con la reazione contraria, come dimostra un sondaggio pubblicato sul periodico <a href=\"https:\/\/obgyn.onlinelibrary.wiley.com\/doi\/abs\/10.1111\/aogs.13967?af=R\" target=\"_blank\" rel=\"noopener noreferrer\"><em>Acta Obstetricia et Gynecologica Scandinavica<\/em><\/a> (AOGS): medici e altri professionisti sanitari nelle regioni di lingua neerlandese del Belgio disposti a fare aborti tardivi sarebbero favorevoli alla legalizzazione dell&#8217;infanticidio.<\/p>\n\n\n\n<h3 class=\"wp-block-heading\"><strong>Nove su dieci\nammazzerebbero attivamente un neonato<\/strong><\/h3>\n\n\n\n<p>Quasi nove intervistati su dieci \u2013 si parla dell\u201989,1% \u2012 degli operatori che praticano interruzioni di gravidanza tardive \u00abconcordano sul fatto che, in caso di condizione neonatale grave (non letale), la somministrazione di farmaci con l&#8217;intenzione esplicita di porre fine alla vita neonatale \u00e8 accettabile\u00bb. Cos\u00ec come, senza tante remore, una percentuale molto simile \u2013 l\u201985,6% \u2012, anche di fronte a diagnosi \u00abpoco chiara e prognosi imprevedibile\u00bb, considera l\u2019aborto a termine \u2013 cio\u00e8 praticato fino al momento del parto \u2013 una soluzione adeguata. Non sapendo insomma esattamente come andr\u00e0 a finire, meglio \u201cterminare\u201d la vita dell\u2019individuo prima che inizi \u201cufficialmente\u201d. Si pu\u00f2 sempre ritentare, sperando di essere pi\u00f9 fortunati con una successiva gravidanza: come i lettori di \u201ciFamNews\u201d gi\u00e0 sanno, <a href=\"https:\/\/ifamnews.com\/it\/una-cosa-vale-laltra-pure-i-figli\/\" target=\"_blank\" rel=\"noopener noreferrer\">un bambino vale l\u2019altro<\/a> secondo teorie etiche sempre pi\u00f9 drammaticamente diffuse e accettate.<\/p>\n\n\n\n<p>Purtroppo, anche\nse non stupisce particolarmente venirne a conoscenza, tra gli operatori\nsanitari intervistati \u2013 abitanti nelle Fiandre e gi\u00e0 implicati in procedure di\naborto tardivo \u2013 la maggior parte \u00abcondivide l&#8217;opinione secondo cui la legge\ndovrebbe essere cambiata per facilitare le decisioni di fine vita neonatale in\ncondizioni gravi. Questa \u00e8 una considerazione che i legislatori belgi\ndovrebbero esaminare\u00bb. Laddove \u00abfacilitare le decisioni\u00bb coincide\ndrammaticamente con il \u201crendere legalmente pi\u00f9 semplice la soppressione di una\nvita umana\u201d, non c\u2019\u00e8 quasi bisogno di specificarlo\u2026<\/p>\n\n\n\n<p>A onore del vero, in Belgio questa posizione non \u00e8 accettata uniformemente. Esistono infatti significative differenze culturali fra le tre regioni, Fiandre (di lingua neerlandese), Vallonia (di lingua francese) e Bruxelles (mista), laddove le Fiandre, la zona pi\u00f9 ricca, costituiscono circa la met\u00e0 della popolazione, la Vallonia un terzo e Bruxelles il resto.<\/p>\n\n\n\n<p>Attualmente esiste un\u2019unica legislazione comune per il Paese, anche se pare che i sentimenti della popolazione su aborto ed eutanasia non siano affatto omogenei. Se nelle Fiandre si tende a seguire la tendenza dei vicini Paesi Bassi, aperti a una liberalizzazione sempre pi\u00f9 ampia delle politiche eutanasiche, <a href=\"https:\/\/sciencedirect.com\/science\/article\/pii\/S0885392410006937\" target=\"_blank\" rel=\"noopener noreferrer\">uno studio<\/a> sugli atteggiamenti e sulle esperienze dei medici belgi riguardo la pratica dell\u2019eutanasia e la legge sull\u2019eutanasia stessa rileva come \u00abi medici della Vallonia hanno pi\u00f9 spesso convenuto che in nessun caso avrebbero praticato l&#8217;eutanasia ed erano pi\u00f9 disposti a eseguire una sedazione profonda continua invece dell&#8217;eutanasia rispetto a quelli delle Fiandre e di Bruxelles\u00bb.<\/p>\n\n\n\n<h3 class=\"wp-block-heading\"><strong>Il protocollo di\nGroningen<\/strong><\/h3>\n\n\n\n<p>Wesley J. Smith&nbsp;, bioeticista e collaboratore del periodico conservatore statunitense <em>National Review<\/em>, ha inoltre <a href=\"https:\/\/nationalreview.com\/corner\/belgian-neonatologists-support-eugenic-late-term-abortion-and-infanticide\/\" target=\"_blank\" rel=\"noopener noreferrer\">criticato pesantemente<\/a> gli esiti dello studio pubblicato da AOGS, con riferimento al fatto che \u00abmedici tedeschi sono stati impiccati a Norimberga per avere ucciso bambini disabili\u00bb, laddove ora il medesimo atto non solo \u00e8 accettato con indifferenza, ma se ne promuove la \u201cnormalizzazione\u201d nel cosiddetto \u201c<a href=\"https:\/\/nationalreview.com\/2005\/03\/pushing-infanticide-wesley-j-smith\/\" target=\"_blank\" rel=\"noopener noreferrer\">Protocollo Groningen\u201d<\/a>, dal nome della cittadina neerlandese dove un ospedale pediatrico consente ai medici di porre fine alla vita dei bambini nati con disabilit\u00e0. <\/p>\n\n\n\n<p>Secondo lo studio di\nAOGS, la vasta maggioranza dei medici e dei professionisti intervistati, che\nattualmente si occupano di neonati nella pi\u00f9 ricca e popolosa regione del\nBelgio, sostengono l\u2019aborto di feti vitali che sopravvivrebbero con una\ndisabilit\u00e0 e alcuni abortirebbero anche feti sani. Senza significativa\ndistinzione tra aborto tardivo e vero e proprio infanticidio.<\/p>\n\n\n\n<p>Ci\u00f2 che \u00e8 pi\u00f9 grave, per\u00f2, non \u00e8 la risposta alle ipotetiche domande di un sondaggio, quanto piuttosto l\u2019ultima sottolineatura dell\u2019<a href=\"https:\/\/obgyn.onlinelibrary.wiley.com\/doi\/abs\/10.1111\/aogs.13967?af=R\" target=\"_blank\" rel=\"noopener noreferrer\"><em>abstract<\/em><\/a><em> <\/em>del medesimo studio: \u00abaltre ricerche dovrebbero esplorare la correlazione tra gli atteggiamenti verso l\u2019interruzione tardiva della gravidanza e le effettive decisioni mediche prese nella pratica clinica quotidiana\u00bb. Quale madre sarebbe tranquilla, infatti, sapendo che il suo fragile bambino appena nato \u00e8 nelle mani di un medico che non si farebbe alcun problema nel porre fine alla vita di un neonato?<\/p>\n","protected":false},"excerpt":{"rendered":"<p>Tra feti e neonati non c\u2019\u00e8 differenza. Lo sa bene chi pratica aborti tardivi<\/p>\n","protected":false},"author":11,"featured_media":27326,"comment_status":"open","ping_status":"open","sticky":false,"template":"","format":"standard","meta":{"give_campaign_id":0,"om_disable_all_campaigns":false,"_monsterinsights_skip_tracking":false,"_monsterinsights_sitenote_active":false,"_monsterinsights_sitenote_note":"","_monsterinsights_sitenote_category":0,"mc4wp_mailchimp_campaign":[],"jnews-multi-image_gallery":[],"jnews_single_post":{"subtitle":"Tra feti e neonati non c\u2019\u00e8 differenza. Lo sa bene chi pratica aborti tardivi","format":"standard","video":"","gallery":"","source_name":"","source_url":"","via_name":"","via_url":"","override":[{"single_blog_custom":"","sidebar":"","second_sidebar":"","share_position":"","share_float_style":"","post_date_format":"","post_date_format_custom":"","post_reading_time_wpm":"","zoom_button_out_step":"1","zoom_button_in_step":"1","number_popup_post":"1"}],"image_override":[{"single_post_thumbnail_size":"","single_post_gallery_size":""}],"trending_post_position":"","trending_post_label":""},"jnews_primary_category":{"id":"817"},"jnews_social_meta":{"fb_title":"","fb_description":"","fb_image":"","twitter_title":"","twitter_description":"","twitter_image":""},"jnews_override_counter":{"view_counter_number":"0","share_counter_number":"0","like_counter_number":"0","dislike_counter_number":"0"},"footnotes":""},"categories":[817],"tags":[1756,1481],"class_list":["post-27323","post","type-post","status-publish","format-standard","has-post-thumbnail","hentry","category-vita","tag-belgio","tag-infanticidio"],"yoast_head":"<!-- This site is optimized with the Yoast SEO Premium plugin v25.9 (Yoast SEO v27.3) - https:\/\/yoast.com\/product\/yoast-seo-premium-wordpress\/ -->\n<title>Medici fiamminghi per la legalizzazione dell\u2019infanticidio - IFN<\/title>\n<meta name=\"description\" content=\"Tra feti e neonati non c\u2019\u00e8 differenza. Lo sa bene chi pratica aborti tardivi, dimostrandosi disposto anche all&#039;infanticidio\" \/>\n<meta name=\"robots\" content=\"index, follow, max-snippet:-1, max-image-preview:large, max-video-preview:-1\" \/>\n<link rel=\"canonical\" href=\"https:\/\/ifamnews.com\/it\/medici-fiamminghi-per-la-legalizzazione-dellinfanticidio\" \/>\n<meta property=\"og:locale\" content=\"it_IT\" \/>\n<meta property=\"og:type\" content=\"article\" \/>\n<meta property=\"og:title\" content=\"Medici fiamminghi per la legalizzazione dell\u2019infanticidio\" \/>\n<meta property=\"og:description\" content=\"Tra feti e neonati non c\u2019\u00e8 differenza. Lo sa bene chi pratica aborti tardivi, dimostrandosi disposto anche all&#039;infanticidio\" \/>\n<meta property=\"og:url\" content=\"https:\/\/ifamnews.com\/it\/medici-fiamminghi-per-la-legalizzazione-dellinfanticidio\" \/>\n<meta property=\"og:site_name\" content=\"IFN\" \/>\n<meta property=\"article:publisher\" content=\"https:\/\/www.facebook.com\/iFamNews\" \/>\n<meta property=\"article:published_time\" content=\"2020-09-10T05:00:00+00:00\" \/>\n<meta property=\"article:modified_time\" content=\"2020-09-25T06:42:53+00:00\" \/>\n<meta property=\"og:image\" content=\"https:\/\/ifamnews.com\/wp-content\/uploads\/2020\/09\/neonato.jpg\" \/>\n\t<meta property=\"og:image:width\" content=\"1280\" \/>\n\t<meta property=\"og:image:height\" content=\"720\" \/>\n\t<meta property=\"og:image:type\" content=\"image\/jpeg\" \/>\n<meta name=\"author\" content=\"Cristina Tamburini\" \/>\n<meta name=\"twitter:card\" content=\"summary_large_image\" \/>\n<meta name=\"twitter:creator\" content=\"@iFamNewsEN\" \/>\n<meta name=\"twitter:site\" content=\"@iFamNewsEN\" \/>\n<meta name=\"twitter:label1\" content=\"Scritto da\" \/>\n\t<meta name=\"twitter:data1\" content=\"Cristina Tamburini\" \/>\n\t<meta name=\"twitter:label2\" content=\"Tempo di lettura stimato\" \/>\n\t<meta name=\"twitter:data2\" content=\"4 minuti\" \/>\n<!-- \/ Yoast SEO Premium plugin. -->","yoast_head_json":{"title":"Medici fiamminghi per la legalizzazione dell\u2019infanticidio - IFN","description":"Tra feti e neonati non c\u2019\u00e8 differenza. Lo sa bene chi pratica aborti tardivi, dimostrandosi disposto anche all'infanticidio","robots":{"index":"index","follow":"follow","max-snippet":"max-snippet:-1","max-image-preview":"max-image-preview:large","max-video-preview":"max-video-preview:-1"},"canonical":"https:\/\/ifamnews.com\/it\/medici-fiamminghi-per-la-legalizzazione-dellinfanticidio","og_locale":"it_IT","og_type":"article","og_title":"Medici fiamminghi per la legalizzazione dell\u2019infanticidio","og_description":"Tra feti e neonati non c\u2019\u00e8 differenza. Lo sa bene chi pratica aborti tardivi, dimostrandosi disposto anche all'infanticidio","og_url":"https:\/\/ifamnews.com\/it\/medici-fiamminghi-per-la-legalizzazione-dellinfanticidio","og_site_name":"IFN","article_publisher":"https:\/\/www.facebook.com\/iFamNews","article_published_time":"2020-09-10T05:00:00+00:00","article_modified_time":"2020-09-25T06:42:53+00:00","og_image":[{"width":1280,"height":720,"url":"https:\/\/ifamnews.com\/wp-content\/uploads\/2020\/09\/neonato.jpg","type":"image\/jpeg"}],"author":"Cristina Tamburini","twitter_card":"summary_large_image","twitter_creator":"@iFamNewsEN","twitter_site":"@iFamNewsEN","twitter_misc":{"Scritto da":"Cristina Tamburini","Tempo di lettura stimato":"4 minuti"},"schema":{"@context":"https:\/\/schema.org","@graph":[{"@type":"NewsArticle","@id":"https:\/\/ifamnews.com\/it\/medici-fiamminghi-per-la-legalizzazione-dellinfanticidio#article","isPartOf":{"@id":"https:\/\/ifamnews.com\/it\/medici-fiamminghi-per-la-legalizzazione-dellinfanticidio"},"author":{"name":"Cristina Tamburini","@id":"https:\/\/ifamnews.com\/en\/#\/schema\/person\/43e7f156898341a8d33d23cccefde53a"},"headline":"Medici fiamminghi per la legalizzazione dell\u2019infanticidio","datePublished":"2020-09-10T05:00:00+00:00","dateModified":"2020-09-25T06:42:53+00:00","mainEntityOfPage":{"@id":"https:\/\/ifamnews.com\/it\/medici-fiamminghi-per-la-legalizzazione-dellinfanticidio"},"wordCount":718,"commentCount":0,"publisher":{"@id":"https:\/\/ifamnews.com\/en\/#organization"},"image":{"@id":"https:\/\/ifamnews.com\/it\/medici-fiamminghi-per-la-legalizzazione-dellinfanticidio#primaryimage"},"thumbnailUrl":"https:\/\/ifamnews.com\/wp-content\/uploads\/2020\/09\/neonato.jpg","keywords":["Belgio","Infanticidio"],"articleSection":["Vita"],"inLanguage":"it-IT","potentialAction":[{"@type":"CommentAction","name":"Comment","target":["https:\/\/ifamnews.com\/it\/medici-fiamminghi-per-la-legalizzazione-dellinfanticidio#respond"]}]},{"@type":"WebPage","@id":"https:\/\/ifamnews.com\/it\/medici-fiamminghi-per-la-legalizzazione-dellinfanticidio","url":"https:\/\/ifamnews.com\/it\/medici-fiamminghi-per-la-legalizzazione-dellinfanticidio","name":"Medici fiamminghi per la legalizzazione dell\u2019infanticidio - IFN","isPartOf":{"@id":"https:\/\/ifamnews.com\/en\/#website"},"primaryImageOfPage":{"@id":"https:\/\/ifamnews.com\/it\/medici-fiamminghi-per-la-legalizzazione-dellinfanticidio#primaryimage"},"image":{"@id":"https:\/\/ifamnews.com\/it\/medici-fiamminghi-per-la-legalizzazione-dellinfanticidio#primaryimage"},"thumbnailUrl":"https:\/\/ifamnews.com\/wp-content\/uploads\/2020\/09\/neonato.jpg","datePublished":"2020-09-10T05:00:00+00:00","dateModified":"2020-09-25T06:42:53+00:00","description":"Tra feti e neonati non c\u2019\u00e8 differenza. Lo sa bene chi pratica aborti tardivi, dimostrandosi disposto anche all'infanticidio","breadcrumb":{"@id":"https:\/\/ifamnews.com\/it\/medici-fiamminghi-per-la-legalizzazione-dellinfanticidio#breadcrumb"},"inLanguage":"it-IT","potentialAction":[{"@type":"ReadAction","target":["https:\/\/ifamnews.com\/it\/medici-fiamminghi-per-la-legalizzazione-dellinfanticidio"]}]},{"@type":"ImageObject","inLanguage":"it-IT","@id":"https:\/\/ifamnews.com\/it\/medici-fiamminghi-per-la-legalizzazione-dellinfanticidio#primaryimage","url":"https:\/\/ifamnews.com\/wp-content\/uploads\/2020\/09\/neonato.jpg","contentUrl":"https:\/\/ifamnews.com\/wp-content\/uploads\/2020\/09\/neonato.jpg","width":1280,"height":720,"caption":"Image from Pixabay"},{"@type":"BreadcrumbList","@id":"https:\/\/ifamnews.com\/it\/medici-fiamminghi-per-la-legalizzazione-dellinfanticidio#breadcrumb","itemListElement":[{"@type":"ListItem","position":1,"name":"Home","item":"https:\/\/ifamnews.com\/de"},{"@type":"ListItem","position":2,"name":"Life","item":"https:\/\/ifamnews.com\/en\/category\/life"},{"@type":"ListItem","position":3,"name":"Medici fiamminghi per la legalizzazione dell\u2019infanticidio"}]},{"@type":"WebSite","@id":"https:\/\/ifamnews.com\/en\/#website","url":"https:\/\/ifamnews.com\/en\/","name":"IFN","description":"International Family News Network","publisher":{"@id":"https:\/\/ifamnews.com\/en\/#organization"},"potentialAction":[{"@type":"SearchAction","target":{"@type":"EntryPoint","urlTemplate":"https:\/\/ifamnews.com\/en\/?s={search_term_string}"},"query-input":{"@type":"PropertyValueSpecification","valueRequired":true,"valueName":"search_term_string"}}],"inLanguage":"it-IT"},{"@type":"Organization","@id":"https:\/\/ifamnews.com\/en\/#organization","name":"iFamNews","url":"https:\/\/ifamnews.com\/en\/","logo":{"@type":"ImageObject","inLanguage":"it-IT","@id":"https:\/\/ifamnews.com\/en\/#\/schema\/logo\/image\/","url":"https:\/\/ifamnews.com\/wp-content\/uploads\/2020\/01\/Share-logo.png","contentUrl":"https:\/\/ifamnews.com\/wp-content\/uploads\/2020\/01\/Share-logo.png","width":200,"height":200,"caption":"iFamNews"},"image":{"@id":"https:\/\/ifamnews.com\/en\/#\/schema\/logo\/image\/"},"sameAs":["https:\/\/www.facebook.com\/iFamNews","https:\/\/x.com\/iFamNewsEN"]},{"@type":"Person","@id":"https:\/\/ifamnews.com\/en\/#\/schema\/person\/43e7f156898341a8d33d23cccefde53a","name":"Cristina Tamburini","image":{"@type":"ImageObject","inLanguage":"it-IT","@id":"https:\/\/secure.gravatar.com\/avatar\/4165d8e302e80b4826915d6dc5ff4095e2cdb523a870c0cb303347ba24f5e3c2?s=96&d=mm&r=g","url":"https:\/\/secure.gravatar.com\/avatar\/4165d8e302e80b4826915d6dc5ff4095e2cdb523a870c0cb303347ba24f5e3c2?s=96&d=mm&r=g","contentUrl":"https:\/\/secure.gravatar.com\/avatar\/4165d8e302e80b4826915d6dc5ff4095e2cdb523a870c0cb303347ba24f5e3c2?s=96&d=mm&r=g","caption":"Cristina Tamburini"},"description":"Cristina Tamburini, graduated in Philosophy with a thesis in Philosophical Anthropology on contemporary utilitarianism, wife and mother of seven children, has never abandoned the study and the passion for philosophical anthropology, ethics and bioethics. She has translated into Italian several texts, including Action and Conduct: Thomas Aquinas and the Theory of Action by Stephen L. Brock and Intention by G. Elizabeth M. Anscombe, extending her interests to theology (especially to eschatology and the Social Doctrine of the Church). He edited the blog Yes, they are all mine! to tell and explore the maternage and everyday life in a large family.","sameAs":["https:\/\/sonotuttimiei.blogspot.com\/","https:\/\/instagram.com\/cristambu\/"],"url":"https:\/\/ifamnews.com\/it\/author\/ctamburini"}]}},"amp_enabled":true,"_links":{"self":[{"href":"https:\/\/ifamnews.com\/it\/wp-json\/wp\/v2\/posts\/27323","targetHints":{"allow":["GET"]}}],"collection":[{"href":"https:\/\/ifamnews.com\/it\/wp-json\/wp\/v2\/posts"}],"about":[{"href":"https:\/\/ifamnews.com\/it\/wp-json\/wp\/v2\/types\/post"}],"author":[{"embeddable":true,"href":"https:\/\/ifamnews.com\/it\/wp-json\/wp\/v2\/users\/11"}],"replies":[{"embeddable":true,"href":"https:\/\/ifamnews.com\/it\/wp-json\/wp\/v2\/comments?post=27323"}],"version-history":[{"count":3,"href":"https:\/\/ifamnews.com\/it\/wp-json\/wp\/v2\/posts\/27323\/revisions"}],"predecessor-version":[{"id":27421,"href":"https:\/\/ifamnews.com\/it\/wp-json\/wp\/v2\/posts\/27323\/revisions\/27421"}],"wp:featuredmedia":[{"embeddable":true,"href":"https:\/\/ifamnews.com\/it\/wp-json\/wp\/v2\/media\/27326"}],"wp:attachment":[{"href":"https:\/\/ifamnews.com\/it\/wp-json\/wp\/v2\/media?parent=27323"}],"wp:term":[{"taxonomy":"category","embeddable":true,"href":"https:\/\/ifamnews.com\/it\/wp-json\/wp\/v2\/categories?post=27323"},{"taxonomy":"post_tag","embeddable":true,"href":"https:\/\/ifamnews.com\/it\/wp-json\/wp\/v2\/tags?post=27323"}],"curies":[{"name":"wp","href":"https:\/\/api.w.org\/{rel}","templated":true}]}}