{"id":25345,"date":"2020-08-23T00:00:00","date_gmt":"2020-08-23T05:00:00","guid":{"rendered":"https:\/\/ifamnews.com\/?p=25345"},"modified":"2020-09-03T10:31:48","modified_gmt":"2020-09-03T15:31:48","slug":"la-scuola-non-puo-trasformarsi-in-presidio-sanitario","status":"publish","type":"post","link":"https:\/\/ifamnews.com\/it\/la-scuola-non-puo-trasformarsi-in-presidio-sanitario","title":{"rendered":"\u00abLa scuola non pu\u00f2 trasformarsi in presidio sanitario\u00bb"},"content":{"rendered":"<p class=\"last-updated\">Last updated on Settembre 3rd, 2020 at 10:31 am<\/p>\n<p>\u00abSono molto confusa. Il dibattito estivo sulla scuola \u00e8 estenuante, caratterizzato da tante parole e poca chiarezza. Questo rende il clima incerto e carico di domande a cui non si riesce a dare una risposta\u00bb. Nel <em>mare magnum<\/em> di notizie sulla riapertura dell\u2019anno scolastico si disperde la voce di chi \u00e8 chiamato alla prima linea dell\u2019istruzione dei giovani. Si parla insistentemente di nuovi spazi da ricavare, protocolli sanitari, didattica a distanza, ma a pochi sembra interessare come gli insegnanti si stiano preparando a un inizio delle attivit\u00e0 che si prevede molto complicato.<\/p>\n\n\n\n<h3 class=\"wp-block-heading\"> <strong>Mascherine<\/strong><\/h3>\n\n\n\n<p>\u201ciFamNews\u201d ha cos\u00ec scelto di sentire il parere di una maestra di scuola elementare, che ha preferito comparire con uno pseudonimo: Giovanna Marchetti. La sua \u00e8 la voce di una categoria che in questa fase storica \u00e8 frastornata. A tre settimane dal suono della prima campanella dell\u2019anno, i punti di domanda sono ancora troppi, cos\u00ec come le perplessit\u00e0. Una di queste deriva dalla <a href=\"https:\/\/quotidiano.net\/cronaca\/scuola-covid-italia-1.5428036\" target=\"_blank\" rel=\"noopener noreferrer\">conferma<\/a>, da parte del Comitato tecnico scientifico, dell\u2019obbligo di <a href=\"https:\/\/ifamnews.com\/it\/de-mari-sbagliate-le-mascherine-obbligatorie-a-scuola\/\" target=\"_blank\" rel=\"noopener noreferrer\">indossare la mascherina<\/a> durante le lezioni per tutti gli alunni dai sei anni in su.<\/p>\n\n\n\n<p>\u00abMi vengono due considerazioni\u00bb, dice a tal proposito la Marchetti. \u00abLa prima: come spesso accade, si parla della scuola come di un tutto unico. Ma sappiamo che un bambino di prima alla Primaria \u00e8 molto diverso da un ragazzo della Secondaria, per esempio uno studente che si prepara alla maturit\u00e0. Le fatiche sono diverse a seconda dell&#8217;et\u00e0 e bisognerebbe tenerne conto. Per i bambini di sei-dieci anni sarebbe quindi interessante sentire il parere dei pediatri\u00bb.<\/p>\n\n\n\n<p>C\u2019\u00e8 poi un secondo aspetto che la maestra sottolinea: \u00abLa mascherina \u00e8 un dispositivo che protegge, ma non \u00e8 semplice tenerlo per ore in un luogo chiuso. Costringe a rivedere i tempi e le modalit\u00e0 della didattica, per lasciare degli spazi di pausa a tutti, anche al docente. Soprattutto quando la stagione sar\u00e0 pi\u00f9 avanzata e stare all&#8217;aperto sar\u00e0 meno agevole\u00bb.<\/p>\n\n\n\n<h3 class=\"wp-block-heading\"> <strong>Le procedure sanitarie<\/strong><\/h3>\n\n\n\n<p>Non solo mascherine. Il personale scolastico dovr\u00e0 far osservare agli studenti anche altre norme anti-contagio. Saranno tutti in grado di farlo? \u00abLe scuole si stanno organizzando, gi\u00e0 da tempo\u00bb, assicura la Marchetti, \u00abstiamo vivendo un\u2019evenienza mai sperimentata prima e quindi la realt\u00e0 \u00e8 in continuo divenire\u00bb. Ma per lei \u00abserve la collaborazione di tutti, la scuola non pu\u00f2 essere lasciata sola in questo sforzo, bisogna che gli enti locali e le famiglie rafforzino quell&#8217;alleanza che sta alla base di una autentica formazione. Detto questo, le scuole sono scuole e non possono trasformarsi in presidi sanitari. C&#8217;\u00e8 una parte legata all&#8217;imprevedibilit\u00e0 dei casi. Ma c&#8217;era anche prima\u00bb.<\/p>\n\n\n\n<p>Non sembra destarle particolare preoccupazione l\u2019eventualit\u00e0 in cui un bambino dovesse manifestare sintomi influenzali. \u00abL&#8217;unico problema potrebbero essere gli spazi. Le procedure non credo saranno difficili da attuare: i bambini a scuola si sono sempre ammalati e sono sempre stati accolti e assistiti\u00bb. Nei giorni scorsi, dopo un tam tam di informazioni allarmistiche circolate sui <em>social<\/em>, <a href=\"https:\/\/ansa.it\/canale_saluteebenessere\/notizie\/salute_bambini\/giochi_e_sicurezza\/2020\/08\/18\/coronavirusiss-bimbo-positivo-a-scuola-gestito-da-genitori_ddae28e1-777e-41c6-b64b-d029789800f2.html\" target=\"_blank\" rel=\"noopener noreferrer\">l\u2019Istituto superiore di sanit\u00e0 (ISS) ha chiarito<\/a> che un bambino positivo al CoViD-19 verr\u00e0 gestito dai genitori e non direttamente dall\u2019autorit\u00e0 sanitaria. \u00abResteranno per\u00f2 da chiarire i passi da fare se ci saranno dei casi\u00bb, commenta la maestra.<\/p>\n\n\n\n<h3 class=\"wp-block-heading\"> <strong>Didattica a distanza<\/strong><\/h3>\n\n\n\n<p>E se la scuola dovesse chiudere, si tornerebbe <a href=\"https:\/\/ifamnews.com\/it\/la-scuola-non-puo-essere-digitalizzata\/\" target=\"_blank\" rel=\"noopener noreferrer\">a seguire le lezioni da casa<\/a>, con il volto davanti allo schermo? Cos\u00ec replica la Marchetti: \u00abPenso che la vera scuola sia tale solo in presenza, perch\u00e9 la scuola \u00e8 relazione. Il gruppo classe \u00e8 insostituibile come &#8220;palestra&#8221; di esercizio affettivo e sociale. Non a caso nelle <a href=\"https:\/\/edscuola.it\/archivio\/norme\/programmi\/indicazioni_nazionali.pdf\" target=\"_blank\" rel=\"noopener noreferrer\">Indicazioni nazionali del ministero dell\u2019Istruzione<\/a> si parla di &#8220;comunit\u00e0 educante&#8221;. Gli strumenti digitali sono stati preziosi in un momento di emergenza come \u00e8 stato quello del<em> lockdown<\/em> e possono esserlo come tramite per l&#8217;azione didattica, soprattutto in un&#8217;ottica di innovazione. Hanno un grandissimo potenziale. Ma sono strumenti. A questo proposito, sarebbe interessante sentire il parere dei pedagogisti. Invece spesso, nel dibattito sulla scuola, vengono consultati tutti, meno che loro\u00bb.<\/p>\n\n\n\n<p>Lo sguardo della Marchetti si rivolge, infine, verso la data del 14 settembre, che insegnanti e genitori hanno barrato sul proprio personale calendario. \u00abCredo e spero che la scuola riapra. Ci sono perplessit\u00e0, espresse anche dai sindacati della scuola. Ma in realt\u00e0 gli insegnanti vogliono tornare a scuola\u00bb. Il futuro che auspica la Marchetti \u00e8 quello di un\u2019alleanza tra scuola, famiglia e territorio. Alleanza che \u00abin questi anni \u00e8 stata davvero appesantita dalla burocrazia, invece la strada \u00e8 tornare al cuore dell&#8217;apprendimento, che sta nella costruzione dei saperi attraverso la relazione. E questo\u00bb, conclude \u00abnessun distanziamento lo pu\u00f2 cambiare\u00bb.<\/p>\n","protected":false},"excerpt":{"rendered":"<p>A tre settimane dalla riapertura l\u2019allarme di una maestra elementare<\/p>\n","protected":false},"author":15,"featured_media":25331,"comment_status":"open","ping_status":"open","sticky":false,"template":"","format":"standard","meta":{"give_campaign_id":0,"om_disable_all_campaigns":false,"_monsterinsights_skip_tracking":false,"_monsterinsights_sitenote_active":false,"_monsterinsights_sitenote_note":"","_monsterinsights_sitenote_category":0,"mc4wp_mailchimp_campaign":[],"jnews-multi-image_gallery":[],"jnews_single_post":{"subtitle":"A tre settimane dalla riapertura l\u2019allarme di una maestra elementare","format":"standard","video":"","gallery":"","source_name":"","source_url":"","via_name":"","via_url":"","override":[{"single_blog_custom":"","sidebar":"","second_sidebar":"","share_position":"","share_float_style":"","post_date_format":"","post_date_format_custom":"","post_reading_time_wpm":"","zoom_button_out_step":"1","zoom_button_in_step":"1","number_popup_post":"1"}],"image_override":[{"single_post_thumbnail_size":"","single_post_gallery_size":""}],"trending_post_position":"","trending_post_label":""},"jnews_primary_category":{"id":"764"},"jnews_social_meta":{"fb_title":"","fb_description":"","fb_image":"","twitter_title":"","twitter_description":"","twitter_image":""},"jnews_override_counter":{"view_counter_number":"0","share_counter_number":"0","like_counter_number":"0","dislike_counter_number":"0"},"footnotes":""},"categories":[781],"tags":[1587,2448,741],"class_list":["post-25345","post","type-post","status-publish","format-standard","has-post-thumbnail","hentry","category-famiglia","tag-covid-19","tag-digitale","tag-scuola"],"yoast_head":"<!-- This site is optimized with the Yoast SEO Premium plugin v25.9 (Yoast SEO v27.3) - https:\/\/yoast.com\/product\/yoast-seo-premium-wordpress\/ -->\n<title>\u00abLa scuola non pu\u00f2 trasformarsi in presidio sanitario\u00bb - IFN<\/title>\n<meta name=\"description\" content=\"A tre settimane dalla riapertura della scuola l\u2019allarme di una maestra elementare: \u00abPedagogisti e pediatri non sono stati ascoltati\u00bb\" \/>\n<meta name=\"robots\" content=\"index, follow, max-snippet:-1, max-image-preview:large, max-video-preview:-1\" \/>\n<link rel=\"canonical\" href=\"https:\/\/ifamnews.com\/it\/la-scuola-non-puo-trasformarsi-in-presidio-sanitario\" \/>\n<meta property=\"og:locale\" content=\"it_IT\" \/>\n<meta property=\"og:type\" content=\"article\" \/>\n<meta property=\"og:title\" content=\"\u00abLa scuola non pu\u00f2 trasformarsi in presidio sanitario\u00bb\" \/>\n<meta property=\"og:description\" content=\"A tre settimane dalla riapertura della scuola l\u2019allarme di una maestra elementare: \u00abPedagogisti e pediatri non sono stati ascoltati\u00bb\" \/>\n<meta property=\"og:url\" content=\"https:\/\/ifamnews.com\/it\/la-scuola-non-puo-trasformarsi-in-presidio-sanitario\" \/>\n<meta property=\"og:site_name\" content=\"IFN\" \/>\n<meta property=\"article:publisher\" content=\"https:\/\/www.facebook.com\/iFamNews\" \/>\n<meta property=\"article:published_time\" content=\"2020-08-23T05:00:00+00:00\" \/>\n<meta property=\"article:modified_time\" content=\"2020-09-03T15:31:48+00:00\" \/>\n<meta property=\"og:image\" content=\"https:\/\/ifamnews.com\/wp-content\/uploads\/2020\/08\/Image-from-Pxhere.jpeg\" \/>\n\t<meta property=\"og:image:width\" content=\"1000\" \/>\n\t<meta property=\"og:image:height\" content=\"749\" \/>\n\t<meta property=\"og:image:type\" content=\"image\/jpeg\" \/>\n<meta name=\"author\" content=\"Federico Cenci\" \/>\n<meta name=\"twitter:card\" content=\"summary_large_image\" \/>\n<meta name=\"twitter:creator\" content=\"@https:\/\/twitter.com\/fedecenci\" \/>\n<meta name=\"twitter:site\" content=\"@iFamNewsEN\" \/>\n<meta name=\"twitter:label1\" content=\"Scritto da\" \/>\n\t<meta name=\"twitter:data1\" content=\"Federico Cenci\" \/>\n\t<meta name=\"twitter:label2\" content=\"Tempo di lettura stimato\" \/>\n\t<meta name=\"twitter:data2\" content=\"4 minuti\" \/>\n<!-- \/ Yoast SEO Premium plugin. -->","yoast_head_json":{"title":"\u00abLa scuola non pu\u00f2 trasformarsi in presidio sanitario\u00bb - IFN","description":"A tre settimane dalla riapertura della scuola l\u2019allarme di una maestra elementare: \u00abPedagogisti e pediatri non sono stati ascoltati\u00bb","robots":{"index":"index","follow":"follow","max-snippet":"max-snippet:-1","max-image-preview":"max-image-preview:large","max-video-preview":"max-video-preview:-1"},"canonical":"https:\/\/ifamnews.com\/it\/la-scuola-non-puo-trasformarsi-in-presidio-sanitario","og_locale":"it_IT","og_type":"article","og_title":"\u00abLa scuola non pu\u00f2 trasformarsi in presidio sanitario\u00bb","og_description":"A tre settimane dalla riapertura della scuola l\u2019allarme di una maestra elementare: \u00abPedagogisti e pediatri non sono stati ascoltati\u00bb","og_url":"https:\/\/ifamnews.com\/it\/la-scuola-non-puo-trasformarsi-in-presidio-sanitario","og_site_name":"IFN","article_publisher":"https:\/\/www.facebook.com\/iFamNews","article_published_time":"2020-08-23T05:00:00+00:00","article_modified_time":"2020-09-03T15:31:48+00:00","og_image":[{"width":1000,"height":749,"url":"https:\/\/ifamnews.com\/wp-content\/uploads\/2020\/08\/Image-from-Pxhere.jpeg","type":"image\/jpeg"}],"author":"Federico Cenci","twitter_card":"summary_large_image","twitter_creator":"@https:\/\/twitter.com\/fedecenci","twitter_site":"@iFamNewsEN","twitter_misc":{"Scritto da":"Federico Cenci","Tempo di lettura stimato":"4 minuti"},"schema":{"@context":"https:\/\/schema.org","@graph":[{"@type":"NewsArticle","@id":"https:\/\/ifamnews.com\/it\/la-scuola-non-puo-trasformarsi-in-presidio-sanitario#article","isPartOf":{"@id":"https:\/\/ifamnews.com\/it\/la-scuola-non-puo-trasformarsi-in-presidio-sanitario"},"author":{"name":"Federico Cenci","@id":"https:\/\/ifamnews.com\/en\/#\/schema\/person\/555378c4ec9e01d40ab9f2b5cee0c318"},"headline":"\u00abLa scuola non pu\u00f2 trasformarsi in presidio sanitario\u00bb","datePublished":"2020-08-23T05:00:00+00:00","dateModified":"2020-09-03T15:31:48+00:00","mainEntityOfPage":{"@id":"https:\/\/ifamnews.com\/it\/la-scuola-non-puo-trasformarsi-in-presidio-sanitario"},"wordCount":757,"commentCount":0,"publisher":{"@id":"https:\/\/ifamnews.com\/en\/#organization"},"image":{"@id":"https:\/\/ifamnews.com\/it\/la-scuola-non-puo-trasformarsi-in-presidio-sanitario#primaryimage"},"thumbnailUrl":"https:\/\/ifamnews.com\/wp-content\/uploads\/2020\/08\/Image-from-Pxhere.jpeg","keywords":["CoViD-19","digitale","Scuola"],"articleSection":["Famiglia"],"inLanguage":"it-IT","potentialAction":[{"@type":"CommentAction","name":"Comment","target":["https:\/\/ifamnews.com\/it\/la-scuola-non-puo-trasformarsi-in-presidio-sanitario#respond"]}]},{"@type":"WebPage","@id":"https:\/\/ifamnews.com\/it\/la-scuola-non-puo-trasformarsi-in-presidio-sanitario","url":"https:\/\/ifamnews.com\/it\/la-scuola-non-puo-trasformarsi-in-presidio-sanitario","name":"\u00abLa scuola non pu\u00f2 trasformarsi in presidio sanitario\u00bb - IFN","isPartOf":{"@id":"https:\/\/ifamnews.com\/en\/#website"},"primaryImageOfPage":{"@id":"https:\/\/ifamnews.com\/it\/la-scuola-non-puo-trasformarsi-in-presidio-sanitario#primaryimage"},"image":{"@id":"https:\/\/ifamnews.com\/it\/la-scuola-non-puo-trasformarsi-in-presidio-sanitario#primaryimage"},"thumbnailUrl":"https:\/\/ifamnews.com\/wp-content\/uploads\/2020\/08\/Image-from-Pxhere.jpeg","datePublished":"2020-08-23T05:00:00+00:00","dateModified":"2020-09-03T15:31:48+00:00","description":"A tre settimane dalla riapertura della scuola l\u2019allarme di una maestra elementare: \u00abPedagogisti e pediatri non sono stati ascoltati\u00bb","breadcrumb":{"@id":"https:\/\/ifamnews.com\/it\/la-scuola-non-puo-trasformarsi-in-presidio-sanitario#breadcrumb"},"inLanguage":"it-IT","potentialAction":[{"@type":"ReadAction","target":["https:\/\/ifamnews.com\/it\/la-scuola-non-puo-trasformarsi-in-presidio-sanitario"]}]},{"@type":"ImageObject","inLanguage":"it-IT","@id":"https:\/\/ifamnews.com\/it\/la-scuola-non-puo-trasformarsi-in-presidio-sanitario#primaryimage","url":"https:\/\/ifamnews.com\/wp-content\/uploads\/2020\/08\/Image-from-Pxhere.jpeg","contentUrl":"https:\/\/ifamnews.com\/wp-content\/uploads\/2020\/08\/Image-from-Pxhere.jpeg","width":1000,"height":749,"caption":"Image from Pxhere"},{"@type":"BreadcrumbList","@id":"https:\/\/ifamnews.com\/it\/la-scuola-non-puo-trasformarsi-in-presidio-sanitario#breadcrumb","itemListElement":[{"@type":"ListItem","position":1,"name":"Home","item":"https:\/\/ifamnews.com\/de"},{"@type":"ListItem","position":2,"name":"Cultura","item":"https:\/\/ifamnews.com\/it\/categoria\/cultura"},{"@type":"ListItem","position":3,"name":"\u00abLa scuola non pu\u00f2 trasformarsi in presidio sanitario\u00bb"}]},{"@type":"WebSite","@id":"https:\/\/ifamnews.com\/en\/#website","url":"https:\/\/ifamnews.com\/en\/","name":"IFN","description":"International Family News Network","publisher":{"@id":"https:\/\/ifamnews.com\/en\/#organization"},"potentialAction":[{"@type":"SearchAction","target":{"@type":"EntryPoint","urlTemplate":"https:\/\/ifamnews.com\/en\/?s={search_term_string}"},"query-input":{"@type":"PropertyValueSpecification","valueRequired":true,"valueName":"search_term_string"}}],"inLanguage":"it-IT"},{"@type":"Organization","@id":"https:\/\/ifamnews.com\/en\/#organization","name":"iFamNews","url":"https:\/\/ifamnews.com\/en\/","logo":{"@type":"ImageObject","inLanguage":"it-IT","@id":"https:\/\/ifamnews.com\/en\/#\/schema\/logo\/image\/","url":"https:\/\/ifamnews.com\/wp-content\/uploads\/2020\/01\/Share-logo.png","contentUrl":"https:\/\/ifamnews.com\/wp-content\/uploads\/2020\/01\/Share-logo.png","width":200,"height":200,"caption":"iFamNews"},"image":{"@id":"https:\/\/ifamnews.com\/en\/#\/schema\/logo\/image\/"},"sameAs":["https:\/\/www.facebook.com\/iFamNews","https:\/\/x.com\/iFamNewsEN"]},{"@type":"Person","@id":"https:\/\/ifamnews.com\/en\/#\/schema\/person\/555378c4ec9e01d40ab9f2b5cee0c318","name":"Federico Cenci","image":{"@type":"ImageObject","inLanguage":"it-IT","@id":"https:\/\/secure.gravatar.com\/avatar\/535f77b8447d05f39d4ca941654f7a7b7d712f3d72f0b4b185747785f5a8e745?s=96&d=mm&r=g","url":"https:\/\/secure.gravatar.com\/avatar\/535f77b8447d05f39d4ca941654f7a7b7d712f3d72f0b4b185747785f5a8e745?s=96&d=mm&r=g","contentUrl":"https:\/\/secure.gravatar.com\/avatar\/535f77b8447d05f39d4ca941654f7a7b7d712f3d72f0b4b185747785f5a8e745?s=96&d=mm&r=g","caption":"Federico Cenci"},"description":"Federico Cenci worked from 2013 to 2017 at the Catholic Zenit press agency dealing with social and religious issues, bioethics, family policies, as well as domestic and international politics. He then continued his business with In Terris, and currently with various newspapers and periodicals. In 2020 he wrote the novel \"East Berlin 2.0 - Notes between dystopia and reality\"","sameAs":["https:\/\/x.com\/https:\/\/twitter.com\/fedecenci"],"url":"https:\/\/ifamnews.com\/it\/author\/fcenci"}]}},"amp_enabled":true,"_links":{"self":[{"href":"https:\/\/ifamnews.com\/it\/wp-json\/wp\/v2\/posts\/25345","targetHints":{"allow":["GET"]}}],"collection":[{"href":"https:\/\/ifamnews.com\/it\/wp-json\/wp\/v2\/posts"}],"about":[{"href":"https:\/\/ifamnews.com\/it\/wp-json\/wp\/v2\/types\/post"}],"author":[{"embeddable":true,"href":"https:\/\/ifamnews.com\/it\/wp-json\/wp\/v2\/users\/15"}],"replies":[{"embeddable":true,"href":"https:\/\/ifamnews.com\/it\/wp-json\/wp\/v2\/comments?post=25345"}],"version-history":[{"count":3,"href":"https:\/\/ifamnews.com\/it\/wp-json\/wp\/v2\/posts\/25345\/revisions"}],"predecessor-version":[{"id":25404,"href":"https:\/\/ifamnews.com\/it\/wp-json\/wp\/v2\/posts\/25345\/revisions\/25404"}],"wp:featuredmedia":[{"embeddable":true,"href":"https:\/\/ifamnews.com\/it\/wp-json\/wp\/v2\/media\/25331"}],"wp:attachment":[{"href":"https:\/\/ifamnews.com\/it\/wp-json\/wp\/v2\/media?parent=25345"}],"wp:term":[{"taxonomy":"category","embeddable":true,"href":"https:\/\/ifamnews.com\/it\/wp-json\/wp\/v2\/categories?post=25345"},{"taxonomy":"post_tag","embeddable":true,"href":"https:\/\/ifamnews.com\/it\/wp-json\/wp\/v2\/tags?post=25345"}],"curies":[{"name":"wp","href":"https:\/\/api.w.org\/{rel}","templated":true}]}}