{"id":250605,"date":"2024-10-07T11:22:50","date_gmt":"2024-10-07T15:22:50","guid":{"rendered":"https:\/\/ifamnews.com\/?p=250605"},"modified":"2024-10-07T11:22:54","modified_gmt":"2024-10-07T15:22:54","slug":"lo-stupratore-algerino-condannato-evita-l-espulsione-dalla-francia-identificandosi-come-transgender","status":"publish","type":"post","link":"https:\/\/ifamnews.com\/it\/lo-stupratore-algerino-condannato-evita-l-espulsione-dalla-francia-identificandosi-come-transgender","title":{"rendered":"Lo stupratore algerino condannato evita l&#8217;espulsione dalla Francia identificandosi come transgender"},"content":{"rendered":"<p>Uno stupratore condannato in Francia \u00e8 riuscito a deviare un ordine di espulsione identificandosi come transgender. Mehdi F., un migrante algerino di 32 anni, \u00e8 stato condannato nel 2019 per aver violentato un bambino di et\u00e0 inferiore ai 15 anni e condannato a quattro anni di carcere. Nel 2021 \u00e8 stato emesso un ordine di espulsione. Ha fatto richiesta di asilo, ma gli \u00e8 stato rifiutato in considerazione della gravit\u00e0 del suo crimine. Tuttavia, il ricorso di Mehdi contro il rifiuto dell&#8217;asilo sulla base di una probabile persecuzione transfobica in Algeria \u00e8 stato accettato dalla Corte Nazionale di Asilo (CNDA). Il suo avvocato, Isabelle Zribi, ha sostenuto che Mehdi si stava trasformando in una donna. In sostanza, il colpevole di sesso maschile \u00e8 stato riformulato come una donna vulnerabile che affronta una potenziale vittimizzazione. Il potenziale pericolo che Mehdi rappresentava per i bambini francesi \u00e8 stato ignorato a favore dei suoi &#8216;diritti&#8217; di individuo transgender che teme la persecuzione. La Corte Suprema francese ha confermato la decisione, affermando che la sola condanna per stupro non dovrebbe giustificare legalmente il rifiuto o la cessazione dello status di rifugiato. Questo caso ha evidenziato la triste realt\u00e0 di come le leggi vengono manipolate, dando luogo a risultati assurdi. Questo caso ha scatenato l&#8217;indignazione per il rifiuto della Francia di prendersi cura dei suoi cittadini al di sopra dei migranti e delle classi protette, come i presunti uomini &#8216;transgender&#8217;.<\/p>\n","protected":false},"excerpt":{"rendered":"<p>Uno stupratore condannato in Francia \u00e8 riuscito a deviare un ordine di espulsione identificandosi come transgender.<\/p>\n","protected":false},"author":593,"featured_media":250597,"comment_status":"open","ping_status":"open","sticky":false,"template":"","format":"standard","meta":{"give_campaign_id":0,"om_disable_all_campaigns":false,"_monsterinsights_skip_tracking":false,"_monsterinsights_sitenote_active":false,"_monsterinsights_sitenote_note":"","_monsterinsights_sitenote_category":0,"mc4wp_mailchimp_campaign":[],"jnews-multi-image_gallery":[],"jnews_single_post":{"subtitle":"","format":"standard","video":"","gallery":"","source_name":"","source_url":"","via_name":"","via_url":"","override_template":"0","override":[{"template":"2","single_blog_custom":"","parallax":"1","fullscreen":"1","layout":"right-sidebar-narrow","sidebar":"default-sidebar","second_sidebar":"default-sidebar","sticky_sidebar":"1","share_position":"float","share_float_style":"share-normal","show_share_counter":"1","show_view_counter":"1","show_featured":"1","show_post_meta":"1","show_post_author":"1","show_post_author_image":"1","show_post_date":"1","post_date_format":"default","post_date_format_custom":"Y\/m\/d","show_post_category":"1","show_post_reading_time":"1","post_reading_time_wpm":"300","show_zoom_button":"0","zoom_button_out_step":"2","zoom_button_in_step":"3","show_post_tag":"1","show_prev_next_post":"0","show_popup_post":"0","number_popup_post":"1","show_author_box":"1","show_post_related":"0","show_inline_post_related":"0"}],"override_image_size":"0","image_override":[{"single_post_thumbnail_size":"crop-715","single_post_gallery_size":"crop-715"}],"trending_post":"0","trending_post_position":"meta","trending_post_label":"Trending","sponsored_post":"0","sponsored_post_label":"Sponsored by","sponsored_post_name":"","sponsored_post_url":"","sponsored_post_logo_enable":"0","sponsored_post_logo":"","sponsored_post_desc":"","disable_ad":"0"},"jnews_primary_category":{"id":"780","hide":""},"jnews_social_meta":[],"jnews_override_counter":[],"footnotes":""},"categories":[8488,951,780],"tags":[13378,15044,15043],"class_list":["post-250605","post","type-post","status-publish","format-standard","has-post-thumbnail","hentry","category-breaking-news","category-foreground-it","category-politica-it","tag-ideologia-di-genere-2","tag-lgbt-ideology-it","tag-transgenderismo-it"],"yoast_head":"<!-- This site is optimized with the Yoast SEO Premium plugin v25.9 (Yoast SEO v27.3) - https:\/\/yoast.com\/product\/yoast-seo-premium-wordpress\/ -->\n<title>Lo stupratore algerino condannato evita l&#039;espulsione dalla Francia identificandosi come transgender - IFN<\/title>\n<meta name=\"description\" content=\"Uno stupratore condannato in Francia \u00e8 riuscito a deviare un ordine di espulsione identificandosi come transgender.\" \/>\n<meta name=\"robots\" content=\"index, follow, max-snippet:-1, max-image-preview:large, max-video-preview:-1\" \/>\n<link rel=\"canonical\" href=\"https:\/\/ifamnews.com\/it\/lo-stupratore-algerino-condannato-evita-l-espulsione-dalla-francia-identificandosi-come-transgender\" \/>\n<meta property=\"og:locale\" content=\"it_IT\" \/>\n<meta property=\"og:type\" content=\"article\" \/>\n<meta property=\"og:title\" content=\"Lo stupratore algerino condannato evita l&#039;espulsione dalla Francia identificandosi come transgender\" \/>\n<meta property=\"og:description\" content=\"Uno stupratore condannato in Francia \u00e8 riuscito a deviare un ordine di espulsione identificandosi come transgender.\" \/>\n<meta property=\"og:url\" content=\"https:\/\/ifamnews.com\/it\/lo-stupratore-algerino-condannato-evita-l-espulsione-dalla-francia-identificandosi-come-transgender\" \/>\n<meta property=\"og:site_name\" content=\"IFN\" \/>\n<meta property=\"article:publisher\" content=\"https:\/\/www.facebook.com\/iFamNews\" \/>\n<meta property=\"article:author\" content=\"https:\/\/www.facebook.com\/iFamNews\/\" \/>\n<meta property=\"article:published_time\" content=\"2024-10-07T15:22:50+00:00\" \/>\n<meta property=\"article:modified_time\" content=\"2024-10-07T15:22:54+00:00\" \/>\n<meta property=\"og:image\" content=\"https:\/\/ifamnews.com\/wp-content\/uploads\/2024\/10\/Untitled-design-2024-10-07T110308.665.png\" \/>\n\t<meta property=\"og:image:width\" content=\"1200\" \/>\n\t<meta property=\"og:image:height\" content=\"675\" \/>\n\t<meta property=\"og:image:type\" content=\"image\/png\" \/>\n<meta name=\"author\" content=\"IFN English\" \/>\n<meta name=\"twitter:card\" content=\"summary_large_image\" \/>\n<meta name=\"twitter:creator\" content=\"@https:\/\/twitter.com\/iFamNewsEN\" \/>\n<meta name=\"twitter:site\" content=\"@iFamNewsEN\" \/>\n<meta name=\"twitter:label1\" content=\"Scritto da\" \/>\n\t<meta name=\"twitter:data1\" content=\"iFamNews\" \/>\n\t<meta name=\"twitter:label2\" content=\"Tempo di lettura stimato\" \/>\n\t<meta name=\"twitter:data2\" content=\"2 minuti\" \/>\n<!-- \/ Yoast SEO Premium plugin. -->","yoast_head_json":{"title":"Lo stupratore algerino condannato evita l'espulsione dalla Francia identificandosi come transgender - IFN","description":"Uno stupratore condannato in Francia \u00e8 riuscito a deviare un ordine di espulsione identificandosi come transgender.","robots":{"index":"index","follow":"follow","max-snippet":"max-snippet:-1","max-image-preview":"max-image-preview:large","max-video-preview":"max-video-preview:-1"},"canonical":"https:\/\/ifamnews.com\/it\/lo-stupratore-algerino-condannato-evita-l-espulsione-dalla-francia-identificandosi-come-transgender","og_locale":"it_IT","og_type":"article","og_title":"Lo stupratore algerino condannato evita l'espulsione dalla Francia identificandosi come transgender","og_description":"Uno stupratore condannato in Francia \u00e8 riuscito a deviare un ordine di espulsione identificandosi come transgender.","og_url":"https:\/\/ifamnews.com\/it\/lo-stupratore-algerino-condannato-evita-l-espulsione-dalla-francia-identificandosi-come-transgender","og_site_name":"IFN","article_publisher":"https:\/\/www.facebook.com\/iFamNews","article_author":"https:\/\/www.facebook.com\/iFamNews\/","article_published_time":"2024-10-07T15:22:50+00:00","article_modified_time":"2024-10-07T15:22:54+00:00","og_image":[{"width":1200,"height":675,"url":"https:\/\/ifamnews.com\/wp-content\/uploads\/2024\/10\/Untitled-design-2024-10-07T110308.665.png","type":"image\/png"}],"author":"IFN English","twitter_card":"summary_large_image","twitter_creator":"@https:\/\/twitter.com\/iFamNewsEN","twitter_site":"@iFamNewsEN","twitter_misc":{"Scritto da":"iFamNews","Tempo di lettura stimato":"2 minuti"},"schema":{"@context":"https:\/\/schema.org","@graph":[{"@type":"NewsArticle","@id":"https:\/\/ifamnews.com\/it\/lo-stupratore-algerino-condannato-evita-l-espulsione-dalla-francia-identificandosi-come-transgender#article","isPartOf":{"@id":"https:\/\/ifamnews.com\/it\/lo-stupratore-algerino-condannato-evita-l-espulsione-dalla-francia-identificandosi-come-transgender"},"author":{"name":"IFN English","@id":"https:\/\/ifamnews.com\/en\/#\/schema\/person\/633bdb7ac2496c9b9304ce62d071cdfa"},"headline":"Lo stupratore algerino condannato evita l&#8217;espulsione dalla Francia identificandosi come transgender","datePublished":"2024-10-07T15:22:50+00:00","dateModified":"2024-10-07T15:22:54+00:00","mainEntityOfPage":{"@id":"https:\/\/ifamnews.com\/it\/lo-stupratore-algerino-condannato-evita-l-espulsione-dalla-francia-identificandosi-come-transgender"},"wordCount":238,"commentCount":0,"publisher":{"@id":"https:\/\/ifamnews.com\/en\/#organization"},"image":{"@id":"https:\/\/ifamnews.com\/it\/lo-stupratore-algerino-condannato-evita-l-espulsione-dalla-francia-identificandosi-come-transgender#primaryimage"},"thumbnailUrl":"https:\/\/ifamnews.com\/wp-content\/uploads\/2024\/10\/Untitled-design-2024-10-07T110308.665.png","keywords":["ideologia di genere","LGBT ideology","Transgenderismo"],"articleSection":["Breaking News","In evidenza","Politica"],"inLanguage":"it-IT","potentialAction":[{"@type":"CommentAction","name":"Comment","target":["https:\/\/ifamnews.com\/it\/lo-stupratore-algerino-condannato-evita-l-espulsione-dalla-francia-identificandosi-come-transgender#respond"]}]},{"@type":"WebPage","@id":"https:\/\/ifamnews.com\/it\/lo-stupratore-algerino-condannato-evita-l-espulsione-dalla-francia-identificandosi-come-transgender","url":"https:\/\/ifamnews.com\/it\/lo-stupratore-algerino-condannato-evita-l-espulsione-dalla-francia-identificandosi-come-transgender","name":"Lo stupratore algerino condannato evita l'espulsione dalla Francia identificandosi come transgender - IFN","isPartOf":{"@id":"https:\/\/ifamnews.com\/en\/#website"},"primaryImageOfPage":{"@id":"https:\/\/ifamnews.com\/it\/lo-stupratore-algerino-condannato-evita-l-espulsione-dalla-francia-identificandosi-come-transgender#primaryimage"},"image":{"@id":"https:\/\/ifamnews.com\/it\/lo-stupratore-algerino-condannato-evita-l-espulsione-dalla-francia-identificandosi-come-transgender#primaryimage"},"thumbnailUrl":"https:\/\/ifamnews.com\/wp-content\/uploads\/2024\/10\/Untitled-design-2024-10-07T110308.665.png","datePublished":"2024-10-07T15:22:50+00:00","dateModified":"2024-10-07T15:22:54+00:00","description":"Uno stupratore condannato in Francia \u00e8 riuscito a deviare un ordine di espulsione identificandosi come transgender.","breadcrumb":{"@id":"https:\/\/ifamnews.com\/it\/lo-stupratore-algerino-condannato-evita-l-espulsione-dalla-francia-identificandosi-come-transgender#breadcrumb"},"inLanguage":"it-IT","potentialAction":[{"@type":"ReadAction","target":["https:\/\/ifamnews.com\/it\/lo-stupratore-algerino-condannato-evita-l-espulsione-dalla-francia-identificandosi-come-transgender"]}]},{"@type":"ImageObject","inLanguage":"it-IT","@id":"https:\/\/ifamnews.com\/it\/lo-stupratore-algerino-condannato-evita-l-espulsione-dalla-francia-identificandosi-come-transgender#primaryimage","url":"https:\/\/ifamnews.com\/wp-content\/uploads\/2024\/10\/Untitled-design-2024-10-07T110308.665.png","contentUrl":"https:\/\/ifamnews.com\/wp-content\/uploads\/2024\/10\/Untitled-design-2024-10-07T110308.665.png","width":1200,"height":675},{"@type":"BreadcrumbList","@id":"https:\/\/ifamnews.com\/it\/lo-stupratore-algerino-condannato-evita-l-espulsione-dalla-francia-identificandosi-come-transgender#breadcrumb","itemListElement":[{"@type":"ListItem","position":1,"name":"Home","item":"https:\/\/ifamnews.com\/de"},{"@type":"ListItem","position":2,"name":"Politics","item":"https:\/\/ifamnews.com\/en\/category\/politics"},{"@type":"ListItem","position":3,"name":"Lo stupratore algerino condannato evita l&#8217;espulsione dalla Francia identificandosi come transgender"}]},{"@type":"WebSite","@id":"https:\/\/ifamnews.com\/en\/#website","url":"https:\/\/ifamnews.com\/en\/","name":"IFN","description":"International Family News Network","publisher":{"@id":"https:\/\/ifamnews.com\/en\/#organization"},"potentialAction":[{"@type":"SearchAction","target":{"@type":"EntryPoint","urlTemplate":"https:\/\/ifamnews.com\/en\/?s={search_term_string}"},"query-input":{"@type":"PropertyValueSpecification","valueRequired":true,"valueName":"search_term_string"}}],"inLanguage":"it-IT"},{"@type":"Organization","@id":"https:\/\/ifamnews.com\/en\/#organization","name":"iFamNews","url":"https:\/\/ifamnews.com\/en\/","logo":{"@type":"ImageObject","inLanguage":"it-IT","@id":"https:\/\/ifamnews.com\/en\/#\/schema\/logo\/image\/","url":"https:\/\/ifamnews.com\/wp-content\/uploads\/2020\/01\/Share-logo.png","contentUrl":"https:\/\/ifamnews.com\/wp-content\/uploads\/2020\/01\/Share-logo.png","width":200,"height":200,"caption":"iFamNews"},"image":{"@id":"https:\/\/ifamnews.com\/en\/#\/schema\/logo\/image\/"},"sameAs":["https:\/\/www.facebook.com\/iFamNews","https:\/\/x.com\/iFamNewsEN"]},{"@type":"Person","@id":"https:\/\/ifamnews.com\/en\/#\/schema\/person\/633bdb7ac2496c9b9304ce62d071cdfa","name":"IFN English","image":{"@type":"ImageObject","inLanguage":"it-IT","@id":"https:\/\/secure.gravatar.com\/avatar\/6f16ce95b558ae6f6eb9ae2f68122482a2c61696af2a8fc343c2e10f981a959d?s=96&d=mm&r=g","url":"https:\/\/secure.gravatar.com\/avatar\/6f16ce95b558ae6f6eb9ae2f68122482a2c61696af2a8fc343c2e10f981a959d?s=96&d=mm&r=g","contentUrl":"https:\/\/secure.gravatar.com\/avatar\/6f16ce95b558ae6f6eb9ae2f68122482a2c61696af2a8fc343c2e10f981a959d?s=96&d=mm&r=g","caption":"IFN English"},"description":"Articles published by the English iFamNews editorial team.","sameAs":["https:\/\/ifamnews.com\/en","https:\/\/www.facebook.com\/iFamNews\/","https:\/\/x.com\/https:\/\/twitter.com\/iFamNewsEN","https:\/\/www.youtube.com\/channel\/UCMVyIt4z9BANW3d09kwfUpw"],"url":"https:\/\/ifamnews.com\/it\/author\/ifamnews-staff"}]}},"amp_enabled":true,"_links":{"self":[{"href":"https:\/\/ifamnews.com\/it\/wp-json\/wp\/v2\/posts\/250605","targetHints":{"allow":["GET"]}}],"collection":[{"href":"https:\/\/ifamnews.com\/it\/wp-json\/wp\/v2\/posts"}],"about":[{"href":"https:\/\/ifamnews.com\/it\/wp-json\/wp\/v2\/types\/post"}],"author":[{"embeddable":true,"href":"https:\/\/ifamnews.com\/it\/wp-json\/wp\/v2\/users\/593"}],"replies":[{"embeddable":true,"href":"https:\/\/ifamnews.com\/it\/wp-json\/wp\/v2\/comments?post=250605"}],"version-history":[{"count":1,"href":"https:\/\/ifamnews.com\/it\/wp-json\/wp\/v2\/posts\/250605\/revisions"}],"predecessor-version":[{"id":250609,"href":"https:\/\/ifamnews.com\/it\/wp-json\/wp\/v2\/posts\/250605\/revisions\/250609"}],"wp:featuredmedia":[{"embeddable":true,"href":"https:\/\/ifamnews.com\/it\/wp-json\/wp\/v2\/media\/250597"}],"wp:attachment":[{"href":"https:\/\/ifamnews.com\/it\/wp-json\/wp\/v2\/media?parent=250605"}],"wp:term":[{"taxonomy":"category","embeddable":true,"href":"https:\/\/ifamnews.com\/it\/wp-json\/wp\/v2\/categories?post=250605"},{"taxonomy":"post_tag","embeddable":true,"href":"https:\/\/ifamnews.com\/it\/wp-json\/wp\/v2\/tags?post=250605"}],"curies":[{"name":"wp","href":"https:\/\/api.w.org\/{rel}","templated":true}]}}