{"id":244881,"date":"2024-06-27T08:40:07","date_gmt":"2024-06-27T12:40:07","guid":{"rendered":"https:\/\/ifamnews.com\/?p=244881"},"modified":"2024-06-27T08:40:10","modified_gmt":"2024-06-27T12:40:10","slug":"l-allenatore-di-atletica-leggera-dell-oregon-john-parks-stato-licenziato-per-aver-espresso-preoccupazioni-sugli-atleti-transgender-negli-sport-femminili","status":"publish","type":"post","link":"https:\/\/ifamnews.com\/it\/l-allenatore-di-atletica-leggera-dell-oregon-john-parks-stato-licenziato-per-aver-espresso-preoccupazioni-sugli-atleti-transgender-negli-sport-femminili","title":{"rendered":"L&#8217;allenatore di atletica leggera dell&#8217;Oregon, John Parks, \u00e8 stato licenziato per aver espresso preoccupazioni sugli atleti transgender negli sport femminili."},"content":{"rendered":"<p>L&#8217;allenatore di atletica leggera dell&#8217;Oregon, John Parks, sarebbe stato licenziato dalla Lake Oswego High School dopo aver espresso le sue preoccupazioni in merito alle leggi sugli atleti transgender. Ha affermato di essere stato licenziato dopo aver inviato due lettere a un funzionario dell&#8217;Associazione delle Attivit\u00e0 Studentesche dell&#8217;Oregon e diverse lettere al Senatore di Stato Rob Wagner. In queste corrispondenze, Parks ha suggerito che le leggi attuali compromettono l&#8217;integrit\u00e0 dello sport femminile.<\/p>\n<p>Nelle lettere, Parks ha chiesto di allineare le regole dell&#8217;Associazione delle Attivit\u00e0 Scolastiche dell&#8217;Oregon (OSAA) con i mandati del Comitato Olimpico Internazionale per i test ormonali, al fine di livellare le condizioni di gioco.<\/p>\n<p>Sebbene il Distretto scolastico di Lake Oswego abbia confermato il licenziamento di Parks, si \u00e8 astenuto dallo spiegare le sue motivazioni, affermando che non riguardano le questioni del personale, lasciando che Parks si preparasse ad appellarsi contro la decisione. Ha dichiarato: &#8220;Ora combatter\u00f2 perch\u00e9 ho subito un torto. Mi sto battendo per le ragazze, mi sto battendo per gli sport femminili e mi sto battendo affinch\u00e9 sia giusto per tutti&#8221;.<\/p>\n","protected":false},"excerpt":{"rendered":"<p>L&#8217;allenatore di atletica leggera dell&#8217;Oregon, John Parks, sarebbe stato licenziato dalla Lake Oswego High School dopo aver espresso le sue preoccupazioni sulle leggi riguardanti gli atleti transgender.<\/p>\n","protected":false},"author":593,"featured_media":244870,"comment_status":"open","ping_status":"open","sticky":false,"template":"","format":"standard","meta":{"give_campaign_id":0,"om_disable_all_campaigns":false,"_monsterinsights_skip_tracking":false,"_monsterinsights_sitenote_active":false,"_monsterinsights_sitenote_note":"","_monsterinsights_sitenote_category":0,"mc4wp_mailchimp_campaign":[],"jnews-multi-image_gallery":[],"jnews_single_post":{"subtitle":"","format":"standard","video":"","gallery":"","source_name":"","source_url":"","via_name":"","via_url":"","override_template":"0","override":[{"template":"2","single_blog_custom":"","parallax":"1","fullscreen":"1","layout":"right-sidebar-narrow","sidebar":"default-sidebar","second_sidebar":"default-sidebar","sticky_sidebar":"1","share_position":"float","share_float_style":"share-normal","show_share_counter":"1","show_view_counter":"1","show_featured":"1","show_post_meta":"1","show_post_author":"1","show_post_author_image":"1","show_post_date":"1","post_date_format":"default","post_date_format_custom":"Y\/m\/d","show_post_category":"1","show_post_reading_time":"1","post_reading_time_wpm":"300","show_zoom_button":"0","zoom_button_out_step":"2","zoom_button_in_step":"3","show_post_tag":"1","show_prev_next_post":"0","show_popup_post":"0","number_popup_post":"1","show_author_box":"1","show_post_related":"0","show_inline_post_related":"0"}],"override_image_size":"0","image_override":[{"single_post_thumbnail_size":"crop-715","single_post_gallery_size":"crop-715"}],"trending_post":"0","trending_post_position":"meta","trending_post_label":"Trending","sponsored_post":"0","sponsored_post_label":"Sponsored by","sponsored_post_name":"","sponsored_post_url":"","sponsored_post_logo_enable":"0","sponsored_post_logo":"","sponsored_post_desc":"","disable_ad":"0"},"jnews_primary_category":{"id":"764","hide":""},"jnews_social_meta":[],"jnews_override_counter":[],"footnotes":""},"categories":[8488,764,951],"tags":[24613,13378,15044,27698,27488,15043],"class_list":["post-244881","post","type-post","status-publish","format-standard","has-post-thumbnail","hentry","category-breaking-news","category-cultura","category-foreground-it","tag-diritti-delle-donne","tag-ideologia-di-genere-2","tag-lgbt-ideology-it","tag-protezione-delle-donne","tag-sport-femminile-it","tag-transgenderismo-it"],"yoast_head":"<!-- This site is optimized with the Yoast SEO Premium plugin v25.9 (Yoast SEO v27.3) - https:\/\/yoast.com\/product\/yoast-seo-premium-wordpress\/ -->\n<title>L&#039;allenatore di atletica leggera dell&#039;Oregon, John Parks, \u00e8 stato licenziato per aver espresso preoccupazioni sugli atleti transgender negli sport femminili. - IFN<\/title>\n<meta name=\"description\" content=\"L&#039;allenatore di atletica leggera dell&#039;Oregon, John Parks, sarebbe stato licenziato dalla Lake Oswego High School dopo aver espresso le sue preoccupazioni in merito alle leggi sugli atleti transgender.\" \/>\n<meta name=\"robots\" content=\"index, follow, max-snippet:-1, max-image-preview:large, max-video-preview:-1\" \/>\n<link rel=\"canonical\" href=\"https:\/\/ifamnews.com\/it\/l-allenatore-di-atletica-leggera-dell-oregon-john-parks-stato-licenziato-per-aver-espresso-preoccupazioni-sugli-atleti-transgender-negli-sport-femminili\" \/>\n<meta property=\"og:locale\" content=\"it_IT\" \/>\n<meta property=\"og:type\" content=\"article\" \/>\n<meta property=\"og:title\" content=\"L&#039;allenatore di atletica leggera dell&#039;Oregon, John Parks, \u00e8 stato licenziato per aver espresso preoccupazioni sugli atleti transgender negli sport femminili.\" \/>\n<meta property=\"og:description\" content=\"L&#039;allenatore di atletica leggera dell&#039;Oregon, John Parks, sarebbe stato licenziato dalla Lake Oswego High School dopo aver espresso le sue preoccupazioni in merito alle leggi sugli atleti transgender.\" \/>\n<meta property=\"og:url\" content=\"https:\/\/ifamnews.com\/it\/l-allenatore-di-atletica-leggera-dell-oregon-john-parks-stato-licenziato-per-aver-espresso-preoccupazioni-sugli-atleti-transgender-negli-sport-femminili\" \/>\n<meta property=\"og:site_name\" content=\"IFN\" \/>\n<meta property=\"article:publisher\" content=\"https:\/\/www.facebook.com\/iFamNews\" \/>\n<meta property=\"article:author\" content=\"https:\/\/www.facebook.com\/iFamNews\/\" \/>\n<meta property=\"article:published_time\" content=\"2024-06-27T12:40:07+00:00\" \/>\n<meta property=\"article:modified_time\" content=\"2024-06-27T12:40:10+00:00\" \/>\n<meta property=\"og:image\" content=\"https:\/\/ifamnews.com\/wp-content\/uploads\/2024\/06\/Untitled-design-2024-06-27T082743.942.png\" \/>\n\t<meta property=\"og:image:width\" content=\"1200\" \/>\n\t<meta property=\"og:image:height\" content=\"675\" \/>\n\t<meta property=\"og:image:type\" content=\"image\/png\" \/>\n<meta name=\"author\" content=\"IFN English\" \/>\n<meta name=\"twitter:card\" content=\"summary_large_image\" \/>\n<meta name=\"twitter:creator\" content=\"@https:\/\/twitter.com\/iFamNewsEN\" \/>\n<meta name=\"twitter:site\" content=\"@iFamNewsEN\" \/>\n<meta name=\"twitter:label1\" content=\"Scritto da\" \/>\n\t<meta name=\"twitter:data1\" content=\"iFamNews\" \/>\n\t<meta name=\"twitter:label2\" content=\"Tempo di lettura stimato\" \/>\n\t<meta name=\"twitter:data2\" content=\"1 minuto\" \/>\n<!-- \/ Yoast SEO Premium plugin. -->","yoast_head_json":{"title":"L'allenatore di atletica leggera dell'Oregon, John Parks, \u00e8 stato licenziato per aver espresso preoccupazioni sugli atleti transgender negli sport femminili. - IFN","description":"L'allenatore di atletica leggera dell'Oregon, John Parks, sarebbe stato licenziato dalla Lake Oswego High School dopo aver espresso le sue preoccupazioni in merito alle leggi sugli atleti transgender.","robots":{"index":"index","follow":"follow","max-snippet":"max-snippet:-1","max-image-preview":"max-image-preview:large","max-video-preview":"max-video-preview:-1"},"canonical":"https:\/\/ifamnews.com\/it\/l-allenatore-di-atletica-leggera-dell-oregon-john-parks-stato-licenziato-per-aver-espresso-preoccupazioni-sugli-atleti-transgender-negli-sport-femminili","og_locale":"it_IT","og_type":"article","og_title":"L'allenatore di atletica leggera dell'Oregon, John Parks, \u00e8 stato licenziato per aver espresso preoccupazioni sugli atleti transgender negli sport femminili.","og_description":"L'allenatore di atletica leggera dell'Oregon, John Parks, sarebbe stato licenziato dalla Lake Oswego High School dopo aver espresso le sue preoccupazioni in merito alle leggi sugli atleti transgender.","og_url":"https:\/\/ifamnews.com\/it\/l-allenatore-di-atletica-leggera-dell-oregon-john-parks-stato-licenziato-per-aver-espresso-preoccupazioni-sugli-atleti-transgender-negli-sport-femminili","og_site_name":"IFN","article_publisher":"https:\/\/www.facebook.com\/iFamNews","article_author":"https:\/\/www.facebook.com\/iFamNews\/","article_published_time":"2024-06-27T12:40:07+00:00","article_modified_time":"2024-06-27T12:40:10+00:00","og_image":[{"width":1200,"height":675,"url":"https:\/\/ifamnews.com\/wp-content\/uploads\/2024\/06\/Untitled-design-2024-06-27T082743.942.png","type":"image\/png"}],"author":"IFN English","twitter_card":"summary_large_image","twitter_creator":"@https:\/\/twitter.com\/iFamNewsEN","twitter_site":"@iFamNewsEN","twitter_misc":{"Scritto da":"iFamNews","Tempo di lettura stimato":"1 minuto"},"schema":{"@context":"https:\/\/schema.org","@graph":[{"@type":"NewsArticle","@id":"https:\/\/ifamnews.com\/it\/l-allenatore-di-atletica-leggera-dell-oregon-john-parks-stato-licenziato-per-aver-espresso-preoccupazioni-sugli-atleti-transgender-negli-sport-femminili#article","isPartOf":{"@id":"https:\/\/ifamnews.com\/it\/l-allenatore-di-atletica-leggera-dell-oregon-john-parks-stato-licenziato-per-aver-espresso-preoccupazioni-sugli-atleti-transgender-negli-sport-femminili"},"author":{"name":"IFN English","@id":"https:\/\/ifamnews.com\/en\/#\/schema\/person\/633bdb7ac2496c9b9304ce62d071cdfa"},"headline":"L&#8217;allenatore di atletica leggera dell&#8217;Oregon, John Parks, \u00e8 stato licenziato per aver espresso preoccupazioni sugli atleti transgender negli sport femminili.","datePublished":"2024-06-27T12:40:07+00:00","dateModified":"2024-06-27T12:40:10+00:00","mainEntityOfPage":{"@id":"https:\/\/ifamnews.com\/it\/l-allenatore-di-atletica-leggera-dell-oregon-john-parks-stato-licenziato-per-aver-espresso-preoccupazioni-sugli-atleti-transgender-negli-sport-femminili"},"wordCount":202,"commentCount":0,"publisher":{"@id":"https:\/\/ifamnews.com\/en\/#organization"},"image":{"@id":"https:\/\/ifamnews.com\/it\/l-allenatore-di-atletica-leggera-dell-oregon-john-parks-stato-licenziato-per-aver-espresso-preoccupazioni-sugli-atleti-transgender-negli-sport-femminili#primaryimage"},"thumbnailUrl":"https:\/\/ifamnews.com\/wp-content\/uploads\/2024\/06\/Untitled-design-2024-06-27T082743.942.png","keywords":["diritti delle donne","ideologia di genere","LGBT ideology","protezione delle donne","sport femminile","Transgenderismo"],"articleSection":["Breaking News","Cultura","In evidenza"],"inLanguage":"it-IT","potentialAction":[{"@type":"CommentAction","name":"Comment","target":["https:\/\/ifamnews.com\/it\/l-allenatore-di-atletica-leggera-dell-oregon-john-parks-stato-licenziato-per-aver-espresso-preoccupazioni-sugli-atleti-transgender-negli-sport-femminili#respond"]}]},{"@type":"WebPage","@id":"https:\/\/ifamnews.com\/it\/l-allenatore-di-atletica-leggera-dell-oregon-john-parks-stato-licenziato-per-aver-espresso-preoccupazioni-sugli-atleti-transgender-negli-sport-femminili","url":"https:\/\/ifamnews.com\/it\/l-allenatore-di-atletica-leggera-dell-oregon-john-parks-stato-licenziato-per-aver-espresso-preoccupazioni-sugli-atleti-transgender-negli-sport-femminili","name":"L'allenatore di atletica leggera dell'Oregon, John Parks, \u00e8 stato licenziato per aver espresso preoccupazioni sugli atleti transgender negli sport femminili. - IFN","isPartOf":{"@id":"https:\/\/ifamnews.com\/en\/#website"},"primaryImageOfPage":{"@id":"https:\/\/ifamnews.com\/it\/l-allenatore-di-atletica-leggera-dell-oregon-john-parks-stato-licenziato-per-aver-espresso-preoccupazioni-sugli-atleti-transgender-negli-sport-femminili#primaryimage"},"image":{"@id":"https:\/\/ifamnews.com\/it\/l-allenatore-di-atletica-leggera-dell-oregon-john-parks-stato-licenziato-per-aver-espresso-preoccupazioni-sugli-atleti-transgender-negli-sport-femminili#primaryimage"},"thumbnailUrl":"https:\/\/ifamnews.com\/wp-content\/uploads\/2024\/06\/Untitled-design-2024-06-27T082743.942.png","datePublished":"2024-06-27T12:40:07+00:00","dateModified":"2024-06-27T12:40:10+00:00","description":"L'allenatore di atletica leggera dell'Oregon, John Parks, sarebbe stato licenziato dalla Lake Oswego High School dopo aver espresso le sue preoccupazioni in merito alle leggi sugli atleti transgender.","breadcrumb":{"@id":"https:\/\/ifamnews.com\/it\/l-allenatore-di-atletica-leggera-dell-oregon-john-parks-stato-licenziato-per-aver-espresso-preoccupazioni-sugli-atleti-transgender-negli-sport-femminili#breadcrumb"},"inLanguage":"it-IT","potentialAction":[{"@type":"ReadAction","target":["https:\/\/ifamnews.com\/it\/l-allenatore-di-atletica-leggera-dell-oregon-john-parks-stato-licenziato-per-aver-espresso-preoccupazioni-sugli-atleti-transgender-negli-sport-femminili"]}]},{"@type":"ImageObject","inLanguage":"it-IT","@id":"https:\/\/ifamnews.com\/it\/l-allenatore-di-atletica-leggera-dell-oregon-john-parks-stato-licenziato-per-aver-espresso-preoccupazioni-sugli-atleti-transgender-negli-sport-femminili#primaryimage","url":"https:\/\/ifamnews.com\/wp-content\/uploads\/2024\/06\/Untitled-design-2024-06-27T082743.942.png","contentUrl":"https:\/\/ifamnews.com\/wp-content\/uploads\/2024\/06\/Untitled-design-2024-06-27T082743.942.png","width":1200,"height":675},{"@type":"BreadcrumbList","@id":"https:\/\/ifamnews.com\/it\/l-allenatore-di-atletica-leggera-dell-oregon-john-parks-stato-licenziato-per-aver-espresso-preoccupazioni-sugli-atleti-transgender-negli-sport-femminili#breadcrumb","itemListElement":[{"@type":"ListItem","position":1,"name":"Home","item":"https:\/\/ifamnews.com\/de"},{"@type":"ListItem","position":2,"name":"\u041a\u0443\u043b\u0442\u0443\u0440\u0430","item":"https:\/\/ifamnews.com\/sr\/kategorija\/kultura-sr"},{"@type":"ListItem","position":3,"name":"L&#8217;allenatore di atletica leggera dell&#8217;Oregon, John Parks, \u00e8 stato licenziato per aver espresso preoccupazioni sugli atleti transgender negli sport femminili."}]},{"@type":"WebSite","@id":"https:\/\/ifamnews.com\/en\/#website","url":"https:\/\/ifamnews.com\/en\/","name":"IFN","description":"International Family News Network","publisher":{"@id":"https:\/\/ifamnews.com\/en\/#organization"},"potentialAction":[{"@type":"SearchAction","target":{"@type":"EntryPoint","urlTemplate":"https:\/\/ifamnews.com\/en\/?s={search_term_string}"},"query-input":{"@type":"PropertyValueSpecification","valueRequired":true,"valueName":"search_term_string"}}],"inLanguage":"it-IT"},{"@type":"Organization","@id":"https:\/\/ifamnews.com\/en\/#organization","name":"iFamNews","url":"https:\/\/ifamnews.com\/en\/","logo":{"@type":"ImageObject","inLanguage":"it-IT","@id":"https:\/\/ifamnews.com\/en\/#\/schema\/logo\/image\/","url":"https:\/\/ifamnews.com\/wp-content\/uploads\/2020\/01\/Share-logo.png","contentUrl":"https:\/\/ifamnews.com\/wp-content\/uploads\/2020\/01\/Share-logo.png","width":200,"height":200,"caption":"iFamNews"},"image":{"@id":"https:\/\/ifamnews.com\/en\/#\/schema\/logo\/image\/"},"sameAs":["https:\/\/www.facebook.com\/iFamNews","https:\/\/x.com\/iFamNewsEN"]},{"@type":"Person","@id":"https:\/\/ifamnews.com\/en\/#\/schema\/person\/633bdb7ac2496c9b9304ce62d071cdfa","name":"IFN English","image":{"@type":"ImageObject","inLanguage":"it-IT","@id":"https:\/\/secure.gravatar.com\/avatar\/6f16ce95b558ae6f6eb9ae2f68122482a2c61696af2a8fc343c2e10f981a959d?s=96&d=mm&r=g","url":"https:\/\/secure.gravatar.com\/avatar\/6f16ce95b558ae6f6eb9ae2f68122482a2c61696af2a8fc343c2e10f981a959d?s=96&d=mm&r=g","contentUrl":"https:\/\/secure.gravatar.com\/avatar\/6f16ce95b558ae6f6eb9ae2f68122482a2c61696af2a8fc343c2e10f981a959d?s=96&d=mm&r=g","caption":"IFN English"},"description":"Articles published by the English iFamNews editorial team.","sameAs":["https:\/\/ifamnews.com\/en","https:\/\/www.facebook.com\/iFamNews\/","https:\/\/x.com\/https:\/\/twitter.com\/iFamNewsEN","https:\/\/www.youtube.com\/channel\/UCMVyIt4z9BANW3d09kwfUpw"],"url":"https:\/\/ifamnews.com\/it\/author\/ifamnews-staff"}]}},"amp_enabled":true,"_links":{"self":[{"href":"https:\/\/ifamnews.com\/it\/wp-json\/wp\/v2\/posts\/244881","targetHints":{"allow":["GET"]}}],"collection":[{"href":"https:\/\/ifamnews.com\/it\/wp-json\/wp\/v2\/posts"}],"about":[{"href":"https:\/\/ifamnews.com\/it\/wp-json\/wp\/v2\/types\/post"}],"author":[{"embeddable":true,"href":"https:\/\/ifamnews.com\/it\/wp-json\/wp\/v2\/users\/593"}],"replies":[{"embeddable":true,"href":"https:\/\/ifamnews.com\/it\/wp-json\/wp\/v2\/comments?post=244881"}],"version-history":[{"count":1,"href":"https:\/\/ifamnews.com\/it\/wp-json\/wp\/v2\/posts\/244881\/revisions"}],"predecessor-version":[{"id":244885,"href":"https:\/\/ifamnews.com\/it\/wp-json\/wp\/v2\/posts\/244881\/revisions\/244885"}],"wp:featuredmedia":[{"embeddable":true,"href":"https:\/\/ifamnews.com\/it\/wp-json\/wp\/v2\/media\/244870"}],"wp:attachment":[{"href":"https:\/\/ifamnews.com\/it\/wp-json\/wp\/v2\/media?parent=244881"}],"wp:term":[{"taxonomy":"category","embeddable":true,"href":"https:\/\/ifamnews.com\/it\/wp-json\/wp\/v2\/categories?post=244881"},{"taxonomy":"post_tag","embeddable":true,"href":"https:\/\/ifamnews.com\/it\/wp-json\/wp\/v2\/tags?post=244881"}],"curies":[{"name":"wp","href":"https:\/\/api.w.org\/{rel}","templated":true}]}}